{"id":10136,"date":"2014-04-16T12:00:56","date_gmt":"2014-04-16T10:00:56","guid":{"rendered":"http:\/\/www.feuerwehr-brilon.de\/?p=10136"},"modified":"2014-04-18T16:21:21","modified_gmt":"2014-04-18T14:21:21","slug":"briloner-jugendfeuerwehr-erhaelt-spende","status":"publish","type":"post","link":"https:\/\/www.feuerwehr-brilon.de\/?p=10136","title":{"rendered":"Briloner Jugendfeuerwehr erh\u00e4lt Spende"},"content":{"rendered":"<p><a rel=\"lightbox\" href=\"http:\/\/www.feuerwehr-brilon.de\/wp-up\/2014\/04\/JF_Scheck.jpg\"><img loading=\"lazy\" decoding=\"async\" src=\"http:\/\/www.feuerwehr-brilon.de\/wp-up\/2014\/04\/JF_Scheck-150x100.jpg\" alt=\"JF_Scheck\" width=\"150\" height=\"100\" class=\"alignleft size-thumbnail wp-image-10139\" srcset=\"https:\/\/www.feuerwehr-brilon.de\/wp-up\/2014\/04\/JF_Scheck-150x100.jpg 150w, https:\/\/www.feuerwehr-brilon.de\/wp-up\/2014\/04\/JF_Scheck-500x335.jpg 500w, https:\/\/www.feuerwehr-brilon.de\/wp-up\/2014\/04\/JF_Scheck.jpg 800w\" sizes=\"auto, (max-width: 150px) 100vw, 150px\" \/><\/a><a href=\"http:\/\/www.feuerwehr-brilon.de\/?page_id=7\" title=\"Brilon\" target=\"_blank\">Brilon. <\/a>Die Jugendfeuerwehr des L\u00f6schzuges Brilon wurde durch die Schauspielgruppe \u201eMaul-Affen-Feil e.V.\u201c gro\u00dfz\u00fcgig unterst\u00fctzt. Die bekannte Briloner Theatergruppe \u00fcbergab am 09.04. einen Scheck in H\u00f6he von 500,- \u20ac und zeigte so die Verbundenheit mit der Jugendarbeit.<!--more--> Mit der Spende kann u.a. die Ferienfreizeit, die dieses Jahr nach Stuttgart f\u00fchrt, unterst\u00fctzt werden. <\/p>\n<p>Der Briloner Feuerwehrnachwuchs bedankte sich mit der Vorf\u00fchrung einer \u00dcbung und einem Rundgang durch das Ger\u00e4tehaus. Im Namen der Jugendfeuerwehr nochmals vielen Dank f\u00fcr die Zuwendung.<\/p>\n","protected":false},"excerpt":{"rendered":"<p>Brilon. Die Jugendfeuerwehr des L\u00f6schzuges Brilon wurde durch die Schauspielgruppe \u201eMaul-Affen-Feil e.V.\u201c gro\u00dfz\u00fcgig unterst\u00fctzt. Die bekannte Briloner Theatergruppe \u00fcbergab am 09.04. einen Scheck in H\u00f6he von 500,- \u20ac und zeigte so die Verbundenheit mit der Jugendarbeit.<\/p>\n","protected":false},"author":8,"featured_media":0,"comment_status":"closed","ping_status":"closed","sticky":false,"template":"","format":"standard","meta":{"_exactmetrics_skip_tracking":false,"_exactmetrics_sitenote_active":false,"_exactmetrics_sitenote_note":"","_exactmetrics_sitenote_category":0,"jetpack_post_was_ever_published":false,"_jetpack_newsletter_access":"","_jetpack_dont_email_post_to_subs":false,"_jetpack_newsletter_tier_id":0,"_jetpack_memberships_contains_paywalled_content":false,"_jetpack_memberships_contains_paid_content":false,"footnotes":""},"categories":[183],"tags":[58],"class_list":["post-10136","post","type-post","status-publish","format-standard","hentry","category-meldungen-2014","tag-jugendfeuerwehr"],"jetpack_featured_media_url":"","jetpack_shortlink":"https:\/\/wp.me\/pCIJa-2Du","jetpack_sharing_enabled":true,"jetpack-related-posts":[{"id":33694,"url":"https:\/\/www.feuerwehr-brilon.de\/?p=33694","url_meta":{"origin":10136,"position":0},"title":"Briloner M\u00f6bel Werke unterst\u00fctzen Feuerwehrnachwuchs","author":"Marcus Bange","date":"24. August 2025","format":false,"excerpt":"Jugendfeuerwehr. Gro\u00dfe Freude bei der Jugendfeuerwehr in R\u00f6senbeck: Die Briloner M\u00f6bel Werke haben der Nachwuchsabteilung der Freiwilligen Feuerwehr 16 neue Spinde f\u00fcr ihre pers\u00f6nliche Schutzausr\u00fcstung gesponsert. Die individuell gefertigten Schr\u00e4nke wurden in der unternehmenseigenen Lehrwerkstatt gebaut \u2013 ein Projekt, das nicht nur den jungen Feuerwehrmitgliedern zugutekommt, sondern auch den Auszubildenden\u2026","rel":"","context":"In &quot;Meldungen 2025&quot;","block_context":{"text":"Meldungen 2025","link":"https:\/\/www.feuerwehr-brilon.de\/?cat=366"},"img":{"alt_text":"","src":"https:\/\/i0.wp.com\/www.feuerwehr-brilon.de\/wp-up\/2025\/08\/Foto_Briloner-MW-1.jpg?resize=350%2C200&ssl=1","width":350,"height":200,"srcset":"https:\/\/i0.wp.com\/www.feuerwehr-brilon.de\/wp-up\/2025\/08\/Foto_Briloner-MW-1.jpg?resize=350%2C200&ssl=1 1x, https:\/\/i0.wp.com\/www.feuerwehr-brilon.de\/wp-up\/2025\/08\/Foto_Briloner-MW-1.jpg?resize=525%2C300&ssl=1 1.5x, https:\/\/i0.wp.com\/www.feuerwehr-brilon.de\/wp-up\/2025\/08\/Foto_Briloner-MW-1.jpg?resize=700%2C400&ssl=1 2x"},"classes":[]},{"id":21943,"url":"https:\/\/www.feuerwehr-brilon.de\/?p=21943","url_meta":{"origin":10136,"position":1},"title":"Verein KUNTERBUNT unterst\u00fctzt Jugendfeuerwehr","author":"Andreas Becker","date":"15. Dezember 2019","format":false,"excerpt":"Jugendfeuerwehr. Die Kinder und Jugendlichen der Jugendfeuerwehr der Stadt Brilon k\u00f6nnen sich \u00fcber eine gro\u00dfz\u00fcgige Spende des Vereins KUNTERBUNT freuen. Die Vorsitzende des Vereins, Frau Barbara Harding, \u00fcberreichte in der Vorweihnachtszeit der Jugendfeuerwehr einen Scheck \u00fcber 500,- \u20ac. Mit Hilfe dieser Spende kann die Jugendarbeit sehr gut unterst\u00fctzt werden. Durch\u2026","rel":"","context":"In &quot;Meldungen 2019&quot;","block_context":{"text":"Meldungen 2019","link":"https:\/\/www.feuerwehr-brilon.de\/?cat=223"},"img":{"alt_text":"","src":"https:\/\/i0.wp.com\/www.feuerwehr-brilon.de\/wp-up\/2019\/12\/Kunterbunt-231119-1-150x113.jpg?resize=350%2C200&ssl=1","width":350,"height":200},"classes":[]},{"id":16391,"url":"https:\/\/www.feuerwehr-brilon.de\/?p=16391","url_meta":{"origin":10136,"position":2},"title":"Jugendfeuerwehr Brilon &#8211; Wir suchen DICH f\u00fcr UNS beim Altstadtfest","author":"Marcus Bange","date":"30. August 2018","format":false,"excerpt":"Brilon. Wir haben noch Pl\u00e4tze frei! \u201eFeuerwehrfrau oder Feuerwehrmann sein\" muss kein Kindheitstraum bleiben! Werde Mitglied in einem starken Team, in der Jugendfeuerwehr der Kernstadt oder in einer Jugendfeuerwehr in sechs Briloner Ortsteilen. Die Briloner Jugendfeuerwehr stellt sich am Sonntag von 13.00 bis 18.00 Uhr auf dem Briloner Altstadtfest vor.\u2026","rel":"","context":"In &quot;Allgemein&quot;","block_context":{"text":"Allgemein","link":"https:\/\/www.feuerwehr-brilon.de\/?cat=1"},"img":{"alt_text":"","src":"https:\/\/i0.wp.com\/www.feuerwehr-brilon.de\/wp-up\/2018\/08\/Wir-suchen-DICH-1-150x113.jpg?resize=350%2C200&ssl=1","width":350,"height":200},"classes":[]},{"id":11977,"url":"https:\/\/www.feuerwehr-brilon.de\/?p=11977","url_meta":{"origin":10136,"position":3},"title":"Jugendfeuerwehr Brilon erh\u00e4lt Leistungsspange","author":"Marc Heines","date":"2. Juli 2015","format":false,"excerpt":"Am Samstag, den 06.06.2015 zeigte eine Gruppe der Briloner Jugendfeuerwehr ihr erlerntes Wissen und konnte die h\u00f6chste Auszeichnung der Deutschen Jugendfeuerwehr, die Leistungsspange, in Empfang nehmen. Der Feuerwehr Nachwuchs musste neben dem sportlichen Teil, bestehend aus einem 1500 m Staffellauf und Kugelsto\u00dfen auch feuerwehrtechnische Aufgaben l\u00f6sen. So muss ein L\u00f6schangriff\u2026","rel":"","context":"In &quot;Meldungen 2015&quot;","block_context":{"text":"Meldungen 2015","link":"https:\/\/www.feuerwehr-brilon.de\/?cat=192"},"img":{"alt_text":"Lsp 2015i","src":"https:\/\/i0.wp.com\/www.feuerwehr-brilon.de\/wp-up\/2015\/07\/Lsp-2015i-150x84.jpg?resize=350%2C200","width":350,"height":200},"classes":[]},{"id":32706,"url":"https:\/\/www.feuerwehr-brilon.de\/?p=32706","url_meta":{"origin":10136,"position":4},"title":"Jugendfeuerwehr besteht Leistungsspange","author":"Andreas Becker","date":"25. August 2024","format":false,"excerpt":"Jugendfeuerwehr. Eine Gruppe aus den Einheiten Hoppecke, Messinghausen und Th\u00fclen stellte sich der Herausforderung der Leistungsspange. Die Leistungsspange stellt die h\u00f6chste Auszeichnung in der Dienstzeit der Jugendfeuerwehr dar. Neben Fragen aus dem theoretischen Bereich, wird auch die praktische Handhabung eines L\u00f6schangriffs und einer Schnelligkeits\u00fcbung (verdrehungsfreies Ausrollen von Schl\u00e4uchen auf Zeit)\u2026","rel":"","context":"In &quot;Meldungen 2024&quot;","block_context":{"text":"Meldungen 2024","link":"https:\/\/www.feuerwehr-brilon.de\/?cat=359"},"img":{"alt_text":"","src":"https:\/\/i0.wp.com\/www.feuerwehr-brilon.de\/wp-up\/2024\/08\/JF-Lsp24_FB.jpg?resize=350%2C200&ssl=1","width":350,"height":200,"srcset":"https:\/\/i0.wp.com\/www.feuerwehr-brilon.de\/wp-up\/2024\/08\/JF-Lsp24_FB.jpg?resize=350%2C200&ssl=1 1x, https:\/\/i0.wp.com\/www.feuerwehr-brilon.de\/wp-up\/2024\/08\/JF-Lsp24_FB.jpg?resize=525%2C300&ssl=1 1.5x, https:\/\/i0.wp.com\/www.feuerwehr-brilon.de\/wp-up\/2024\/08\/JF-Lsp24_FB.jpg?resize=700%2C400&ssl=1 2x"},"classes":[]},{"id":131,"url":"https:\/\/www.feuerwehr-brilon.de\/?p=131","url_meta":{"origin":10136,"position":5},"title":"Jugendfeuerwehr s\u00e4uberte Brilon","author":"Marc Heines","date":"26. April 2008","format":false,"excerpt":"Im Rahmen der \u201eAktion Saubere Landschaft\u201c der Stadt Brilon am 26. April sammelte die Jugendfeuerwehr des L\u00f6schzuges Brilon an der Umgehungsstra\u00dfe und am Briloner Bahnhof insgesamt 15 gro\u00dfe S\u00e4cke voller M\u00fcll.\u00a0Verpackungsr\u00fcckst\u00e4nde einer Schnellimbisskette, leere Getr\u00e4nkeflaschen und Zigarettenschachteln machten den Gro\u00dfteil an M\u00fcll aus, jedoch auch gr\u00f6\u00dferes Unrat wie Autoreifen wurden\u2026","rel":"","context":"In &quot;Meldungen 2008&quot;","block_context":{"text":"Meldungen 2008","link":"https:\/\/www.feuerwehr-brilon.de\/?cat=4"},"img":{"alt_text":"","src":"https:\/\/i0.wp.com\/www.feuerwehr-brilon.de\/wp-up\/2008\/07\/saubere-landschaft2-125x125.jpg?resize=350%2C200","width":350,"height":200},"classes":[]}],"_links":{"self":[{"href":"https:\/\/www.feuerwehr-brilon.de\/index.php?rest_route=\/wp\/v2\/posts\/10136","targetHints":{"allow":["GET"]}}],"collection":[{"href":"https:\/\/www.feuerwehr-brilon.de\/index.php?rest_route=\/wp\/v2\/posts"}],"about":[{"href":"https:\/\/www.feuerwehr-brilon.de\/index.php?rest_route=\/wp\/v2\/types\/post"}],"author":[{"embeddable":true,"href":"https:\/\/www.feuerwehr-brilon.de\/index.php?rest_route=\/wp\/v2\/users\/8"}],"replies":[{"embeddable":true,"href":"https:\/\/www.feuerwehr-brilon.de\/index.php?rest_route=%2Fwp%2Fv2%2Fcomments&post=10136"}],"version-history":[{"count":3,"href":"https:\/\/www.feuerwehr-brilon.de\/index.php?rest_route=\/wp\/v2\/posts\/10136\/revisions"}],"predecessor-version":[{"id":10172,"href":"https:\/\/www.feuerwehr-brilon.de\/index.php?rest_route=\/wp\/v2\/posts\/10136\/revisions\/10172"}],"wp:attachment":[{"href":"https:\/\/www.feuerwehr-brilon.de\/index.php?rest_route=%2Fwp%2Fv2%2Fmedia&parent=10136"}],"wp:term":[{"taxonomy":"category","embeddable":true,"href":"https:\/\/www.feuerwehr-brilon.de\/index.php?rest_route=%2Fwp%2Fv2%2Fcategories&post=10136"},{"taxonomy":"post_tag","embeddable":true,"href":"https:\/\/www.feuerwehr-brilon.de\/index.php?rest_route=%2Fwp%2Fv2%2Ftags&post=10136"}],"curies":[{"name":"wp","href":"https:\/\/api.w.org\/{rel}","templated":true}]}}