{"id":10290,"date":"2014-04-28T18:05:02","date_gmt":"2014-04-28T16:05:02","guid":{"rendered":"http:\/\/www.feuerwehr-brilon.de\/?p=10290"},"modified":"2014-05-10T20:06:35","modified_gmt":"2014-05-10T18:06:35","slug":"brand-zweier-wochenendhuetten","status":"publish","type":"post","link":"https:\/\/www.feuerwehr-brilon.de\/?p=10290","title":{"rendered":"Brand zweier Wochenendh\u00fctten"},"content":{"rendered":"<p><a rel=\"lightbox\" href=\"http:\/\/www.feuerwehr-brilon.de\/wp-up\/2014\/04\/Brand-Burhagener-Weg-3-1.jpg\"><img loading=\"lazy\" decoding=\"async\" src=\"http:\/\/www.feuerwehr-brilon.de\/wp-up\/2014\/04\/Brand-Burhagener-Weg-3-1-150x112.jpg\" alt=\"Brand Burhagener Weg 3 (1)\" width=\"150\" height=\"112\" class=\"alignleft size-thumbnail wp-image-10297\" srcset=\"https:\/\/www.feuerwehr-brilon.de\/wp-up\/2014\/04\/Brand-Burhagener-Weg-3-1-150x112.jpg 150w, https:\/\/www.feuerwehr-brilon.de\/wp-up\/2014\/04\/Brand-Burhagener-Weg-3-1-500x375.jpg 500w, https:\/\/www.feuerwehr-brilon.de\/wp-up\/2014\/04\/Brand-Burhagener-Weg-3-1.jpg 800w\" sizes=\"auto, (max-width: 150px) 100vw, 150px\" \/><\/a><a href=\"http:\/\/www.feuerwehr-brilon.de\/?page_id=7\" title=\"Brilon\" target=\"_blank\">Brilon. <\/a>Die Feuerwehr Brilon hat am Montagnachmittag (28.4.) zwei H\u00fctten am Burhagener Weg gel\u00f6scht. Gegen 13:30 Uhr waren die beiden nebeneinander stehenden Wochenendh\u00fctten in Brand geraten. Nachdem zun\u00e4chst mehrere Gasflaschen in Sicherheit gebracht werden mussten, konnte der Brand unter Einsatz von schwerem Atemschutz abgel\u00f6scht werden. <!--more-->Im Rahmen umfassender Nachl\u00f6scharbeiten wurde nachfolgend das Dach einer H\u00fctte ge\u00f6ffnet, um letzte Brandnester abzul\u00f6schen.<\/p>\n<p>17 Einsatzkr\u00e4fte waren bis 16.00 Uhr im Einsatz. Zur Brandursache und zur Schadenh\u00f6he liegen der Feuerwehr keine Angaben vor.<\/p>\n<p style=\"border-color: #696969; border-width: 2px; border-style: solid; padding: 4px;\"><strong>Eingesetzte Einheiten:<\/strong><br \/>\n<a href=\"http:\/\/www.feuerwehr-brilon.de\/?page_id=7\"><img loading=\"lazy\" decoding=\"async\" class=\"alignnone\" title=\"lz brilon\" src=\"http:\/\/www.feuerwehr-brilon.de\/images\/einsatz_details\/lz_brilon.jpg\" alt=\"\" width=\"110\" height=\"31\" \/><\/a><\/p>\n<p style=\"border-color: #696969; border-width: 2px; border-style: solid; padding: 4px;\"><strong>Eingesetzte Fahrzeuge:<\/strong><br \/>\n<a href=\"http:\/\/www.feuerwehr-brilon.de\/?page_id=749\"><img loading=\"lazy\" decoding=\"async\" class=\"alignnone\" src=\"http:\/\/www.feuerwehr-brilon.de\/images\/einsatz_details\/051101.jpg\" alt=\"\" width=\"110\" height=\"31\" \/><\/a><a href=\"http:\/\/www.feuerwehr-brilon.de\/?page_id=8508\"><img loading=\"lazy\" decoding=\"async\" class=\"alignnone\" src=\"http:\/\/www.feuerwehr-brilon.de\/images\/einsatz_details\/052401.jpg\" alt=\"\" width=\"110\" height=\"31\" \/><\/a><a href=\"http:\/\/www.feuerwehr-brilon.de\/?page_id=755\"><img loading=\"lazy\" decoding=\"async\" class=\"alignnone\" src=\"http:\/\/www.feuerwehr-brilon.de\/images\/einsatz_details\/054401.jpg\" alt=\"\" width=\"110\" height=\"31\" \/><\/a><a href=\"http:\/\/www.feuerwehr-brilon.de\/?page_id=802\"><img loading=\"lazy\" decoding=\"async\" class=\"alignnone\" src=\"http:\/\/www.feuerwehr-brilon.de\/images\/einsatz_details\/054901.jpg\" alt=\"\" width=\"110\" height=\"31\" \/><\/a><\/p>\n<p><strong>Bilder:<\/strong><br \/>\n<a rel=\"lightbox\" href=\"http:\/\/www.feuerwehr-brilon.de\/wp-up\/2014\/04\/IMG_3642.jpg\"><img loading=\"lazy\" decoding=\"async\" src=\"http:\/\/www.feuerwehr-brilon.de\/wp-up\/2014\/04\/IMG_3642-150x112.jpg\" alt=\"IMG_3642\" width=\"150\" height=\"112\" class=\"alignleft size-thumbnail wp-image-10291\" srcset=\"https:\/\/www.feuerwehr-brilon.de\/wp-up\/2014\/04\/IMG_3642-150x112.jpg 150w, https:\/\/www.feuerwehr-brilon.de\/wp-up\/2014\/04\/IMG_3642-500x375.jpg 500w, https:\/\/www.feuerwehr-brilon.de\/wp-up\/2014\/04\/IMG_3642.jpg 800w\" sizes=\"auto, (max-width: 150px) 100vw, 150px\" \/><\/a><a rel=\"lightbox\" href=\"http:\/\/www.feuerwehr-brilon.de\/wp-up\/2014\/04\/Brand-Burhagener-Weg-4-1.jpg\"><img loading=\"lazy\" decoding=\"async\" src=\"http:\/\/www.feuerwehr-brilon.de\/wp-up\/2014\/04\/Brand-Burhagener-Weg-4-1-150x112.jpg\" alt=\"Brand Burhagener Weg 4 (1)\" width=\"150\" height=\"112\" class=\"alignleft size-thumbnail wp-image-10296\" srcset=\"https:\/\/www.feuerwehr-brilon.de\/wp-up\/2014\/04\/Brand-Burhagener-Weg-4-1-150x112.jpg 150w, https:\/\/www.feuerwehr-brilon.de\/wp-up\/2014\/04\/Brand-Burhagener-Weg-4-1-500x375.jpg 500w, https:\/\/www.feuerwehr-brilon.de\/wp-up\/2014\/04\/Brand-Burhagener-Weg-4-1.jpg 800w\" sizes=\"auto, (max-width: 150px) 100vw, 150px\" \/><\/a><a rel=\"lightbox\" href=\"http:\/\/www.feuerwehr-brilon.de\/wp-up\/2014\/04\/Brand-Burhagener-Weg-2-1.jpg\"><img loading=\"lazy\" decoding=\"async\" src=\"http:\/\/www.feuerwehr-brilon.de\/wp-up\/2014\/04\/Brand-Burhagener-Weg-2-1-150x112.jpg\" alt=\"Brand Burhagener Weg 2 (1)\" width=\"150\" height=\"112\" class=\"alignleft size-thumbnail wp-image-10295\" srcset=\"https:\/\/www.feuerwehr-brilon.de\/wp-up\/2014\/04\/Brand-Burhagener-Weg-2-1-150x112.jpg 150w, https:\/\/www.feuerwehr-brilon.de\/wp-up\/2014\/04\/Brand-Burhagener-Weg-2-1-500x375.jpg 500w, https:\/\/www.feuerwehr-brilon.de\/wp-up\/2014\/04\/Brand-Burhagener-Weg-2-1.jpg 800w\" sizes=\"auto, (max-width: 150px) 100vw, 150px\" \/><\/a><\/p>\n<p><strong>Sonstiges:<\/strong><br \/>\n<a href=\"http:\/\/www.presseportal.de\/polizeipresse\/pm\/65847\/2723218\/pol-hsk-zwei-gartenhuetten-durch-feuer-beschaedigt\" target=\"_blank\"> :: Polizeibericht<\/a><\/p>\n","protected":false},"excerpt":{"rendered":"<p>Brilon. Die Feuerwehr Brilon hat am Montagnachmittag (28.4.) zwei H\u00fctten am Burhagener Weg gel\u00f6scht. Gegen 13:30 Uhr waren die beiden nebeneinander stehenden Wochenendh\u00fctten in Brand geraten. Nachdem zun\u00e4chst mehrere Gasflaschen in Sicherheit gebracht werden mussten, konnte der Brand unter Einsatz von schwerem Atemschutz abgel\u00f6scht werden.<\/p>\n","protected":false},"author":8,"featured_media":0,"comment_status":"closed","ping_status":"closed","sticky":false,"template":"","format":"standard","meta":{"_exactmetrics_skip_tracking":false,"_exactmetrics_sitenote_active":false,"_exactmetrics_sitenote_note":"","_exactmetrics_sitenote_category":0,"jetpack_post_was_ever_published":false,"_jetpack_newsletter_access":"","_jetpack_dont_email_post_to_subs":false,"_jetpack_newsletter_tier_id":0,"_jetpack_memberships_contains_paywalled_content":false,"_jetpack_memberships_contains_paid_content":false,"footnotes":""},"categories":[1,184],"tags":[197,37,52,38,198,178],"class_list":["post-10290","post","type-post","status-publish","format-standard","hentry","category-allgemein","category-einsaetze-2014","tag-brand","tag-brilon","tag-elw","tag-hlf-2414s","tag-lf-1612","tag-tlf-4000"],"jetpack_featured_media_url":"","jetpack_shortlink":"https:\/\/wp.me\/pCIJa-2FY","jetpack_sharing_enabled":true,"jetpack-related-posts":[{"id":16583,"url":"https:\/\/www.feuerwehr-brilon.de\/?p=16583","url_meta":{"origin":10290,"position":0},"title":"Brand in Hoppecke","author":"Marcus Bange","date":"13. Dezember 2018","format":false,"excerpt":"Brilon. Die Feuerwehr Brilon hat am Donnerstagmittag einen Brand in einem Industriebetrieb in Hoppecke gel\u00f6scht. Gegen 11.50 Uhr wurde ein Feuer in einem Abluftsystem festgestellt. Der Brand konnte unter Einsatz von schwerem Atemschutz unter Kontrolle gebracht werden. Durch mehrere Glutnester waren l\u00e4ngere Nachl\u00f6scharbeiten erforderlich. Die L\u00f6schgruppen Hoppecke und Messinghausen sowie\u2026","rel":"","context":"In &quot;Allgemein&quot;","block_context":{"text":"Allgemein","link":"https:\/\/www.feuerwehr-brilon.de\/?cat=1"},"img":{"alt_text":"","src":"https:\/\/i0.wp.com\/www.feuerwehr-brilon.de\/wp-up\/2018\/12\/Symbolbild-2-150x113.jpg?resize=350%2C200&ssl=1","width":350,"height":200},"classes":[]},{"id":22786,"url":"https:\/\/www.feuerwehr-brilon.de\/?p=22786","url_meta":{"origin":10290,"position":1},"title":"Brand in Brilon-Wald","author":"Marcus Bange","date":"18. September 2020","format":false,"excerpt":"Brilon-Wald. Die Feuerwehr Brilon hat am Freitagmorgen einen Brand in Brilon-Wald gel\u00f6scht. Anwohner hatten an der Korbacher Stra\u00dfe wurde gegen 5.20 Uhr ein Feuer in einer Garage entdeckt und die Feuerwehr alarmiert. Bei Eintreffen der L\u00f6schgruppe Hoppecke brannte ein Einstellplatz einer Doppelgarage. Das Tor musste gewaltsam ge\u00f6ffnet werden, der Brand\u2026","rel":"","context":"In &quot;Eins\u00e4tze 2020&quot;","block_context":{"text":"Eins\u00e4tze 2020","link":"https:\/\/www.feuerwehr-brilon.de\/?cat=236"},"img":{"alt_text":"","src":"https:\/\/i0.wp.com\/www.feuerwehr-brilon.de\/wp-up\/2020\/09\/Garage-Brilon-Wald-1.jpg?resize=350%2C200&ssl=1","width":350,"height":200,"srcset":"https:\/\/i0.wp.com\/www.feuerwehr-brilon.de\/wp-up\/2020\/09\/Garage-Brilon-Wald-1.jpg?resize=350%2C200&ssl=1 1x, https:\/\/i0.wp.com\/www.feuerwehr-brilon.de\/wp-up\/2020\/09\/Garage-Brilon-Wald-1.jpg?resize=525%2C300&ssl=1 1.5x, https:\/\/i0.wp.com\/www.feuerwehr-brilon.de\/wp-up\/2020\/09\/Garage-Brilon-Wald-1.jpg?resize=700%2C400&ssl=1 2x"},"classes":[]},{"id":15909,"url":"https:\/\/www.feuerwehr-brilon.de\/?p=15909","url_meta":{"origin":10290,"position":2},"title":"Brand im Gewerbegebiet","author":"Marcus Bange","date":"30. April 2018","format":false,"excerpt":"Brilon. Die Feuerwehr Brilon hat am Samstagmorgen einen Brand im Gewerbegebiet gel\u00f6scht. Um 1.11 Uhr wurde die Feuerwehr zun\u00e4chst durch die automatische Brandmeldeanlage zu einem Betrieb Hinterm Gallberg alarmiert. Bei Eintreffen der Feuerwehr brannte eine Produktionsmaschine. Der Brand konnte unter Einsatz von schwerem Atemschutz schnell gel\u00f6scht werden. Durch das Feuer\u2026","rel":"","context":"In &quot;Eins\u00e4tze 2018&quot;","block_context":{"text":"Eins\u00e4tze 2018","link":"https:\/\/www.feuerwehr-brilon.de\/?cat=208"},"img":{"alt_text":"","src":"https:\/\/i0.wp.com\/www.feuerwehr-brilon.de\/wp-up\/2018\/04\/Brand-Gewerbe-1-150x113.jpg?resize=350%2C200&ssl=1","width":350,"height":200},"classes":[]},{"id":13144,"url":"https:\/\/www.feuerwehr-brilon.de\/?p=13144","url_meta":{"origin":10290,"position":3},"title":"Brand in Hoppecke","author":"Marcus Bange","date":"20. Januar 2016","format":false,"excerpt":"Hoppecke. Die Feuerwehr Brilon hat am Dienstagabend einen Brand in einem Industriebetrieb in Hoppecke gel\u00f6scht. Gegen 18.20 Uhr wurde ein Feuer in einem Abluftsystem festgestellt. Der Brand konnte mit L\u00f6schpulver schnell abgel\u00f6scht werden. In den Rohrleitungen hatten sich jedoch Glutnester gebildet. Dort waren nachgelagerte Nachl\u00f6scharbeiten erforderlich. Die L\u00f6schgruppen Hoppecke und\u2026","rel":"","context":"In &quot;Eins\u00e4tze 2016&quot;","block_context":{"text":"Eins\u00e4tze 2016","link":"https:\/\/www.feuerwehr-brilon.de\/?cat=201"},"img":{"alt_text":"Brand Hoppecke 1 neu","src":"https:\/\/i0.wp.com\/www.feuerwehr-brilon.de\/wp-up\/2016\/01\/Brand-Hoppecke-1-neu-150x84.jpg?resize=350%2C200","width":350,"height":200},"classes":[]},{"id":23016,"url":"https:\/\/www.feuerwehr-brilon.de\/?p=23016","url_meta":{"origin":10290,"position":4},"title":"Brand eines Harvesters bei Esshoff","author":"Marcus Bange","date":"21. Dezember 2020","format":false,"excerpt":"Esshoff. Am Montagnachmittag geriet gegen 15.30 Uhr in einem Waldst\u00fcck zwischen Altenb\u00fcren und Esshoff ein Harvester bei Holzerntearbeiten in Brand. Das Fahrzeug brannte bei Eintreffen der Feuerwehr in voller Ausdehnung, der Maschinenf\u00fchrer hatte den Harvester bereits verlassen. Zun\u00e4chst musste eine rund 200 m lange Schlauchleitung im unwegsamen Gel\u00e4nde bis zur\u2026","rel":"","context":"In &quot;Allgemein&quot;","block_context":{"text":"Allgemein","link":"https:\/\/www.feuerwehr-brilon.de\/?cat=1"},"img":{"alt_text":"","src":"https:\/\/i0.wp.com\/www.feuerwehr-brilon.de\/wp-up\/2020\/12\/Brand-Harvester-Esshoff-1.jpg?resize=350%2C200&ssl=1","width":350,"height":200,"srcset":"https:\/\/i0.wp.com\/www.feuerwehr-brilon.de\/wp-up\/2020\/12\/Brand-Harvester-Esshoff-1.jpg?resize=350%2C200&ssl=1 1x, https:\/\/i0.wp.com\/www.feuerwehr-brilon.de\/wp-up\/2020\/12\/Brand-Harvester-Esshoff-1.jpg?resize=525%2C300&ssl=1 1.5x, https:\/\/i0.wp.com\/www.feuerwehr-brilon.de\/wp-up\/2020\/12\/Brand-Harvester-Esshoff-1.jpg?resize=700%2C400&ssl=1 2x"},"classes":[]},{"id":33598,"url":"https:\/\/www.feuerwehr-brilon.de\/?p=33598","url_meta":{"origin":10290,"position":5},"title":"Brand eines Baggers im Briloner Industriegebiet","author":"Marcus Bange","date":"18. Juli 2025","format":false,"excerpt":"Brilon. Die Feuerwehr Brilon hat am Dienstagmorgen (18.07.2025, 4:17 Uhr) einen Brand in einem Industriebetrieb in der Balgert gel\u00f6scht. Auf einem Holzlagerplatz war ein Bagger in Brand geraten. Das Feuer konnte unter Einsatz von schwerem Atemschutz schnell durch die Feuerwehr gel\u00f6scht werden. Ein \u00dcbergreifen auf das Rundholzlager wurde damit verhindert.\u2026","rel":"","context":"In &quot;Eins\u00e4tze 2025&quot;","block_context":{"text":"Eins\u00e4tze 2025","link":"https:\/\/www.feuerwehr-brilon.de\/?cat=367"},"img":{"alt_text":"","src":"https:\/\/i0.wp.com\/www.feuerwehr-brilon.de\/wp-up\/2025\/07\/Brand-Bagger-1.jpg?resize=350%2C200&ssl=1","width":350,"height":200,"srcset":"https:\/\/i0.wp.com\/www.feuerwehr-brilon.de\/wp-up\/2025\/07\/Brand-Bagger-1.jpg?resize=350%2C200&ssl=1 1x, https:\/\/i0.wp.com\/www.feuerwehr-brilon.de\/wp-up\/2025\/07\/Brand-Bagger-1.jpg?resize=525%2C300&ssl=1 1.5x, https:\/\/i0.wp.com\/www.feuerwehr-brilon.de\/wp-up\/2025\/07\/Brand-Bagger-1.jpg?resize=700%2C400&ssl=1 2x"},"classes":[]}],"_links":{"self":[{"href":"https:\/\/www.feuerwehr-brilon.de\/index.php?rest_route=\/wp\/v2\/posts\/10290","targetHints":{"allow":["GET"]}}],"collection":[{"href":"https:\/\/www.feuerwehr-brilon.de\/index.php?rest_route=\/wp\/v2\/posts"}],"about":[{"href":"https:\/\/www.feuerwehr-brilon.de\/index.php?rest_route=\/wp\/v2\/types\/post"}],"author":[{"embeddable":true,"href":"https:\/\/www.feuerwehr-brilon.de\/index.php?rest_route=\/wp\/v2\/users\/8"}],"replies":[{"embeddable":true,"href":"https:\/\/www.feuerwehr-brilon.de\/index.php?rest_route=%2Fwp%2Fv2%2Fcomments&post=10290"}],"version-history":[{"count":3,"href":"https:\/\/www.feuerwehr-brilon.de\/index.php?rest_route=\/wp\/v2\/posts\/10290\/revisions"}],"predecessor-version":[{"id":10369,"href":"https:\/\/www.feuerwehr-brilon.de\/index.php?rest_route=\/wp\/v2\/posts\/10290\/revisions\/10369"}],"wp:attachment":[{"href":"https:\/\/www.feuerwehr-brilon.de\/index.php?rest_route=%2Fwp%2Fv2%2Fmedia&parent=10290"}],"wp:term":[{"taxonomy":"category","embeddable":true,"href":"https:\/\/www.feuerwehr-brilon.de\/index.php?rest_route=%2Fwp%2Fv2%2Fcategories&post=10290"},{"taxonomy":"post_tag","embeddable":true,"href":"https:\/\/www.feuerwehr-brilon.de\/index.php?rest_route=%2Fwp%2Fv2%2Ftags&post=10290"}],"curies":[{"name":"wp","href":"https:\/\/api.w.org\/{rel}","templated":true}]}}