{"id":10372,"date":"2014-05-11T18:34:32","date_gmt":"2014-05-11T16:34:32","guid":{"rendered":"http:\/\/www.feuerwehr-brilon.de\/?p=10372"},"modified":"2014-05-11T18:35:31","modified_gmt":"2014-05-11T16:35:31","slug":"juergen-mertens-wurde-zum-stellvertretenden-wehrfuehrer-ernannt","status":"publish","type":"post","link":"https:\/\/www.feuerwehr-brilon.de\/?p=10372","title":{"rendered":"J\u00fcrgen Mertens wurde zum stellvertretenden Wehrf\u00fchrer ernannt."},"content":{"rendered":"<p><a href=\"http:\/\/www.feuerwehr-brilon.de\/?p=10372\"><img loading=\"lazy\" decoding=\"async\" class=\"alignleft size-thumbnail wp-image-10373\" alt=\"PMi\" src=\"http:\/\/www.feuerwehr-brilon.de\/wp-up\/2014\/05\/PMi-150x112.jpg\" width=\"150\" height=\"112\" srcset=\"https:\/\/www.feuerwehr-brilon.de\/wp-up\/2014\/05\/PMi-150x112.jpg 150w, https:\/\/www.feuerwehr-brilon.de\/wp-up\/2014\/05\/PMi-500x375.jpg 500w, https:\/\/www.feuerwehr-brilon.de\/wp-up\/2014\/05\/PMi.jpg 800w\" sizes=\"auto, (max-width: 150px) 100vw, 150px\" \/><\/a><a title=\"Brilon\" href=\"http:\/\/www.feuerwehr-brilon.de\/?page_id=7\" target=\"_blank\">Brilon. <\/a>Am 29.04.2014 wurde Stadtbrandinspektor J\u00fcrgen Mertens erneut zum stellvertretenden Leiter der Feuerwehr Brilon ernannt. Nachdem die erste, sechs J\u00e4hrige, Amtszeit endete, stellte sich J\u00fcrgen Mertens erneut zur Verf\u00fcgung dieses verantwortungsvolle Amt zu \u00fcbernehmen. Er erhielt die Ernennungurkunde von B\u00fcrgermeister Franz Schrewe, der Ihm weiterhin viel Gl\u00fcck bei den vielen Aufgaben in der Wehrf\u00fchrung w\u00fcnschte.<!--more--><\/p>\n<p>Eine weiterhin gute Zusammenarbeit w\u00fcnschten Ihm auch seine Feuerwehrkameraden, angef\u00fchrt vom Wehrf\u00fchrer Wolfgang Hillebrand und weiterem Stellvertreter Winfried G\u00f6bel.<\/p>\n<p><a href=\"http:\/\/www.feuerwehr-brilon.de\/wp-up\/2014\/05\/DSCN1983i.jpg\" rel=\"lightbox\"><img loading=\"lazy\" decoding=\"async\" class=\"alignleft size-thumbnail wp-image-10375\" alt=\"DSCN1983i\" src=\"http:\/\/www.feuerwehr-brilon.de\/wp-up\/2014\/05\/DSCN1983i-150x112.jpg\" width=\"150\" height=\"112\" srcset=\"https:\/\/www.feuerwehr-brilon.de\/wp-up\/2014\/05\/DSCN1983i-150x112.jpg 150w, https:\/\/www.feuerwehr-brilon.de\/wp-up\/2014\/05\/DSCN1983i-500x375.jpg 500w, https:\/\/www.feuerwehr-brilon.de\/wp-up\/2014\/05\/DSCN1983i.jpg 800w\" sizes=\"auto, (max-width: 150px) 100vw, 150px\" \/><\/a><\/p>\n<p><a href=\"http:\/\/www.feuerwehr-brilon.de\/wp-up\/2014\/05\/DSCN1978i.jpg\" rel=\"lightbox\"><img loading=\"lazy\" decoding=\"async\" class=\"alignleft size-thumbnail wp-image-10374\" alt=\"DSCN1978i\" src=\"http:\/\/www.feuerwehr-brilon.de\/wp-up\/2014\/05\/DSCN1978i-150x112.jpg\" width=\"150\" height=\"112\" srcset=\"https:\/\/www.feuerwehr-brilon.de\/wp-up\/2014\/05\/DSCN1978i-150x112.jpg 150w, https:\/\/www.feuerwehr-brilon.de\/wp-up\/2014\/05\/DSCN1978i-500x375.jpg 500w, https:\/\/www.feuerwehr-brilon.de\/wp-up\/2014\/05\/DSCN1978i.jpg 800w\" sizes=\"auto, (max-width: 150px) 100vw, 150px\" \/><\/a><\/p>\n<p><a href=\"http:\/\/www.feuerwehr-brilon.de\/wp-up\/2014\/05\/PMi.jpg\" rel=\"lightbox\"><img loading=\"lazy\" decoding=\"async\" class=\"alignleft size-thumbnail wp-image-10373\" alt=\"PMi\" src=\"http:\/\/www.feuerwehr-brilon.de\/wp-up\/2014\/05\/PMi-150x112.jpg\" width=\"150\" height=\"112\" srcset=\"https:\/\/www.feuerwehr-brilon.de\/wp-up\/2014\/05\/PMi-150x112.jpg 150w, https:\/\/www.feuerwehr-brilon.de\/wp-up\/2014\/05\/PMi-500x375.jpg 500w, https:\/\/www.feuerwehr-brilon.de\/wp-up\/2014\/05\/PMi.jpg 800w\" sizes=\"auto, (max-width: 150px) 100vw, 150px\" \/><\/a><\/p>\n","protected":false},"excerpt":{"rendered":"<p>Brilon. Am 29.04.2014 wurde Stadtbrandinspektor J\u00fcrgen Mertens erneut zum stellvertretenden Leiter der Feuerwehr Brilon ernannt. Nachdem die erste, sechs J\u00e4hrige, Amtszeit endete, stellte sich J\u00fcrgen Mertens erneut zur Verf\u00fcgung dieses verantwortungsvolle Amt zu \u00fcbernehmen. Er erhielt die Ernennungurkunde von B\u00fcrgermeister Franz Schrewe, der Ihm weiterhin viel Gl\u00fcck bei den vielen Aufgaben in der Wehrf\u00fchrung w\u00fcnschte.<\/p>\n","protected":false},"author":6,"featured_media":0,"comment_status":"closed","ping_status":"closed","sticky":false,"template":"","format":"standard","meta":{"_exactmetrics_skip_tracking":false,"_exactmetrics_sitenote_active":false,"_exactmetrics_sitenote_note":"","_exactmetrics_sitenote_category":0,"jetpack_post_was_ever_published":false,"_jetpack_newsletter_access":"","_jetpack_dont_email_post_to_subs":false,"_jetpack_newsletter_tier_id":0,"_jetpack_memberships_contains_paywalled_content":false,"_jetpack_memberships_contains_paid_content":false,"footnotes":""},"categories":[183],"tags":[60],"class_list":["post-10372","post","type-post","status-publish","format-standard","hentry","category-meldungen-2014","tag-personen"],"jetpack_featured_media_url":"","jetpack_shortlink":"https:\/\/wp.me\/pCIJa-2Hi","jetpack_sharing_enabled":true,"jetpack-related-posts":[{"id":31,"url":"https:\/\/www.feuerwehr-brilon.de\/?p=31","url_meta":{"origin":10372,"position":0},"title":"Neuer stellvertretender Wehrf\u00fchrer","author":"Marc Heines","date":"2. Mai 2008","format":false,"excerpt":"Am 02.05.2008 wurde J\u00fcrgen Mertens f\u00fcr 6 Jahre zum stellvertretenden Wehrf\u00fchrer in Brilon ernannt. Zun\u00e4chst wurde Herr Mertens vom Wehrf\u00fchrer G\u00fcnter Piasecki zum Stadtbrandinspektor bef\u00f6rdert, welches Vorraussetzung f\u00fcr die Wehrf\u00fchrung ist. Weitere Voraussetzungen sind die Anh\u00f6rung der gesamten Feuerwehr der Stadt Brilon und die Wahl durch den Stadtrat. Hier wurde\u2026","rel":"","context":"In &quot;Meldungen 2008&quot;","block_context":{"text":"Meldungen 2008","link":"https:\/\/www.feuerwehr-brilon.de\/?cat=4"},"img":{"alt_text":"","src":"https:\/\/i0.wp.com\/www.feuerwehr-brilon.de\/wp-up\/2008\/07\/m1-125x125.jpg?resize=350%2C200","width":350,"height":200},"classes":[]},{"id":11706,"url":"https:\/\/www.feuerwehr-brilon.de\/?p=11706","url_meta":{"origin":10372,"position":1},"title":"Jahreshauptversammlung der L\u00f6schgruppe Th\u00fclen","author":"Andreas Becker","date":"26. M\u00e4rz 2015","format":false,"excerpt":"Th\u00fclen. Zur diesj\u00e4hrigen Jahreshauptversammlung konnte L\u00f6schgruppenf\u00fchrer Fabian Kemmerling die Kameraden der Aktiven- und der Ehrenabteilung begr\u00fc\u00dfen. Weiterhin waren der stellvertretende Leiter der Feuerwehr Brilon J\u00fcrgen Mertens, sowie der Ordnungsamtsleiter Marcus Bange und Ratsmitglied Eberhard Fisch der Einladung gefolgt. Einleitend gab Kemmerling einen R\u00fcckblick auf das Jahr 2014 und berichtete \u00fcber\u2026","rel":"","context":"In &quot;Meldungen 2015&quot;","block_context":{"text":"Meldungen 2015","link":"https:\/\/www.feuerwehr-brilon.de\/?cat=192"},"img":{"alt_text":"IMG_0635.CR2 (1)","src":"https:\/\/i0.wp.com\/www.feuerwehr-brilon.de\/wp-up\/2015\/03\/IMG_0635.CR2-1-150x120.jpg?resize=350%2C200","width":350,"height":200},"classes":[]},{"id":4614,"url":"https:\/\/www.feuerwehr-brilon.de\/?p=4614","url_meta":{"origin":10372,"position":2},"title":"Hauptversammlung der L\u00f6schgruppe Nehden","author":"Marc Heines","date":"22. M\u00e4rz 2011","format":false,"excerpt":"Die L\u00f6schgruppe Nehden f\u00fchrte am Samstag den 19.02.2011 ihre diesj\u00e4hrige Jahreshauptversammlung durch. Neben den 29 anwesenden Feuerwehrkameraden konnte L\u00f6schgruppenf\u00fchrer Berthold Heimes auch die stellvertretenden Wehrf\u00fchrer J\u00fcrgen Mertens und Wilfried G\u00f6bel, Fachbereichsleiterin Karin Wigge von der Stadt Brilon und Ortsvorsteher G\u00fcnter Schmies begr\u00fc\u00dfen. Die 19 aktiven Mitglieder der L\u00f6schgruppe mussten 2010\u2026","rel":"","context":"In &quot;Meldungen 2011&quot;","block_context":{"text":"Meldungen 2011","link":"https:\/\/www.feuerwehr-brilon.de\/?cat=133"},"img":{"alt_text":"","src":"https:\/\/i0.wp.com\/www.feuerwehr-brilon.de\/wp-up\/2011\/03\/jubilare_i-150x83.jpg?resize=350%2C200","width":350,"height":200},"classes":[]},{"id":9974,"url":"https:\/\/www.feuerwehr-brilon.de\/?p=9974","url_meta":{"origin":10372,"position":3},"title":"Generalversammlung der L\u00f6schgruppe Messinghausen","author":"Marc Heines","date":"11. M\u00e4rz 2014","format":false,"excerpt":"Messinghausen. Die L\u00f6schgruppe Messinghausen hielt am 01.02.2014 ihre diesj\u00e4hrige\u00a0 Generalversammlung ab. L\u00f6schgruppenf\u00fchrer Thomas Kemmerling konnte 50 aktive und f\u00f6rdernde Mitglieder der L\u00f6schgruppe begr\u00fc\u00dfen und blickte auf ein Jahr mit 1603 ehrenamtlich geleisteten Stunden zur\u00fcck. Er bedankte sich bei allen Kameraden f\u00fcr die tolle Ausrichtung des Stadtfeuerwehrtages im Rahmen des 100-j\u00e4hrigen\u2026","rel":"","context":"In &quot;Meldungen 2014&quot;","block_context":{"text":"Meldungen 2014","link":"https:\/\/www.feuerwehr-brilon.de\/?cat=183"},"img":{"alt_text":"CIMG3691i","src":"https:\/\/i0.wp.com\/www.feuerwehr-brilon.de\/wp-up\/2014\/03\/CIMG3691i-150x107.jpg?resize=350%2C200","width":350,"height":200},"classes":[]},{"id":14658,"url":"https:\/\/www.feuerwehr-brilon.de\/?p=14658","url_meta":{"origin":10372,"position":4},"title":"Generalversammlung bei der L\u00f6schgruppe Th\u00fclen","author":"Marc Heines","date":"11. April 2017","format":false,"excerpt":"Zur Jahreshauptversammlung im M\u00e4rz 2017 konnte L\u00f6schgruppenf\u00fchrer Fabian Kemmerling die aktiven Einsatzkr\u00e4fte und die Ehrenabteilung der L\u00f6schgruppe Th\u00fclen, unseren stellvertretenden Wehrf\u00fchrer J\u00fcrgen Mertens, B\u00fcrgermeister Dr. Christof Bartsch, \u00a0Ratsmitglied Eberhard Fisch und unseren Ortsvorsteher und Mitglied der Ehrenabteilung Johannes Becker begr\u00fc\u00dfen. L\u00f6schgruppenf\u00fchrer Fabian Kemmerling gab einen R\u00fcckblick auf das Jahr 2016\u2026","rel":"","context":"In &quot;Meldungen 2017&quot;","block_context":{"text":"Meldungen 2017","link":"https:\/\/www.feuerwehr-brilon.de\/?cat=206"},"img":{"alt_text":"","src":"https:\/\/i0.wp.com\/www.feuerwehr-brilon.de\/wp-up\/2017\/04\/PM_thuelen_i-150x100.jpg?resize=350%2C200","width":350,"height":200},"classes":[]},{"id":445,"url":"https:\/\/www.feuerwehr-brilon.de\/?p=445","url_meta":{"origin":10372,"position":5},"title":"Generalversammlung der L\u00f6schgruppe Madfeld","author":"Marc Heines","date":"29. November 2008","format":false,"excerpt":"Die L\u00f6schgruppe Madfeld f\u00fchrte am Samstag den 29.11.08 ihre diesj\u00e4hrige Generalversammlung durch. v.l. L\u00f6schgruppenf\u00fchrer Markus Decker, Ratsmitglied Markus Sprenger,Thorsten Dietz, Engelbert Berlinger, Bernd Decker, stellv.Wehrf\u00fchrer J\u00fcrgen Mertens, Ortsvorsteher Heinz Bickmann L\u00f6schgruppenf\u00fchrer Markus Decker konnte 21 aktive Feuerwehrleute, f\u00fcnf Kameraden der Ehrenabteilung, sowie Ortsvorsteher Heinz Bickmann, Ratsmitglied Markus Sprenger und den\u2026","rel":"","context":"In &quot;Meldungen 2008&quot;","block_context":{"text":"Meldungen 2008","link":"https:\/\/www.feuerwehr-brilon.de\/?cat=4"},"img":{"alt_text":"","src":"https:\/\/i0.wp.com\/www.feuerwehr-brilon.de\/wp-up\/2008\/12\/dsc00233i-500x323.jpg?resize=350%2C200","width":350,"height":200},"classes":[]}],"_links":{"self":[{"href":"https:\/\/www.feuerwehr-brilon.de\/index.php?rest_route=\/wp\/v2\/posts\/10372","targetHints":{"allow":["GET"]}}],"collection":[{"href":"https:\/\/www.feuerwehr-brilon.de\/index.php?rest_route=\/wp\/v2\/posts"}],"about":[{"href":"https:\/\/www.feuerwehr-brilon.de\/index.php?rest_route=\/wp\/v2\/types\/post"}],"author":[{"embeddable":true,"href":"https:\/\/www.feuerwehr-brilon.de\/index.php?rest_route=\/wp\/v2\/users\/6"}],"replies":[{"embeddable":true,"href":"https:\/\/www.feuerwehr-brilon.de\/index.php?rest_route=%2Fwp%2Fv2%2Fcomments&post=10372"}],"version-history":[{"count":4,"href":"https:\/\/www.feuerwehr-brilon.de\/index.php?rest_route=\/wp\/v2\/posts\/10372\/revisions"}],"predecessor-version":[{"id":10381,"href":"https:\/\/www.feuerwehr-brilon.de\/index.php?rest_route=\/wp\/v2\/posts\/10372\/revisions\/10381"}],"wp:attachment":[{"href":"https:\/\/www.feuerwehr-brilon.de\/index.php?rest_route=%2Fwp%2Fv2%2Fmedia&parent=10372"}],"wp:term":[{"taxonomy":"category","embeddable":true,"href":"https:\/\/www.feuerwehr-brilon.de\/index.php?rest_route=%2Fwp%2Fv2%2Fcategories&post=10372"},{"taxonomy":"post_tag","embeddable":true,"href":"https:\/\/www.feuerwehr-brilon.de\/index.php?rest_route=%2Fwp%2Fv2%2Ftags&post=10372"}],"curies":[{"name":"wp","href":"https:\/\/api.w.org\/{rel}","templated":true}]}}