{"id":11795,"date":"2015-04-07T17:59:13","date_gmt":"2015-04-07T16:59:13","guid":{"rendered":"http:\/\/www.feuerwehr-brilon.de\/?p=11795"},"modified":"2015-04-07T19:07:47","modified_gmt":"2015-04-07T18:07:47","slug":"generalversammlung-der-loeschgruppe-messinghausen-2","status":"publish","type":"post","link":"https:\/\/www.feuerwehr-brilon.de\/?p=11795","title":{"rendered":"Generalversammlung der L\u00f6schgruppe Messinghausen"},"content":{"rendered":"<p><a href=\"http:\/\/www.feuerwehr-brilon.de\/wp-up\/2015\/04\/Gruppei.jpg\"><img loading=\"lazy\" decoding=\"async\" class=\"alignleft size-thumbnail wp-image-11798\" alt=\"Gruppei\" src=\"http:\/\/www.feuerwehr-brilon.de\/wp-up\/2015\/04\/Gruppei-150x90.jpg\" width=\"150\" height=\"90\" srcset=\"https:\/\/www.feuerwehr-brilon.de\/wp-up\/2015\/04\/Gruppei-150x90.jpg 150w, https:\/\/www.feuerwehr-brilon.de\/wp-up\/2015\/04\/Gruppei-500x300.jpg 500w, https:\/\/www.feuerwehr-brilon.de\/wp-up\/2015\/04\/Gruppei.jpg 800w\" sizes=\"auto, (max-width: 150px) 100vw, 150px\" \/><\/a>Der stellvertretende L\u00f6schgruppenf\u00fchrer Hans-Joachim Hillebrand er\u00f6ffnete nach dem gemeinsamen Besuch der Abendmesse die diesj\u00e4hrige Hauptversammlung der L\u00f6schgruppe Messinghausen. Hillebrand konnte den stellv. Wehrf\u00fchrer Wilfried G\u00f6bel, den ersten Beigeordneten der Stadt Brilon Reinhold Huxoll, Ortsvorsteher Andreas Sanow und Ratsmitglied Hildegard Hillebrand zur Versammlung begr\u00fc\u00dfen.<!--more--><\/p>\n<p>Zu Beginn nahm er einen R\u00fcckblick auf das vergangene Jahr 2014 vor. Hier wurde die L\u00f6schgruppe Messinghausen zu 8 Eins\u00e4tzen mit insgesamt 330 Einsatzstunden gerufen. Den gr\u00f6\u00dften Anteil tr\u00e4gt hier der Hochwasser-Einsatz an Pfingstmontag, wo aufgrund enormer Niederschl\u00e4ge gro\u00dfe Mengen an Schlamm und Ger\u00f6ll das Dorf auf einer L\u00e4nge von 1.000 Metern das Dorf \u00fcberflutete. Die Bilder dieses Tages sind allen noch gut im Ged\u00e4chtnis. Gro\u00dfer Dank galt den unz\u00e4hligen freiwilligen Helfern die die Arbeit der Feuerwehr unterst\u00fctzten. Dar\u00fcber hinaus absolvierte die L\u00f6schgruppe insgesamt 1.810 Stunden an \u00dcbungsabenden, Lehrg\u00e4ngen und Fortbildungen.<\/p>\n<p>Jugendgruppenleiter Markus Kleff stellte den Bericht der Jugendfeuerwehr vor, die zur Zeit 10 Jungfeuerwehrleute im Alter von 12-15 Jahren hat. Er bedankte sich bei allen Kameraden, die zum Gelingen der zahlreichen Aktivit\u00e4ten beigetragen haben.<\/p>\n<p>Der stellv. Wehrf\u00fchrer Wilfried G\u00f6bel bedankte sich bei allen Kameraden f\u00fcr die geleistete Arbeit und der guten Zusammenarbeit. Ebenfalls bedankte er sich bei den Arbeitgebern f\u00fcr die Freistellung der Einsatzkr\u00e4fte. Anschlie\u00dfend konnte er folgende Kameraden bef\u00f6rdern: Zum Feuerwehrmann wurden Kai Cramer, Nico Kemmerling, Janis Schlechter und Alex Kleine bef\u00f6rdert und aus der Jugendfeuerwehr in die aktive Wehr aufgenommen. Patrick Cramer, Philipp Arens, Chris Lahme, Sven Binder, Steffen Planken und Jannik Dierkes wurden zum Oberfeuerwehrmann bef\u00f6rdert.<\/p>\n<p>Die Gru\u00dfworte der Stadtverwaltung \u00fcberbrachte der erste Beigeordnete Reinhold Huxoll. Er bedankte sich im Namen der Stadt, des Rates und vor allen Dingen der B\u00fcrger f\u00fcr die Arbeit in der L\u00f6schgruppe. Der Einsatz der L\u00f6schgruppen sei f\u00fcr die Stadt und den Ortschaften unverzichtbar. Die Hilfe k\u00e4me sonst oft nicht rechtzeitig. Erfreulich ist das die L\u00f6schgruppe Messinghausen gen\u00fcgend Nachwuchs in Ihren Reihen hat. Das ist nicht selbstverst\u00e4ndlich. Reinhold Huxoll ehrte Ludger Planken und Oliver Kappe f\u00fcr 40 Jahre Mitgliedschaft in der Feuerwehr. Werner Kappe erhielt f\u00fcr 50 Jahre eine Ehrennadel in der Stufe Gold vom Verband der Feuerwehren in NRW.<\/p>\n<p>Ortsvorsteher Sanow bedankte sich f\u00fcr die gute Jugendarbeit und die gut besuchte Generalversammlung. Besonders der Hochwasser-Einsatz war au\u00dfergew\u00f6hnlich und von den Kameraden der Feuerwehr und der Dorfgemeinschaft hervorragend bew\u00e4ltigt worden.<\/p>\n<p><a href=\"http:\/\/www.feuerwehr-brilon.de\/wp-up\/2015\/04\/Gruppei.jpg\"><img loading=\"lazy\" decoding=\"async\" class=\"alignleft size-thumbnail wp-image-11798\" alt=\"Gruppei\" src=\"http:\/\/www.feuerwehr-brilon.de\/wp-up\/2015\/04\/Gruppei-150x90.jpg\" width=\"150\" height=\"90\" srcset=\"https:\/\/www.feuerwehr-brilon.de\/wp-up\/2015\/04\/Gruppei-150x90.jpg 150w, https:\/\/www.feuerwehr-brilon.de\/wp-up\/2015\/04\/Gruppei-500x300.jpg 500w, https:\/\/www.feuerwehr-brilon.de\/wp-up\/2015\/04\/Gruppei.jpg 800w\" sizes=\"auto, (max-width: 150px) 100vw, 150px\" \/><\/a> <a href=\"http:\/\/www.feuerwehr-brilon.de\/wp-up\/2015\/04\/Jubilarei.jpg\"><img loading=\"lazy\" decoding=\"async\" class=\"alignleft size-thumbnail wp-image-11796\" alt=\"Jubilarei\" src=\"http:\/\/www.feuerwehr-brilon.de\/wp-up\/2015\/04\/Jubilarei-150x112.jpg\" width=\"150\" height=\"112\" srcset=\"https:\/\/www.feuerwehr-brilon.de\/wp-up\/2015\/04\/Jubilarei-150x112.jpg 150w, https:\/\/www.feuerwehr-brilon.de\/wp-up\/2015\/04\/Jubilarei-500x375.jpg 500w, https:\/\/www.feuerwehr-brilon.de\/wp-up\/2015\/04\/Jubilarei.jpg 800w\" sizes=\"auto, (max-width: 150px) 100vw, 150px\" \/><\/a> <a href=\"http:\/\/www.feuerwehr-brilon.de\/wp-up\/2015\/04\/Werner_Kappe_50i.jpg\"><img loading=\"lazy\" decoding=\"async\" class=\"alignleft size-thumbnail wp-image-11797\" alt=\"Werner_Kappe_50i\" src=\"http:\/\/www.feuerwehr-brilon.de\/wp-up\/2015\/04\/Werner_Kappe_50i-112x150.jpg\" width=\"112\" height=\"150\" srcset=\"https:\/\/www.feuerwehr-brilon.de\/wp-up\/2015\/04\/Werner_Kappe_50i-112x150.jpg 112w, https:\/\/www.feuerwehr-brilon.de\/wp-up\/2015\/04\/Werner_Kappe_50i-375x500.jpg 375w, https:\/\/www.feuerwehr-brilon.de\/wp-up\/2015\/04\/Werner_Kappe_50i.jpg 600w\" sizes=\"auto, (max-width: 112px) 100vw, 112px\" \/><\/a><\/p>\n","protected":false},"excerpt":{"rendered":"<p>Der stellvertretende L\u00f6schgruppenf\u00fchrer Hans-Joachim Hillebrand er\u00f6ffnete nach dem gemeinsamen Besuch der Abendmesse die diesj\u00e4hrige Hauptversammlung der L\u00f6schgruppe Messinghausen. Hillebrand konnte den stellv. Wehrf\u00fchrer Wilfried G\u00f6bel, den ersten Beigeordneten der Stadt Brilon Reinhold Huxoll, Ortsvorsteher Andreas Sanow und Ratsmitglied Hildegard Hillebrand zur Versammlung begr\u00fc\u00dfen.<\/p>\n","protected":false},"author":6,"featured_media":0,"comment_status":"closed","ping_status":"closed","sticky":false,"template":"","format":"standard","meta":{"_exactmetrics_skip_tracking":false,"_exactmetrics_sitenote_active":false,"_exactmetrics_sitenote_note":"","_exactmetrics_sitenote_category":0,"jetpack_post_was_ever_published":false,"_jetpack_newsletter_access":"","_jetpack_dont_email_post_to_subs":false,"_jetpack_newsletter_tier_id":0,"_jetpack_memberships_contains_paywalled_content":false,"_jetpack_memberships_contains_paid_content":false,"footnotes":""},"categories":[192],"tags":[47,60],"class_list":["post-11795","post","type-post","status-publish","format-standard","hentry","category-meldungen-2015","tag-messinghausen","tag-personen"],"jetpack_featured_media_url":"","jetpack_shortlink":"https:\/\/wp.me\/pCIJa-34f","jetpack_sharing_enabled":true,"jetpack-related-posts":[{"id":4738,"url":"https:\/\/www.feuerwehr-brilon.de\/?p=4738","url_meta":{"origin":11795,"position":0},"title":"Versammlung der L\u00f6schgruppe Messinghausen","author":"Marc Heines","date":"5. April 2011","format":false,"excerpt":"Die L\u00f6schgruppe Messinghausen hielt am 05.02.2011 ihre diesj\u00e4hrige Generalversammlung ab. Fast f\u00fcnfzig aktive und f\u00f6rderaktive Kameraden waren der Einladung zur Generalversammlung gefolgt. L\u00f6schgruppenf\u00fchrer Thomas Kemmerling blickte auf ein Jahr mit 1808 ehrenamtlich geleisteten Stunden zur\u00fcck. Jugendfeuerwehrwart Hans-Joachim Hillebrand berichtete von der Ausbildung und den Aktivit\u00e4ten der Jugendfeuerwehr. Ortsvorsteherin Hildegard Hillebrand\u2026","rel":"","context":"In &quot;Meldungen 2011&quot;","block_context":{"text":"Meldungen 2011","link":"https:\/\/www.feuerwehr-brilon.de\/?cat=133"},"img":{"alt_text":"","src":"https:\/\/i0.wp.com\/www.feuerwehr-brilon.de\/wp-up\/2011\/04\/messinghausen_i-150x112.jpg?resize=350%2C200","width":350,"height":200},"classes":[]},{"id":30747,"url":"https:\/\/www.feuerwehr-brilon.de\/?p=30747","url_meta":{"origin":11795,"position":1},"title":"Generalversammlung der L\u00f6schgruppe Messinghausen","author":"Andreas Becker","date":"19. Februar 2023","format":false,"excerpt":"Messinghausen. Am Samstag, den 04.02.2023 er\u00f6ffnete L\u00f6schgruppenf\u00fchrer Hans-Joachim Hillebrand die diesj\u00e4hrige Hauptversammlung der L\u00f6schgruppe Messinghausen mit der Begr\u00fc\u00dfung von Wehrf\u00fchrer Thomas Bauerfeind, B\u00fcrgermeister Dr. Christof Bartsch und Ortsvorsteher Andreas Sanow. Im Anschluss folgten das Totengedenken und der T\u00e4tigkeitsbericht f\u00fcr das Jahr 2022. Die L\u00f6schgruppe Messinghausen wurde im vergangenen Jahr zu\u2026","rel":"","context":"In &quot;Meldungen 2023&quot;","block_context":{"text":"Meldungen 2023","link":"https:\/\/www.feuerwehr-brilon.de\/?cat=336"},"img":{"alt_text":"","src":"https:\/\/i0.wp.com\/www.feuerwehr-brilon.de\/wp-up\/2023\/02\/230204_GV-Mes_.jpg?resize=350%2C200&ssl=1","width":350,"height":200,"srcset":"https:\/\/i0.wp.com\/www.feuerwehr-brilon.de\/wp-up\/2023\/02\/230204_GV-Mes_.jpg?resize=350%2C200&ssl=1 1x, https:\/\/i0.wp.com\/www.feuerwehr-brilon.de\/wp-up\/2023\/02\/230204_GV-Mes_.jpg?resize=525%2C300&ssl=1 1.5x, https:\/\/i0.wp.com\/www.feuerwehr-brilon.de\/wp-up\/2023\/02\/230204_GV-Mes_.jpg?resize=700%2C400&ssl=1 2x"},"classes":[]},{"id":8247,"url":"https:\/\/www.feuerwehr-brilon.de\/?p=8247","url_meta":{"origin":11795,"position":2},"title":"Stadtfeuerwehrtag und Jubil\u00e4um der L\u00f6schgruppe Messinghausen","author":"Andreas Becker","date":"23. April 2013","format":false,"excerpt":"Der Stadtfeuerwehrtag der Feuerwehr Brilon wurde dieses Jahr von der L\u00f6schgruppe Messinghausen ausgerichtet, die gleichzeitig ihr 100j\u00e4hriges Jubil\u00e4um feierte. Der Festtag begann mit einer Vorabendmesse. Der anschlie\u00dfende Festzug ging zun\u00e4chst zum Ehrenmahl. Hier legte der Leiter der Feuerwehr Wolfgang Hillebrand einen Kranz zu Ehren aller verstorbenen Feuerwehrleute nieder. Der eigentliche\u2026","rel":"","context":"In &quot;Meldungen 2013&quot;","block_context":{"text":"Meldungen 2013","link":"https:\/\/www.feuerwehr-brilon.de\/?cat=177"},"img":{"alt_text":"","src":"https:\/\/i0.wp.com\/www.feuerwehr-brilon.de\/wp-up\/2013\/04\/1_1_P4200005-150x112.jpg?resize=350%2C200&ssl=1","width":350,"height":200},"classes":[]},{"id":8040,"url":"https:\/\/www.feuerwehr-brilon.de\/?p=8040","url_meta":{"origin":11795,"position":3},"title":"Generalversammlung der L\u00f6schgruppe Messinghausen","author":"Marc Heines","date":"4. M\u00e4rz 2013","format":false,"excerpt":"Die L\u00f6schgruppe Messinghausen hielt am 16.02.2013 ihre diesj\u00e4hrige Generalversammlung ab. L\u00f6schgruppenf\u00fchrer Thomas Kemmerling blickte auf ein Jahr mit 1522 ehrenamtlich geleisteten Stunden zur\u00fcck. B\u00fcrgermeister Franz Schrewe, Ortsvorsteherin Hildegard Hillebrand und die Wehrf\u00fchrung dankten der L\u00f6schgruppe f\u00fcr die feuerwehrtechnische Arbeit und das ehrenamtlichen Engagement zum Wohle der Dorfgemeinschaft. Wehrf\u00fchrer Wolfgang Hillebrand\u2026","rel":"","context":"In &quot;Meldungen 2013&quot;","block_context":{"text":"Meldungen 2013","link":"https:\/\/www.feuerwehr-brilon.de\/?cat=177"},"img":{"alt_text":"","src":"https:\/\/i0.wp.com\/www.feuerwehr-brilon.de\/wp-up\/2013\/03\/pmi1-150x85.jpg?resize=350%2C200","width":350,"height":200},"classes":[]},{"id":2596,"url":"https:\/\/www.feuerwehr-brilon.de\/?p=2596","url_meta":{"origin":11795,"position":4},"title":"Generalversammlung der L\u00f6schgruppe Messinghausen","author":"Marc Heines","date":"15. April 2010","format":false,"excerpt":"Die L\u00f6schgruppe Messinghausen hielt am 06.03.2010 ihre diesj\u00e4hrige\u00a0 Generalversammlung ab. L\u00f6schgruppenf\u00fchrer Wilfried G\u00f6bel blickte auf ein Jahr mit 1605 ehrenamtlich geleisteten Stunden zur\u00fcck. Ortsvorsteherin Hildegard Hillebrand und die Wehrf\u00fchrung dankten der L\u00f6schgruppe f\u00fcr diese geleistete Arbeit. Wehrf\u00fchrer Wolfgang Hillebrand bef\u00f6rderte insgesamt 7 Kameraden. Kevin Brandenburg, Daniel Kleine, Roman Voss und\u2026","rel":"","context":"In &quot;Meldungen 2010&quot;","block_context":{"text":"Meldungen 2010","link":"https:\/\/www.feuerwehr-brilon.de\/?cat=34"},"img":{"alt_text":"GeneralvMessinghausen","src":"https:\/\/i0.wp.com\/www.feuerwehr-brilon.de\/wp-up\/2010\/04\/GeneralvMessinghausen-125x93.jpg?resize=350%2C200","width":350,"height":200},"classes":[]},{"id":15823,"url":"https:\/\/www.feuerwehr-brilon.de\/?p=15823","url_meta":{"origin":11795,"position":5},"title":"Generalversammlung der L\u00f6schgruppe Messinghausen","author":"Marc Heines","date":"16. M\u00e4rz 2018","format":false,"excerpt":"Am Samstag den 17.02.2018 er\u00f6ffnete L\u00f6schgruppenf\u00fchrer Thomas Kemmerling die diesj\u00e4hrige Hauptversammlung der L\u00f6schgruppe Messinghausen. Begr\u00fc\u00dfen konnte er den stv. Wehrf\u00fchrer Wilfried G\u00f6bel, B\u00fcrgermeister Dr. Christoph Bartsch, Ortsvorsteher Andreas Sanow und Ratsmitglied Hildegard Hillebrand. Jugendfeuerwehrwart Markus Kleff stellte den Bericht der Jugendfeuerwehr vor. Aktuell besteht die Jugendfeuerwehr aus zwei Gruppen. Die\u2026","rel":"","context":"In &quot;Meldungen 2018&quot;","block_context":{"text":"Meldungen 2018","link":"https:\/\/www.feuerwehr-brilon.de\/?cat=209"},"img":{"alt_text":"","src":"https:\/\/i0.wp.com\/www.feuerwehr-brilon.de\/wp-up\/2018\/03\/pmi-150x101.jpg?resize=350%2C200&ssl=1","width":350,"height":200},"classes":[]}],"_links":{"self":[{"href":"https:\/\/www.feuerwehr-brilon.de\/index.php?rest_route=\/wp\/v2\/posts\/11795","targetHints":{"allow":["GET"]}}],"collection":[{"href":"https:\/\/www.feuerwehr-brilon.de\/index.php?rest_route=\/wp\/v2\/posts"}],"about":[{"href":"https:\/\/www.feuerwehr-brilon.de\/index.php?rest_route=\/wp\/v2\/types\/post"}],"author":[{"embeddable":true,"href":"https:\/\/www.feuerwehr-brilon.de\/index.php?rest_route=\/wp\/v2\/users\/6"}],"replies":[{"embeddable":true,"href":"https:\/\/www.feuerwehr-brilon.de\/index.php?rest_route=%2Fwp%2Fv2%2Fcomments&post=11795"}],"version-history":[{"count":1,"href":"https:\/\/www.feuerwehr-brilon.de\/index.php?rest_route=\/wp\/v2\/posts\/11795\/revisions"}],"predecessor-version":[{"id":11799,"href":"https:\/\/www.feuerwehr-brilon.de\/index.php?rest_route=\/wp\/v2\/posts\/11795\/revisions\/11799"}],"wp:attachment":[{"href":"https:\/\/www.feuerwehr-brilon.de\/index.php?rest_route=%2Fwp%2Fv2%2Fmedia&parent=11795"}],"wp:term":[{"taxonomy":"category","embeddable":true,"href":"https:\/\/www.feuerwehr-brilon.de\/index.php?rest_route=%2Fwp%2Fv2%2Fcategories&post=11795"},{"taxonomy":"post_tag","embeddable":true,"href":"https:\/\/www.feuerwehr-brilon.de\/index.php?rest_route=%2Fwp%2Fv2%2Ftags&post=11795"}],"curies":[{"name":"wp","href":"https:\/\/api.w.org\/{rel}","templated":true}]}}