{"id":11884,"date":"2015-05-18T13:20:00","date_gmt":"2015-05-18T11:20:00","guid":{"rendered":"http:\/\/www.feuerwehr-brilon.de\/?p=11884"},"modified":"2015-05-18T13:20:00","modified_gmt":"2015-05-18T11:20:00","slug":"40-alteneue-erst-helfer-in-bontkirchen","status":"publish","type":"post","link":"https:\/\/www.feuerwehr-brilon.de\/?p=11884","title":{"rendered":"40 alte\/neue \u201eErst-Helfer\u201c in Bontkirchen"},"content":{"rendered":"<p><a href=\"http:\/\/www.feuerwehr-brilon.de\/wp-up\/2015\/05\/DSCI0328.jpg\"><img loading=\"lazy\" decoding=\"async\" class=\"alignleft size-thumbnail wp-image-11886\" alt=\"DSCI0328\" src=\"http:\/\/www.feuerwehr-brilon.de\/wp-up\/2015\/05\/DSCI0328-150x112.jpg\" width=\"150\" height=\"112\" srcset=\"https:\/\/www.feuerwehr-brilon.de\/wp-up\/2015\/05\/DSCI0328-150x112.jpg 150w, https:\/\/www.feuerwehr-brilon.de\/wp-up\/2015\/05\/DSCI0328-500x375.jpg 500w, https:\/\/www.feuerwehr-brilon.de\/wp-up\/2015\/05\/DSCI0328.jpg 800w\" sizes=\"auto, (max-width: 150px) 100vw, 150px\" \/><\/a>Bontkirchen. Die L\u00f6schgruppe Bontkichen hat in den letzten beiden Wochen im April in Zusammenarbeit mit dem Deutschen Roten Kreuz Brilon 40 Einwohner aus Bontkirchen und Umgebung in der Ersten Hilfe ausgebildet. An insgesamt vier Unterrichtstagen \u00e1 3,5 Stunden wurden den Teilnehmern Grundkenntnisse verschiedener Krankheitsbilder und Symptome gelehrt. Aber auch Themen wie Knochenbr\u00fcche und die Versorgung unterschiedlichster Wunden wurden behandelt.<!--more--><\/p>\n<p>Da seit einigen Jahren ein Defibrillator (AED) in der Ortsmitte Bontkirchens vorhanden ist, wurde auf Wunsch der Teilnehmer speziell bei der Herz-Lungen-Wiederbelebung auf das Thema nochmal eingegangen. Durch praktische \u00dcbungen und kennenlernen der richtigen Handhabung eines Defibrillators verloren die Teilnehmer die Scheu vor der Anwendung und f\u00fchlten sich beim Umgang sicher.<\/p>\n<p><a href=\"http:\/\/www.feuerwehr-brilon.de\/wp-up\/2015\/05\/DSCI0339.jpg\"><img loading=\"lazy\" decoding=\"async\" class=\"alignleft size-thumbnail wp-image-11885\" alt=\"DSCI0339\" src=\"http:\/\/www.feuerwehr-brilon.de\/wp-up\/2015\/05\/DSCI0339-150x112.jpg\" width=\"150\" height=\"112\" srcset=\"https:\/\/www.feuerwehr-brilon.de\/wp-up\/2015\/05\/DSCI0339-150x112.jpg 150w, https:\/\/www.feuerwehr-brilon.de\/wp-up\/2015\/05\/DSCI0339-500x375.jpg 500w, https:\/\/www.feuerwehr-brilon.de\/wp-up\/2015\/05\/DSCI0339.jpg 800w\" sizes=\"auto, (max-width: 150px) 100vw, 150px\" \/><\/a>Bei guter Stimmung und einem sehr harmonischen Miteinander vergingen die langen Abende wie im Flug. Alle Teilnehmer waren sich einig, dass die beiden Kurse ein voller Erfolg waren und die Mischung von Theorie und praktischen \u00dcbungen \u00fcberzeugte. Sowohl die jungen Teilnehmer, die sich auf den F\u00fchrerschein vorbereiten, als auch die \u00e4lteren Teilnehmer, deren letzter Erste-H\u00edlfe-Kurs schon viele Jahre z\u00fcr\u00fcck liegt und eine Auffrischung w\u00fcnschten, sind nun sicherer im Umgang mit verletzten Personen geworden.<\/p>\n","protected":false},"excerpt":{"rendered":"<p>Bontkirchen. Die L\u00f6schgruppe Bontkichen hat in den letzten beiden Wochen im April in Zusammenarbeit mit dem Deutschen Roten Kreuz Brilon 40 Einwohner aus Bontkirchen und Umgebung in der Ersten Hilfe ausgebildet. An insgesamt vier Unterrichtstagen \u00e1 3,5 Stunden wurden den Teilnehmern Grundkenntnisse verschiedener Krankheitsbilder und Symptome gelehrt. Aber auch Themen wie Knochenbr\u00fcche und die Versorgung [&hellip;]<\/p>\n","protected":false},"author":6,"featured_media":0,"comment_status":"closed","ping_status":"closed","sticky":false,"template":"","format":"standard","meta":{"_exactmetrics_skip_tracking":false,"_exactmetrics_sitenote_active":false,"_exactmetrics_sitenote_note":"","_exactmetrics_sitenote_category":0,"jetpack_post_was_ever_published":false,"_jetpack_newsletter_access":"","_jetpack_dont_email_post_to_subs":false,"_jetpack_newsletter_tier_id":0,"_jetpack_memberships_contains_paywalled_content":false,"_jetpack_memberships_contains_paid_content":false,"footnotes":""},"categories":[1,192],"tags":[195,141],"class_list":["post-11884","post","type-post","status-publish","format-standard","hentry","category-allgemein","category-meldungen-2015","tag-ausbildung","tag-bontkirchen"],"jetpack_featured_media_url":"","jetpack_shortlink":"https:\/\/wp.me\/pCIJa-35G","jetpack_sharing_enabled":true,"jetpack-related-posts":[{"id":15922,"url":"https:\/\/www.feuerwehr-brilon.de\/?p=15922","url_meta":{"origin":11884,"position":0},"title":"28 Nachwuchskr\u00e4fte absolvieren Grundausbildung","author":"Andreas Becker","date":"6. Mai 2018","format":false,"excerpt":"Stadtgebiet. Eine Feuerwehrfrau und 28 Feuerwehrm\u00e4nner haben im M\u00e4rz mit dem \"Truppmann 2\" -Lehrgang ihre Grundausbildung abgeschlossen. Sie verst\u00e4rken jetzt die Einsatzabteilung ihrer Einheiten. An vier Wochenenden wurde der Feuerwehrnachwuchs von insgesamt 22 Ausbildern in Theorie und Praxis ausgebildet. Die Technische Hilfeleistung sowie Brandbek\u00e4mpfung bildeten die Schwerpunkte der Ausbildung im\u2026","rel":"","context":"In &quot;Meldungen 2018&quot;","block_context":{"text":"Meldungen 2018","link":"https:\/\/www.feuerwehr-brilon.de\/?cat=209"},"img":{"alt_text":"","src":"https:\/\/i0.wp.com\/www.feuerwehr-brilon.de\/wp-up\/2018\/05\/20180324_151902-1.jpg?resize=350%2C200&ssl=1","width":350,"height":200,"srcset":"https:\/\/i0.wp.com\/www.feuerwehr-brilon.de\/wp-up\/2018\/05\/20180324_151902-1.jpg?resize=350%2C200&ssl=1 1x, https:\/\/i0.wp.com\/www.feuerwehr-brilon.de\/wp-up\/2018\/05\/20180324_151902-1.jpg?resize=525%2C300&ssl=1 1.5x, https:\/\/i0.wp.com\/www.feuerwehr-brilon.de\/wp-up\/2018\/05\/20180324_151902-1.jpg?resize=700%2C400&ssl=1 2x"},"classes":[]},{"id":16945,"url":"https:\/\/www.feuerwehr-brilon.de\/?p=16945","url_meta":{"origin":11884,"position":1},"title":"Feuerwehr Brilon erneut im Unwettereinsatz","author":"Marcus Bange","date":"10. M\u00e4rz 2019","format":false,"excerpt":"Brilon. Die Feuerwehr Brilon war am Sonntag ab 15.45 Uhr erneut im Unwettereinsatz. Zun\u00e4chst r\u00e4umte die L\u00f6schgruppe Hoppecke die L743 zwischen Brilon-Wald und Bruchhausen. Bei einem weiteren Einsatz musste in Brilon-Wald ein Baum von der Bahnstrecke nach Willingen entfernt werden. Im weiteren Verlauf erfolgten weitere Eins\u00e4tze in Alme auf der\u2026","rel":"","context":"In &quot;Eins\u00e4tze 2019&quot;","block_context":{"text":"Eins\u00e4tze 2019","link":"https:\/\/www.feuerwehr-brilon.de\/?cat=222"},"img":{"alt_text":"","src":"https:\/\/i0.wp.com\/www.feuerwehr-brilon.de\/wp-up\/2019\/03\/Sturm-Eberhard-1-150x113.jpg?resize=350%2C200&ssl=1","width":350,"height":200},"classes":[]},{"id":756,"url":"https:\/\/www.feuerwehr-brilon.de\/?p=756","url_meta":{"origin":11884,"position":2},"title":"34 Feuerwehrm\u00e4nner bestehen ersten Lehrgang","author":"Marc Heines","date":"25. M\u00e4rz 2009","format":false,"excerpt":"Vom 27.02. bis zum 21.03. f\u00fchrte die Feuerwehr Brilon den Grundlehrgang Truppmann I durch. Der Lehrgang geh\u00f6rt zur Grundausbildung und ist\u00a0 der erste Ausbildungsabschnitt den ein Feuerwehrmann durchlaufen muss. An insgesamt vier Wochenenden wurden in Theorie und Praxis grundlegende Kenntnisse f\u00fcr einen Truppmann vermittelt. Ausgebildet wurde u.a. in Rechte und\u2026","rel":"","context":"In &quot;Meldungen 2009&quot;","block_context":{"text":"Meldungen 2009","link":"https:\/\/www.feuerwehr-brilon.de\/?cat=11"},"img":{"alt_text":"Lehrgangsteilnehmer mit Ausbilderteam und B\u00fcrgermeister Franz Schrewe","src":"https:\/\/i0.wp.com\/www.feuerwehr-brilon.de\/wp-up\/2009\/03\/sany0009i-500x219.jpg?resize=350%2C200","width":350,"height":200},"classes":[]},{"id":6679,"url":"https:\/\/www.feuerwehr-brilon.de\/?p=6679","url_meta":{"origin":11884,"position":3},"title":"Brand in der Niederstra\u00dfe in Bontkirchen","author":"Andreas Becker","date":"6. Mai 2012","format":false,"excerpt":"Am Samstag den 5. Mai wurden um 11:40 Uhr die L\u00f6schgruppen Hoppecke und Bontkirchen sowie die Drehleiter aus Brilon mit dem Stichwort \"Brennt PKW in Garage\" alarmiert. Als die ersten Kr\u00e4fte aus Bontkirchen an der Einsatzstelle eintrafen, brannte eine Garage sowie ein angrenzender Schuppen bereits in voller Ausdehnung. Das Feuer\u2026","rel":"","context":"In &quot;Allgemein&quot;","block_context":{"text":"Allgemein","link":"https:\/\/www.feuerwehr-brilon.de\/?cat=1"},"img":{"alt_text":"","src":"https:\/\/i0.wp.com\/www.feuerwehr-brilon.de\/wp-up\/2012\/05\/P5050122-150x112.jpg?resize=350%2C200&ssl=1","width":350,"height":200},"classes":[]},{"id":30895,"url":"https:\/\/www.feuerwehr-brilon.de\/?p=30895","url_meta":{"origin":11884,"position":4},"title":"Verkehrsunfall auf der L 3393 bei Bontkirchen","author":"Marcus Bange","date":"15. M\u00e4rz 2023","format":false,"excerpt":"Bontkirchen. Die Feuerwehr Brilon wurde am Mittwochmorgen (15.03.2023, 7.56 Uhr) zu einem Verkehrsunfall mit eingeklemmten Personen zwischen Bontkirchen und Schwalefeld alarmiert. Dort waren auf der L 3393 zwei PKW frontal zusammengesto\u00dfen. Durch den Aufprall wurde in einem Fahrzeug ein automatischer E-Call Notruf abgesetzt. Das Fahrzeug w\u00e4hlt dabei bei einem verletzungsrelevanten\u2026","rel":"","context":"In &quot;Eins\u00e4tze 2023&quot;","block_context":{"text":"Eins\u00e4tze 2023","link":"https:\/\/www.feuerwehr-brilon.de\/?cat=335"},"img":{"alt_text":"","src":"https:\/\/i0.wp.com\/www.feuerwehr-brilon.de\/wp-up\/2023\/03\/VU-L3393-1.jpg?resize=350%2C200&ssl=1","width":350,"height":200,"srcset":"https:\/\/i0.wp.com\/www.feuerwehr-brilon.de\/wp-up\/2023\/03\/VU-L3393-1.jpg?resize=350%2C200&ssl=1 1x, https:\/\/i0.wp.com\/www.feuerwehr-brilon.de\/wp-up\/2023\/03\/VU-L3393-1.jpg?resize=525%2C300&ssl=1 1.5x, https:\/\/i0.wp.com\/www.feuerwehr-brilon.de\/wp-up\/2023\/03\/VU-L3393-1.jpg?resize=700%2C400&ssl=1 2x"},"classes":[]},{"id":2419,"url":"https:\/\/www.feuerwehr-brilon.de\/?p=2419","url_meta":{"origin":11884,"position":5},"title":"Fu\u00dfballturnier der Briloner Jugendfeuerwehren","author":"Andreas Becker","date":"15. M\u00e4rz 2010","format":false,"excerpt":"Am Samstag dem 13. M\u00e4rz fand die zweite Ausgabe des Fu\u00dfballturniers der Jugendfeuerwehren der Stadt Brilon statt. Der Wehrf\u00fchrer konnte zum diesj\u00e4hrigen Turnier 8 Mannschaften in der Sporthalle Madfeld begr\u00fc\u00dfen. Die Auslosung teilte die Mannschaften in zwei Gruppen auf, die sich wie folgt darstellten: Gruppe 1 Gruppe 2 Brilon II\u2026","rel":"","context":"In &quot;Meldungen 2010&quot;","block_context":{"text":"Meldungen 2010","link":"https:\/\/www.feuerwehr-brilon.de\/?cat=34"},"img":{"alt_text":"Fussballturnier","src":"https:\/\/i0.wp.com\/www.feuerwehr-brilon.de\/wp-up\/2010\/03\/Fussballer1.JPG?resize=350%2C200","width":350,"height":200},"classes":[]}],"_links":{"self":[{"href":"https:\/\/www.feuerwehr-brilon.de\/index.php?rest_route=\/wp\/v2\/posts\/11884","targetHints":{"allow":["GET"]}}],"collection":[{"href":"https:\/\/www.feuerwehr-brilon.de\/index.php?rest_route=\/wp\/v2\/posts"}],"about":[{"href":"https:\/\/www.feuerwehr-brilon.de\/index.php?rest_route=\/wp\/v2\/types\/post"}],"author":[{"embeddable":true,"href":"https:\/\/www.feuerwehr-brilon.de\/index.php?rest_route=\/wp\/v2\/users\/6"}],"replies":[{"embeddable":true,"href":"https:\/\/www.feuerwehr-brilon.de\/index.php?rest_route=%2Fwp%2Fv2%2Fcomments&post=11884"}],"version-history":[{"count":2,"href":"https:\/\/www.feuerwehr-brilon.de\/index.php?rest_route=\/wp\/v2\/posts\/11884\/revisions"}],"predecessor-version":[{"id":11888,"href":"https:\/\/www.feuerwehr-brilon.de\/index.php?rest_route=\/wp\/v2\/posts\/11884\/revisions\/11888"}],"wp:attachment":[{"href":"https:\/\/www.feuerwehr-brilon.de\/index.php?rest_route=%2Fwp%2Fv2%2Fmedia&parent=11884"}],"wp:term":[{"taxonomy":"category","embeddable":true,"href":"https:\/\/www.feuerwehr-brilon.de\/index.php?rest_route=%2Fwp%2Fv2%2Fcategories&post=11884"},{"taxonomy":"post_tag","embeddable":true,"href":"https:\/\/www.feuerwehr-brilon.de\/index.php?rest_route=%2Fwp%2Fv2%2Ftags&post=11884"}],"curies":[{"name":"wp","href":"https:\/\/api.w.org\/{rel}","templated":true}]}}