{"id":13321,"date":"2016-04-09T10:04:24","date_gmt":"2016-04-09T09:04:24","guid":{"rendered":"http:\/\/www.feuerwehr-brilon.de\/?p=13321"},"modified":"2016-04-08T10:10:03","modified_gmt":"2016-04-08T09:10:03","slug":"versammlung-der-loeschgruppe-bontkirchen","status":"publish","type":"post","link":"https:\/\/www.feuerwehr-brilon.de\/?p=13321","title":{"rendered":"Versammlung der L\u00f6schgruppe Bontkirchen"},"content":{"rendered":"<h3>L\u00f6schgruppenf\u00fchrer Peter Hennecke im Amt best\u00e4tigt.<br \/>\nDrei Neue in der Einsatzabteilung<\/h3>\n<p><a href=\"http:\/\/www.feuerwehr-brilon.de\/wp-up\/2016\/04\/20160312_212626n.jpg\" rel=\"lightbox\"><img loading=\"lazy\" decoding=\"async\" class=\"alignleft size-thumbnail wp-image-13322\" src=\"http:\/\/www.feuerwehr-brilon.de\/wp-up\/2016\/04\/20160312_212626n-150x84.jpg\" alt=\"20160312_212626n\" width=\"150\" height=\"84\" srcset=\"https:\/\/www.feuerwehr-brilon.de\/wp-up\/2016\/04\/20160312_212626n-150x84.jpg 150w, https:\/\/www.feuerwehr-brilon.de\/wp-up\/2016\/04\/20160312_212626n-500x281.jpg 500w, https:\/\/www.feuerwehr-brilon.de\/wp-up\/2016\/04\/20160312_212626n-768x432.jpg 768w, https:\/\/www.feuerwehr-brilon.de\/wp-up\/2016\/04\/20160312_212626n.jpg 800w\" sizes=\"auto, (max-width: 150px) 100vw, 150px\" \/><\/a><a href=\"http:\/\/www.feuerwehr-brilon.de\/?page_id=12\">Bontkirchen<\/a>. Im Rahmen der Jahreshauptversammlung der L\u00f6schgruppe Bontkirchen am 12.03.2016, konnte L\u00f6schgruppenf\u00fchrer Peter Hennecke 23 aktive Mitglieder der L\u00f6schgruppe, 7 passive Mitglieder des F\u00f6rdervereins, 12 Mitglieder der Jugendfeuerwehr, den Leiter der Feuerwehr Wolfgang Hillebrand, B\u00fcrgermeister Dr. Christof Bartsch, Ortsvorsteher Dieter Marczyk und Stadtratsmitglied Ulrich Br\u00fcne begr\u00fc\u00dfen.<!--more--><br \/>\nNach dem Vortrag des Protokolls der Jahreshauptversammlung und dem Kassenbericht des F\u00f6rdervereins aus 2015, wurde von Peter Hennecke der T\u00e4tigkeitsbericht der L\u00f6schgruppe vorgetragen. Jugendfeuerwehrwart Frank Br\u00fcne berichtete \u00fcber die Aktivit\u00e4ten der Jugendfeuerwehr aus 2015, u.a. wurde zuletzt die Rettungswache in Brilon besichtigt. Wie jedes Jahr gab er auch einen \u00dcberblick \u00fcber geplanten Aktivit\u00e4ten in 2016.<br \/>\nOrtsvorsteher Dieter Marczyk und Stadtratsmitglied Ulrich Br\u00fcne dankten den Kameraden f\u00fcr ihren Einsatz in der L\u00f6schgruppe Bontkirchen und f\u00fcr ein immer offenes Ohr, wenn es um die Hilfe im Ort geht. Dieter Marczyk betonte besonders das toll gestaltete Jubil\u00e4umsfest der L\u00f6schgruppe zum 75-j\u00e4hrigen Bestehen, zusammen mit dem 10-j\u00e4hrigen Bestehen der Jugendfeuerwehr und dem Stadtfeuerwehrtag der Stadt Brilon. B\u00fcrgermeister Dr. Christof Bartsch schloss sich den Worten an und dankte ebenso f\u00fcr die gute Organisation.<br \/>\nStadtbrandmeister Wolfgang Hillebrand gab einen \u00dcberblick, was auf die Freiwillige Feuerwehr in 2016 zukommen wird. Hier nimmt das neue Gesetz \u00fcber den Brandschutz, die Hilfeleistung und den Katastrophenschutz (BHKG) einen gro\u00dfen Raum ein.<br \/>\nIn die aktive L\u00f6schgruppe konnte der Jugendfeuerwehrkamerad Frederik Br\u00fcne \u00fcbernommen werden, verbunden mit der Bef\u00f6rderung zum Feuerwehrmann. Auch die Jugendfeuerwehrkameraden Tom Retz und Dennis Rischen werden mit ihrem 18. Geburtstag in die aktive L\u00f6schgruppe \u00fcbernommen. Calvin Biermann wurde nach Absolvierung des Truppmann-Lehrgangs zum Oberfeuerwehrmann und Thorsten Schwermer nach bestandenem Gruppenf\u00fchrerlehrgang zum Brandmeister bef\u00f6rdert.<br \/>\nPeter Hennecke wurde f\u00fcr weitere 6 Jahre als L\u00f6schgruppenf\u00fchrer best\u00e4tigt und vom Wehrf\u00fchrer Hillebrand entsprechend ernannt.<br \/>\nL\u00f6schgruppenf\u00fchrer Hennecke und Wehrf\u00fchrer Hillebrand bedankten sich bei allen Einsatzkr\u00e4ften f\u00fcr die geopferte Freizeit bei Eins\u00e4tzen, \u00dcbungen und Fortbildungen. Einen besonderen Dank richteten beide auch an die Betreuer der Jugendfeuerwehr f\u00fcr die gute Arbeit mit dem Nachwuchs.<\/p>\n","protected":false},"excerpt":{"rendered":"<p>L\u00f6schgruppenf\u00fchrer Peter Hennecke im Amt best\u00e4tigt. Drei Neue in der Einsatzabteilung Bontkirchen. Im Rahmen der Jahreshauptversammlung der L\u00f6schgruppe Bontkirchen am 12.03.2016, konnte L\u00f6schgruppenf\u00fchrer Peter Hennecke 23 aktive Mitglieder der L\u00f6schgruppe, 7 passive Mitglieder des F\u00f6rdervereins, 12 Mitglieder der Jugendfeuerwehr, den Leiter der Feuerwehr Wolfgang Hillebrand, B\u00fcrgermeister Dr. Christof Bartsch, Ortsvorsteher Dieter Marczyk und Stadtratsmitglied Ulrich [&hellip;]<\/p>\n","protected":false},"author":6,"featured_media":0,"comment_status":"closed","ping_status":"closed","sticky":false,"template":"","format":"standard","meta":{"_exactmetrics_skip_tracking":false,"_exactmetrics_sitenote_active":false,"_exactmetrics_sitenote_note":"","_exactmetrics_sitenote_category":0,"jetpack_post_was_ever_published":false,"_jetpack_newsletter_access":"","_jetpack_dont_email_post_to_subs":false,"_jetpack_newsletter_tier_id":0,"_jetpack_memberships_contains_paywalled_content":false,"_jetpack_memberships_contains_paid_content":false,"footnotes":""},"categories":[202],"tags":[141,60],"class_list":["post-13321","post","type-post","status-publish","format-standard","hentry","category-meldungen-2016","tag-bontkirchen","tag-personen"],"jetpack_featured_media_url":"","jetpack_shortlink":"https:\/\/wp.me\/pCIJa-3sR","jetpack_sharing_enabled":true,"jetpack-related-posts":[{"id":3145,"url":"https:\/\/www.feuerwehr-brilon.de\/?p=3145","url_meta":{"origin":13321,"position":0},"title":"Ger\u00e4tehausanbau bei der LG Bontkirchen","author":"Marc Heines","date":"16. Oktober 2010","format":false,"excerpt":"70 Jahre L\u00f6schgruppe Bontkirchen und ein nagelneuer Anbau, Grund genug beides zu feiern. Bereits am Samstag begann das Festwochenende mit einem D\u00e4mmerschoppen. Am Sonntagmorgen wurde in einer kleinen Feierstunde der Anbau des Feuerwehrhauses eingeweiht. Fahrzeug, Ger\u00e4te und die Umkleide waren in einer viel zu kleinen Fahrzeughalle untergebracht. Mit gut 2000\u2026","rel":"","context":"In &quot;Meldungen 2010&quot;","block_context":{"text":"Meldungen 2010","link":"https:\/\/www.feuerwehr-brilon.de\/?cat=34"},"img":{"alt_text":"","src":"https:\/\/i0.wp.com\/www.feuerwehr-brilon.de\/wp-up\/2010\/10\/Einweihung-Bontkrichen-61-150x107.jpg?resize=350%2C200&ssl=1","width":350,"height":200},"classes":[]},{"id":12592,"url":"https:\/\/www.feuerwehr-brilon.de\/?p=12592","url_meta":{"origin":13321,"position":1},"title":"Stadtfeuerwehrtag in Bontkirchen","author":"Andreas Becker","date":"4. Oktober 2015","format":false,"excerpt":"Bontkirchen. Anl\u00e4sslich ihres 75-j\u00e4hrigen Bestehen hatte die L\u00f6schgruppe Bontkirchen zum diesj\u00e4hrigen Stadtfeuerwehrtag eingeladen. Au\u00dferdem konnte die Jugendfeuerwehr der L\u00f6schgruppe ihr 10-j\u00e4hriges Jubil\u00e4um feiern. Die Jugendfeuerwehr feierte dieses bereits am Nachmittag. Beim \u201eSpiel ohne Grenzen\u201c haben sich die Nachwuchsbrandsch\u00fctzer aus der Stadt Brilon gemessen. Der Festakt zum Stadtfeuerwehrtag begann mit der\u2026","rel":"","context":"In &quot;Allgemein&quot;","block_context":{"text":"Allgemein","link":"https:\/\/www.feuerwehr-brilon.de\/?cat=1"},"img":{"alt_text":"image012","src":"https:\/\/i0.wp.com\/www.feuerwehr-brilon.de\/wp-up\/2015\/09\/image012-150x100.jpg?resize=350%2C200","width":350,"height":200},"classes":[]},{"id":5173,"url":"https:\/\/www.feuerwehr-brilon.de\/?p=5173","url_meta":{"origin":13321,"position":2},"title":"Neues Feuerwehrfahrzeug f\u00fcr die L\u00f6schgruppe Bontkirchen","author":"Andreas Becker","date":"9. Juli 2011","format":false,"excerpt":"Bontkirchen.Der B\u00fcrgermeister Franz Schrewe \u00fcbergab, in einer Feierstunde, am 09.07.2011 ein neues Feuerwehrfahrzeug an die Feuerwehr Brilon. Das alte Fahrzeug hat nach einer Dienstzeit von 25 Jahren seine Altersgrenze erreicht und wird durch das neue, leistungsst\u00e4rkere Fahrzeug ersetzt. B\u00fcrgermeister Schrewe betonte, dass die Feuerwehr unverzichtbar ist und f\u00fcr ihre Arbeit\u2026","rel":"","context":"In &quot;Allgemein&quot;","block_context":{"text":"Allgemein","link":"https:\/\/www.feuerwehr-brilon.de\/?cat=1"},"img":{"alt_text":"","src":"https:\/\/i0.wp.com\/www.feuerwehr-brilon.de\/wp-up\/2011\/07\/Fahrzeuguebergabe_bontk_001-150x100.jpg?resize=350%2C200&ssl=1","width":350,"height":200},"classes":[]},{"id":8058,"url":"https:\/\/www.feuerwehr-brilon.de\/?p=8058","url_meta":{"origin":13321,"position":3},"title":"Jahreshauptversammlung der L\u00f6schgruppe Altenb\u00fcren","author":"Marc Heines","date":"10. M\u00e4rz 2013","format":false,"excerpt":"\u00dcber ein erlebnisreiches Jahr berichtete L\u00f6schgruppenf\u00fchrer Bernhard Hohmann auf der gut besuchten Jahreshauptversammlung der L\u00f6schgruppe Altenb\u00fcren. Als G\u00e4ste begr\u00fc\u00dfte er den 1. Beigeordneten der Stadt Brilon Reinhold Huxoll, die Ratsmitglieder Manfred G\u00f6ke und Willi Morgenroth, Ortsvorsteher Heinz Meyer sowie Mitglieder des F\u00f6rdervereins. Zum Jahresr\u00fcckblick konnte Bernhard Hohmann von insgesamt 14\u2026","rel":"","context":"In &quot;Meldungen 2013&quot;","block_context":{"text":"Meldungen 2013","link":"https:\/\/www.feuerwehr-brilon.de\/?cat=177"},"img":{"alt_text":"","src":"https:\/\/i0.wp.com\/www.feuerwehr-brilon.de\/wp-up\/2013\/03\/IMG_1905i-150x98.jpg?resize=350%2C200","width":350,"height":200},"classes":[]},{"id":30379,"url":"https:\/\/www.feuerwehr-brilon.de\/?p=30379","url_meta":{"origin":13321,"position":4},"title":"Generalversammlung der L\u00f6schgruppe Hoppecke","author":"Marcus Bange","date":"24. November 2022","format":false,"excerpt":"Brilon. Die L\u00f6schgruppe Hoppecke hat ihre Generalversammlung durchgef\u00fchrt. Dazu begr\u00fc\u00dfte L\u00f6schgruppenf\u00fchrer Markus Schmelter B\u00fcrgermeister Dr. Christof Bartsch, Ortsvorsteher Rudolf Kemmerling sowie das Ratsmitglied Hubertus Weber, den stellvertretenden Leiter der Feuerwehr Brilon Andreas Becker und die Mitglieder der L\u00f6schgruppe Hoppecke. Markus Schmelter begann seinen Jahresr\u00fcckblick mit den Worten: \u201eEndlich k\u00f6nnen wir\u2026","rel":"","context":"In &quot;Meldungen 2022&quot;","block_context":{"text":"Meldungen 2022","link":"https:\/\/www.feuerwehr-brilon.de\/?cat=289"},"img":{"alt_text":"","src":"https:\/\/i0.wp.com\/www.feuerwehr-brilon.de\/wp-up\/2022\/11\/GV-Hoppecke-1.jpg?resize=350%2C200&ssl=1","width":350,"height":200,"srcset":"https:\/\/i0.wp.com\/www.feuerwehr-brilon.de\/wp-up\/2022\/11\/GV-Hoppecke-1.jpg?resize=350%2C200&ssl=1 1x, https:\/\/i0.wp.com\/www.feuerwehr-brilon.de\/wp-up\/2022\/11\/GV-Hoppecke-1.jpg?resize=525%2C300&ssl=1 1.5x, https:\/\/i0.wp.com\/www.feuerwehr-brilon.de\/wp-up\/2022\/11\/GV-Hoppecke-1.jpg?resize=700%2C400&ssl=1 2x"},"classes":[]},{"id":6244,"url":"https:\/\/www.feuerwehr-brilon.de\/?p=6244","url_meta":{"origin":13321,"position":5},"title":"Generalversammlung bei der L\u00f6schgruppe Altenb\u00fcren","author":"Marc Heines","date":"12. Februar 2012","format":false,"excerpt":"Von einem erlebnisreichen Jahr berichtete L\u00f6schgruppenf\u00fchrer Bernhard Hohmann auf der gut besuchten Jahreshauptversammlung der L\u00f6sch-gruppe Altenb\u00fcren. Als G\u00e4ste begr\u00fc\u00dfte er B\u00fcrgermeister Franz Schrewe, die Rats-mitglieder Manfred G\u00f6ke und Willi Morgenroth sowie zahlreiche Mitglieder des F\u00f6rdervereins. Zum Jahresr\u00fcckblick konnte Bernhard Hohmann von insgesamt 15 Eins\u00e4tzen mit 264 Einsatzstunden berichten. 26 %\u2026","rel":"","context":"In &quot;Meldungen 2012&quot;","block_context":{"text":"Meldungen 2012","link":"https:\/\/www.feuerwehr-brilon.de\/?cat=172"},"img":{"alt_text":"","src":"https:\/\/i0.wp.com\/www.feuerwehr-brilon.de\/wp-up\/2012\/02\/IMG_8943_i-150x99.jpg?resize=350%2C200","width":350,"height":200},"classes":[]}],"_links":{"self":[{"href":"https:\/\/www.feuerwehr-brilon.de\/index.php?rest_route=\/wp\/v2\/posts\/13321","targetHints":{"allow":["GET"]}}],"collection":[{"href":"https:\/\/www.feuerwehr-brilon.de\/index.php?rest_route=\/wp\/v2\/posts"}],"about":[{"href":"https:\/\/www.feuerwehr-brilon.de\/index.php?rest_route=\/wp\/v2\/types\/post"}],"author":[{"embeddable":true,"href":"https:\/\/www.feuerwehr-brilon.de\/index.php?rest_route=\/wp\/v2\/users\/6"}],"replies":[{"embeddable":true,"href":"https:\/\/www.feuerwehr-brilon.de\/index.php?rest_route=%2Fwp%2Fv2%2Fcomments&post=13321"}],"version-history":[{"count":2,"href":"https:\/\/www.feuerwehr-brilon.de\/index.php?rest_route=\/wp\/v2\/posts\/13321\/revisions"}],"predecessor-version":[{"id":13324,"href":"https:\/\/www.feuerwehr-brilon.de\/index.php?rest_route=\/wp\/v2\/posts\/13321\/revisions\/13324"}],"wp:attachment":[{"href":"https:\/\/www.feuerwehr-brilon.de\/index.php?rest_route=%2Fwp%2Fv2%2Fmedia&parent=13321"}],"wp:term":[{"taxonomy":"category","embeddable":true,"href":"https:\/\/www.feuerwehr-brilon.de\/index.php?rest_route=%2Fwp%2Fv2%2Fcategories&post=13321"},{"taxonomy":"post_tag","embeddable":true,"href":"https:\/\/www.feuerwehr-brilon.de\/index.php?rest_route=%2Fwp%2Fv2%2Ftags&post=13321"}],"curies":[{"name":"wp","href":"https:\/\/api.w.org\/{rel}","templated":true}]}}