{"id":13910,"date":"2016-09-14T14:23:29","date_gmt":"2016-09-14T12:23:29","guid":{"rendered":"http:\/\/www.feuerwehr-brilon.de\/?p=13910"},"modified":"2016-09-14T14:26:48","modified_gmt":"2016-09-14T12:26:48","slug":"verabschiedung-von-wigbert-knecht","status":"publish","type":"post","link":"https:\/\/www.feuerwehr-brilon.de\/?p=13910","title":{"rendered":"Verabschiedung von Wigbert Knecht"},"content":{"rendered":"<p><a rel=\"lightbox\" href=\"http:\/\/www.feuerwehr-brilon.de\/wp-up\/2016\/09\/knecht.jpg\"><img loading=\"lazy\" decoding=\"async\" class=\"alignleft size-thumbnail wp-image-13911\" src=\"http:\/\/www.feuerwehr-brilon.de\/wp-up\/2016\/09\/knecht-150x84.jpg\" alt=\"knecht\" width=\"150\" height=\"84\" srcset=\"https:\/\/www.feuerwehr-brilon.de\/wp-up\/2016\/09\/knecht-150x84.jpg 150w, https:\/\/www.feuerwehr-brilon.de\/wp-up\/2016\/09\/knecht-500x281.jpg 500w, https:\/\/www.feuerwehr-brilon.de\/wp-up\/2016\/09\/knecht.jpg 800w\" sizes=\"auto, (max-width: 150px) 100vw, 150px\" \/><\/a>Bei dem Tag der offen T\u00fcr der L\u00f6schgruppe wurde der stellvertretende L\u00f6schgruppef\u00fchrer Wigbert Knecht aus dem aktiven Dienst verabschiedet. Nach \u00fcber 40 Jahren Feuerwehrdienst in verschieden Funktionen wechselt Hauptbrandmeister Knecht\u00a0nun in die Ehrenabteilung. Die L\u00f6schgruppe R\u00f6senbeck \u00fcberreichte ihm zur Erinnerung und Anerkennung eine Fotosammlung. <!--more-->F\u00fcr seine geleistete Arbeit und auch die geopferte Freizeit sprach ihm L\u00f6schgruppenf\u00fchrer Markus Sprenger im Namen der anderen Kameraden seinen pers\u00f6nlichen Dank aus. Besonders seine Ehefrau Conny sei dabei erw\u00e4hnt. Denn auch sie hat einen gro\u00dfen Anteil zu der ehrenamtlichen T\u00e4tigkeit ihres Mannes in der Feuerwehr. Durch seine Arbeit als Ausbilder auf Kreis und Stadtebene war Wigbert auch vielen anderen Kameraden ausserhalb der L\u00f6schgruppe\u00a0bekannt.<\/p>\n","protected":false},"excerpt":{"rendered":"<p>Bei dem Tag der offen T\u00fcr der L\u00f6schgruppe wurde der stellvertretende L\u00f6schgruppef\u00fchrer Wigbert Knecht aus dem aktiven Dienst verabschiedet. Nach \u00fcber 40 Jahren Feuerwehrdienst in verschieden Funktionen wechselt Hauptbrandmeister Knecht\u00a0nun in die Ehrenabteilung. Die L\u00f6schgruppe R\u00f6senbeck \u00fcberreichte ihm zur Erinnerung und Anerkennung eine Fotosammlung.<\/p>\n","protected":false},"author":6,"featured_media":0,"comment_status":"closed","ping_status":"closed","sticky":false,"template":"","format":"standard","meta":{"_exactmetrics_skip_tracking":false,"_exactmetrics_sitenote_active":false,"_exactmetrics_sitenote_note":"","_exactmetrics_sitenote_category":0,"jetpack_post_was_ever_published":false,"_jetpack_newsletter_access":"","_jetpack_dont_email_post_to_subs":false,"_jetpack_newsletter_tier_id":0,"_jetpack_memberships_contains_paywalled_content":false,"_jetpack_memberships_contains_paid_content":false,"footnotes":""},"categories":[202],"tags":[60,56],"class_list":["post-13910","post","type-post","status-publish","format-standard","hentry","category-meldungen-2016","tag-personen","tag-rosenbeck"],"jetpack_featured_media_url":"","jetpack_shortlink":"https:\/\/wp.me\/pCIJa-3Cm","jetpack_sharing_enabled":true,"jetpack-related-posts":[{"id":2732,"url":"https:\/\/www.feuerwehr-brilon.de\/?p=2732","url_meta":{"origin":13910,"position":0},"title":"Generalversammlung der L\u00f6schgruppe R\u00f6senbeck","author":"Marc Heines","date":"1. Juni 2010","format":false,"excerpt":"Nach dem Besuch der hl. Messe, begr\u00fc\u00dft L\u00f6schgruppenf\u00fchrer Rudi Becker die gut besuchte Generalversammlung der L\u00f6schgruppe R\u00f6senbeck. Gekommen waren viele aktive Kameraden, die Jugendfeuerwehr sowie die Kameraden der Ehrenabteilung. Neben 655 Stunden Feuerwehrdienst, wurde die L\u00f6schgruppe 2009 zu 4 Eins\u00e4tzen gerufen. Zus\u00e4tzlich wurden viele Stunden bei Veranstaltungen anderer L\u00f6schgruppen und\u2026","rel":"","context":"In &quot;Meldungen 2010&quot;","block_context":{"text":"Meldungen 2010","link":"https:\/\/www.feuerwehr-brilon.de\/?cat=34"},"img":{"alt_text":"Feuerwehr 005i","src":"https:\/\/i0.wp.com\/www.feuerwehr-brilon.de\/wp-up\/2010\/06\/Feuerwehr-005i-88x125.jpg?resize=350%2C200","width":350,"height":200},"classes":[]},{"id":13256,"url":"https:\/\/www.feuerwehr-brilon.de\/?p=13256","url_meta":{"origin":13910,"position":1},"title":"Generalversammlung der L\u00f6schgruppe R\u00f6senbeck","author":"Marc Heines","date":"9. M\u00e4rz 2016","format":false,"excerpt":"Ingo Fries zum stv. L\u00f6schgruppenf\u00fchrer ernannt. Jugendfeuerwehr feiert Jubil\u00e4um Im Rahmen der Generalversammlung am 20.02 2016 der L\u00f6schgruppe R\u00f6senbeck beg\u00fc\u00dfte L\u00f6schgruppenf\u00fchrer Markus Sprenger die anwesenden G\u00e4ste. Darunter der Ortvorsteher Stefan Hoppe, Vikar Florian L\u00fcbker, den Leiter der Feuerwehr Wolfgang Hillebrand sowie die Ehrenabteilung und die Aktiven der L\u00f6schgruppe R\u00f6senbeck. Nach\u2026","rel":"","context":"In &quot;Meldungen 2016&quot;","block_context":{"text":"Meldungen 2016","link":"https:\/\/www.feuerwehr-brilon.de\/?cat=202"},"img":{"alt_text":"roesenbeck_i","src":"https:\/\/i0.wp.com\/www.feuerwehr-brilon.de\/wp-up\/2016\/03\/roesenbeck_i-150x100.jpg?resize=350%2C200","width":350,"height":200},"classes":[]},{"id":11685,"url":"https:\/\/www.feuerwehr-brilon.de\/?p=11685","url_meta":{"origin":13910,"position":2},"title":"Generalversammlung der L\u00f6schgruppe R\u00f6senbeck","author":"Marc Heines","date":"23. M\u00e4rz 2015","format":false,"excerpt":"Bei der Generalversammlung der L\u00f6schgruppe R\u00f6senbeck konnte L\u00f6schgruppenf\u00fchrer Markus Sprenger neben den Mitgliedern auch Fachbereichsleiterin Karin Wigge von der Stadtverwaltung und den stellvertretenden Leiter der Feuerwehr J\u00fcrgen Mertens begr\u00fc\u00dfen. Nach einem kurzen Jahresr\u00fcckblick standen vor allem Bef\u00f6rderungen und Ehrungen im Mittelpunkt. Fachbereichsleiterin Wigge ehrte Wigbert Knecht f\u00fcr 40 Jahre und\u2026","rel":"","context":"In &quot;Meldungen 2015&quot;","block_context":{"text":"Meldungen 2015","link":"https:\/\/www.feuerwehr-brilon.de\/?cat=192"},"img":{"alt_text":"roesenbeck_i","src":"https:\/\/i0.wp.com\/www.feuerwehr-brilon.de\/wp-up\/2015\/03\/roesenbeck_i-150x77.jpg?resize=350%2C200","width":350,"height":200},"classes":[]},{"id":8035,"url":"https:\/\/www.feuerwehr-brilon.de\/?p=8035","url_meta":{"origin":13910,"position":3},"title":"Neuer Chef bei der L\u00f6schgruppe R\u00f6senbeck","author":"Marc Heines","date":"3. M\u00e4rz 2013","format":false,"excerpt":"Die L\u00f6schgruppe R\u00f6senbeck f\u00fchrte ihre Jahreshauptversammlung durch. Dazu konnte L\u00f6schgruppenf\u00fchrer Rudi Becker nach gemeinsamem Kirchgang alle aktiven Kameraden, die Ehrenabteilung und Jugendfeuerwehr der L\u00f6schgruppe begr\u00fc\u00dfen. Weitere G\u00e4ste waren B\u00fcrgermeister Franz Schrewe, Wehrf\u00fchrer Wolfgang Hillebrand, Vikar Klaus Engel, Ortsvorsteher Stefan Hoppe und Ratsmitglied Holger Borkamp. Beim Jahresr\u00fcckblick konnte Rudi Becker die\u2026","rel":"","context":"In &quot;Meldungen 2013&quot;","block_context":{"text":"Meldungen 2013","link":"https:\/\/www.feuerwehr-brilon.de\/?cat=177"},"img":{"alt_text":"","src":"https:\/\/i0.wp.com\/www.feuerwehr-brilon.de\/wp-up\/2013\/03\/pmi-150x100.jpg?resize=350%2C200","width":350,"height":200},"classes":[]},{"id":32412,"url":"https:\/\/www.feuerwehr-brilon.de\/?p=32412","url_meta":{"origin":13910,"position":4},"title":"Stadtfeuerwehrtag und 100-j\u00e4hriges Bestehen der L\u00f6schgruppe R\u00f6senbeck","author":"Andreas Becker","date":"17. Mai 2024","format":false,"excerpt":"\u00a0 Stadtgebiet. Gleich zwei gute Gr\u00fcnde gab es f\u00fcr die Feuerwehrkameradinnen und -kameraden der Feuerwehr Brilon in R\u00f6senbeck zusammen zu kommen. Die ans\u00e4ssige L\u00f6schgruppe feierte ihr 100-j\u00e4hriges Bestehen und damit verbunden wurde der Stadtfeuerwehrtag gefeiert. Noch dazu gab es Ehrungen und Bef\u00f6rderungen. Messe und FestzugEingel\u00e4utet durch eine heilige Messe in\u2026","rel":"","context":"In &quot;Meldungen 2024&quot;","block_context":{"text":"Meldungen 2024","link":"https:\/\/www.feuerwehr-brilon.de\/?cat=359"},"img":{"alt_text":"","src":"https:\/\/i0.wp.com\/www.feuerwehr-brilon.de\/wp-up\/2024\/05\/Sabrinity_FWbrilon-059_FB.jpg?resize=350%2C200&ssl=1","width":350,"height":200,"srcset":"https:\/\/i0.wp.com\/www.feuerwehr-brilon.de\/wp-up\/2024\/05\/Sabrinity_FWbrilon-059_FB.jpg?resize=350%2C200&ssl=1 1x, https:\/\/i0.wp.com\/www.feuerwehr-brilon.de\/wp-up\/2024\/05\/Sabrinity_FWbrilon-059_FB.jpg?resize=525%2C300&ssl=1 1.5x, https:\/\/i0.wp.com\/www.feuerwehr-brilon.de\/wp-up\/2024\/05\/Sabrinity_FWbrilon-059_FB.jpg?resize=700%2C400&ssl=1 2x"},"classes":[]},{"id":10040,"url":"https:\/\/www.feuerwehr-brilon.de\/?p=10040","url_meta":{"origin":13910,"position":5},"title":"Generalversammlung der L\u00f6schgruppe R\u00f6senbeck","author":"Marc Heines","date":"6. April 2014","format":false,"excerpt":"R\u00f6senbeck. Die L\u00f6schgruppe R\u00f6senbeck f\u00fchrte ihre Jahreshauptversammlung durch. Dazu konnte L\u00f6schgruppenf\u00fchrer Markus Sprenger nach gemeinsamen Kirchgang alle aktiven Kameraden, die Ehrenabteilung und die Jugendfeuerwehr der L\u00f6schgruppe begr\u00fc\u00dfen. Weiter G\u00e4ste waren der 1. Beigeordnete der Stadt Brilon Reinhold Huxoll, Stellvertretender Wehrf\u00fchrer Wilfried G\u00f6bel, Vikar Florian L\u00fcbker, Ortsvorsteher Stefan Hoppe und Ratsmitglied\u2026","rel":"","context":"In &quot;Meldungen 2014&quot;","block_context":{"text":"Meldungen 2014","link":"https:\/\/www.feuerwehr-brilon.de\/?cat=183"},"img":{"alt_text":"IMG_0983_i","src":"https:\/\/i0.wp.com\/www.feuerwehr-brilon.de\/wp-up\/2014\/04\/IMG_0983_i-150x100.jpg?resize=350%2C200","width":350,"height":200},"classes":[]}],"_links":{"self":[{"href":"https:\/\/www.feuerwehr-brilon.de\/index.php?rest_route=\/wp\/v2\/posts\/13910","targetHints":{"allow":["GET"]}}],"collection":[{"href":"https:\/\/www.feuerwehr-brilon.de\/index.php?rest_route=\/wp\/v2\/posts"}],"about":[{"href":"https:\/\/www.feuerwehr-brilon.de\/index.php?rest_route=\/wp\/v2\/types\/post"}],"author":[{"embeddable":true,"href":"https:\/\/www.feuerwehr-brilon.de\/index.php?rest_route=\/wp\/v2\/users\/6"}],"replies":[{"embeddable":true,"href":"https:\/\/www.feuerwehr-brilon.de\/index.php?rest_route=%2Fwp%2Fv2%2Fcomments&post=13910"}],"version-history":[{"count":3,"href":"https:\/\/www.feuerwehr-brilon.de\/index.php?rest_route=\/wp\/v2\/posts\/13910\/revisions"}],"predecessor-version":[{"id":13914,"href":"https:\/\/www.feuerwehr-brilon.de\/index.php?rest_route=\/wp\/v2\/posts\/13910\/revisions\/13914"}],"wp:attachment":[{"href":"https:\/\/www.feuerwehr-brilon.de\/index.php?rest_route=%2Fwp%2Fv2%2Fmedia&parent=13910"}],"wp:term":[{"taxonomy":"category","embeddable":true,"href":"https:\/\/www.feuerwehr-brilon.de\/index.php?rest_route=%2Fwp%2Fv2%2Fcategories&post=13910"},{"taxonomy":"post_tag","embeddable":true,"href":"https:\/\/www.feuerwehr-brilon.de\/index.php?rest_route=%2Fwp%2Fv2%2Ftags&post=13910"}],"curies":[{"name":"wp","href":"https:\/\/api.w.org\/{rel}","templated":true}]}}