{"id":13921,"date":"2016-09-18T14:37:16","date_gmt":"2016-09-18T12:37:16","guid":{"rendered":"http:\/\/www.feuerwehr-brilon.de\/?p=13921"},"modified":"2016-09-18T14:42:18","modified_gmt":"2016-09-18T12:42:18","slug":"neues-loeschfahrzeug-fuer-die-feuerwehr-brilon","status":"publish","type":"post","link":"https:\/\/www.feuerwehr-brilon.de\/?p=13921","title":{"rendered":"Neues L\u00f6schfahrzeug f\u00fcr die Feuerwehr Brilon"},"content":{"rendered":"<p><a href=\"http:\/\/www.feuerwehr-brilon.de\/?p=13921\"><img loading=\"lazy\" decoding=\"async\" class=\"alignleft size-thumbnail wp-image-13923\" src=\"http:\/\/www.feuerwehr-brilon.de\/wp-up\/2016\/09\/\u00dcbergabe-2.jpg\" alt=\"\u00dcbergabe-2\" width=\"150\" height=\"84\" \n\/><\/a><a title=\"Brilon\" href=\"http:\/\/www.feuerwehr-brilon.de\/?page_id=7\" target=\"_blank\">Brilon. <\/a>Die Feuerwehr Brilon hat am 16. September 2016 ein neues L\u00f6schgruppenfahrzeug f\u00fcr den Katastrophenschutz (LF 20 KatS) in Dienst gestellt. Das neue Fahrzeug ersetzt im L\u00f6schzug Brilon ein 28 Jahre altes L\u00f6schfahrzeug.<\/p>\n<p>Neben B\u00fcrgermeister Dr. Christof Bartsch, den Vertretern aus dem Rat und der Verwaltung, Abordnungen der Feuerwehren aus Stadt und Umkreis, <!--more-->dem Deutschen Roten Kreuz und dem Technischen Hilfswerk begr\u00fc\u00dfte der Leiter der Feuerwehr Brilon Wolfgang Hillebrand Pastor Ansgar Drees. Er segnete das neue Fahrzeug und erbat Gottes Segen f\u00fcr alle die damit unterwegs sind. Nach der Fahrzeugweihe \u00fcbergab B\u00fcrgermeister Dr. Bartsch den Schl\u00fcssel des neuen Fahrzeuges an die Feuerwehr. In seiner Rede wies er auf den \u00fcber zwei Jahre dauernden Beschaffungsvorgang hin. Die Kosten des Fahrzeuges betrugen rund 300.000,00 \u20ac. 230.000 \u20ac wurden dabei aus den Mitteln der Feuerschutzpauschale vom Land NRW beigesteuert. Dr. Bartsch w\u00fcnschte der Feuerwehr und auch der Jugendfeuerwehr alles Gute mit dem neuen  Fahrzeug und m\u00f6glichst wenige Eins\u00e4tze.<\/p>\n<p>Wolfgang Hillebrand \u00fcbernahm den symbolischen Schl\u00fcssel und bedankte sich beim Rat der Stadt Brilon f\u00fcr die Beschaffung. Durch das neue L\u00f6schfahrzeug werden die Einsatzm\u00f6glichkeiten bei immer h\u00e4ufiger werden Unwetterlagen und Sturmweins\u00e4tzen erheblich verbessert. Mit dem Fahrzeug wird f\u00fcr die B\u00fcrger der Stadt das notwendige Einsatzmittel zur Hilfeleistung bereitgestellt.<\/p>\n<p>L\u00f6schzugf\u00fchrer Thomas B\u00f6ddicker wiese darauf hin, dass die Feuerwehr f\u00fcr immer h\u00e4ufiger werdende Katastrophen vorbereitet sein muss. Mit dieser Neubeschaffung wird das vor drei Jahre ausgearbeitete neue Fahrzeugkonzept zun\u00e4chst abgeschlossen und die Einsatzm\u00f6glichkeit der Feuerwehr an die heutigen Erforderlichkeiten angepasst. Er bedankte sich abschlie\u00dfend ebenfalls bei Rat und Verwaltung f\u00fcr die Bereitstellung der Mittel und die \u00dcbergabe des LF 20 KatS.<\/p>\n<p>Das neue L\u00f6schfahrzeug hat eine Besatzung von 9 Personen, eine Pumpenleistung von 2.000 Litern\/Minute bei 10 bar und ist mit einem 1.000 Liter L\u00f6schwassertank ausgestattet. Das zul\u00e4ssige Gesamtgewicht des Fahrzeuges betr\u00e4gt 14 Tonnen und die Motorleistung 290 PS. Das Fahrzeug ist auf einem gel\u00e4ndef\u00e4higen Allradfahrgestell aufgebaut, die Wasserdurchfahrtsf\u00e4higkeit betr\u00e4gt 600 mm.<\/p>\n<p>Als weitere Ausr\u00fcstung sind ein eingebauter Tank f\u00fcr Schaummittel, eine Schaumzumischanlage und ein pneumatischer LED Lichtmast vorhanden. Zur Ausr\u00fcstung geh\u00f6ren unter anderem 680 m B-Schlauch, von denen 480 m w\u00e4hrend der Fahrt verlegt werden k\u00f6nnen. Eine tragbare Feuerl\u00f6schkreiselpumpe, eine Schmutzwasserpumpe und eine Tauchpumpe sowie Motors\u00e4ge, tragbarer Schaum-Wasserwerfer, ein mobiler Lichtmast, vier Atemschutzger\u00e4te und eine Waldbrandausr\u00fcstung vervollst\u00e4ndigen die Ausr\u00fcstung. Durch die Ausstattung des Fahrzeuges mit einer erh\u00f6hten Zahl an Schl\u00e4uchen und der Ausr\u00fcstung mit mehreren Pumpen sowie der Motors\u00e4ge ist das Fahrzeug besonders f\u00fcr Katastropheneins\u00e4tze, bspw. Hochwasserlagen oder Sturmeins\u00e4tze konzipiert. Die eingebaute Pumpe und die drei tragbaren Pumpen haben dabei zusammen eine F\u00f6rderleistung von \u00fcber 6.000 Litern pro Minute, um bei \u00dcberflutungen schnelle Hilfe zu leisten. Durch die Wasserdurchfahrtsf\u00e4higkeit von 600 mm kann das Fahrzeug auch in Hochwasserbereichen fahren. Auch die Waldbrandbek\u00e4mpfung kann durch das gel\u00e4ndef\u00e4hige Fahrgestell und die Sonderausr\u00fcstung mit der erh\u00f6hten Schlauchanzahl durchgef\u00fchrt werden.<\/p>\n<p><strong>Bilder:<\/strong><br \/>\n<a href=\"http:\/\/www.feuerwehr-brilon.de\/wp-up\/2016\/09\/\u00dcbergabe-2.jpg\" \nrel=lightbox\"><img class=\"alignleft size-thumbnail wp-image-13923\"src=\"http:\/\/www.feuerwehr-brilon.de\/wp-up\/2016\/09\/\u00dcbergabe-2-150x97.jpg\" alt=\"\u00dcbergabe-2\" width=\"150\" height=\"84\" \/><\/a><a\n<a href=\"http:\/\/www.feuerwehr-brilon.de\/wp-up\/2016\/09\/\u00dcbergabe-1.jpg\" \nrel=lightbox\"><img width=\"150\" height=\"84\" class=\"alignleft size-thumbnail wp-image-13922\"src=\"http:\/\/www.feuerwehr-brilon.de\/wp-up\/2016\/09\/\u00dcbergabe-1-150x84.jpg\" srcset=\"https:\/\/www.feuerwehr-brilon.de\/wp-up\/2016\/09\/\u00dcbergabe-1-150x84.jpg 150w, https:\/\/www.feuerwehr-brilon.de\/wp-up\/2016\/09\/\u00dcbergabe-1-500x281.jpg 500w, https:\/\/www.feuerwehr-brilon.de\/wp-up\/2016\/09\/\u00dcbergabe-1.jpg 800w\" sizes=\"(max-width: 150px) 100vw, 150px\" \/><\/a><a\n<a href=\"http:\/\/www.feuerwehr-brilon.de\/wp-up\/2016\/09\/\u00dcbergabe-8.jpg\" \nrel=lightbox\"><img class=\"alignleft size-thumbnail wp-image-13927\"src=\"http:\/\/www.feuerwehr-brilon.de\/wp-up\/2016\/09\/\u00dcbergabe-8-150x84.jpg\" \/><\/a><a\n<a href=\"http:\/\/www.feuerwehr-brilon.de\/wp-up\/2016\/09\/\u00dcbergabe-5.jpg\" \nrel=lightbox\"><img width=\"150\" height=\"84\" class=\"alignleft size-thumbnail wp-image-13926\"src=\"http:\/\/www.feuerwehr-brilon.de\/wp-up\/2016\/09\/\u00dcbergabe-5-150x84.jpg\" srcset=\"https:\/\/www.feuerwehr-brilon.de\/wp-up\/2016\/09\/\u00dcbergabe-5-150x84.jpg 150w, https:\/\/www.feuerwehr-brilon.de\/wp-up\/2016\/09\/\u00dcbergabe-5-500x281.jpg 500w, https:\/\/www.feuerwehr-brilon.de\/wp-up\/2016\/09\/\u00dcbergabe-5.jpg 800w\" sizes=\"(max-width: 150px) 100vw, 150px\" \/><\/a><a\n<a href=\"http:\/\/www.feuerwehr-brilon.de\/wp-up\/2016\/09\/\u00dcbergabe-6.jpg\" \nrel=lightbox\"><img width=\"150\" height=\"80\" class=\"alignleft size-thumbnail wp-image-13927\"src=\"http:\/\/www.feuerwehr-brilon.de\/wp-up\/2016\/09\/\u00dcbergabe-6-150x80.jpg\" srcset=\"https:\/\/www.feuerwehr-brilon.de\/wp-up\/2016\/09\/\u00dcbergabe-6-150x80.jpg 150w, https:\/\/www.feuerwehr-brilon.de\/wp-up\/2016\/09\/\u00dcbergabe-6-500x267.jpg 500w, https:\/\/www.feuerwehr-brilon.de\/wp-up\/2016\/09\/\u00dcbergabe-6.jpg 800w\" sizes=\"(max-width: 150px) 100vw, 150px\" \/><\/a><a\n<a href=\"http:\/\/www.feuerwehr-brilon.de\/wp-up\/2016\/09\/\u00dcbergabe-7.jpg\" \nrel=lightbox\"><img class=\"alignleft size-thumbnail wp-image-13926\"src=\"http:\/\/www.feuerwehr-brilon.de\/wp-up\/2016\/09\/\u00dcbergabe-7-150x84.jpg\" \/><\/a><a\n<a href=\"http:\/\/www.feuerwehr-brilon.de\/wp-up\/2016\/09\/\u00dcbergabe-3.jpg\" \nrel=lightbox\"><img width=\"150\" height=\"84\" class=\"alignleft size-thumbnail wp-image-13924\"src=\"http:\/\/www.feuerwehr-brilon.de\/wp-up\/2016\/09\/\u00dcbergabe-3-150x84.jpg\" srcset=\"https:\/\/www.feuerwehr-brilon.de\/wp-up\/2016\/09\/\u00dcbergabe-3-150x84.jpg 150w, https:\/\/www.feuerwehr-brilon.de\/wp-up\/2016\/09\/\u00dcbergabe-3-500x281.jpg 500w, https:\/\/www.feuerwehr-brilon.de\/wp-up\/2016\/09\/\u00dcbergabe-3.jpg 800w\" sizes=\"(max-width: 150px) 100vw, 150px\" \/><\/a><a\n<a href=\"http:\/\/www.feuerwehr-brilon.de\/wp-up\/2016\/09\/\u00dcbergabe-4.jpg\" \nrel=lightbox\"><img class=\"alignleft size-thumbnail wp-image-13925\"src=\"http:\/\/www.feuerwehr-brilon.de\/wp-up\/2016\/09\/\u00dcbergabe-4-150x96.jpg\" alt=\"\u00dcbergabe-4\" width=\"150\" height=\"84\"\/><\/a><a\n<a href=\"http:\/\/www.feuerwehr-brilon.de\/wp-up\/2016\/09\/\u00dcbergabe-9.jpg\" \nrel=lightbox\"><img class=\"alignleft size-thumbnail wp-image-13928\"src=\"http:\/\/www.feuerwehr-brilon.de\/wp-up\/2016\/09\/\u00dcbergabe-9-150x84.jpg\" \/><\/a><\/p>\n<p>&nbsp;<\/p>\n<p>&nbsp;<\/p>\n","protected":false},"excerpt":{"rendered":"<p>Brilon. Die Feuerwehr Brilon hat am 16. September 2016 ein neues L\u00f6schgruppenfahrzeug f\u00fcr den Katastrophenschutz (LF 20 KatS) in Dienst gestellt. Das neue Fahrzeug ersetzt im L\u00f6schzug Brilon ein 28 Jahre altes L\u00f6schfahrzeug. Neben B\u00fcrgermeister Dr. Christof Bartsch, den Vertretern aus dem Rat und der Verwaltung, Abordnungen der Feuerwehren aus Stadt und Umkreis,<\/p>\n","protected":false},"author":5,"featured_media":0,"comment_status":"closed","ping_status":"closed","sticky":false,"template":"","format":"standard","meta":{"_exactmetrics_skip_tracking":false,"_exactmetrics_sitenote_active":false,"_exactmetrics_sitenote_note":"","_exactmetrics_sitenote_category":0,"jetpack_post_was_ever_published":false,"_jetpack_newsletter_access":"","_jetpack_dont_email_post_to_subs":false,"_jetpack_newsletter_tier_id":0,"_jetpack_memberships_contains_paywalled_content":false,"_jetpack_memberships_contains_paid_content":false,"footnotes":""},"categories":[202],"tags":[],"class_list":["post-13921","post","type-post","status-publish","format-standard","hentry","category-meldungen-2016"],"jetpack_featured_media_url":"","jetpack_shortlink":"https:\/\/wp.me\/pCIJa-3Cx","jetpack_sharing_enabled":true,"jetpack-related-posts":[{"id":23987,"url":"https:\/\/www.feuerwehr-brilon.de\/?p=23987","url_meta":{"origin":13921,"position":0},"title":"Neue Leitung der Feuerwehr Brilon und Fahrzeug\u00fcbergabe","author":"Marcus Bange","date":"2. Dezember 2021","format":false,"excerpt":"Brilon. - UPDATE - Die Briloner Feuerwehr hat in einer Feierstunde eine neue Leitung erhalten und gleichzeitig zwei neue Feuerwehfahrzeuge in den Einsatzdienst \u00fcbernommen.\u00a0 Der Leiter der Feuerwehr Wolfgang Hillebrand begr\u00fc\u00dfte zum diesem besonderen Anlass B\u00fcrgermeister Dr. Christof Bartsch, Vertreter von Rat und Verwaltung, Pastor Drees und Pfarrer M\u00fcller, Abordnungen\u2026","rel":"","context":"In &quot;Meldungen 2021&quot;","block_context":{"text":"Meldungen 2021","link":"https:\/\/www.feuerwehr-brilon.de\/?cat=264"},"img":{"alt_text":"","src":"https:\/\/i0.wp.com\/www.feuerwehr-brilon.de\/wp-up\/2021\/12\/Neue-Wehrleitung-1.jpg?resize=350%2C200&ssl=1","width":350,"height":200,"srcset":"https:\/\/i0.wp.com\/www.feuerwehr-brilon.de\/wp-up\/2021\/12\/Neue-Wehrleitung-1.jpg?resize=350%2C200&ssl=1 1x, https:\/\/i0.wp.com\/www.feuerwehr-brilon.de\/wp-up\/2021\/12\/Neue-Wehrleitung-1.jpg?resize=525%2C300&ssl=1 1.5x, https:\/\/i0.wp.com\/www.feuerwehr-brilon.de\/wp-up\/2021\/12\/Neue-Wehrleitung-1.jpg?resize=700%2C400&ssl=1 2x"},"classes":[]},{"id":31114,"url":"https:\/\/www.feuerwehr-brilon.de\/?p=31114","url_meta":{"origin":13921,"position":1},"title":"Einweihung eines Mittleren L\u00f6schfahrzeugs f\u00fcr die Au\u00dfenwache Brilon","author":"Andreas Becker","date":"29. April 2023","format":false,"excerpt":"Brilon. Was in einem \u201eFeldversuch\u201c startete, hatte sich schnell etabliert und sorgt f\u00fcr sichere und schnellere Eintreffzeiten im Briloner Industrie- und Gewerbegebiet. Nach langer Planung und Anpassung der Alarm- und Ausr\u00fcckeordnung konnte im Sommer 2019 erstmalig ein Feuerwehrauto in der Au\u00dfenwache am Nehdener Weg stationiert werden. Als Unterbringung dient eine\u2026","rel":"","context":"In &quot;Allgemein&quot;","block_context":{"text":"Allgemein","link":"https:\/\/www.feuerwehr-brilon.de\/?cat=1"},"img":{"alt_text":"","src":"https:\/\/i0.wp.com\/www.feuerwehr-brilon.de\/wp-up\/2023\/04\/IMG_8986_HP-150x84.jpg?resize=350%2C200&ssl=1","width":350,"height":200},"classes":[]},{"id":20170,"url":"https:\/\/www.feuerwehr-brilon.de\/?p=20170","url_meta":{"origin":13921,"position":2},"title":"Neues L\u00f6schfahrzeug in Messinghausen eingeweiht","author":"Andreas Becker","date":"4. Mai 2019","format":false,"excerpt":"Messinghausen. In einer kleinen Feierstunde konnten B\u00fcrgermeister Dr. Christof Bartsch und Wehrleiter Hillebrand am Samstag (27.4.) der L\u00f6schgruppe Messinghausen ihr neues Tragkraft-Spritzen-Fahrzeug (TSF\u00a0-W) \u00fcberreichen. So konnte die Stadt Brilon, vertreten durch den B\u00fcrgermeister mit den Stellvertretern B\u00f6ddecker und Borkamp sowie Ortsvorsteher Sanow, nach zweij\u00e4hriger Planungs- und Bauphase den symbolischen Fahrzeugschl\u00fcssel\u2026","rel":"","context":"In &quot;Meldungen 2019&quot;","block_context":{"text":"Meldungen 2019","link":"https:\/\/www.feuerwehr-brilon.de\/?cat=223"},"img":{"alt_text":"","src":"https:\/\/i0.wp.com\/www.feuerwehr-brilon.de\/wp-up\/2019\/04\/IMG_4710-1-150x113.jpg?resize=350%2C200&ssl=1","width":350,"height":200},"classes":[]},{"id":17013,"url":"https:\/\/www.feuerwehr-brilon.de\/?p=17013","url_meta":{"origin":13921,"position":3},"title":"Fahrzeug\u00fcbergabe bei der L\u00f6schgruppe Hoppecke","author":"Marc Heines","date":"23. April 2019","format":false,"excerpt":"Bei der Feuerwehr Brilon wurde ein neuer Ger\u00e4tewagen Logistik 1 (GW-L1) in Dienst gestellt. Beschafft werden die Einsatzfahrzuge von der Stadt Brilon und somit \u00fcbergab B\u00fcrgermeister Dr. Christof Bartsch das Fahrzeug an die Feuerwehr Brilon. B\u00fcrgermeister Bartsch betonte, dass die Stadt zwar die Rahmenbedingungen stellen kann, aber die Feuerwehr den\u2026","rel":"","context":"In &quot;Meldungen 2019&quot;","block_context":{"text":"Meldungen 2019","link":"https:\/\/www.feuerwehr-brilon.de\/?cat=223"},"img":{"alt_text":"","src":"https:\/\/i0.wp.com\/www.feuerwehr-brilon.de\/wp-up\/2019\/04\/gwl1-1-150x113.jpg?resize=350%2C200&ssl=1","width":350,"height":200},"classes":[]},{"id":11830,"url":"https:\/\/www.feuerwehr-brilon.de\/?p=11830","url_meta":{"origin":13921,"position":4},"title":"Neuer Ger\u00e4tewagen Logistik 2 an den L\u00f6schzug Brilon \u00fcbergeben","author":"Marc Heines","date":"23. April 2015","format":false,"excerpt":"Zur in Dienst Stellung eines neuen Ger\u00e4tewagen Logistik begr\u00fc\u00dfte Wehrf\u00fchrer Wolfgang Hillebrand zahlreiche G\u00e4ste in einer kleinen Feierstunde. Neben den Mitgliedern der Feuerwehr Brilon, den Vertretern aus Rat und Verwaltung angef\u00fchrt von B\u00fcrgermeister Dr. Christof Bartsch, befreundeten Feuerwehren aus der Nachbarschaft konnte Hillebrand auch Propst Dr. Reinhard Richter und seinen\u2026","rel":"","context":"In &quot;Meldungen 2015&quot;","block_context":{"text":"Meldungen 2015","link":"https:\/\/www.feuerwehr-brilon.de\/?cat=192"},"img":{"alt_text":"DSC03513 (FILEminimizer)","src":"https:\/\/i0.wp.com\/www.feuerwehr-brilon.de\/wp-up\/2015\/04\/DSC03513-FILEminimizer-150x100.jpg?resize=350%2C200","width":350,"height":200},"classes":[]},{"id":2544,"url":"https:\/\/www.feuerwehr-brilon.de\/?p=2544","url_meta":{"origin":13921,"position":5},"title":"Fahrzeug\u00fcbergabe bei der L\u00f6schgruppe Scharfenberg","author":"Marc Heines","date":"22. M\u00e4rz 2010","format":false,"excerpt":"Am 20.03.2010 wurde der L\u00f6schgruppe Scharfenberg ein neues Staffell\u00f6schfahrzeug \u00fcbergeben. Die feierliche \u00dcbergabe begann mit einem Wortgottesdienst, geleitet von Propst Dr. Reinhard Richter. Propst Dr. Richter \u00fcbernahm auch die anschlie\u00dfende Fahrzeugweihe. B\u00fcrgermeister Franz Schrewe konnte dann das L\u00f6schfahrzeug an den Leiter der Feuerwehr Wolfgang Hillebrand \u00fcbergeben. B\u00fcrgermeister Schrewe erkl\u00e4rte, da\u00df\u2026","rel":"","context":"In &quot;Meldungen 2010&quot;","block_context":{"text":"Meldungen 2010","link":"https:\/\/www.feuerwehr-brilon.de\/?cat=34"},"img":{"alt_text":"","src":"","width":0,"height":0},"classes":[]}],"_links":{"self":[{"href":"https:\/\/www.feuerwehr-brilon.de\/index.php?rest_route=\/wp\/v2\/posts\/13921","targetHints":{"allow":["GET"]}}],"collection":[{"href":"https:\/\/www.feuerwehr-brilon.de\/index.php?rest_route=\/wp\/v2\/posts"}],"about":[{"href":"https:\/\/www.feuerwehr-brilon.de\/index.php?rest_route=\/wp\/v2\/types\/post"}],"author":[{"embeddable":true,"href":"https:\/\/www.feuerwehr-brilon.de\/index.php?rest_route=\/wp\/v2\/users\/5"}],"replies":[{"embeddable":true,"href":"https:\/\/www.feuerwehr-brilon.de\/index.php?rest_route=%2Fwp%2Fv2%2Fcomments&post=13921"}],"version-history":[{"count":3,"href":"https:\/\/www.feuerwehr-brilon.de\/index.php?rest_route=\/wp\/v2\/posts\/13921\/revisions"}],"predecessor-version":[{"id":13948,"href":"https:\/\/www.feuerwehr-brilon.de\/index.php?rest_route=\/wp\/v2\/posts\/13921\/revisions\/13948"}],"wp:attachment":[{"href":"https:\/\/www.feuerwehr-brilon.de\/index.php?rest_route=%2Fwp%2Fv2%2Fmedia&parent=13921"}],"wp:term":[{"taxonomy":"category","embeddable":true,"href":"https:\/\/www.feuerwehr-brilon.de\/index.php?rest_route=%2Fwp%2Fv2%2Fcategories&post=13921"},{"taxonomy":"post_tag","embeddable":true,"href":"https:\/\/www.feuerwehr-brilon.de\/index.php?rest_route=%2Fwp%2Fv2%2Ftags&post=13921"}],"curies":[{"name":"wp","href":"https:\/\/api.w.org\/{rel}","templated":true}]}}