{"id":13970,"date":"2016-10-09T19:26:04","date_gmt":"2016-10-09T17:26:04","guid":{"rendered":"http:\/\/www.feuerwehr-brilon.de\/?p=13970"},"modified":"2016-10-09T19:26:04","modified_gmt":"2016-10-09T17:26:04","slug":"6-verletzte-bei-schwerem-verkehrsunfall-in-hoppecke","status":"publish","type":"post","link":"https:\/\/www.feuerwehr-brilon.de\/?p=13970","title":{"rendered":"6 Verletzte bei schwerem Verkehrsunfall in Hoppecke"},"content":{"rendered":"<p><a rel=lightbox\" href=\"http:\/\/www.feuerwehr-brilon.de\/wp-up\/2016\/10\/IMG_6540-1.jpg\"><img loading=\"lazy\" decoding=\"async\" src=\"http:\/\/www.feuerwehr-brilon.de\/wp-up\/2016\/10\/IMG_6540-1-150x113.jpg\" alt=\"img_6540-1\" width=\"150\" height=\"113\" class=\"alignleft size-thumbnail wp-image-13972\" srcset=\"https:\/\/www.feuerwehr-brilon.de\/wp-up\/2016\/10\/IMG_6540-1-150x113.jpg 150w, https:\/\/www.feuerwehr-brilon.de\/wp-up\/2016\/10\/IMG_6540-1-500x375.jpg 500w, https:\/\/www.feuerwehr-brilon.de\/wp-up\/2016\/10\/IMG_6540-1.jpg 800w\" sizes=\"auto, (max-width: 150px) 100vw, 150px\" \/><\/a><a title=\"Hoppecke\" href=\"http:\/\/www.feuerwehr-brilon.de\/?page_id=20\" target=\"_blank\">Hoppecke. <\/a>Bei einem schweren Verkehrsunfall sind am Sonntagnachmittag (9.10.) sechs Personen zum Teil schwer verletzt worden. Eine Fahrzeugf\u00fchrerin wurde in ihrem Fahrzeug eingeklemmt und musste von der Feuerwehr mit hydraulischem Rettungsger\u00e4t befreit werden.<!--more--><\/p>\n<p>Um 14:53 Uhr wurden die Einheiten aus Hoppecke und Brilon zur Einsatzstelle am Ortseingang von Hoppecke alarmiert. Alle Personen waren bei Eintreffen der Feuerwehr ansprechbar und wurden bereits vom Rettungsdienst versorgt. Zur Versorgung und anschlie\u00dfendem Transport waren f\u00fcnf Rettungswagen und zwei Not\u00e4rzte im Einsatz. Au\u00dferdem wurde aufgrund der Anzahl der Verletzten der Leitende Notarzt sowie der Organisatorische Leiter Rettungsdienst angefordert. <\/p>\n<p>W\u00e4hrend f\u00fcnf Verletzte die Fahrzeuge weitestgehend eigenst\u00e4ndig verlassen konnten, musste f\u00fcr die Rettung der Fahrerin des zweiten Autos hydraulische Schere und Spreizer eingesetzt werden. Sie war im Fussbereich schwer eingeklemmt. Da das Auto stark nach Innen deformiert war, musste hier sehr behutsam vorgegangen werden. Um dann eine m\u00f6glichst schonenden Rettung durchf\u00fchren zu k\u00f6nnen, wurde im Anschluss das Dach vom PKW entfernt. <\/p>\n<p>Nach kurzer Behandlung im RTW wurde auch diese Patientin schwer verletzt einem Krankenhaus zugef\u00fchrt. Somit wurden zwei leicht und vier schwer Verletzte in die umliegenden Krankenh\u00e4user transportiert.<\/p>\n<p>Gegen 17 Uhr war der Einsatz f\u00fcr die 25 Feuerwehrm\u00e4nner beendet.<\/p>\n<p style=\"border-color: #696969; border-width: 2px; border-style: solid; padding: 4px;\"><strong>Eingesetzte Einheiten:<\/strong><br \/>\n<a href=\"http:\/\/www.feuerwehr-brilon.de\/?page_id=7\"><img loading=\"lazy\" decoding=\"async\" class=\"alignnone\" title=\"lz brilon\" src=\"http:\/\/www.feuerwehr-brilon.de\/images\/einsatz_details\/lz_brilon.jpg\" alt=\"\" width=\"110\" height=\"31\" \/><\/a><a href=\"http:\/\/www.feuerwehr-brilon.de\/?page_id=20\"><img loading=\"lazy\" decoding=\"async\" class=\"alignnone\" title=\"lg hoppecke\" src=\"http:\/\/www.feuerwehr-brilon.de\/images\/einsatz_details\/lg_hoppecke.jpg\" alt=\"\" width=\"110\" height=\"31\" \/><\/a><\/p>\n<p style=\"border-color: #696969; border-width: 2px; border-style: solid; padding: 4px;\"><strong>Eingesetzte Fahrzeuge:<\/strong><br \/>\n<a href=\"http:\/\/www.feuerwehr-brilon.de\/?page_id=749\"><img loading=\"lazy\" decoding=\"async\" class=\"alignnone\" src=\"http:\/\/www.feuerwehr-brilon.de\/images\/einsatz_details\/051101.jpg\" alt=\"\" width=\"110\" height=\"31\" \/><\/a><a href=\"http:\/\/www.feuerwehr-brilon.de\/?page_id=755\"><img loading=\"lazy\" decoding=\"async\" class=\"alignnone\" src=\"http:\/\/www.feuerwehr-brilon.de\/images\/einsatz_details\/054401.jpg\" alt=\"\" width=\"110\" height=\"31\" \/><\/a><a href=\"http:\/\/www.feuerwehr-brilon.de\/?page_id=1329\"><img loading=\"lazy\" decoding=\"async\" class=\"alignnone\" src=\"http:\/\/www.feuerwehr-brilon.de\/images\/einsatz_details\/054701.jpg\" alt=\"\" width=\"110\" height=\"31\" \/><\/a><a href=\"http:\/\/www.feuerwehr-brilon.de\/?page_id=819\"><img loading=\"lazy\" decoding=\"async\" class=\"alignnone\" src=\"http:\/\/www.feuerwehr-brilon.de\/images\/einsatz_details\/054805.jpg\" alt=\"\" width=\"110\" height=\"31\" \/><\/a><a href=\"http:\/\/www.feuerwehr-brilon.de\/?page_id=1325\"><img loading=\"lazy\" decoding=\"async\" class=\"alignnone\" src=\"http:\/\/www.feuerwehr-brilon.de\/images\/einsatz_details\/054502.jpg\" alt=\"\" width=\"110\" height=\"31\" \/><\/a><\/p>\n","protected":false},"excerpt":{"rendered":"","protected":false},"author":8,"featured_media":0,"comment_status":"closed","ping_status":"closed","sticky":false,"template":"","format":"standard","meta":{"_exactmetrics_skip_tracking":false,"_exactmetrics_sitenote_active":false,"_exactmetrics_sitenote_note":"","_exactmetrics_sitenote_category":0,"jetpack_post_was_ever_published":false,"_jetpack_newsletter_access":"","_jetpack_dont_email_post_to_subs":false,"_jetpack_newsletter_tier_id":0,"_jetpack_memberships_contains_paywalled_content":false,"_jetpack_memberships_contains_paid_content":false,"footnotes":""},"categories":[201],"tags":[37,52,46,198,49,199],"class_list":["post-13970","post","type-post","status-publish","format-standard","hentry","category-einsaetze-2016","tag-brilon","tag-elw","tag-hoppecke","tag-lf-1612","tag-stlf-106","tag-verkehrsunfall"],"jetpack_featured_media_url":"","jetpack_shortlink":"https:\/\/wp.me\/pCIJa-3Dk","jetpack_sharing_enabled":true,"jetpack-related-posts":[{"id":22030,"url":"https:\/\/www.feuerwehr-brilon.de\/?p=22030","url_meta":{"origin":13970,"position":0},"title":"Schwerer Verkehrsunfall auf der K61","author":"Andreas Becker","date":"24. Januar 2020","format":false,"excerpt":"Hoppecke. Bei einem schweren Verkehrsunfall auf der K61 zwischen Hoppecke und Bontkirchen, wurde am Freitagnachmittag (24.1.) eine Person schwer verletzt. Laut ersten Meldungen, sollte die Person im Fahrzeug eingeklemmt sein. Die L\u00f6schgruppen Hoppecke, Messinghausen und der L\u00f6schzug Brilon wurden gemeinsam mit Rettungsdienst und Notarzt um 14.41 Uhr alarmiert. Bei Eintreffen\u2026","rel":"","context":"In &quot;Eins\u00e4tze 2020&quot;","block_context":{"text":"Eins\u00e4tze 2020","link":"https:\/\/www.feuerwehr-brilon.de\/?cat=236"},"img":{"alt_text":"","src":"https:\/\/i0.wp.com\/www.feuerwehr-brilon.de\/wp-up\/2020\/01\/20200124_150344-1-150x113.jpg?resize=350%2C200&ssl=1","width":350,"height":200},"classes":[]},{"id":11172,"url":"https:\/\/www.feuerwehr-brilon.de\/?p=11172","url_meta":{"origin":13970,"position":1},"title":"Verkehrsunfall zwischen Hoppecke und Th\u00fclener Kreuz","author":"Andreas Becker","date":"28. Oktober 2014","format":false,"excerpt":"Hoppecke. Die Feuerwehr Brilon war am heutigen Morgen bei einem schweren Verkehrsunfall im Einsatz. Auf der L 913 zwischen Hoppecke und dem Th\u00fclener Kreuz war ein PKW gegen 6.40 Uhr nach rechts von der Fahrbahn abgekommen und frontal gegen einen Baum geprallt. F\u00fcr den eingeklemmten 20- j\u00e4hrigen Fahrer kam jede\u2026","rel":"","context":"In &quot;Eins\u00e4tze 2014&quot;","block_context":{"text":"Eins\u00e4tze 2014","link":"https:\/\/www.feuerwehr-brilon.de\/?cat=184"},"img":{"alt_text":"VU L 913 3","src":"https:\/\/i0.wp.com\/www.feuerwehr-brilon.de\/wp-up\/2014\/10\/VU-L-913-3-150x112.jpg?resize=350%2C200","width":350,"height":200},"classes":[]},{"id":10074,"url":"https:\/\/www.feuerwehr-brilon.de\/?p=10074","url_meta":{"origin":13970,"position":2},"title":"Verkehrsunfall in Brilon-Wald","author":"Marcus Bange","date":"10. April 2014","format":false,"excerpt":"Brilon Wald. Die Feuerwehr Brilon war heute bei einem Verkehrsunfall in Brilon-Wald im Einsatz. Am Kirchweg war ein 67-j\u00e4hriger PKW Fahrer mit seinem Fahrzeug r\u00fcckw\u00e4rts eine B\u00f6schung auf die dortigen Bahngleise hinabgest\u00fcrzt. Der Fahrer wurde dabei aus dem Fahrzeug geschleudert und unter dem PKW eingeklemmt. Er wurde von der Feuerwehr\u2026","rel":"","context":"In &quot;Eins\u00e4tze 2014&quot;","block_context":{"text":"Eins\u00e4tze 2014","link":"https:\/\/www.feuerwehr-brilon.de\/?cat=184"},"img":{"alt_text":"","src":"https:\/\/i0.wp.com\/www.feuerwehr-brilon.de\/wp-up\/2014\/04\/VU-Brilon-Wald-1-150x113.jpg?resize=350%2C200&ssl=1","width":350,"height":200},"classes":[]},{"id":4028,"url":"https:\/\/www.feuerwehr-brilon.de\/?p=4028","url_meta":{"origin":13970,"position":3},"title":"Verkehrsunfall auf der B251","author":"Andreas Becker","date":"10. Januar 2011","format":false,"excerpt":"Die Feuerwehr Brilon wurde am Sonntagabend zu einem Verkehrsunfall zwischen Brilon-Wald und Willingen alarmiert. Dort war auf eisglatter Stra\u00dfe ein PKW in den Gegenverkehr geraten. Entgegen ersten Meldungen waren beide Fahrer nicht im Fahrzeug eingeklemmt. Sie konnten ohne technische Hilfsmittel befreit werden und wurden schwer verletzt vom Rettungsdienst ins Krankenhaus\u2026","rel":"","context":"In &quot;Eins\u00e4tze 2011&quot;","block_context":{"text":"Eins\u00e4tze 2011","link":"https:\/\/www.feuerwehr-brilon.de\/?cat=132"},"img":{"alt_text":"","src":"https:\/\/i0.wp.com\/www.feuerwehr-brilon.de\/wp-up\/2011\/01\/VU_B_2511.jpg?resize=350%2C200","width":350,"height":200},"classes":[]},{"id":13893,"url":"https:\/\/www.feuerwehr-brilon.de\/?p=13893","url_meta":{"origin":13970,"position":4},"title":"Brand einer Filteranlage in Hoppecke","author":"Andreas Becker","date":"6. September 2016","format":false,"excerpt":"Hoppecke. Zu einem Feuer in einer Filteranlage ist es heute Morgen (6.9.) in einem Industriebetrieb in Hoppecke gekommen. Um 8:15 Uhr wurden die L\u00f6schgruppen Hoppecke und Messinghausen, sowie die Sonderfahrzeuge (ELW, TLF und DLK) aus Brilon alarmiert. Unmittelbar nach Eintreffen ging der erste Trupp unter Atemschutz in die betroffene Halle\u2026","rel":"","context":"In &quot;Eins\u00e4tze 2016&quot;","block_context":{"text":"Eins\u00e4tze 2016","link":"https:\/\/www.feuerwehr-brilon.de\/?cat=201"},"img":{"alt_text":"","src":"https:\/\/i0.wp.com\/www.feuerwehr-brilon.de\/images\/einsatz_details\/lz_brilon.jpg?resize=350%2C200","width":350,"height":200},"classes":[]},{"id":21891,"url":"https:\/\/www.feuerwehr-brilon.de\/?p=21891","url_meta":{"origin":13970,"position":5},"title":"Verkehrsunfall am Th\u00fclener Flugplatz","author":"Andreas Becker","date":"28. November 2019","format":false,"excerpt":"Th\u00fclen. Nachdem der Fahrer mit seinem Pkw in der Nacht zu Donnerstag (28.11.) auf der L913 frontal gegen einen Baum geprallt war, kam er einige Meter weiter auf einem Acker zum stehen. Bei dem starken Aufprall verformte sich das Auto so stark, dass die Person im Auto eingeklemmt wurde. Die\u2026","rel":"","context":"In &quot;Eins\u00e4tze 2019&quot;","block_context":{"text":"Eins\u00e4tze 2019","link":"https:\/\/www.feuerwehr-brilon.de\/?cat=222"},"img":{"alt_text":"","src":"https:\/\/i0.wp.com\/www.feuerwehr-brilon.de\/wp-up\/2019\/11\/img_2062-2.jpg?resize=350%2C200&ssl=1","width":350,"height":200,"srcset":"https:\/\/i0.wp.com\/www.feuerwehr-brilon.de\/wp-up\/2019\/11\/img_2062-2.jpg?resize=350%2C200&ssl=1 1x, https:\/\/i0.wp.com\/www.feuerwehr-brilon.de\/wp-up\/2019\/11\/img_2062-2.jpg?resize=525%2C300&ssl=1 1.5x, https:\/\/i0.wp.com\/www.feuerwehr-brilon.de\/wp-up\/2019\/11\/img_2062-2.jpg?resize=700%2C400&ssl=1 2x"},"classes":[]}],"_links":{"self":[{"href":"https:\/\/www.feuerwehr-brilon.de\/index.php?rest_route=\/wp\/v2\/posts\/13970","targetHints":{"allow":["GET"]}}],"collection":[{"href":"https:\/\/www.feuerwehr-brilon.de\/index.php?rest_route=\/wp\/v2\/posts"}],"about":[{"href":"https:\/\/www.feuerwehr-brilon.de\/index.php?rest_route=\/wp\/v2\/types\/post"}],"author":[{"embeddable":true,"href":"https:\/\/www.feuerwehr-brilon.de\/index.php?rest_route=\/wp\/v2\/users\/8"}],"replies":[{"embeddable":true,"href":"https:\/\/www.feuerwehr-brilon.de\/index.php?rest_route=%2Fwp%2Fv2%2Fcomments&post=13970"}],"version-history":[{"count":3,"href":"https:\/\/www.feuerwehr-brilon.de\/index.php?rest_route=\/wp\/v2\/posts\/13970\/revisions"}],"predecessor-version":[{"id":13974,"href":"https:\/\/www.feuerwehr-brilon.de\/index.php?rest_route=\/wp\/v2\/posts\/13970\/revisions\/13974"}],"wp:attachment":[{"href":"https:\/\/www.feuerwehr-brilon.de\/index.php?rest_route=%2Fwp%2Fv2%2Fmedia&parent=13970"}],"wp:term":[{"taxonomy":"category","embeddable":true,"href":"https:\/\/www.feuerwehr-brilon.de\/index.php?rest_route=%2Fwp%2Fv2%2Fcategories&post=13970"},{"taxonomy":"post_tag","embeddable":true,"href":"https:\/\/www.feuerwehr-brilon.de\/index.php?rest_route=%2Fwp%2Fv2%2Ftags&post=13970"}],"curies":[{"name":"wp","href":"https:\/\/api.w.org\/{rel}","templated":true}]}}