{"id":13976,"date":"2016-10-10T18:39:14","date_gmt":"2016-10-10T16:39:14","guid":{"rendered":"http:\/\/www.feuerwehr-brilon.de\/?p=13976"},"modified":"2016-10-10T18:42:55","modified_gmt":"2016-10-10T16:42:55","slug":"toedlicher-arbeitsunfall-im-saegewerk","status":"publish","type":"post","link":"https:\/\/www.feuerwehr-brilon.de\/?p=13976","title":{"rendered":"T\u00f6dlicher Arbeitsunfall im S\u00e4gewerk"},"content":{"rendered":"<p style=\"text-align: justify;\"><a title=\"Brilon\" href=\"http:\/\/www.feuerwehr-brilon.de\/?page_id=7\" target=\"_blank\">Brilon. <\/a>Am Montagmorgen gegen 9:50 Uhr wurde der L\u00f6schzug Brilon zu einem<br \/>\nMaschinenunfall bei einer holzverarbeitenden Firma &#8222;im Kissen&#8220; alarmiert. Im S\u00e4gewerk im Bereich einer Sortieranlage wurde eine Person in einer Maschine eingeklemmt.<\/p>\n<p><!--more--><\/p>\n<p style=\"text-align: justify;\">Trotz sofort eingeleiteter Rettungsma\u00dfnahmen durch einen Notarzt und den<br \/>\nRettungsdienst kam f\u00fcr den Mitarbeiter leider jede Hilfe zu sp\u00e4t. Die<br \/>\nFeuerwehr \u00fcbernahm die Bergung der Person aus der Maschine.<\/p>\n<p style=\"text-align: justify;\">Nach einer Stunde konnte der Leichnam mit Hilfe von technischem Ger\u00e4t aus<br \/>\nder Anlage befreit werden. Zur Betreuung der Einsatzkr\u00e4fte und der<br \/>\nMitarbeiter wurde ein Team der Psychosozialen Unterst\u00fctzung des<br \/>\nHochsauerlandkreises angefordert.<\/p>\n<p style=\"text-align: justify;\">Der Einsatz war f\u00fcr die 21 Feuerwehrm\u00e4nner um 12 Uhr beendet.<\/p>\n<p style=\"padding: 4px; border: 2px solid #696969;\"><strong>Eingesetzte Einheiten:<\/strong><br \/>\n<a href=\"http:\/\/www.feuerwehr-brilon.de\/?page_id=7\"><img loading=\"lazy\" decoding=\"async\" class=\"alignnone\" title=\"lz brilon\" src=\"http:\/\/www.feuerwehr-brilon.de\/images\/einsatz_details\/lz_brilon.jpg\" alt=\"\" width=\"110\" height=\"31\" \/><\/a><\/p>\n<p style=\"padding: 4px; border: 2px solid #696969;\"><strong>Eingesetzte Fahrzeuge:<\/strong><br \/>\n<a href=\"http:\/\/www.feuerwehr-brilon.de\/?page_id=749\"><img loading=\"lazy\" decoding=\"async\" class=\"alignnone\" src=\"http:\/\/www.feuerwehr-brilon.de\/images\/einsatz_details\/051101.jpg\" alt=\"\" width=\"110\" height=\"31\" \/><\/a><a href=\"http:\/\/www.feuerwehr-brilon.de\/?page_id=755\"><img loading=\"lazy\" decoding=\"async\" class=\"alignnone\" src=\"http:\/\/www.feuerwehr-brilon.de\/images\/einsatz_details\/054401.jpg\" alt=\"\" width=\"110\" height=\"31\" \/><\/a><a href=\"http:\/\/www.feuerwehr-brilon.de\/?page_id=802\"><img loading=\"lazy\" decoding=\"async\" class=\"alignnone\" src=\"http:\/\/www.feuerwehr-brilon.de\/images\/einsatz_details\/054901.jpg\" alt=\"\" width=\"110\" height=\"31\" \/><\/a><a href=\"http:\/\/www.feuerwehr-brilon.de\/?page_id=11756\"><img loading=\"lazy\" decoding=\"async\" class=\"alignnone\" src=\"http:\/\/www.feuerwehr-brilon.de\/images\/einsatz_details\/gwl2.jpg\" alt=\"\" width=\"110\" height=\"31\" \/><\/a><\/p>\n","protected":false},"excerpt":{"rendered":"<p>Brilon. Am Montagmorgen gegen 9:50 Uhr wurde der L\u00f6schzug Brilon zu einem Maschinenunfall bei einer holzverarbeitenden Firma &#8222;im Kissen&#8220; alarmiert. Im S\u00e4gewerk im Bereich einer Sortieranlage wurde eine Person in einer Maschine eingeklemmt.<\/p>\n","protected":false},"author":8,"featured_media":0,"comment_status":"closed","ping_status":"closed","sticky":false,"template":"","format":"standard","meta":{"_exactmetrics_skip_tracking":false,"_exactmetrics_sitenote_active":false,"_exactmetrics_sitenote_note":"","_exactmetrics_sitenote_category":0,"jetpack_post_was_ever_published":false,"_jetpack_newsletter_access":"","_jetpack_dont_email_post_to_subs":false,"_jetpack_newsletter_tier_id":0,"_jetpack_memberships_contains_paywalled_content":false,"_jetpack_memberships_contains_paid_content":false,"footnotes":""},"categories":[201],"tags":[37,52,38,198,170],"class_list":["post-13976","post","type-post","status-publish","format-standard","hentry","category-einsaetze-2016","tag-brilon","tag-elw","tag-hlf-2414s","tag-lf-1612","tag-technische-hilfe"],"jetpack_featured_media_url":"","jetpack_shortlink":"https:\/\/wp.me\/pCIJa-3Dq","jetpack_sharing_enabled":true,"jetpack-related-posts":[{"id":16351,"url":"https:\/\/www.feuerwehr-brilon.de\/?p=16351","url_meta":{"origin":13976,"position":0},"title":"Zwei n\u00e4chtliche Eins\u00e4tze f\u00fcr die Feuerwehr Brilon","author":"Andreas Becker","date":"22. August 2018","format":false,"excerpt":"Unfall in Gleisbett Brilon. Am Dienstagabend (21.8.) um 23:22 Uhr wurde der L\u00f6schzug Brilon zur Bahnhofstra\u00dfe alarmiert. Dort war es zu einem Unfall zwischen einer Person und einem Regional-Express, der Richtung Bahnhof Brilon fuhr, gekommen. Laut erster Meldung sollte die Person unter dem Zug eingeklemmt sein. Dies best\u00e4tigte sich gl\u00fccklicherweise\u2026","rel":"","context":"In &quot;Eins\u00e4tze 2018&quot;","block_context":{"text":"Eins\u00e4tze 2018","link":"https:\/\/www.feuerwehr-brilon.de\/?cat=208"},"img":{"alt_text":"","src":"https:\/\/i0.wp.com\/www.feuerwehr-brilon.de\/wp-up\/2018\/08\/20180821_233724-1-150x113.jpg?resize=350%2C200&ssl=1","width":350,"height":200},"classes":[]},{"id":13659,"url":"https:\/\/www.feuerwehr-brilon.de\/?p=13659","url_meta":{"origin":13976,"position":1},"title":"Brand im S\u00e4gewerk &#8211; Gr\u00f6\u00dferen Schaden verhindert","author":"Andreas Becker","date":"8. Juli 2016","format":false,"excerpt":"Alme. \u201eFeuer auf Dach\u201c beim S\u00e4gewerk in Alme. So lautete das Alarmstichwort f\u00fcr die L\u00f6schgruppen Alme und Nehden, sowie den L\u00f6schzug Brilon am Donnerstagabend (7.7.) gegen halb acht. Im Dachbereich eines Sp\u00e4nebunkers war es zu einem Entstehungsbrand gekommen. Durch den raschen und gezielten Einsatz der Almer Feuerwehr, konnte das Feuer\u2026","rel":"","context":"In &quot;Eins\u00e4tze 2016&quot;","block_context":{"text":"Eins\u00e4tze 2016","link":"https:\/\/www.feuerwehr-brilon.de\/?cat=201"},"img":{"alt_text":"IMG_6080","src":"https:\/\/i0.wp.com\/www.feuerwehr-brilon.de\/wp-up\/2016\/07\/IMG_6080-150x113.jpg?resize=350%2C200","width":350,"height":200},"classes":[]},{"id":34113,"url":"https:\/\/www.feuerwehr-brilon.de\/?p=34113","url_meta":{"origin":13976,"position":2},"title":"Best\u00e4tigter K\u00fcchenbrand am M\u00fchlenweg in Brilon","author":"Dominik Becker","date":"18. Dezember 2025","format":false,"excerpt":"Brilon. Am Mittwochnachmittag (17.12.2025) hat die Feuerwehr Brilon einen Brand in einer Werkstatt am M\u00fchlenweg gel\u00f6scht. Die automatische Brandmeldeanlage (BMA) hatte um 15:23 Uhr Alarm ausgel\u00f6st und die Feuerwehr alarmiert. Bereits w\u00e4hrend der Anfahrt der ersten Einsatzkr\u00e4fte des L\u00f6schzuges Brilon erreichte die Leitstelle die R\u00fcckmeldung \u201ebest\u00e4tigter Brand in einer K\u00fcche\u201c.\u2026","rel":"","context":"In &quot;Eins\u00e4tze 2025&quot;","block_context":{"text":"Eins\u00e4tze 2025","link":"https:\/\/www.feuerwehr-brilon.de\/?cat=367"},"img":{"alt_text":"","src":"https:\/\/i0.wp.com\/www.feuerwehr-brilon.de\/wp-up\/2025\/12\/F4_Muehelenweg_2.png?resize=350%2C200&ssl=1","width":350,"height":200,"srcset":"https:\/\/i0.wp.com\/www.feuerwehr-brilon.de\/wp-up\/2025\/12\/F4_Muehelenweg_2.png?resize=350%2C200&ssl=1 1x, https:\/\/i0.wp.com\/www.feuerwehr-brilon.de\/wp-up\/2025\/12\/F4_Muehelenweg_2.png?resize=525%2C300&ssl=1 1.5x, https:\/\/i0.wp.com\/www.feuerwehr-brilon.de\/wp-up\/2025\/12\/F4_Muehelenweg_2.png?resize=700%2C400&ssl=1 2x"},"classes":[]},{"id":11633,"url":"https:\/\/www.feuerwehr-brilon.de\/?p=11633","url_meta":{"origin":13976,"position":3},"title":"Verkehrsunfall am Bahn\u00fcbergang Nehdener Weg","author":"Marcus Bange","date":"19. M\u00e4rz 2015","format":false,"excerpt":"Brilon. Die Feuerwehr Brilon wurde am Donnerstagmorgen gegen 10.30 Uhr zu einem Verkehrsunfall am Bahn\u00fcbergang Nehdener Weg alarmiert. Dort war eine 52-j\u00e4hrige PKW Fahrerin in Fahrtrichtung Innenstadt mit einem in Richtung S\u00e4gewerk fahrenden Holzg\u00fcterzug zusammen gesto\u00dfen. Der PKW wurde von Lokomotive seitlich erfasst und bis zum Stillstand des Zuges rund\u2026","rel":"","context":"In &quot;Allgemein&quot;","block_context":{"text":"Allgemein","link":"https:\/\/www.feuerwehr-brilon.de\/?cat=1"},"img":{"alt_text":"VU Bahn Nehdener Weg 4 neu","src":"https:\/\/i0.wp.com\/www.feuerwehr-brilon.de\/wp-up\/2015\/03\/VU-Bahn-Nehdener-Weg-4-neu-150x112.jpg?resize=350%2C200","width":350,"height":200},"classes":[]},{"id":29936,"url":"https:\/\/www.feuerwehr-brilon.de\/?p=29936","url_meta":{"origin":13976,"position":4},"title":"Verleihung der Fluthelfermedaille des Landes NRW","author":"Marcus Bange","date":"14. Juli 2022","format":false,"excerpt":"Brilon. Einsatzkr\u00e4fte der Freiwilligen Feuerwehr und des Ortsverbandes des Deutschen Roten Kreuzes in Brilon werden geehrt.... B\u00fcrgermeister Dr. Christof Bartsch hat im Rahmen einer Feierstunde die Fluthelfermedaille des Landes NRW an 43 Feuerwehrangeh\u00f6rige und 10 Mitglieder des Deutschen Roten Kreuzes verliehen. Die Medaille wurde vom Innenministerium an diejenigen Helferinnen und\u2026","rel":"","context":"In &quot;Allgemein&quot;","block_context":{"text":"Allgemein","link":"https:\/\/www.feuerwehr-brilon.de\/?cat=1"},"img":{"alt_text":"","src":"https:\/\/i0.wp.com\/www.feuerwehr-brilon.de\/wp-up\/2022\/07\/Fluthelfer-neu.jpg?resize=350%2C200&ssl=1","width":350,"height":200,"srcset":"https:\/\/i0.wp.com\/www.feuerwehr-brilon.de\/wp-up\/2022\/07\/Fluthelfer-neu.jpg?resize=350%2C200&ssl=1 1x, https:\/\/i0.wp.com\/www.feuerwehr-brilon.de\/wp-up\/2022\/07\/Fluthelfer-neu.jpg?resize=525%2C300&ssl=1 1.5x, https:\/\/i0.wp.com\/www.feuerwehr-brilon.de\/wp-up\/2022\/07\/Fluthelfer-neu.jpg?resize=700%2C400&ssl=1 2x, https:\/\/i0.wp.com\/www.feuerwehr-brilon.de\/wp-up\/2022\/07\/Fluthelfer-neu.jpg?resize=1050%2C600&ssl=1 3x"},"classes":[]},{"id":33676,"url":"https:\/\/www.feuerwehr-brilon.de\/?p=33676","url_meta":{"origin":13976,"position":5},"title":"Brandeinsatz im Briloner Industriegebiet","author":"Andreas Becker","date":"14. August 2025","format":false,"excerpt":"Brilon. Eine gro\u00dfe schwarze Rauchwolke stand am Donnerstagmorgen (14.8.25) \u00fcber dem Industriegebiet \u201eIm Kissen\u201c. Kurz zuvor war es zu einem Brandereignis an einer F\u00f6rderanlage im Bereich der Materialversorgung in einem gro\u00dfen Industriebetrieb gekommen. Mit dem Stichwort \u201eFeuer 5 - best\u00e4tigtes Feuer in Industriebetrieb\u201c alarmierte die Rettungsleitstelle gegen 9 Uhr die\u2026","rel":"","context":"In &quot;Eins\u00e4tze 2025&quot;","block_context":{"text":"Eins\u00e4tze 2025","link":"https:\/\/www.feuerwehr-brilon.de\/?cat=367"},"img":{"alt_text":"","src":"https:\/\/i0.wp.com\/www.feuerwehr-brilon.de\/wp-up\/2025\/08\/250814_04_HP.jpg?resize=350%2C200&ssl=1","width":350,"height":200,"srcset":"https:\/\/i0.wp.com\/www.feuerwehr-brilon.de\/wp-up\/2025\/08\/250814_04_HP.jpg?resize=350%2C200&ssl=1 1x, https:\/\/i0.wp.com\/www.feuerwehr-brilon.de\/wp-up\/2025\/08\/250814_04_HP.jpg?resize=525%2C300&ssl=1 1.5x, https:\/\/i0.wp.com\/www.feuerwehr-brilon.de\/wp-up\/2025\/08\/250814_04_HP.jpg?resize=700%2C400&ssl=1 2x"},"classes":[]}],"_links":{"self":[{"href":"https:\/\/www.feuerwehr-brilon.de\/index.php?rest_route=\/wp\/v2\/posts\/13976","targetHints":{"allow":["GET"]}}],"collection":[{"href":"https:\/\/www.feuerwehr-brilon.de\/index.php?rest_route=\/wp\/v2\/posts"}],"about":[{"href":"https:\/\/www.feuerwehr-brilon.de\/index.php?rest_route=\/wp\/v2\/types\/post"}],"author":[{"embeddable":true,"href":"https:\/\/www.feuerwehr-brilon.de\/index.php?rest_route=\/wp\/v2\/users\/8"}],"replies":[{"embeddable":true,"href":"https:\/\/www.feuerwehr-brilon.de\/index.php?rest_route=%2Fwp%2Fv2%2Fcomments&post=13976"}],"version-history":[{"count":3,"href":"https:\/\/www.feuerwehr-brilon.de\/index.php?rest_route=\/wp\/v2\/posts\/13976\/revisions"}],"predecessor-version":[{"id":13985,"href":"https:\/\/www.feuerwehr-brilon.de\/index.php?rest_route=\/wp\/v2\/posts\/13976\/revisions\/13985"}],"wp:attachment":[{"href":"https:\/\/www.feuerwehr-brilon.de\/index.php?rest_route=%2Fwp%2Fv2%2Fmedia&parent=13976"}],"wp:term":[{"taxonomy":"category","embeddable":true,"href":"https:\/\/www.feuerwehr-brilon.de\/index.php?rest_route=%2Fwp%2Fv2%2Fcategories&post=13976"},{"taxonomy":"post_tag","embeddable":true,"href":"https:\/\/www.feuerwehr-brilon.de\/index.php?rest_route=%2Fwp%2Fv2%2Ftags&post=13976"}],"curies":[{"name":"wp","href":"https:\/\/api.w.org\/{rel}","templated":true}]}}