{"id":13993,"date":"2016-10-14T19:15:17","date_gmt":"2016-10-14T17:15:17","guid":{"rendered":"http:\/\/www.feuerwehr-brilon.de\/?p=13993"},"modified":"2016-10-14T19:15:24","modified_gmt":"2016-10-14T17:15:24","slug":"waldbrand-am-borberg","status":"publish","type":"post","link":"https:\/\/www.feuerwehr-brilon.de\/?p=13993","title":{"rendered":"Waldbrand am Borberg"},"content":{"rendered":"<p><a href=\"http:\/\/www.feuerwehr-brilon.de\/?p=13993\"><img loading=\"lazy\" decoding=\"async\" src=\"http:\/\/www.feuerwehr-brilon.de\/wp-up\/2016\/10\/IMG_6569-1-150x113.jpg\" alt=\"img_6569-1\" width=\"150\" height=\"113\" class=\"alignleft size-thumbnail wp-image-13997\" srcset=\"https:\/\/www.feuerwehr-brilon.de\/wp-up\/2016\/10\/IMG_6569-1-150x113.jpg 150w, https:\/\/www.feuerwehr-brilon.de\/wp-up\/2016\/10\/IMG_6569-1-500x375.jpg 500w, https:\/\/www.feuerwehr-brilon.de\/wp-up\/2016\/10\/IMG_6569-1.jpg 800w\" sizes=\"auto, (max-width: 150px) 100vw, 150px\" \/><\/a><a title=\"Brilon\" href=\"http:\/\/www.feuerwehr-brilon.de\/?page_id=7\" target=\"_blank\">Brilon. <\/a>Der L\u00f6schzug Brilon wurde heute (14.10.) zu einem Waldbrand alarmiert. Gegen 9:20 Uhr bemerkte ein Forstmitarbeiter eine Rauchentwicklung unterhalb des Borbergs und alarmierte daraufhin die Feuerwehr. Umgehend setzten sich der ELW, das TLF und das LF20-KatS in Marsch Richtung Borberg. <!--more--><\/p>\n<p>Entgegen ersten Meldungen dass ca. 500m\u00b2 Waldfl\u00e4chen betroffen seien sollten, standen ca. 20m\u00b2 in Brand. Durch Dickicht und sehr unwegsames Gel\u00e4nde musste eine 120m lange B-Leitung verlegt werden. Mit ungef\u00e4hr 2500 Liter Wasser aus dem Tankl\u00f6schfahrzeug wurde der Brand gel\u00f6scht.<\/p>\n<p>Gegen 12 Uhr waren die 15 Feuerwehrm\u00e4nner wieder am Ger\u00e4tehaus und die Einsatzbereitschaft wiederhergestellt.<\/p>\n<p style=\"border-color: #696969; border-width: 2px; border-style: solid; padding: 4px;\"><strong>Eingesetzte Einheiten:<\/strong><br \/>\n<a href=\"http:\/\/www.feuerwehr-brilon.de\/?page_id=7\"><img loading=\"lazy\" decoding=\"async\" class=\"alignnone\" title=\"lz brilon\" src=\"http:\/\/www.feuerwehr-brilon.de\/images\/einsatz_details\/lz_brilon.jpg\" alt=\"\" width=\"110\" height=\"31\"><\/a><\/p>\n<p style=\"border-color: #696969; border-width: 2px; border-style: solid; padding: 4px;\"><strong>Eingesetzte Fahrzeuge:<\/strong><br \/>\n<a href=\"http:\/\/www.feuerwehr-brilon.de\/?page_id=749\"><img loading=\"lazy\" decoding=\"async\" class=\"alignnone\" src=\"http:\/\/www.feuerwehr-brilon.de\/images\/einsatz_details\/051101.jpg\" alt=\"\" width=\"110\" height=\"31\"><\/a><a href=\"http:\/\/www.feuerwehr-brilon.de\/?page_id=8508\"><img loading=\"lazy\" decoding=\"async\" class=\"alignnone\" src=\"http:\/\/www.feuerwehr-brilon.de\/images\/einsatz_details\/052401.jpg\" alt=\"\" width=\"110\" height=\"31\"><\/a><\/p>\n<p><strong>Bilder:<\/strong><br \/>\n<a rel=\"lightbox\" href=\"http:\/\/www.feuerwehr-brilon.de\/wp-up\/2016\/10\/IMG_6557-1.jpg\"><img loading=\"lazy\" decoding=\"async\" src=\"http:\/\/www.feuerwehr-brilon.de\/wp-up\/2016\/10\/IMG_6557-1-150x113.jpg\" alt=\"img_6557-1\" width=\"150\" height=\"113\" class=\"alignleft size-thumbnail wp-image-13996\" srcset=\"https:\/\/www.feuerwehr-brilon.de\/wp-up\/2016\/10\/IMG_6557-1-150x113.jpg 150w, https:\/\/www.feuerwehr-brilon.de\/wp-up\/2016\/10\/IMG_6557-1-500x375.jpg 500w, https:\/\/www.feuerwehr-brilon.de\/wp-up\/2016\/10\/IMG_6557-1.jpg 800w\" sizes=\"auto, (max-width: 150px) 100vw, 150px\" \/><\/a><a rel=\"lightbox\" href=\"http:\/\/www.feuerwehr-brilon.de\/wp-up\/2016\/10\/IMG_6569-1.jpg\"><img loading=\"lazy\" decoding=\"async\" src=\"http:\/\/www.feuerwehr-brilon.de\/wp-up\/2016\/10\/IMG_6569-1-150x113.jpg\" alt=\"img_6569-1\" width=\"150\" height=\"113\" class=\"alignleft size-thumbnail wp-image-13997\" srcset=\"https:\/\/www.feuerwehr-brilon.de\/wp-up\/2016\/10\/IMG_6569-1-150x113.jpg 150w, https:\/\/www.feuerwehr-brilon.de\/wp-up\/2016\/10\/IMG_6569-1-500x375.jpg 500w, https:\/\/www.feuerwehr-brilon.de\/wp-up\/2016\/10\/IMG_6569-1.jpg 800w\" sizes=\"auto, (max-width: 150px) 100vw, 150px\" \/><\/a><a rel=\"lightbox\" href=\"http:\/\/www.feuerwehr-brilon.de\/wp-up\/2016\/10\/IMG_6561-1.jpg\"><img loading=\"lazy\" decoding=\"async\" src=\"http:\/\/www.feuerwehr-brilon.de\/wp-up\/2016\/10\/IMG_6561-1-113x150.jpg\" alt=\"img_6561-1\" width=\"113\" height=\"150\" class=\"alignleft size-thumbnail wp-image-13998\" srcset=\"https:\/\/www.feuerwehr-brilon.de\/wp-up\/2016\/10\/IMG_6561-1-113x150.jpg 113w, https:\/\/www.feuerwehr-brilon.de\/wp-up\/2016\/10\/IMG_6561-1-375x500.jpg 375w, https:\/\/www.feuerwehr-brilon.de\/wp-up\/2016\/10\/IMG_6561-1.jpg 450w\" sizes=\"auto, (max-width: 113px) 100vw, 113px\" \/><\/a><\/p>\n","protected":false},"excerpt":{"rendered":"<p>Brilon. Der L\u00f6schzug Brilon wurde heute (14.10.) zu einem Waldbrand alarmiert. Gegen 9:20 Uhr bemerkte ein Forstmitarbeiter eine Rauchentwicklung unterhalb des Borbergs und alarmierte daraufhin die Feuerwehr. Umgehend setzten sich der ELW, das TLF und das LF20-KatS in Marsch Richtung Borberg.<\/p>\n","protected":false},"author":8,"featured_media":0,"comment_status":"closed","ping_status":"closed","sticky":false,"template":"","format":"standard","meta":{"_exactmetrics_skip_tracking":false,"_exactmetrics_sitenote_active":false,"_exactmetrics_sitenote_note":"","_exactmetrics_sitenote_category":0,"jetpack_post_was_ever_published":false,"_jetpack_newsletter_access":"","_jetpack_dont_email_post_to_subs":false,"_jetpack_newsletter_tier_id":0,"_jetpack_memberships_contains_paywalled_content":false,"_jetpack_memberships_contains_paid_content":false,"footnotes":""},"categories":[201],"tags":[197,37,52,204,178],"class_list":["post-13993","post","type-post","status-publish","format-standard","hentry","category-einsaetze-2016","tag-brand","tag-brilon","tag-elw","tag-lf20kats","tag-tlf-4000"],"jetpack_featured_media_url":"","jetpack_shortlink":"https:\/\/wp.me\/pCIJa-3DH","jetpack_sharing_enabled":true,"jetpack-related-posts":[{"id":29857,"url":"https:\/\/www.feuerwehr-brilon.de\/?p=29857","url_meta":{"origin":13993,"position":0},"title":"Brand am Borberg","author":"Marcus Bange","date":"15. Juni 2022","format":false,"excerpt":"Brilon. Die Feuerwehr Brilon wurde am Mittwochmittag (15.06.2022) gegen 11.40 Uhr zu einem Waldbrand am Borberg alarmiert. Eine Wandergruppe hatte eine schwarze Rauchwolke im Wald entdeckt und die Feuerwehr alarmiert. Vor Ort wurde mitten auf einem Waldweg ein abgebrannter Motorroller festgestellt. Das Feuer war bereits weitgehend erloschen. Die noch brennenden\u2026","rel":"","context":"In &quot;Eins\u00e4tze 2022&quot;","block_context":{"text":"Eins\u00e4tze 2022","link":"https:\/\/www.feuerwehr-brilon.de\/?cat=288"},"img":{"alt_text":"","src":"https:\/\/i0.wp.com\/www.feuerwehr-brilon.de\/wp-up\/2022\/06\/Rollerbrand-Borberg-1.jpg?resize=350%2C200&ssl=1","width":350,"height":200,"srcset":"https:\/\/i0.wp.com\/www.feuerwehr-brilon.de\/wp-up\/2022\/06\/Rollerbrand-Borberg-1.jpg?resize=350%2C200&ssl=1 1x, https:\/\/i0.wp.com\/www.feuerwehr-brilon.de\/wp-up\/2022\/06\/Rollerbrand-Borberg-1.jpg?resize=525%2C300&ssl=1 1.5x, https:\/\/i0.wp.com\/www.feuerwehr-brilon.de\/wp-up\/2022\/06\/Rollerbrand-Borberg-1.jpg?resize=700%2C400&ssl=1 2x"},"classes":[]},{"id":17005,"url":"https:\/\/www.feuerwehr-brilon.de\/?p=17005","url_meta":{"origin":13993,"position":1},"title":"Waldbrand am \u201eDerkerstein\u201c","author":"Andreas Becker","date":"23. April 2019","format":false,"excerpt":"Brilon. Eine Waldfl\u00e4che auf einem Gebiet von ca. 200 Quadratmeter geriet am Sonntagabend (22.4.) in Brand. Gegen 20.05 Uhr wurde der L\u00f6schzug Brilon alarmiert. Die erst eintreffende Einheit unternahm die Erkundung und baute eine erste Wasserversorgung zur Brandstelle auf. Da sich die Einsatzstelle an einer schwer zu erreichenden Stelle befand\u2026","rel":"","context":"In &quot;Eins\u00e4tze 2019&quot;","block_context":{"text":"Eins\u00e4tze 2019","link":"https:\/\/www.feuerwehr-brilon.de\/?cat=222"},"img":{"alt_text":"","src":"https:\/\/i0.wp.com\/www.feuerwehr-brilon.de\/wp-up\/2019\/04\/20190422_205712-1-150x113.jpg?resize=350%2C200&ssl=1","width":350,"height":200},"classes":[]},{"id":30126,"url":"https:\/\/www.feuerwehr-brilon.de\/?p=30126","url_meta":{"origin":13993,"position":2},"title":"Unterst\u00fctzung der Feuerwehr Marsberg bei Waldbrand","author":"Andreas Becker","date":"15. August 2022","format":false,"excerpt":"Marsberg. Die Feuerwehr Marsberg ist am Sonntagabend (14.8.) zu einem Waldbrand alarmiert worden. Laut erster Meldung sollten ca. sechs Quadratmeter Unterholz brennen. Bei Eintreffen der ersten Einheiten hatte sich das Feuer aber schon ausgebreitet und drohte auf eine Tannenschonung \u00fcberzugreifen. Daher wurden weitere Kr\u00e4fte und Technik um 23.34 Uhr nachalarmiert.\u2026","rel":"","context":"In &quot;Eins\u00e4tze 2022&quot;","block_context":{"text":"Eins\u00e4tze 2022","link":"https:\/\/www.feuerwehr-brilon.de\/?cat=288"},"img":{"alt_text":"","src":"https:\/\/i0.wp.com\/www.feuerwehr-brilon.de\/wp-up\/2022\/08\/220815_20220815_012400_.jpg?resize=350%2C200&ssl=1","width":350,"height":200,"srcset":"https:\/\/i0.wp.com\/www.feuerwehr-brilon.de\/wp-up\/2022\/08\/220815_20220815_012400_.jpg?resize=350%2C200&ssl=1 1x, https:\/\/i0.wp.com\/www.feuerwehr-brilon.de\/wp-up\/2022\/08\/220815_20220815_012400_.jpg?resize=525%2C300&ssl=1 1.5x, https:\/\/i0.wp.com\/www.feuerwehr-brilon.de\/wp-up\/2022\/08\/220815_20220815_012400_.jpg?resize=700%2C400&ssl=1 2x"},"classes":[]},{"id":22418,"url":"https:\/\/www.feuerwehr-brilon.de\/?p=22418","url_meta":{"origin":13993,"position":3},"title":"Waldbrand in Rixen und verrauchtes Wohnhaus in Brilon","author":"Andreas Becker","date":"13. April 2020","format":false,"excerpt":"Waldbrand in Rixen Rixen. Zu einem Waldbrand wurden die L\u00f6schgruppen Scharfenberg und Altenb\u00fcren gestern Abend (12.4.) gegen kurz vor 22 Uhr alarmiert. Ein Passant hatte in Rixen am \"Sonnenknapp\" das Feuer entdeckt und den Notruf abgesetzt. Um die Wasserversorgung an der Einsatzstelle sicherzustellen, wurde das Tankl\u00f6schfahrzeug nachalarmiert. Durch das rasche\u2026","rel":"","context":"In &quot;Allgemein&quot;","block_context":{"text":"Allgemein","link":"https:\/\/www.feuerwehr-brilon.de\/?cat=1"},"img":{"alt_text":"","src":"https:\/\/i0.wp.com\/www.feuerwehr-brilon.de\/wp-up\/2020\/04\/200412_Waldbrand_018.jpg?resize=350%2C200&ssl=1","width":350,"height":200,"srcset":"https:\/\/i0.wp.com\/www.feuerwehr-brilon.de\/wp-up\/2020\/04\/200412_Waldbrand_018.jpg?resize=350%2C200&ssl=1 1x, https:\/\/i0.wp.com\/www.feuerwehr-brilon.de\/wp-up\/2020\/04\/200412_Waldbrand_018.jpg?resize=525%2C300&ssl=1 1.5x, https:\/\/i0.wp.com\/www.feuerwehr-brilon.de\/wp-up\/2020\/04\/200412_Waldbrand_018.jpg?resize=700%2C400&ssl=1 2x"},"classes":[]},{"id":29773,"url":"https:\/\/www.feuerwehr-brilon.de\/?p=29773","url_meta":{"origin":13993,"position":4},"title":"Waldbrand im B\u00fcrgerwald am Kyrill-Tor","author":"Marcus Bange","date":"12. Mai 2022","format":false,"excerpt":"Brilon. Die Briloner Feuerwehr wurde am Mittwochabend (11.05.2022) zu einem Waldbrand in den B\u00fcrgerwald am Kyrill-Tor alarmiert. Ein Petersborner B\u00fcrger hatte gegen 18.15 Uhr vom Kahlen Hohl aus Rauch im B\u00fcrgerwald festgestellt. Er fuhr mit dem Fahrrad in Richtung der Rauchentwicklung, lokalisierte das Feuer und alarmierte sofort die Feuerwehr. Rund\u2026","rel":"","context":"In &quot;Eins\u00e4tze 2022&quot;","block_context":{"text":"Eins\u00e4tze 2022","link":"https:\/\/www.feuerwehr-brilon.de\/?cat=288"},"img":{"alt_text":"","src":"https:\/\/i0.wp.com\/www.feuerwehr-brilon.de\/wp-up\/2022\/05\/Brand-Kyrilltor-1.jpg?resize=350%2C200&ssl=1","width":350,"height":200,"srcset":"https:\/\/i0.wp.com\/www.feuerwehr-brilon.de\/wp-up\/2022\/05\/Brand-Kyrilltor-1.jpg?resize=350%2C200&ssl=1 1x, https:\/\/i0.wp.com\/www.feuerwehr-brilon.de\/wp-up\/2022\/05\/Brand-Kyrilltor-1.jpg?resize=525%2C300&ssl=1 1.5x, https:\/\/i0.wp.com\/www.feuerwehr-brilon.de\/wp-up\/2022\/05\/Brand-Kyrilltor-1.jpg?resize=700%2C400&ssl=1 2x"},"classes":[]},{"id":33363,"url":"https:\/\/www.feuerwehr-brilon.de\/?p=33363","url_meta":{"origin":13993,"position":5},"title":"Waldbrand in Sundern-Hellefeld","author":"Marcus Bange","date":"14. April 2025","format":false,"excerpt":"Sundern. Die Feuerwehr Brilon war am 12. und 13.04.2025 zur \u00fcber\u00f6rtlichen Hilfe bei einem Waldbrand in Sundern im Einsatz. Der Waldbrand erstreckte sich \u00fcber eine Fl\u00e4che von rund 55.000 qm. Insgesamt waren bei dem Einsatz rund 630 Einsatzkr\u00e4fte mit rund 120 Fahrzeugen aus dem gesamten Hochsauerlandkreis sowie aus Teilen der\u2026","rel":"","context":"In &quot;Eins\u00e4tze 2025&quot;","block_context":{"text":"Eins\u00e4tze 2025","link":"https:\/\/www.feuerwehr-brilon.de\/?cat=367"},"img":{"alt_text":"","src":"https:\/\/i0.wp.com\/www.feuerwehr-brilon.de\/wp-up\/2025\/04\/Waldbrand-Sundern-1.jpg?resize=350%2C200&ssl=1","width":350,"height":200,"srcset":"https:\/\/i0.wp.com\/www.feuerwehr-brilon.de\/wp-up\/2025\/04\/Waldbrand-Sundern-1.jpg?resize=350%2C200&ssl=1 1x, https:\/\/i0.wp.com\/www.feuerwehr-brilon.de\/wp-up\/2025\/04\/Waldbrand-Sundern-1.jpg?resize=525%2C300&ssl=1 1.5x, https:\/\/i0.wp.com\/www.feuerwehr-brilon.de\/wp-up\/2025\/04\/Waldbrand-Sundern-1.jpg?resize=700%2C400&ssl=1 2x"},"classes":[]}],"_links":{"self":[{"href":"https:\/\/www.feuerwehr-brilon.de\/index.php?rest_route=\/wp\/v2\/posts\/13993","targetHints":{"allow":["GET"]}}],"collection":[{"href":"https:\/\/www.feuerwehr-brilon.de\/index.php?rest_route=\/wp\/v2\/posts"}],"about":[{"href":"https:\/\/www.feuerwehr-brilon.de\/index.php?rest_route=\/wp\/v2\/types\/post"}],"author":[{"embeddable":true,"href":"https:\/\/www.feuerwehr-brilon.de\/index.php?rest_route=\/wp\/v2\/users\/8"}],"replies":[{"embeddable":true,"href":"https:\/\/www.feuerwehr-brilon.de\/index.php?rest_route=%2Fwp%2Fv2%2Fcomments&post=13993"}],"version-history":[{"count":3,"href":"https:\/\/www.feuerwehr-brilon.de\/index.php?rest_route=\/wp\/v2\/posts\/13993\/revisions"}],"predecessor-version":[{"id":14003,"href":"https:\/\/www.feuerwehr-brilon.de\/index.php?rest_route=\/wp\/v2\/posts\/13993\/revisions\/14003"}],"wp:attachment":[{"href":"https:\/\/www.feuerwehr-brilon.de\/index.php?rest_route=%2Fwp%2Fv2%2Fmedia&parent=13993"}],"wp:term":[{"taxonomy":"category","embeddable":true,"href":"https:\/\/www.feuerwehr-brilon.de\/index.php?rest_route=%2Fwp%2Fv2%2Fcategories&post=13993"},{"taxonomy":"post_tag","embeddable":true,"href":"https:\/\/www.feuerwehr-brilon.de\/index.php?rest_route=%2Fwp%2Fv2%2Ftags&post=13993"}],"curies":[{"name":"wp","href":"https:\/\/api.w.org\/{rel}","templated":true}]}}