{"id":14012,"date":"2016-10-21T19:28:24","date_gmt":"2016-10-21T17:28:24","guid":{"rendered":"http:\/\/www.feuerwehr-brilon.de\/?p=14012"},"modified":"2016-10-21T19:40:20","modified_gmt":"2016-10-21T17:40:20","slug":"brandoberinspektor-alber-heinemann-wechselt-in-die-ehrenabteilung","status":"publish","type":"post","link":"https:\/\/www.feuerwehr-brilon.de\/?p=14012","title":{"rendered":"Brandoberinspektor Albert Heinemann wechselt in die Ehrenabteilung"},"content":{"rendered":"<p><a href=\"http:\/\/www.feuerwehr-brilon.de\/wp-up\/2016\/10\/IMG_6431.jpg\" rel=\"lightbox\"><img loading=\"lazy\" decoding=\"async\" class=\"alignleft size-thumbnail wp-image-14019\" src=\"http:\/\/www.feuerwehr-brilon.de\/wp-up\/2016\/10\/IMG_6431-150x113.jpg\" alt=\"img_6431\" width=\"150\" height=\"113\" srcset=\"https:\/\/www.feuerwehr-brilon.de\/wp-up\/2016\/10\/IMG_6431-150x113.jpg 150w, https:\/\/www.feuerwehr-brilon.de\/wp-up\/2016\/10\/IMG_6431-500x375.jpg 500w, https:\/\/www.feuerwehr-brilon.de\/wp-up\/2016\/10\/IMG_6431.jpg 800w\" sizes=\"auto, (max-width: 150px) 100vw, 150px\" \/><\/a><a href=\"http:\/\/www.feuerwehr-brilon.de\/?page_id=7\">Brilon.<\/a> Die Vollendung des 60. Lebensjahres ist in der Feuerwehr immer ein besonderer Anlass. Ab diesem Zeitpunkt wechselt man von der \u201eAktiven Abteilung\u201c in die Ehrenabteilung.<br \/>\nBeim L\u00f6schzug Brilon wird dieser \u00dcbergang immer besonders begangen. Zun\u00e4chst wurde Albert Heinemann von einem Fackelzug, verst\u00e4rkt durch das Tambourkorps und das Blasorchester Brilon, von zu Hause abgeholt und zum Feuerwehrhaus geleitet.<!--more--><br \/>\nDort wird dann in einer Feierstunde R\u00fcckblick auf die Feuerwehrlaufbahn gehalten. Albert Heinemann war 47 Jahre im Dienst der Feuerwehr Brilon und damit im Dienst f\u00fcr die B\u00fcrgerschaft von Brilon. 1969 im Alter von 12 Jahren trat Albert in die neu gegr\u00fcndete Jugendfeuerwehr ein. Mit dem 18. Lebensjahr wechselte er dann in die Einsatzabteilung und absolvierte die Grundausbildung. 1983 stand dann die Ausbildung als Gruppenf\u00fchrer an und ebenfalls die Bef\u00f6rderung zum Brandmeister.<br \/>\n<a href=\"http:\/\/www.feuerwehr-brilon.de\/wp-up\/2016\/10\/IMG_6448.jpg\" rel=\"lightbox\"><img loading=\"lazy\" decoding=\"async\" class=\"alignleft size-thumbnail wp-image-14020\" src=\"http:\/\/www.feuerwehr-brilon.de\/wp-up\/2016\/10\/IMG_6448-150x113.jpg\" alt=\"img_6448\" width=\"150\" height=\"113\" srcset=\"https:\/\/www.feuerwehr-brilon.de\/wp-up\/2016\/10\/IMG_6448-150x113.jpg 150w, https:\/\/www.feuerwehr-brilon.de\/wp-up\/2016\/10\/IMG_6448-500x375.jpg 500w, https:\/\/www.feuerwehr-brilon.de\/wp-up\/2016\/10\/IMG_6448.jpg 800w\" sizes=\"auto, (max-width: 150px) 100vw, 150px\" \/><\/a>Nur zwei Jahre sp\u00e4ter \u00fcbernahm Albert Heinemann erstmals leitende Verantwortung. Er wurde Jugendfeuerwehrwart der Jugendfeuerwehr des L\u00f6schzuges und gleichzeitig stellvertretender Stadtjugendfeuerwehrwart und blieb es vier Jahre.<br \/>\nNach bestandenem Zugf\u00fchrerlehrgang wurde Albert 1994 zum Brandinspektor bef\u00f6rdert. F\u00fcnf Jahre sp\u00e4ter wurde er dann zum stellvertretenden L\u00f6schzugf\u00fchrer des L\u00f6schzug Brilon bestellt. In diese Amtszeit der L\u00f6schzugf\u00fchrung viel u.a. das 125 j\u00e4hrige Jubil\u00e4um und auch der umfangreiche Um- und Neubau des Ger\u00e4tehauses.<br \/>\nDie L\u00f6schzugf\u00fchrung und die Wehrf\u00fchrung dankten Brandoberinspektor Albert Heinemann f\u00fcr die \u00dcbernahme der verschiedenen Funktionen und w\u00fcnschten Ihm weiterhin gute kameradschaftliche Stunden in der Feuerwehr Brilon. Besonderer Dank gilt auch immer der Familie, die Alberts Aktivit\u00e4ten in der Feuerwehr unterst\u00fctzt haben.<\/p>\n<p><a href=\"http:\/\/www.feuerwehr-brilon.de\/wp-up\/2016\/10\/IMG_6451.jpg\" rel=\"lightbox\"><img loading=\"lazy\" decoding=\"async\" class=\"alignleft size-thumbnail wp-image-14013\" src=\"http:\/\/www.feuerwehr-brilon.de\/wp-up\/2016\/10\/IMG_6451-150x113.jpg\" alt=\"img_6451\" width=\"150\" height=\"113\" srcset=\"https:\/\/www.feuerwehr-brilon.de\/wp-up\/2016\/10\/IMG_6451-150x113.jpg 150w, https:\/\/www.feuerwehr-brilon.de\/wp-up\/2016\/10\/IMG_6451-500x375.jpg 500w, https:\/\/www.feuerwehr-brilon.de\/wp-up\/2016\/10\/IMG_6451.jpg 800w\" sizes=\"auto, (max-width: 150px) 100vw, 150px\" \/><\/a><a href=\"http:\/\/www.feuerwehr-brilon.de\/wp-up\/2016\/10\/20160919_204841.jpg\" rel=\"lightbox\"><img loading=\"lazy\" decoding=\"async\" class=\"alignleft size-thumbnail wp-image-14015\" src=\"http:\/\/www.feuerwehr-brilon.de\/wp-up\/2016\/10\/20160919_204841-150x84.jpg\" alt=\"20160919_204841\" width=\"150\" height=\"84\" srcset=\"https:\/\/www.feuerwehr-brilon.de\/wp-up\/2016\/10\/20160919_204841-150x84.jpg 150w, https:\/\/www.feuerwehr-brilon.de\/wp-up\/2016\/10\/20160919_204841-500x281.jpg 500w, https:\/\/www.feuerwehr-brilon.de\/wp-up\/2016\/10\/20160919_204841.jpg 800w\" sizes=\"auto, (max-width: 150px) 100vw, 150px\" \/><\/a><a href=\"http:\/\/www.feuerwehr-brilon.de\/wp-up\/2016\/10\/DSC_0075.jpg\" rel=\"lightbox\"><img loading=\"lazy\" decoding=\"async\" class=\"alignleft size-thumbnail wp-image-14017\" src=\"http:\/\/www.feuerwehr-brilon.de\/wp-up\/2016\/10\/DSC_0075-150x99.jpg\" alt=\"dsc_0075\" width=\"150\" height=\"99\" srcset=\"https:\/\/www.feuerwehr-brilon.de\/wp-up\/2016\/10\/DSC_0075-150x99.jpg 150w, https:\/\/www.feuerwehr-brilon.de\/wp-up\/2016\/10\/DSC_0075-500x331.jpg 500w, https:\/\/www.feuerwehr-brilon.de\/wp-up\/2016\/10\/DSC_0075.jpg 800w\" sizes=\"auto, (max-width: 150px) 100vw, 150px\" \/><\/a><a href=\"http:\/\/www.feuerwehr-brilon.de\/wp-up\/2016\/10\/IMG_6428.jpg\" rel=\"lightbox\"><img loading=\"lazy\" decoding=\"async\" class=\"alignleft size-thumbnail wp-image-14018\" src=\"http:\/\/www.feuerwehr-brilon.de\/wp-up\/2016\/10\/IMG_6428-150x113.jpg\" alt=\"img_6428\" width=\"150\" height=\"113\" srcset=\"https:\/\/www.feuerwehr-brilon.de\/wp-up\/2016\/10\/IMG_6428-150x113.jpg 150w, https:\/\/www.feuerwehr-brilon.de\/wp-up\/2016\/10\/IMG_6428-500x375.jpg 500w, https:\/\/www.feuerwehr-brilon.de\/wp-up\/2016\/10\/IMG_6428.jpg 800w\" sizes=\"auto, (max-width: 150px) 100vw, 150px\" \/><\/a><a href=\"http:\/\/www.feuerwehr-brilon.de\/wp-up\/2016\/10\/20160919_204542.jpg\" rel=\"lightbox\"><img loading=\"lazy\" decoding=\"async\" class=\"alignleft size-thumbnail wp-image-14014\" src=\"http:\/\/www.feuerwehr-brilon.de\/wp-up\/2016\/10\/20160919_204542-150x84.jpg\" alt=\"20160919_204542\" width=\"150\" height=\"84\" srcset=\"https:\/\/www.feuerwehr-brilon.de\/wp-up\/2016\/10\/20160919_204542-150x84.jpg 150w, https:\/\/www.feuerwehr-brilon.de\/wp-up\/2016\/10\/20160919_204542-500x281.jpg 500w, https:\/\/www.feuerwehr-brilon.de\/wp-up\/2016\/10\/20160919_204542.jpg 800w\" sizes=\"auto, (max-width: 150px) 100vw, 150px\" \/><\/a><\/p>\n<p><a href=\"http:\/\/www.feuerwehr-brilon.de\/wp-up\/2016\/10\/DSC_0052.jpg\" rel=\"lightbox\"><img loading=\"lazy\" decoding=\"async\" class=\"size-thumbnail wp-image-14016 alignleft\" src=\"http:\/\/www.feuerwehr-brilon.de\/wp-up\/2016\/10\/DSC_0052-150x99.jpg\" alt=\"dsc_0052\" width=\"150\" height=\"99\" srcset=\"https:\/\/www.feuerwehr-brilon.de\/wp-up\/2016\/10\/DSC_0052-150x99.jpg 150w, https:\/\/www.feuerwehr-brilon.de\/wp-up\/2016\/10\/DSC_0052-500x331.jpg 500w, https:\/\/www.feuerwehr-brilon.de\/wp-up\/2016\/10\/DSC_0052.jpg 800w\" sizes=\"auto, (max-width: 150px) 100vw, 150px\" \/><\/a><\/p>\n","protected":false},"excerpt":{"rendered":"<p>Brilon. Die Vollendung des 60. Lebensjahres ist in der Feuerwehr immer ein besonderer Anlass. Ab diesem Zeitpunkt wechselt man von der \u201eAktiven Abteilung\u201c in die Ehrenabteilung. Beim L\u00f6schzug Brilon wird dieser \u00dcbergang immer besonders begangen. Zun\u00e4chst wurde Albert Heinemann von einem Fackelzug, verst\u00e4rkt durch das Tambourkorps und das Blasorchester Brilon, von zu Hause abgeholt und [&hellip;]<\/p>\n","protected":false},"author":6,"featured_media":0,"comment_status":"closed","ping_status":"closed","sticky":false,"template":"","format":"standard","meta":{"_exactmetrics_skip_tracking":false,"_exactmetrics_sitenote_active":false,"_exactmetrics_sitenote_note":"","_exactmetrics_sitenote_category":0,"jetpack_post_was_ever_published":false,"_jetpack_newsletter_access":"","_jetpack_dont_email_post_to_subs":false,"_jetpack_newsletter_tier_id":0,"_jetpack_memberships_contains_paywalled_content":false,"_jetpack_memberships_contains_paid_content":false,"footnotes":""},"categories":[202],"tags":[37,163,60],"class_list":["post-14012","post","type-post","status-publish","format-standard","hentry","category-meldungen-2016","tag-brilon","tag-ehrenabteilung","tag-personen"],"jetpack_featured_media_url":"","jetpack_shortlink":"https:\/\/wp.me\/pCIJa-3E0","jetpack_sharing_enabled":true,"jetpack-related-posts":[{"id":22220,"url":"https:\/\/www.feuerwehr-brilon.de\/?p=22220","url_meta":{"origin":14012,"position":0},"title":"Jahreshauptversammlung des L\u00f6schzug Brilon","author":"Marc Heines","date":"28. Februar 2020","format":false,"excerpt":"In der Jahreshauptversammlung des L\u00f6schzug Brilon blickte L\u00f6schzugf\u00fchrer Thomas B\u00f6ddicker auf ein intensives Jahr 2019 zur\u00fcck. Neben der Ausrichtung des Leistungsnachweises des HSK mit einer Rekordbeteiligung von \u00fcber hundert Gruppen, dem erfolgreichen Jubil\u00e4umswochende im Mai wurden von den 82 Einsatzkr\u00e4ften auch noch ein H\u00f6chststand an Eins\u00e4tzen bew\u00e4ltigt. Der L\u00f6schzug Brilon\u2026","rel":"","context":"In &quot;Meldungen 2020&quot;","block_context":{"text":"Meldungen 2020","link":"https:\/\/www.feuerwehr-brilon.de\/?cat=237"},"img":{"alt_text":"","src":"https:\/\/i0.wp.com\/www.feuerwehr-brilon.de\/wp-up\/2020\/02\/Ehrung_i-150x91.jpg?resize=350%2C200&ssl=1","width":350,"height":200},"classes":[]},{"id":10944,"url":"https:\/\/www.feuerwehr-brilon.de\/?p=10944","url_meta":{"origin":14012,"position":1},"title":"Der blaue Rock verbindet ein Leben lang","author":"Andreas Becker","date":"5. September 2014","format":false,"excerpt":"Brilon. Den blauen Rock tragen die M\u00e4nner und zuk\u00fcnftig auch vermehrt Frauen der L\u00f6schgruppen der Freiwilligen Feuerwehren, wenn sie im Ehrenamt f\u00fcr die Allgemeinheit t\u00e4tig sind. Wer das 60. Lebensjahr vollendet, scheidet aus dem aktiven Dienst aus und wechselt in die Ehrenabteilung \u00fcber. Die Kameradschaft bleibt. So treffen sich die\u2026","rel":"","context":"In &quot;Meldungen 2014&quot;","block_context":{"text":"Meldungen 2014","link":"https:\/\/www.feuerwehr-brilon.de\/?cat=183"},"img":{"alt_text":"P1180901 (1)","src":"https:\/\/i0.wp.com\/www.feuerwehr-brilon.de\/wp-up\/2014\/09\/P1180901-1-150x99.jpg?resize=350%2C200","width":350,"height":200},"classes":[]},{"id":12074,"url":"https:\/\/www.feuerwehr-brilon.de\/?p=12074","url_meta":{"origin":14012,"position":2},"title":"Anton Stumpe in die Ehrenabteilung verabschiedet","author":"Andreas Becker","date":"31. Juli 2015","format":false,"excerpt":"Brilon. Stumpe trat am 23. Februar 1970 in die im Jahr zuvor gegr\u00fcndete Jugendfeuerwehr des L\u00f6schzug Brilon ein. Er ist der erste Kamerad der seine Laufbahn in der Jugendfeuerwehr begonnen hat und nun mit Erreichen der Altersgrenze von der Aktiven- in die Ehren-abteilung wechselt. Nach \u00dcbernahme in die aktive Wehr\u2026","rel":"","context":"In &quot;Allgemein&quot;","block_context":{"text":"Allgemein","link":"https:\/\/www.feuerwehr-brilon.de\/?cat=1"},"img":{"alt_text":"IMG_0062","src":"https:\/\/i0.wp.com\/www.feuerwehr-brilon.de\/wp-up\/2015\/07\/IMG_0062-150x112.jpg?resize=350%2C200","width":350,"height":200},"classes":[]},{"id":6143,"url":"https:\/\/www.feuerwehr-brilon.de\/?p=6143","url_meta":{"origin":14012,"position":3},"title":"Generalversammlung beim L\u00f6schzug Brilon","author":"Marc Heines","date":"16. Januar 2012","format":false,"excerpt":"Am 13.01.2012 fand die diesj\u00e4hrige Jahreshauptversammlung des L\u00f6schzug Brilon statt. Hierzu konnte L\u00f6schzugf\u00fchrer Thomas B\u00f6ddicker B\u00fcrgermeister Franz Schrewe, Fachbereichsleiterin Karin Wigge und die Ratsmitglieder Michael Hilkenbach und Ludger B\u00f6ddecker begr\u00fc\u00dfen. Aus den Reihen der Feuerwehr kamen der Kreisbrandmeister Martin Rickert, der Leiter der Feuerwehr Wolfgang Hillebrand und 118 Mitglieder des\u2026","rel":"","context":"In &quot;Meldungen 2012&quot;","block_context":{"text":"Meldungen 2012","link":"https:\/\/www.feuerwehr-brilon.de\/?cat=172"},"img":{"alt_text":"","src":"https:\/\/i0.wp.com\/www.feuerwehr-brilon.de\/wp-up\/2012\/01\/gruppe_i-150x77.jpg?resize=350%2C200","width":350,"height":200},"classes":[]},{"id":863,"url":"https:\/\/www.feuerwehr-brilon.de\/?p=863","url_meta":{"origin":14012,"position":4},"title":"Stadtfeuerwehrtag in Brilon","author":"Marc Heines","date":"9. Mai 2009","format":false,"excerpt":"Der Stadtfeuerwehrtag 2009 der Freiw. Feuerwehr Brilon wurde im Rahmen des 130 j\u00e4hrigen Bestehens des L\u00f6schzuges Brilon und dem 40. Geburtstag der Jugendfeuerwehr Brilon am vergangenen Samstag durchgef\u00fchrt. Nach einem gemeinsamen Kirchgang in der Propsteikirche und einer Kranz Niederlegung am Ehrenmal zum Gedenken an die gefallenen und verstorbenen Feuerwehrleute fand\u2026","rel":"","context":"In &quot;Meldungen 2009&quot;","block_context":{"text":"Meldungen 2009","link":"https:\/\/www.feuerwehr-brilon.de\/?cat=11"},"img":{"alt_text":"","src":"https:\/\/i0.wp.com\/www.feuerwehr-brilon.de\/wp-up\/2009\/05\/stadtfeuerwehrtag2009001.jpg?resize=350%2C200&ssl=1","width":350,"height":200},"classes":[]},{"id":9254,"url":"https:\/\/www.feuerwehr-brilon.de\/?p=9254","url_meta":{"origin":14012,"position":5},"title":"Hauptbrandmeister Karl Heinz Funke in die Ehrenabteilung verabschiedet","author":"Marc Heines","date":"19. November 2013","format":false,"excerpt":"Am 14.11.2013 wurde Hauptbrandmeister Karl Heinz Funke, traditionell am Vorabend seines 60. Geburtstages, in die Ehrenabteilung des L\u00f6schzug Brilon verabschiedet. Karl Heinz Funke trat 1987, im Alter von 34 Jahren, als Quereinsteiger in die Feuerwehr Brilon ein. Nach absolvierter Grundausbildung und bestandener Truppf\u00fchrerpr\u00fcfung wurde er 1992 zum Unterbrandmeister bef\u00f6rdert. Am\u2026","rel":"","context":"In &quot;Meldungen 2013&quot;","block_context":{"text":"Meldungen 2013","link":"https:\/\/www.feuerwehr-brilon.de\/?cat=177"},"img":{"alt_text":"","src":"https:\/\/i0.wp.com\/www.feuerwehr-brilon.de\/wp-up\/2013\/11\/PB140075i-150x112.jpg?resize=350%2C200&ssl=1","width":350,"height":200},"classes":[]}],"_links":{"self":[{"href":"https:\/\/www.feuerwehr-brilon.de\/index.php?rest_route=\/wp\/v2\/posts\/14012","targetHints":{"allow":["GET"]}}],"collection":[{"href":"https:\/\/www.feuerwehr-brilon.de\/index.php?rest_route=\/wp\/v2\/posts"}],"about":[{"href":"https:\/\/www.feuerwehr-brilon.de\/index.php?rest_route=\/wp\/v2\/types\/post"}],"author":[{"embeddable":true,"href":"https:\/\/www.feuerwehr-brilon.de\/index.php?rest_route=\/wp\/v2\/users\/6"}],"replies":[{"embeddable":true,"href":"https:\/\/www.feuerwehr-brilon.de\/index.php?rest_route=%2Fwp%2Fv2%2Fcomments&post=14012"}],"version-history":[{"count":3,"href":"https:\/\/www.feuerwehr-brilon.de\/index.php?rest_route=\/wp\/v2\/posts\/14012\/revisions"}],"predecessor-version":[{"id":14026,"href":"https:\/\/www.feuerwehr-brilon.de\/index.php?rest_route=\/wp\/v2\/posts\/14012\/revisions\/14026"}],"wp:attachment":[{"href":"https:\/\/www.feuerwehr-brilon.de\/index.php?rest_route=%2Fwp%2Fv2%2Fmedia&parent=14012"}],"wp:term":[{"taxonomy":"category","embeddable":true,"href":"https:\/\/www.feuerwehr-brilon.de\/index.php?rest_route=%2Fwp%2Fv2%2Fcategories&post=14012"},{"taxonomy":"post_tag","embeddable":true,"href":"https:\/\/www.feuerwehr-brilon.de\/index.php?rest_route=%2Fwp%2Fv2%2Ftags&post=14012"}],"curies":[{"name":"wp","href":"https:\/\/api.w.org\/{rel}","templated":true}]}}