{"id":14034,"date":"2016-10-24T20:37:22","date_gmt":"2016-10-24T18:37:22","guid":{"rendered":"http:\/\/www.feuerwehr-brilon.de\/?p=14034"},"modified":"2016-10-24T20:46:17","modified_gmt":"2016-10-24T18:46:17","slug":"herbstabschlussuebung-am-briloner-amtsgericht","status":"publish","type":"post","link":"https:\/\/www.feuerwehr-brilon.de\/?p=14034","title":{"rendered":"Herbstabschluss\u00fcbung am Briloner Amtsgericht"},"content":{"rendered":"<p><a href=\"http:\/\/www.feuerwehr-brilon.de\/?p=14034\"><img loading=\"lazy\" decoding=\"async\" src=\"http:\/\/www.feuerwehr-brilon.de\/wp-up\/2016\/10\/20161022_162559-1-150x84.jpg\" alt=\"20161022_162559-1\" width=\"150\" height=\"84\" class=\"alignleft size-thumbnail wp-image-14037\" srcset=\"https:\/\/www.feuerwehr-brilon.de\/wp-up\/2016\/10\/20161022_162559-1-150x84.jpg 150w, https:\/\/www.feuerwehr-brilon.de\/wp-up\/2016\/10\/20161022_162559-1-500x281.jpg 500w, https:\/\/www.feuerwehr-brilon.de\/wp-up\/2016\/10\/20161022_162559-1.jpg 800w\" sizes=\"auto, (max-width: 150px) 100vw, 150px\" \/><\/a><a title=\"Brilon\" href=\"http:\/\/www.feuerwehr-brilon.de\/?page_id=7\" target=\"_blank\">Brilon. <\/a>Eine unbekannte Fl\u00fcssigkeit war im Treppenhaus des Amtsgerichtes versch\u00fcttet worden. Mehrere Personen in den beiden Gerichtss\u00e4len klagten \u00fcber Schwindel und Atembeschwerden. Eine  unbekannte Anzahl Personen wurde noch im Hauptgeb\u00e4ude vermisst.<!--more--><\/p>\n<p>Das war das diesj\u00e4hrige \u00dcbungszenario der Herbstabschluss\u00fcbung der Briloner Brandsch\u00fctzer am vergangenen Samstag (22.10.). <\/p>\n<p>Der L\u00f6schzug Brilon r\u00fcckte zun\u00e4chst aufgrund einer Meldung \u00fcber Gasgeruch mit drei Fahrzeugen aus. Nach erster Erkundung am \u00dcbungsobjekt konnte festgestellt werden, dass an mehreren Fenstern des Geb\u00e4udes, Personen auf sich aufmerksam machten. Umgehend wurden weitere Kr\u00e4fte nachgefordert.<\/p>\n<p>Auch das <a href=\"http:\/\/www.drkbrilon.de\" target=\"_blank\">DRK Brilon<\/a> r\u00fcckte mit drei Fahrzeugen und sieben Helfern aus.  Die Rettung der Personen aus den Gerichtss\u00e4len, wurde mit Hilfe von tragbaren Leitern und der Drehleiter durchgef\u00fchrt.<\/p>\n<p>Die Versorgung der verletzten Personen, die durch die Jugendfeuerwehr gemimt wurden,  \u00fcbernahm im Anschluss direkt das DRK. Insgesamt mussten zehn Personen aus dem Geb\u00e4ude gerettet und betreut werden.<\/p>\n<p>Nach rund zwei Stunden war die \u00dcbung beendet und die Einsatzkr\u00e4fte hatten die M\u00f6glichkeit durch die R\u00e4umlichkeiten des Gerichts gef\u00fchrt zu werden.<\/p>\n<p>F\u00fcr die \u00dcbung mussten im Bereich des Kreisverkehres die Keffelker Stra\u00dfe sowie die Hubertusstra\u00dfe gesperrt werden. Hierf\u00fcr bitten wir um Verst\u00e4ndnis.<\/p>\n<p><a rel=\"lightbox\" href=\"http:\/\/www.feuerwehr-brilon.de\/wp-up\/2016\/10\/\u00dcbung-Amtsgericht-11-1.jpg\"><img loading=\"lazy\" decoding=\"async\" src=\"http:\/\/www.feuerwehr-brilon.de\/wp-up\/2016\/10\/\u00dcbung-Amtsgericht-11-1-150x84.jpg\" alt=\"uebung-amtsgericht-11-1\" width=\"150\" height=\"84\" class=\"alignleft size-thumbnail wp-image-14049\" srcset=\"https:\/\/www.feuerwehr-brilon.de\/wp-up\/2016\/10\/\u00dcbung-Amtsgericht-11-1-150x84.jpg 150w, https:\/\/www.feuerwehr-brilon.de\/wp-up\/2016\/10\/\u00dcbung-Amtsgericht-11-1-500x281.jpg 500w, https:\/\/www.feuerwehr-brilon.de\/wp-up\/2016\/10\/\u00dcbung-Amtsgericht-11-1.jpg 800w\" sizes=\"auto, (max-width: 150px) 100vw, 150px\" \/><\/a><\/p>\n<p><a rel=\"lightbox\" href=\"http:\/\/www.feuerwehr-brilon.de\/wp-up\/2016\/10\/20161022_160408-1.jpg\"><img loading=\"lazy\" decoding=\"async\" src=\"http:\/\/www.feuerwehr-brilon.de\/wp-up\/2016\/10\/20161022_160408-1-150x84.jpg\" alt=\"20161022_160408-1\" width=\"150\" height=\"84\" class=\"alignleft size-thumbnail wp-image-14048\" srcset=\"https:\/\/www.feuerwehr-brilon.de\/wp-up\/2016\/10\/20161022_160408-1-150x84.jpg 150w, https:\/\/www.feuerwehr-brilon.de\/wp-up\/2016\/10\/20161022_160408-1-500x281.jpg 500w, https:\/\/www.feuerwehr-brilon.de\/wp-up\/2016\/10\/20161022_160408-1.jpg 800w\" sizes=\"auto, (max-width: 150px) 100vw, 150px\" \/><\/a><\/p>\n<p><a rel=\"lightbox\" href=\"http:\/\/www.feuerwehr-brilon.de\/wp-up\/2016\/10\/20161022_153939-1.jpg\"><img loading=\"lazy\" decoding=\"async\" src=\"http:\/\/www.feuerwehr-brilon.de\/wp-up\/2016\/10\/20161022_153939-1-150x84.jpg\" alt=\"20161022_153939-1\" width=\"150\" height=\"84\" class=\"alignleft size-thumbnail wp-image-14044\" srcset=\"https:\/\/www.feuerwehr-brilon.de\/wp-up\/2016\/10\/20161022_153939-1-150x84.jpg 150w, https:\/\/www.feuerwehr-brilon.de\/wp-up\/2016\/10\/20161022_153939-1-500x281.jpg 500w, https:\/\/www.feuerwehr-brilon.de\/wp-up\/2016\/10\/20161022_153939-1.jpg 800w\" sizes=\"auto, (max-width: 150px) 100vw, 150px\" \/><\/a><\/p>\n<p><a rel=\"lightbox\" href=\"http:\/\/www.feuerwehr-brilon.de\/wp-up\/2016\/10\/20161022_154228-1.jpg\"><img loading=\"lazy\" decoding=\"async\" src=\"http:\/\/www.feuerwehr-brilon.de\/wp-up\/2016\/10\/20161022_154228-1-150x84.jpg\" alt=\"20161022_154228-1\" width=\"150\" height=\"84\" class=\"alignleft size-thumbnail wp-image-14047\" srcset=\"https:\/\/www.feuerwehr-brilon.de\/wp-up\/2016\/10\/20161022_154228-1-150x84.jpg 150w, https:\/\/www.feuerwehr-brilon.de\/wp-up\/2016\/10\/20161022_154228-1-500x281.jpg 500w, https:\/\/www.feuerwehr-brilon.de\/wp-up\/2016\/10\/20161022_154228-1.jpg 800w\" sizes=\"auto, (max-width: 150px) 100vw, 150px\" \/><\/a><\/p>\n<p><a rel=\"lightbox\" href=\"http:\/\/www.feuerwehr-brilon.de\/wp-up\/2016\/10\/20161022_154146-1.jpg\"><img loading=\"lazy\" decoding=\"async\" src=\"http:\/\/www.feuerwehr-brilon.de\/wp-up\/2016\/10\/20161022_154146-1-85x150.jpg\" alt=\"20161022_154146-1\" width=\"85\" height=\"150\" class=\"alignleft size-thumbnail wp-image-14045\" srcset=\"https:\/\/www.feuerwehr-brilon.de\/wp-up\/2016\/10\/20161022_154146-1-85x150.jpg 85w, https:\/\/www.feuerwehr-brilon.de\/wp-up\/2016\/10\/20161022_154146-1-282x500.jpg 282w, https:\/\/www.feuerwehr-brilon.de\/wp-up\/2016\/10\/20161022_154146-1.jpg 338w\" sizes=\"auto, (max-width: 85px) 100vw, 85px\" \/><\/a><\/p>\n<p><a rel=\"lightbox\" href=\"http:\/\/www.feuerwehr-brilon.de\/wp-up\/2016\/10\/20161022_150014-1.jpg\"><img loading=\"lazy\" decoding=\"async\" src=\"http:\/\/www.feuerwehr-brilon.de\/wp-up\/2016\/10\/20161022_150014-1-85x150.jpg\" alt=\"20161022_150014-1\" width=\"85\" height=\"150\" class=\"alignleft size-thumbnail wp-image-14043\" srcset=\"https:\/\/www.feuerwehr-brilon.de\/wp-up\/2016\/10\/20161022_150014-1-85x150.jpg 85w, https:\/\/www.feuerwehr-brilon.de\/wp-up\/2016\/10\/20161022_150014-1-282x500.jpg 282w, https:\/\/www.feuerwehr-brilon.de\/wp-up\/2016\/10\/20161022_150014-1.jpg 338w\" sizes=\"auto, (max-width: 85px) 100vw, 85px\" \/><\/a><\/p>\n<p><a rel=\"lightbox\" href=\"http:\/\/www.feuerwehr-brilon.de\/wp-up\/2016\/10\/20161022_145632-1.jpg\"><img loading=\"lazy\" decoding=\"async\" src=\"http:\/\/www.feuerwehr-brilon.de\/wp-up\/2016\/10\/20161022_145632-1-85x150.jpg\" alt=\"20161022_145632-1\" width=\"85\" height=\"150\" class=\"alignleft size-thumbnail wp-image-14042\" srcset=\"https:\/\/www.feuerwehr-brilon.de\/wp-up\/2016\/10\/20161022_145632-1-85x150.jpg 85w, https:\/\/www.feuerwehr-brilon.de\/wp-up\/2016\/10\/20161022_145632-1-282x500.jpg 282w, https:\/\/www.feuerwehr-brilon.de\/wp-up\/2016\/10\/20161022_145632-1.jpg 338w\" sizes=\"auto, (max-width: 85px) 100vw, 85px\" \/><\/a><\/p>\n<p><a rel=\"lightbox\" href=\"http:\/\/www.feuerwehr-brilon.de\/wp-up\/2016\/10\/20161022_143247-1.jpg\"><img loading=\"lazy\" decoding=\"async\" src=\"http:\/\/www.feuerwehr-brilon.de\/wp-up\/2016\/10\/20161022_143247-1-85x150.jpg\" alt=\"20161022_143247-1\" width=\"85\" height=\"150\" class=\"alignleft size-thumbnail wp-image-14041\" srcset=\"https:\/\/www.feuerwehr-brilon.de\/wp-up\/2016\/10\/20161022_143247-1-85x150.jpg 85w, https:\/\/www.feuerwehr-brilon.de\/wp-up\/2016\/10\/20161022_143247-1-282x500.jpg 282w, https:\/\/www.feuerwehr-brilon.de\/wp-up\/2016\/10\/20161022_143247-1.jpg 338w\" sizes=\"auto, (max-width: 85px) 100vw, 85px\" \/><\/a><\/p>\n<p><a rel=\"lightbox\" href=\"http:\/\/www.feuerwehr-brilon.de\/wp-up\/2016\/10\/20161022_142928-1.jpg\"><img loading=\"lazy\" decoding=\"async\" src=\"http:\/\/www.feuerwehr-brilon.de\/wp-up\/2016\/10\/20161022_142928-1-85x150.jpg\" alt=\"20161022_142928-1\" width=\"85\" height=\"150\" class=\"alignleft size-thumbnail wp-image-14039\" srcset=\"https:\/\/www.feuerwehr-brilon.de\/wp-up\/2016\/10\/20161022_142928-1-85x150.jpg 85w, https:\/\/www.feuerwehr-brilon.de\/wp-up\/2016\/10\/20161022_142928-1-282x500.jpg 282w, https:\/\/www.feuerwehr-brilon.de\/wp-up\/2016\/10\/20161022_142928-1.jpg 338w\" sizes=\"auto, (max-width: 85px) 100vw, 85px\" \/><\/a><\/p>\n<p><a rel=\"lightbox\" href=\"http:\/\/www.feuerwehr-brilon.de\/wp-up\/2016\/10\/20161022_162559-1.jpg\"><img loading=\"lazy\" decoding=\"async\" src=\"http:\/\/www.feuerwehr-brilon.de\/wp-up\/2016\/10\/20161022_162559-1-150x84.jpg\" alt=\"20161022_162559-1\" width=\"150\" height=\"84\" class=\"alignleft size-thumbnail wp-image-14037\" srcset=\"https:\/\/www.feuerwehr-brilon.de\/wp-up\/2016\/10\/20161022_162559-1-150x84.jpg 150w, https:\/\/www.feuerwehr-brilon.de\/wp-up\/2016\/10\/20161022_162559-1-500x281.jpg 500w, https:\/\/www.feuerwehr-brilon.de\/wp-up\/2016\/10\/20161022_162559-1.jpg 800w\" sizes=\"auto, (max-width: 150px) 100vw, 150px\" \/><\/a><\/p>\n<p><a rel=\"lightbox\" href=\"http:\/\/www.feuerwehr-brilon.de\/wp-up\/2016\/10\/\u00dcbung-Amtsgericht-6-1.jpg\"><img loading=\"lazy\" decoding=\"async\" src=\"http:\/\/www.feuerwehr-brilon.de\/wp-up\/2016\/10\/\u00dcbung-Amtsgericht-6-1-150x84.jpg\" alt=\"uebung-amtsgericht-6-1\" width=\"150\" height=\"84\" class=\"alignleft size-thumbnail wp-image-14040\" srcset=\"https:\/\/www.feuerwehr-brilon.de\/wp-up\/2016\/10\/\u00dcbung-Amtsgericht-6-1-150x84.jpg 150w, https:\/\/www.feuerwehr-brilon.de\/wp-up\/2016\/10\/\u00dcbung-Amtsgericht-6-1-500x281.jpg 500w, https:\/\/www.feuerwehr-brilon.de\/wp-up\/2016\/10\/\u00dcbung-Amtsgericht-6-1.jpg 800w\" sizes=\"auto, (max-width: 150px) 100vw, 150px\" \/><\/a><\/p>\n<p><a rel=\"lightbox\" href=\"http:\/\/www.feuerwehr-brilon.de\/wp-up\/2016\/10\/20161022_154203-1.jpg\"><img loading=\"lazy\" decoding=\"async\" src=\"http:\/\/www.feuerwehr-brilon.de\/wp-up\/2016\/10\/20161022_154203-1-150x84.jpg\" alt=\"20161022_154203-1\" width=\"150\" height=\"84\" class=\"alignleft size-thumbnail wp-image-14046\" srcset=\"https:\/\/www.feuerwehr-brilon.de\/wp-up\/2016\/10\/20161022_154203-1-150x84.jpg 150w, https:\/\/www.feuerwehr-brilon.de\/wp-up\/2016\/10\/20161022_154203-1-500x281.jpg 500w, https:\/\/www.feuerwehr-brilon.de\/wp-up\/2016\/10\/20161022_154203-1.jpg 800w\" sizes=\"auto, (max-width: 150px) 100vw, 150px\" \/><\/a><\/p>\n<p><a rel=\"lightbox\" href=\"http:\/\/www.feuerwehr-brilon.de\/wp-up\/2016\/10\/20161022_171422-1.jpg\"><img loading=\"lazy\" decoding=\"async\" src=\"http:\/\/www.feuerwehr-brilon.de\/wp-up\/2016\/10\/20161022_171422-1-150x84.jpg\" alt=\"20161022_171422-1\" width=\"150\" height=\"84\" class=\"alignleft size-thumbnail wp-image-14038\" srcset=\"https:\/\/www.feuerwehr-brilon.de\/wp-up\/2016\/10\/20161022_171422-1-150x84.jpg 150w, https:\/\/www.feuerwehr-brilon.de\/wp-up\/2016\/10\/20161022_171422-1-500x281.jpg 500w, https:\/\/www.feuerwehr-brilon.de\/wp-up\/2016\/10\/20161022_171422-1.jpg 800w\" sizes=\"auto, (max-width: 150px) 100vw, 150px\" \/><\/a><\/p>\n","protected":false},"excerpt":{"rendered":"<p>Brilon. Eine unbekannte Fl\u00fcssigkeit war im Treppenhaus des Amtsgerichtes versch\u00fcttet worden. Mehrere Personen in den beiden Gerichtss\u00e4len klagten \u00fcber Schwindel und Atembeschwerden. Eine unbekannte Anzahl Personen wurde noch im Hauptgeb\u00e4ude vermisst.<\/p>\n","protected":false},"author":8,"featured_media":0,"comment_status":"closed","ping_status":"closed","sticky":false,"template":"","format":"standard","meta":{"_exactmetrics_skip_tracking":false,"_exactmetrics_sitenote_active":false,"_exactmetrics_sitenote_note":"","_exactmetrics_sitenote_category":0,"jetpack_post_was_ever_published":false,"_jetpack_newsletter_access":"","_jetpack_dont_email_post_to_subs":false,"_jetpack_newsletter_tier_id":0,"_jetpack_memberships_contains_paywalled_content":false,"_jetpack_memberships_contains_paid_content":false,"footnotes":""},"categories":[202],"tags":[195,37,44,52,36,38,198,178],"class_list":["post-14034","post","type-post","status-publish","format-standard","hentry","category-meldungen-2016","tag-ausbildung","tag-brilon","tag-dl-2312-gl","tag-elw","tag-geratewagen","tag-hlf-2414s","tag-lf-1612","tag-tlf-4000"],"jetpack_featured_media_url":"","jetpack_shortlink":"https:\/\/wp.me\/pCIJa-3Em","jetpack_sharing_enabled":true,"jetpack-related-posts":[{"id":11146,"url":"https:\/\/www.feuerwehr-brilon.de\/?p=11146","url_meta":{"origin":14034,"position":0},"title":"Herbstabschluss\u00fcbung beim L\u00f6schzug Brilon","author":"Andreas Becker","date":"13. November 2014","format":false,"excerpt":"Brilon. Zum letzten \u00dcbungsabend des Jahres \u201eim Freien\u201c traf sich der L\u00f6schzug und das DRK Brilon am letzten Freitag im Oktober. Nachdem die Fahrzeuge besetzt und das \u00dcbungsobjekt bekannt waren, begab sich der Verband in Marsch in Richtung \u201eVolksbank Center\u201c. Dort hatte die automatische Brandmelderanlage ausgel\u00f6st. Am \u00dcbungsobjekt machten schon\u2026","rel":"","context":"In &quot;Meldungen 2014&quot;","block_context":{"text":"Meldungen 2014","link":"https:\/\/www.feuerwehr-brilon.de\/?cat=183"},"img":{"alt_text":"20141024_204652_LLS","src":"https:\/\/i0.wp.com\/www.feuerwehr-brilon.de\/wp-up\/2014\/10\/20141024_204652_LLS-150x112.jpg?resize=350%2C200","width":350,"height":200},"classes":[]},{"id":5753,"url":"https:\/\/www.feuerwehr-brilon.de\/?p=5753","url_meta":{"origin":14034,"position":1},"title":"Gemeinsame Herbstabschlu\u00df\u00fcbung der Briloner Feuerwehren","author":"Andreas Becker","date":"23. Oktober 2011","format":false,"excerpt":"Am 15.10. f\u00fchrten alle Einheiten der Feuerwehr der Stadt Brilon eine gemeinsame \u00dcbung auf dem Firmengel\u00e4nde der Fa. Egger durch. Angenommene Lage war ein Feuer in einer der Produktionshallen, bei dem insgesamt 14 Mitarbeiter vermisst werden. Nach dem sich die Einheiten an zwei verschiedenen Standorten, in sogenannten Bereitstellungsr\u00e4umen gesammelt hatten,\u2026","rel":"","context":"In &quot;Meldungen 2011&quot;","block_context":{"text":"Meldungen 2011","link":"https:\/\/www.feuerwehr-brilon.de\/?cat=133"},"img":{"alt_text":"","src":"https:\/\/i0.wp.com\/www.feuerwehr-brilon.de\/wp-up\/2011\/10\/PA150033-150x112.jpg?resize=350%2C200&ssl=1","width":350,"height":200},"classes":[]},{"id":3156,"url":"https:\/\/www.feuerwehr-brilon.de\/?p=3156","url_meta":{"origin":14034,"position":2},"title":"Herbstabschluss\u00fcbung des Lz Brilon","author":"Andreas Becker","date":"26. Oktober 2010","format":false,"excerpt":"Am Samstag den 23.10.2010 f\u00fchrte der L\u00f6schzug Brilon an der Heinrich-L\u00fcbke-Schule im Schulzentrum seine diesj\u00e4hrige Herbstabschluss\u00fcbung durch. F\u00fcr den Einsatzleiter stellte sich die Lage nach Eintreffen der ersten Kr\u00e4fte wie folgt dar. Der Hausmeister der Schule meldete, dass au\u00dferhalb der Schulzeit bei Reinigungsarbeiten ein Beh\u00e4lter mit einer ihm unbekannten Fl\u00fcssigkeit\u2026","rel":"","context":"In &quot;Meldungen 2010&quot;","block_context":{"text":"Meldungen 2010","link":"https:\/\/www.feuerwehr-brilon.de\/?cat=34"},"img":{"alt_text":"23.10.2010 - Kaminbrand_Petersborn","src":"https:\/\/i0.wp.com\/www.feuerwehr-brilon.de\/wp-up\/2010\/10\/23.10.2010-Kaminbrand_Petersborn-125x93.jpg?resize=350%2C200","width":350,"height":200},"classes":[]},{"id":384,"url":"https:\/\/www.feuerwehr-brilon.de\/?p=384","url_meta":{"origin":14034,"position":3},"title":"Herbstabschlu\u00df\u00fcbung auf dem \u00dcbungsgel\u00e4nde St\u00f6ckerbusch","author":"Marc Heines","date":"11. Oktober 2008","format":false,"excerpt":"Am 11.10.08 trafen sich der L\u00f6schzug Brilon und die L\u00f6schgruppe Alme zur gemeinsamen Herbstabschluss\u00fcbung. Die \u00dcbung begann mit einer Fahrt nach Koordinaten. Jedes Fahrzeug bekam dazu Koordinaten mit dem n\u00e4chsten Ziel und musste selbst\u00e4ndig den Zielort anfahren. Als n\u00e4chstes Ziel wurden dann alle Fahrzeuge in einem Sammelplatz zusammengef\u00fchrt. Von da\u2026","rel":"","context":"In &quot;Meldungen 2008&quot;","block_context":{"text":"Meldungen 2008","link":"https:\/\/www.feuerwehr-brilon.de\/?cat=4"},"img":{"alt_text":"","src":"https:\/\/i0.wp.com\/www.feuerwehr-brilon.de\/wp-up\/2008\/10\/herstabschlusubung-buren-111008-018.jpg?resize=350%2C200&ssl=1","width":350,"height":200},"classes":[]},{"id":5528,"url":"https:\/\/www.feuerwehr-brilon.de\/?p=5528","url_meta":{"origin":14034,"position":4},"title":"24 Stunden \u00dcbung der JFw Brilon","author":"Andreas Becker","date":"14. September 2011","format":false,"excerpt":"Am letzten Wochenende im August veranstaltete die JFw des L\u00f6schzuges Brilon wieder eine 24 h \u00dcbung. Bei dieser \u00dcbung wird der Alltag einer Berufsfeuerwehr nachgestellt. Neben theoretischer und praktischer Ausbildung wurde der \u201eAlltag\u201c immer wieder durch Eins\u00e4tze unterbrochen, die der Feuerwehrnachwuchs bew\u00e4ltigen musste. So mussten Personen aus Sch\u00e4chten und \u00fcber\u2026","rel":"","context":"In &quot;Meldungen 2011&quot;","block_context":{"text":"Meldungen 2011","link":"https:\/\/www.feuerwehr-brilon.de\/?cat=133"},"img":{"alt_text":"","src":"https:\/\/i0.wp.com\/www.feuerwehr-brilon.de\/wp-up\/2011\/09\/Schaum1-150x89.jpg?resize=350%2C200&ssl=1","width":350,"height":200},"classes":[]},{"id":30526,"url":"https:\/\/www.feuerwehr-brilon.de\/?p=30526","url_meta":{"origin":14034,"position":5},"title":"Brand eines Radladers im Briloner Industriegebiet","author":"Marcus Bange","date":"18. Dezember 2022","format":false,"excerpt":"Brilon. Die Briloner Feuerwehr hat am Sonntagmorgen (18.12.2022) einen brennenden Radlader in einem Industriebetrieb Im Kissen gel\u00f6scht. Dort war gegen 5.10 Uhr eine Arbeitsmaschine an der Hackschnitzelaufgabe in Brand geraten. Das Feuer wurde zun\u00e4chst durch Werksangeh\u00f6rige einged\u00e4mmt. Die Feuerwehr l\u00f6schte den Brand dann unter Einsatz von schwerem Atemschutz mit einer\u2026","rel":"","context":"In &quot;Eins\u00e4tze 2022&quot;","block_context":{"text":"Eins\u00e4tze 2022","link":"https:\/\/www.feuerwehr-brilon.de\/?cat=288"},"img":{"alt_text":"","src":"https:\/\/i0.wp.com\/www.feuerwehr-brilon.de\/wp-up\/2022\/12\/Brand-Radlader-1.jpg?resize=350%2C200&ssl=1","width":350,"height":200,"srcset":"https:\/\/i0.wp.com\/www.feuerwehr-brilon.de\/wp-up\/2022\/12\/Brand-Radlader-1.jpg?resize=350%2C200&ssl=1 1x, https:\/\/i0.wp.com\/www.feuerwehr-brilon.de\/wp-up\/2022\/12\/Brand-Radlader-1.jpg?resize=525%2C300&ssl=1 1.5x, https:\/\/i0.wp.com\/www.feuerwehr-brilon.de\/wp-up\/2022\/12\/Brand-Radlader-1.jpg?resize=700%2C400&ssl=1 2x"},"classes":[]}],"_links":{"self":[{"href":"https:\/\/www.feuerwehr-brilon.de\/index.php?rest_route=\/wp\/v2\/posts\/14034","targetHints":{"allow":["GET"]}}],"collection":[{"href":"https:\/\/www.feuerwehr-brilon.de\/index.php?rest_route=\/wp\/v2\/posts"}],"about":[{"href":"https:\/\/www.feuerwehr-brilon.de\/index.php?rest_route=\/wp\/v2\/types\/post"}],"author":[{"embeddable":true,"href":"https:\/\/www.feuerwehr-brilon.de\/index.php?rest_route=\/wp\/v2\/users\/8"}],"replies":[{"embeddable":true,"href":"https:\/\/www.feuerwehr-brilon.de\/index.php?rest_route=%2Fwp%2Fv2%2Fcomments&post=14034"}],"version-history":[{"count":3,"href":"https:\/\/www.feuerwehr-brilon.de\/index.php?rest_route=\/wp\/v2\/posts\/14034\/revisions"}],"predecessor-version":[{"id":14056,"href":"https:\/\/www.feuerwehr-brilon.de\/index.php?rest_route=\/wp\/v2\/posts\/14034\/revisions\/14056"}],"wp:attachment":[{"href":"https:\/\/www.feuerwehr-brilon.de\/index.php?rest_route=%2Fwp%2Fv2%2Fmedia&parent=14034"}],"wp:term":[{"taxonomy":"category","embeddable":true,"href":"https:\/\/www.feuerwehr-brilon.de\/index.php?rest_route=%2Fwp%2Fv2%2Fcategories&post=14034"},{"taxonomy":"post_tag","embeddable":true,"href":"https:\/\/www.feuerwehr-brilon.de\/index.php?rest_route=%2Fwp%2Fv2%2Ftags&post=14034"}],"curies":[{"name":"wp","href":"https:\/\/api.w.org\/{rel}","templated":true}]}}