{"id":14064,"date":"2016-11-02T21:09:21","date_gmt":"2016-11-02T19:09:21","guid":{"rendered":"http:\/\/www.feuerwehr-brilon.de\/?p=14064"},"modified":"2016-11-04T12:01:06","modified_gmt":"2016-11-04T10:01:06","slug":"zwei-schwerverletzte-aus-pkw-befreit","status":"publish","type":"post","link":"https:\/\/www.feuerwehr-brilon.de\/?p=14064","title":{"rendered":"Zwei Schwerverletzte aus PKW befreit"},"content":{"rendered":"<p><a href=\"http:\/\/www.feuerwehr-brilon.de\/?p=140648\"><img loading=\"lazy\" decoding=\"async\" src=\"http:\/\/www.feuerwehr-brilon.de\/wp-up\/2016\/11\/20161102_170037-1-150x84.jpg\" alt=\"20161102_170037-1\" width=\"150\" height=\"84\" class=\"alignleft size-thumbnail wp-image-14066\" srcset=\"https:\/\/www.feuerwehr-brilon.de\/wp-up\/2016\/11\/20161102_170037-1-150x84.jpg 150w, https:\/\/www.feuerwehr-brilon.de\/wp-up\/2016\/11\/20161102_170037-1-500x281.jpg 500w, https:\/\/www.feuerwehr-brilon.de\/wp-up\/2016\/11\/20161102_170037-1.jpg 800w\" sizes=\"auto, (max-width: 150px) 100vw, 150px\" \/><\/a><a title=\"Brilon\" href=\"http:\/\/www.feuerwehr-brilon.de\/?page_id=7\" target=\"_blank\">Brilon. <\/a>Zu einem schweren  Verkehrsunfall mit vier Verletzten wurde der L\u00f6schzug Brilon heute Nachmittag (2.11.) um 16:40 Uhr alarmiert. Auf der B7 in H\u00f6he der Br\u00fccke \u00fcber dem Nehdener Weg waren zwei Fahrzeuge kollidiert. Dabei wurden Fahrer und Beifahrerin eines beteiligten PKW eingeklemmt. Sie mussten mit hydraulischem Rettungsger\u00e4t befreit werden.<!--more--><\/p>\n<p>Eine dritte Mitfahrerin, sowie der Fahrer des zweiten Fahrzeugs, konnten leicht verletzt gerettet werden. Sie wurden durch den Rettungsdienst in umliegende Krankenh\u00e4user transportiert. Die beiden Schwerverletzten wurden mittels Rettungshubschrauber (aus Bochum und Gie\u00dfen) in eine Bochumer Klinik geflogen.<\/p>\n<p>Im Anschluss an die Rettungsarbeiten wurde die Landestelle f\u00fcr die beiden Rettungshubschrauber ausgeleuchtet und ausgelaufene Betriebsstoffe abgebunden.<\/p>\n<p>Gegen 20 Uhr war der Einsatz f\u00fcr die 25 Feuerwehrm\u00e4nner beendet. <\/p>\n<p>\u00dcber Ursache und H\u00f6he des Schadens liegen der Feuerwehr keine Angaben vor.<\/p>\n<p style=\"border-color: #696969; border-width: 2px; border-style: solid; padding: 4px;\"><strong>Eingesetzte Einheiten:<\/strong><br \/>\n<a href=\"http:\/\/www.feuerwehr-brilon.de\/?page_id=7\"><img loading=\"lazy\" decoding=\"async\" class=\"alignnone\" title=\"lz brilon\" src=\"http:\/\/www.feuerwehr-brilon.de\/images\/einsatz_details\/lz_brilon.jpg\" alt=\"\" width=\"110\" height=\"31\" \/><\/a><\/p>\n<p style=\"border-color: #696969; border-width: 2px; border-style: solid; padding: 4px;\"><strong>Eingesetzte Fahrzeuge:<\/strong><br \/>\n<a href=\"http:\/\/www.feuerwehr-brilon.de\/?page_id=749\"><img loading=\"lazy\" decoding=\"async\" class=\"alignnone\" src=\"http:\/\/www.feuerwehr-brilon.de\/images\/einsatz_details\/051101.jpg\" alt=\"\" width=\"110\" height=\"31\" \/><\/a><a href=\"http:\/\/www.feuerwehr-brilon.de\/?page_id=755\"><img loading=\"lazy\" decoding=\"async\" class=\"alignnone\" src=\"http:\/\/www.feuerwehr-brilon.de\/images\/einsatz_details\/054401.jpg\" alt=\"\" width=\"110\" height=\"31\" \/><\/a><a href=\"http:\/\/www.feuerwehr-brilon.de\/?page_id=802\"><img loading=\"lazy\" decoding=\"async\" class=\"alignnone\" src=\"http:\/\/www.feuerwehr-brilon.de\/images\/einsatz_details\/054901.jpg\" alt=\"\" width=\"110\" height=\"31\" \/><\/a><a href=\"http:\/\/www.feuerwehr-brilon.de\/?page_id=11756\"><img loading=\"lazy\" decoding=\"async\" class=\"alignnone\" src=\"http:\/\/www.feuerwehr-brilon.de\/images\/einsatz_details\/gwl2.jpg\" alt=\"\" width=\"110\" height=\"31\" \/><\/a><\/p>\n<p><strong>Bilder:<\/strong><br \/>\n<a href=\"http:\/\/www.feuerwehr-brilon.de\/wp-up\/2016\/11\/20161102_170037-1.jpg\"rel=\"lightbox\"><img loading=\"lazy\" decoding=\"async\" src=\"http:\/\/www.feuerwehr-brilon.de\/wp-up\/2016\/11\/20161102_170037-1-150x84.jpg\" alt=\"20161102_170037-1\" width=\"150\" height=\"84\" class=\"alignleft size-thumbnail wp-image-14066\" srcset=\"https:\/\/www.feuerwehr-brilon.de\/wp-up\/2016\/11\/20161102_170037-1-150x84.jpg 150w, https:\/\/www.feuerwehr-brilon.de\/wp-up\/2016\/11\/20161102_170037-1-500x281.jpg 500w, https:\/\/www.feuerwehr-brilon.de\/wp-up\/2016\/11\/20161102_170037-1.jpg 800w\" sizes=\"auto, (max-width: 150px) 100vw, 150px\" \/><\/a><a\n\n<a href=\"http:\/\/www.feuerwehr-brilon.de\/wp-up\/2016\/11\/VU-B-7-Ostring-2.jpg\"rel=\"lightbox\"><img loading=\"lazy\" decoding=\"async\" src=\"http:\/\/www.feuerwehr-brilon.de\/wp-up\/2016\/11\/VU-B-7-Ostring-2-150x84.jpg\" alt=\"vu-b-7-ostring-2\" width=\"150\" height=\"84\" class=\"alignleft size-thumbnail wp-image-14071\" srcset=\"https:\/\/www.feuerwehr-brilon.de\/wp-up\/2016\/11\/VU-B-7-Ostring-2-150x84.jpg 150w, https:\/\/www.feuerwehr-brilon.de\/wp-up\/2016\/11\/VU-B-7-Ostring-2-500x281.jpg 500w, https:\/\/www.feuerwehr-brilon.de\/wp-up\/2016\/11\/VU-B-7-Ostring-2.jpg 800w\" sizes=\"auto, (max-width: 150px) 100vw, 150px\" \/><\/a><a\n\n<a href=\"http:\/\/www.feuerwehr-brilon.de\/wp-up\/2016\/11\/VU-B-7-Ostring-3.jpg\"rel=\"lightbox\"><img loading=\"lazy\" decoding=\"async\" src=\"http:\/\/www.feuerwehr-brilon.de\/wp-up\/2016\/11\/VU-B-7-Ostring-3-150x84.jpg\" alt=\"vu-b-7-ostring-3\" width=\"150\" height=\"84\" class=\"alignleft size-thumbnail wp-image-14072\" srcset=\"https:\/\/www.feuerwehr-brilon.de\/wp-up\/2016\/11\/VU-B-7-Ostring-3-150x84.jpg 150w, https:\/\/www.feuerwehr-brilon.de\/wp-up\/2016\/11\/VU-B-7-Ostring-3-500x281.jpg 500w, https:\/\/www.feuerwehr-brilon.de\/wp-up\/2016\/11\/VU-B-7-Ostring-3.jpg 800w\" sizes=\"auto, (max-width: 150px) 100vw, 150px\" \/><\/a><a\n\n<a href=\"http:\/\/www.feuerwehr-brilon.de\/wp-up\/2016\/11\/VU-B-7-Ostring-4.jpg\"rel=\"lightbox\"><img loading=\"lazy\" decoding=\"async\" src=\"http:\/\/www.feuerwehr-brilon.de\/wp-up\/2016\/11\/VU-B-7-Ostring-4-150x84.jpg\"alt=\"vu-b-7-ostring-4\" width=\"150\" height=\"84\" class=\"alignleft size-thumbnail wp-image-14073\" srcset=\"https:\/\/www.feuerwehr-brilon.de\/wp-up\/2016\/11\/VU-B-7-Ostring-4-150x84.jpg 150w, https:\/\/www.feuerwehr-brilon.de\/wp-up\/2016\/11\/VU-B-7-Ostring-4-500x281.jpg 500w, https:\/\/www.feuerwehr-brilon.de\/wp-up\/2016\/11\/VU-B-7-Ostring-4.jpg 800w\" sizes=\"auto, (max-width: 150px) 100vw, 150px\" \/><\/a><a\n\n<a href=\"http:\/\/www.feuerwehr-brilon.de\/wp-up\/2016\/11\/VU-B-7-Ostring-5.jpg\"rel=\"lightbox\"><img loading=\"lazy\" decoding=\"async\" src=\"http:\/\/www.feuerwehr-brilon.de\/wp-up\/2016\/11\/VU-B-7-Ostring-5-150x84.jpg\"alt=\"vu-b-7-ostring-5\" width=\"150\" height=\"84\" class=\"alignleft size-thumbnail wp-image-14074\" srcset=\"https:\/\/www.feuerwehr-brilon.de\/wp-up\/2016\/11\/VU-B-7-Ostring-5-150x84.jpg 150w, https:\/\/www.feuerwehr-brilon.de\/wp-up\/2016\/11\/VU-B-7-Ostring-5-500x281.jpg 500w, https:\/\/www.feuerwehr-brilon.de\/wp-up\/2016\/11\/VU-B-7-Ostring-5.jpg 800w\" sizes=\"auto, (max-width: 150px) 100vw, 150px\" \/><\/a><\/p>\n","protected":false},"excerpt":{"rendered":"<p>Brilon. Zu einem schweren Verkehrsunfall mit vier Verletzten wurde der L\u00f6schzug Brilon heute Nachmittag (2.11.) um 16:40 Uhr alarmiert. Auf der B7 in H\u00f6he der Br\u00fccke \u00fcber dem Nehdener Weg waren zwei Fahrzeuge kollidiert. Dabei wurden Fahrer und Beifahrerin eines beteiligten PKW eingeklemmt. Sie mussten mit hydraulischem Rettungsger\u00e4t befreit werden.<\/p>\n","protected":false},"author":8,"featured_media":0,"comment_status":"closed","ping_status":"closed","sticky":false,"template":"","format":"standard","meta":{"_exactmetrics_skip_tracking":false,"_exactmetrics_sitenote_active":false,"_exactmetrics_sitenote_note":"","_exactmetrics_sitenote_category":0,"jetpack_post_was_ever_published":false,"_jetpack_newsletter_access":"","_jetpack_dont_email_post_to_subs":false,"_jetpack_newsletter_tier_id":0,"_jetpack_memberships_contains_paywalled_content":false,"_jetpack_memberships_contains_paid_content":false,"footnotes":""},"categories":[201],"tags":[37,52,36,38,198,199],"class_list":["post-14064","post","type-post","status-publish","format-standard","hentry","category-einsaetze-2016","tag-brilon","tag-elw","tag-geratewagen","tag-hlf-2414s","tag-lf-1612","tag-verkehrsunfall"],"jetpack_featured_media_url":"","jetpack_shortlink":"https:\/\/wp.me\/pCIJa-3EQ","jetpack_sharing_enabled":true,"jetpack-related-posts":[{"id":31981,"url":"https:\/\/www.feuerwehr-brilon.de\/?p=31981","url_meta":{"origin":14064,"position":0},"title":"Verkehrsunfall auf der B 7 bei Th\u00fclen","author":"Marcus Bange","date":"11. Januar 2024","format":false,"excerpt":"Th\u00fclen. Die Feuerwehr Brilon hat am Donnerstagnachmittag (11.01.2024) bei einem Verkehrsunfall auf der B 7 in H\u00f6he Th\u00fclen zwei Personen aus ihrem Fahrzeug befreit. Nach Polizeiangaben wollten gegen 12:50 Uhr zwei PKW einen LKW \u00fcberholen und kollidierten beim Ausscheren miteinander und teilweise mit dem Lkw und einem Baum. Ein PKW\u2026","rel":"","context":"In &quot;Eins\u00e4tze 2024&quot;","block_context":{"text":"Eins\u00e4tze 2024","link":"https:\/\/www.feuerwehr-brilon.de\/?cat=360"},"img":{"alt_text":"","src":"https:\/\/i0.wp.com\/www.feuerwehr-brilon.de\/wp-up\/2024\/01\/VU-B-7-1.jpg?resize=350%2C200&ssl=1","width":350,"height":200,"srcset":"https:\/\/i0.wp.com\/www.feuerwehr-brilon.de\/wp-up\/2024\/01\/VU-B-7-1.jpg?resize=350%2C200&ssl=1 1x, https:\/\/i0.wp.com\/www.feuerwehr-brilon.de\/wp-up\/2024\/01\/VU-B-7-1.jpg?resize=525%2C300&ssl=1 1.5x, https:\/\/i0.wp.com\/www.feuerwehr-brilon.de\/wp-up\/2024\/01\/VU-B-7-1.jpg?resize=700%2C400&ssl=1 2x"},"classes":[]},{"id":2219,"url":"https:\/\/www.feuerwehr-brilon.de\/?p=2219","url_meta":{"origin":14064,"position":1},"title":"Verkehrsunfall auf der B 7","author":"Marc Heines","date":"15. Februar 2010","format":false,"excerpt":"Der L\u00f6schzug Brilon hat heute zwei eingeklemmte Personen bei einem Verkehrsunfall befreit. Ein 55 j\u00e4hriger PKW-Fahrer war gegen 9.50 Uhr auf der B 7 in H\u00f6he Balgert frontal mit einem LKW zusammengesto\u00dfen. Dabei wurden er und sein 27-j\u00e4hriger Sohn im Fahrzeug eingeklemmt. Beide konnten schwer verletzt mit hydraulischen Rettungsger\u00e4t nach\u2026","rel":"","context":"In &quot;Eins\u00e4tze 2010&quot;","block_context":{"text":"Eins\u00e4tze 2010","link":"https:\/\/www.feuerwehr-brilon.de\/?cat=33"},"img":{"alt_text":"VU B 7 Balgert_i","src":"https:\/\/i0.wp.com\/www.feuerwehr-brilon.de\/wp-up\/2010\/02\/VU-B-7-Balgert_i-125x93.jpg?resize=350%2C200","width":350,"height":200},"classes":[]},{"id":14522,"url":"https:\/\/www.feuerwehr-brilon.de\/?p=14522","url_meta":{"origin":14064,"position":2},"title":"Schwerverletzten Fahrer aus PKW befreit","author":"Andreas Becker","date":"19. Februar 2017","format":false,"excerpt":"Brilon. Bei einem schweren Verkehrsunfall sind am fr\u00fchen Sonntagmorgen (19.2.) f\u00fcnf Personen zum Teil schwer verletzt worden. Auf der Umgehungsstra\u00dfe in H\u00f6he des Abzweig M\u00fchlenweg, waren drei PKW kollidiert. Bei dem Zusammensto\u00df wurde ein PKW Fahrer in seinem Fahrzeug eingeklemmt. Um 5.49 Uhr wurde der L\u00f6schzug Brilon alarmiert und r\u00fcckte\u2026","rel":"","context":"In &quot;Eins\u00e4tze 2017&quot;","block_context":{"text":"Eins\u00e4tze 2017","link":"https:\/\/www.feuerwehr-brilon.de\/?cat=205"},"img":{"alt_text":"","src":"https:\/\/i0.wp.com\/www.feuerwehr-brilon.de\/wp-up\/2017\/02\/IMG_7113-2-150x113.jpg?resize=350%2C200","width":350,"height":200},"classes":[]},{"id":10804,"url":"https:\/\/www.feuerwehr-brilon.de\/?p=10804","url_meta":{"origin":14064,"position":3},"title":"Erneut schwerer Verkehrsunfall","author":"Andreas Becker","date":"26. Juli 2014","format":false,"excerpt":"Alme. Zu einem schweren Verkehrsunfall mit Todesfolge, kam es am Samstagmorgen (26. Juli) gegen 9:30 Uhr auf der B480 bei Alme. Zwei PKW waren frontal zusammengesto\u00dfen und beide Fahrer wurden eingeklemmt. F\u00fcr einen der drei schwer Verletzten kam leider jede Hilfe zu sp\u00e4t. Er verstarb noch an der Unfallstelle. Die\u2026","rel":"","context":"In &quot;Eins\u00e4tze 2014&quot;","block_context":{"text":"Eins\u00e4tze 2014","link":"https:\/\/www.feuerwehr-brilon.de\/?cat=184"},"img":{"alt_text":"20140726_101217 (1)","src":"https:\/\/i0.wp.com\/www.feuerwehr-brilon.de\/wp-up\/2014\/07\/20140726_101217-1-150x112.jpg?resize=350%2C200","width":350,"height":200},"classes":[]},{"id":13635,"url":"https:\/\/www.feuerwehr-brilon.de\/?p=13635","url_meta":{"origin":14064,"position":4},"title":"Verkehrsunfall auf der B 7","author":"Marcus Bange","date":"6. Juli 2016","format":false,"excerpt":"Brilon. Die Feuerwehr Brilon hat am Mittwochmittag einen 76-j\u00e4hrigen PKW-Fahrer nach einem schweren Verkehrsunfall aus seinem Fahrzeug gerettet. Auf der B 7 an der Kreuzung Laurentiusstra\u00dfe waren gegen 12.15 Uhr zwei PKW zusammen gesto\u00dfen. Ein PKW st\u00fcrzte um. Nach Sicherung des Fahrzeuges wurde der Insasse mit hydraulischem Rettungsger\u00e4t aus dem\u2026","rel":"","context":"In &quot;Eins\u00e4tze 2016&quot;","block_context":{"text":"Eins\u00e4tze 2016","link":"https:\/\/www.feuerwehr-brilon.de\/?cat=201"},"img":{"alt_text":"VU B 7 R\u00f6senbeck 1","src":"https:\/\/i0.wp.com\/www.feuerwehr-brilon.de\/wp-up\/2016\/07\/VU-B-7-R%C3%B6senbeck-1-150x84.jpg?resize=350%2C200","width":350,"height":200},"classes":[]},{"id":32321,"url":"https:\/\/www.feuerwehr-brilon.de\/?p=32321","url_meta":{"origin":14064,"position":5},"title":"Verkehrsunfall am Rixener Kreuz","author":"Andreas Becker","date":"28. April 2024","format":false,"excerpt":"Brilon. Die Feuerwehren aus Scharfenberg, Altenb\u00fcren und Brilon wurden am Sonntagnachmittag (28.4.) zu einem schweren Verkehrsunfall am Rixener Kreuz auf der K57 alarmiert. Hier waren gegen kurz nach 17 Uhr zwei Autos kollidiert. Durch das sogenannte eCall Notrufsystem wurde aus einem der beiden PKW eine Meldung an die Leitstelle gesendet.\u2026","rel":"","context":"In &quot;Eins\u00e4tze 2024&quot;","block_context":{"text":"Eins\u00e4tze 2024","link":"https:\/\/www.feuerwehr-brilon.de\/?cat=360"},"img":{"alt_text":"","src":"https:\/\/i0.wp.com\/www.feuerwehr-brilon.de\/wp-up\/2024\/04\/IMG_0755_FB.jpg?resize=350%2C200&ssl=1","width":350,"height":200,"srcset":"https:\/\/i0.wp.com\/www.feuerwehr-brilon.de\/wp-up\/2024\/04\/IMG_0755_FB.jpg?resize=350%2C200&ssl=1 1x, https:\/\/i0.wp.com\/www.feuerwehr-brilon.de\/wp-up\/2024\/04\/IMG_0755_FB.jpg?resize=525%2C300&ssl=1 1.5x, https:\/\/i0.wp.com\/www.feuerwehr-brilon.de\/wp-up\/2024\/04\/IMG_0755_FB.jpg?resize=700%2C400&ssl=1 2x, https:\/\/i0.wp.com\/www.feuerwehr-brilon.de\/wp-up\/2024\/04\/IMG_0755_FB.jpg?resize=1050%2C600&ssl=1 3x"},"classes":[]}],"_links":{"self":[{"href":"https:\/\/www.feuerwehr-brilon.de\/index.php?rest_route=\/wp\/v2\/posts\/14064","targetHints":{"allow":["GET"]}}],"collection":[{"href":"https:\/\/www.feuerwehr-brilon.de\/index.php?rest_route=\/wp\/v2\/posts"}],"about":[{"href":"https:\/\/www.feuerwehr-brilon.de\/index.php?rest_route=\/wp\/v2\/types\/post"}],"author":[{"embeddable":true,"href":"https:\/\/www.feuerwehr-brilon.de\/index.php?rest_route=\/wp\/v2\/users\/8"}],"replies":[{"embeddable":true,"href":"https:\/\/www.feuerwehr-brilon.de\/index.php?rest_route=%2Fwp%2Fv2%2Fcomments&post=14064"}],"version-history":[{"count":3,"href":"https:\/\/www.feuerwehr-brilon.de\/index.php?rest_route=\/wp\/v2\/posts\/14064\/revisions"}],"predecessor-version":[{"id":14077,"href":"https:\/\/www.feuerwehr-brilon.de\/index.php?rest_route=\/wp\/v2\/posts\/14064\/revisions\/14077"}],"wp:attachment":[{"href":"https:\/\/www.feuerwehr-brilon.de\/index.php?rest_route=%2Fwp%2Fv2%2Fmedia&parent=14064"}],"wp:term":[{"taxonomy":"category","embeddable":true,"href":"https:\/\/www.feuerwehr-brilon.de\/index.php?rest_route=%2Fwp%2Fv2%2Fcategories&post=14064"},{"taxonomy":"post_tag","embeddable":true,"href":"https:\/\/www.feuerwehr-brilon.de\/index.php?rest_route=%2Fwp%2Fv2%2Ftags&post=14064"}],"curies":[{"name":"wp","href":"https:\/\/api.w.org\/{rel}","templated":true}]}}