{"id":14097,"date":"2016-11-17T18:25:20","date_gmt":"2016-11-17T17:25:20","guid":{"rendered":"http:\/\/www.feuerwehr-brilon.de\/?p=14097"},"modified":"2016-11-17T18:25:49","modified_gmt":"2016-11-17T17:25:49","slug":"verkehrsunfall-auf-der-b-7-hoehe-roesenbeck","status":"publish","type":"post","link":"https:\/\/www.feuerwehr-brilon.de\/?p=14097","title":{"rendered":"Verkehrsunfall auf der B 7 H\u00f6he R\u00f6senbeck"},"content":{"rendered":"<p><a href=\"http:\/\/www.feuerwehr-brilon.de\/?p=14097\"><img loading=\"lazy\" decoding=\"async\" class=\"alignleft size-thumbnail wp-image-14099\" src=\"http:\/\/www.feuerwehr-brilon.de\/wp-up\/2016\/11\/VU-B-7-R\u00f6senbeck-11-2016-II-1-150x84.jpg\" alt=\"vu-b-7-roesenbeck-11-2016-ii-1\" width=\"150\" height=\"84\" srcset=\"https:\/\/www.feuerwehr-brilon.de\/wp-up\/2016\/11\/VU-B-7-R\u00f6senbeck-11-2016-II-1-150x84.jpg 150w, https:\/\/www.feuerwehr-brilon.de\/wp-up\/2016\/11\/VU-B-7-R\u00f6senbeck-11-2016-II-1-500x281.jpg 500w, https:\/\/www.feuerwehr-brilon.de\/wp-up\/2016\/11\/VU-B-7-R\u00f6senbeck-11-2016-II-1.jpg 800w\" sizes=\"auto, (max-width: 150px) 100vw, 150px\" \/><\/a><a title=\"R\u00f6senbeck\" href=\"http:\/\/www.feuerwehr-brilon.de\/?page_id=21\" target=\"_blank\">R\u00f6senbeck. <\/a>Die Feuerwehr Brilon hat am Donnerstagmittag bei einem Verkehrsunfall auf der B 7 an der Kreuzung Laurentiusstra\u00dfe den Beifahrer eines Lieferfahrzeuges aus seinem Fahrzeug befreit. Dazu wurde die Windschutzscheibe des Fahrzeuges mit einer Spezials\u00e4ge entfernt.<\/p>\n<p><!--more--><\/p>\n<p style=\"text-align: justify;\">Der Lieferwagen war gegen 13.40 Uhr im Kreuzungsbereich mit einem PKW zusammen gesto\u00dfen und umgest\u00fcrzt. Der Fahrer des Lieferwagens konnte sich selbst befreien. Der Fahrer des PKW befand sich bei Eintreffen der Rettungskr\u00e4fte ebenfalls au\u00dferhalb des Fahrzeuges und konnte so direkt vom Rettungsdienst versorgt werden. Alle drei Unfallbeteiligten wurden vom Rettungsdienst in die Krankenh\u00e4user Brilon und Marsberg eingeliefert.<\/p>\n<p style=\"text-align: justify;\">Die L\u00f6schgruppen R\u00f6senbeck, Th\u00fclen und Madfeld sowie der L\u00f6schzug Brilon waren mit 28 Einsatzkr\u00e4ften rund 45 Minuten im Einsatz. Zu Unfallursache und Schadensh\u00f6he liegen der Feuerwehr keine Angaben vor.<\/p>\n<p style=\"padding: 4px; border: 2px solid #696969;\"><strong>Eingesetzte Einheiten:<\/strong><br \/>\n<a href=\"http:\/\/www.feuerwehr-brilon.de\/?page_id=7\"><img loading=\"lazy\" decoding=\"async\" class=\"alignnone\" title=\"lz brilon\" src=\"http:\/\/www.feuerwehr-brilon.de\/images\/einsatz_details\/lz_brilon.jpg\" alt=\"\" width=\"110\" height=\"31\" \/><\/a><a href=\"http:\/\/www.feuerwehr-brilon.de\/?page_id=21\"><img loading=\"lazy\" decoding=\"async\" class=\"alignnone\" title=\"lg r\u00f6senbeck\" src=\"http:\/\/www.feuerwehr-brilon.de\/images\/einsatz_details\/lg_roesenbeck.jpg\" alt=\"\" width=\"110\" height=\"31\" \/><\/a><a href=\"http:\/\/www.feuerwehr-brilon.de\/?page_id=50\"><img loading=\"lazy\" decoding=\"async\" class=\"alignnone\" title=\"lg madfeld\" src=\"http:\/\/www.feuerwehr-brilon.de\/images\/einsatz_details\/lg_madfeld.jpg\" alt=\"\" width=\"110\" height=\"31\" \/><\/a><a href=\"http:\/\/www.feuerwehr-brilon.de\/?page_id=30\"><img loading=\"lazy\" decoding=\"async\" class=\"alignnone\" title=\"lg th\u00fclen\" src=\"http:\/\/www.feuerwehr-brilon.de\/images\/einsatz_details\/lg_thuelen.jpg\" alt=\"\" width=\"110\" height=\"31\" \/><\/a><\/p>\n<p style=\"padding: 4px; border: 2px solid #696969;\"><strong>Eingesetzte Fahrzeuge:<\/strong><br \/>\n<a href=\"http:\/\/www.feuerwehr-brilon.de\/?page_id=749\"><img loading=\"lazy\" decoding=\"async\" class=\"alignnone\" src=\"http:\/\/www.feuerwehr-brilon.de\/images\/einsatz_details\/051101.jpg\" alt=\"\" width=\"110\" height=\"31\" \/><\/a><a href=\"http:\/\/www.feuerwehr-brilon.de\/?page_id=802\"><img loading=\"lazy\" decoding=\"async\" class=\"alignnone\" src=\"http:\/\/www.feuerwehr-brilon.de\/images\/einsatz_details\/054901.jpg\" alt=\"\" width=\"110\" height=\"31\" \/><\/a><a href=\"http:\/\/www.feuerwehr-brilon.de\/?page_id=7437\"><img loading=\"lazy\" decoding=\"async\" class=\"alignnone\" title=\"TSF\" src=\"http:\/\/www.feuerwehr-brilon.de\/images\/einsatz_details\/054706.jpg\" alt=\"\" width=\"110\" height=\"31\" \/><\/a><a href=\"http:\/\/www.feuerwehr-brilon.de\/?page_id=1335\"><img loading=\"lazy\" decoding=\"async\" class=\"alignnone\" title=\"LF8\" src=\"http:\/\/www.feuerwehr-brilon.de\/images\/einsatz_details\/054201.jpg\" alt=\"\" width=\"110\" height=\"31\" \/><\/a><a href=\"http:\/\/www.feuerwehr-brilon.de\/?page_id=817\"><img loading=\"lazy\" decoding=\"async\" class=\"alignnone\" title=\"StLF10\/6\" src=\"http:\/\/www.feuerwehr-brilon.de\/images\/einsatz_details\/054804.jpg\" alt=\"\" width=\"110\" height=\"31\" \/><\/a><\/p>\n<p><strong>Bilder:<\/strong><br \/>\n<a href=\"http:\/\/www.feuerwehr-brilon.de\/wp-up\/2016\/11\/VU-B-7-R\u00f6senbeck-11-2016-II-1.jpg\" rel=\"lightbox\"><img loading=\"lazy\" decoding=\"async\" class=\"alignleft size-thumbnail wp-image-14099\" src=\"http:\/\/www.feuerwehr-brilon.de\/wp-up\/2016\/11\/VU-B-7-R\u00f6senbeck-11-2016-II-1-150x84.jpg\" alt=\"vu-b-7-roesenbeck-11-2016-ii-1\" width=\"150\" height=\"84\" srcset=\"https:\/\/www.feuerwehr-brilon.de\/wp-up\/2016\/11\/VU-B-7-R\u00f6senbeck-11-2016-II-1-150x84.jpg 150w, https:\/\/www.feuerwehr-brilon.de\/wp-up\/2016\/11\/VU-B-7-R\u00f6senbeck-11-2016-II-1-500x281.jpg 500w, https:\/\/www.feuerwehr-brilon.de\/wp-up\/2016\/11\/VU-B-7-R\u00f6senbeck-11-2016-II-1.jpg 800w\" sizes=\"auto, (max-width: 150px) 100vw, 150px\" \/><\/a><a href=\"http:\/\/www.feuerwehr-brilon.de\/wp-up\/2016\/11\/VU-B-7-R\u00f6senbeck-11-2016-1.jpg\" rel=\"lightbox\"><img loading=\"lazy\" decoding=\"async\" class=\"alignleft size-thumbnail wp-image-14100\" src=\"http:\/\/www.feuerwehr-brilon.de\/wp-up\/2016\/11\/VU-B-7-R\u00f6senbeck-11-2016-1-150x84.jpg\" alt=\"vu-b-7-roesenbeck-11-2016-1\" width=\"150\" height=\"84\" srcset=\"https:\/\/www.feuerwehr-brilon.de\/wp-up\/2016\/11\/VU-B-7-R\u00f6senbeck-11-2016-1-150x84.jpg 150w, https:\/\/www.feuerwehr-brilon.de\/wp-up\/2016\/11\/VU-B-7-R\u00f6senbeck-11-2016-1-500x281.jpg 500w, https:\/\/www.feuerwehr-brilon.de\/wp-up\/2016\/11\/VU-B-7-R\u00f6senbeck-11-2016-1.jpg 800w\" sizes=\"auto, (max-width: 150px) 100vw, 150px\" \/><\/a><\/p>\n","protected":false},"excerpt":{"rendered":"<p>R\u00f6senbeck. Die Feuerwehr Brilon hat am Donnerstagmittag bei einem Verkehrsunfall auf der B 7 an der Kreuzung Laurentiusstra\u00dfe den Beifahrer eines Lieferfahrzeuges aus seinem Fahrzeug befreit. Dazu wurde die Windschutzscheibe des Fahrzeuges mit einer Spezials\u00e4ge entfernt.<\/p>\n","protected":false},"author":8,"featured_media":0,"comment_status":"closed","ping_status":"closed","sticky":false,"template":"","format":"standard","meta":{"_exactmetrics_skip_tracking":false,"_exactmetrics_sitenote_active":false,"_exactmetrics_sitenote_note":"","_exactmetrics_sitenote_category":0,"jetpack_post_was_ever_published":false,"_jetpack_newsletter_access":"","_jetpack_dont_email_post_to_subs":false,"_jetpack_newsletter_tier_id":0,"_jetpack_memberships_contains_paywalled_content":false,"_jetpack_memberships_contains_paid_content":false,"footnotes":""},"categories":[201],"tags":[37,38,53,56,49,42,199],"class_list":["post-14097","post","type-post","status-publish","format-standard","hentry","category-einsaetze-2016","tag-brilon","tag-hlf-2414s","tag-madfeld","tag-rosenbeck","tag-stlf-106","tag-thulen","tag-verkehrsunfall"],"jetpack_featured_media_url":"","jetpack_shortlink":"https:\/\/wp.me\/pCIJa-3Fn","jetpack_sharing_enabled":true,"jetpack-related-posts":[{"id":32910,"url":"https:\/\/www.feuerwehr-brilon.de\/?p=32910","url_meta":{"origin":14097,"position":0},"title":"Verkehrsunfall auf der Kreisstra\u00dfe 60 bei Th\u00fclen","author":"Marcus Bange","date":"22. Oktober 2024","format":false,"excerpt":"Th\u00fclen. Die Feuerwehr Brilon wurde am Dienstagmittag (22.10.2024, 12.16 Uhr) zu einem Verkehrsunfall auf die K 60 zwischen Th\u00fclen und Radlinghausen alarmiert. Dort war ein PKW Fahrer nach rechts von der Fahrbahn in den Seitengraben abgekommen und gegen einen Gittermast geprallt. Durch die Schr\u00e4glage des Fahrzeuges konnte die Fahrert\u00fcr nicht\u2026","rel":"","context":"In &quot;Eins\u00e4tze 2024&quot;","block_context":{"text":"Eins\u00e4tze 2024","link":"https:\/\/www.feuerwehr-brilon.de\/?cat=360"},"img":{"alt_text":"","src":"https:\/\/i0.wp.com\/www.feuerwehr-brilon.de\/wp-up\/2024\/10\/VU-K-60-Thuelen-1.jpg?resize=350%2C200&ssl=1","width":350,"height":200,"srcset":"https:\/\/i0.wp.com\/www.feuerwehr-brilon.de\/wp-up\/2024\/10\/VU-K-60-Thuelen-1.jpg?resize=350%2C200&ssl=1 1x, https:\/\/i0.wp.com\/www.feuerwehr-brilon.de\/wp-up\/2024\/10\/VU-K-60-Thuelen-1.jpg?resize=525%2C300&ssl=1 1.5x, https:\/\/i0.wp.com\/www.feuerwehr-brilon.de\/wp-up\/2024\/10\/VU-K-60-Thuelen-1.jpg?resize=700%2C400&ssl=1 2x"},"classes":[]},{"id":31981,"url":"https:\/\/www.feuerwehr-brilon.de\/?p=31981","url_meta":{"origin":14097,"position":1},"title":"Verkehrsunfall auf der B 7 bei Th\u00fclen","author":"Marcus Bange","date":"11. Januar 2024","format":false,"excerpt":"Th\u00fclen. Die Feuerwehr Brilon hat am Donnerstagnachmittag (11.01.2024) bei einem Verkehrsunfall auf der B 7 in H\u00f6he Th\u00fclen zwei Personen aus ihrem Fahrzeug befreit. Nach Polizeiangaben wollten gegen 12:50 Uhr zwei PKW einen LKW \u00fcberholen und kollidierten beim Ausscheren miteinander und teilweise mit dem Lkw und einem Baum. Ein PKW\u2026","rel":"","context":"In &quot;Eins\u00e4tze 2024&quot;","block_context":{"text":"Eins\u00e4tze 2024","link":"https:\/\/www.feuerwehr-brilon.de\/?cat=360"},"img":{"alt_text":"","src":"https:\/\/i0.wp.com\/www.feuerwehr-brilon.de\/wp-up\/2024\/01\/VU-B-7-1.jpg?resize=350%2C200&ssl=1","width":350,"height":200,"srcset":"https:\/\/i0.wp.com\/www.feuerwehr-brilon.de\/wp-up\/2024\/01\/VU-B-7-1.jpg?resize=350%2C200&ssl=1 1x, https:\/\/i0.wp.com\/www.feuerwehr-brilon.de\/wp-up\/2024\/01\/VU-B-7-1.jpg?resize=525%2C300&ssl=1 1.5x, https:\/\/i0.wp.com\/www.feuerwehr-brilon.de\/wp-up\/2024\/01\/VU-B-7-1.jpg?resize=700%2C400&ssl=1 2x"},"classes":[]},{"id":13635,"url":"https:\/\/www.feuerwehr-brilon.de\/?p=13635","url_meta":{"origin":14097,"position":2},"title":"Verkehrsunfall auf der B 7","author":"Marcus Bange","date":"6. Juli 2016","format":false,"excerpt":"Brilon. Die Feuerwehr Brilon hat am Mittwochmittag einen 76-j\u00e4hrigen PKW-Fahrer nach einem schweren Verkehrsunfall aus seinem Fahrzeug gerettet. Auf der B 7 an der Kreuzung Laurentiusstra\u00dfe waren gegen 12.15 Uhr zwei PKW zusammen gesto\u00dfen. Ein PKW st\u00fcrzte um. Nach Sicherung des Fahrzeuges wurde der Insasse mit hydraulischem Rettungsger\u00e4t aus dem\u2026","rel":"","context":"In &quot;Eins\u00e4tze 2016&quot;","block_context":{"text":"Eins\u00e4tze 2016","link":"https:\/\/www.feuerwehr-brilon.de\/?cat=201"},"img":{"alt_text":"VU B 7 R\u00f6senbeck 1","src":"https:\/\/i0.wp.com\/www.feuerwehr-brilon.de\/wp-up\/2016\/07\/VU-B-7-R%C3%B6senbeck-1-150x84.jpg?resize=350%2C200","width":350,"height":200},"classes":[]},{"id":21891,"url":"https:\/\/www.feuerwehr-brilon.de\/?p=21891","url_meta":{"origin":14097,"position":3},"title":"Verkehrsunfall am Th\u00fclener Flugplatz","author":"Andreas Becker","date":"28. November 2019","format":false,"excerpt":"Th\u00fclen. Nachdem der Fahrer mit seinem Pkw in der Nacht zu Donnerstag (28.11.) auf der L913 frontal gegen einen Baum geprallt war, kam er einige Meter weiter auf einem Acker zum stehen. Bei dem starken Aufprall verformte sich das Auto so stark, dass die Person im Auto eingeklemmt wurde. Die\u2026","rel":"","context":"In &quot;Eins\u00e4tze 2019&quot;","block_context":{"text":"Eins\u00e4tze 2019","link":"https:\/\/www.feuerwehr-brilon.de\/?cat=222"},"img":{"alt_text":"","src":"https:\/\/i0.wp.com\/www.feuerwehr-brilon.de\/wp-up\/2019\/11\/img_2062-2.jpg?resize=350%2C200&ssl=1","width":350,"height":200,"srcset":"https:\/\/i0.wp.com\/www.feuerwehr-brilon.de\/wp-up\/2019\/11\/img_2062-2.jpg?resize=350%2C200&ssl=1 1x, https:\/\/i0.wp.com\/www.feuerwehr-brilon.de\/wp-up\/2019\/11\/img_2062-2.jpg?resize=525%2C300&ssl=1 1.5x, https:\/\/i0.wp.com\/www.feuerwehr-brilon.de\/wp-up\/2019\/11\/img_2062-2.jpg?resize=700%2C400&ssl=1 2x"},"classes":[]},{"id":31810,"url":"https:\/\/www.feuerwehr-brilon.de\/?p=31810","url_meta":{"origin":14097,"position":4},"title":"Schwerer Verkehrsunfall auf der &#8222;R\u00f6senbecker H\u00f6he&#8220; und Zugunfall in Messinghausen","author":"Andreas Becker","date":"18. Dezember 2023","format":false,"excerpt":"R\u00f6senbeck. Bei R\u00f6senbeck kam am Sonntagnachmittag (17.12.) bei einem Verkehrsunfall eine Person ums Leben und eine weitere wurde schwer verletzt. Um 14.06 Uhr ging der Alarm bei der Feuerwehr ein. Bei Eintreffen der ersten Einsatzkr\u00e4fte aus R\u00f6senbeck und Th\u00fclen lag ein PKW auf dem Dach im Graben der B7 kurz\u2026","rel":"","context":"In &quot;Eins\u00e4tze 2023&quot;","block_context":{"text":"Eins\u00e4tze 2023","link":"https:\/\/www.feuerwehr-brilon.de\/?cat=335"},"img":{"alt_text":"","src":"https:\/\/i0.wp.com\/www.feuerwehr-brilon.de\/wp-up\/2023\/12\/IMG_0081231217_Roes_VU_FB.jpg?resize=350%2C200&ssl=1","width":350,"height":200,"srcset":"https:\/\/i0.wp.com\/www.feuerwehr-brilon.de\/wp-up\/2023\/12\/IMG_0081231217_Roes_VU_FB.jpg?resize=350%2C200&ssl=1 1x, https:\/\/i0.wp.com\/www.feuerwehr-brilon.de\/wp-up\/2023\/12\/IMG_0081231217_Roes_VU_FB.jpg?resize=525%2C300&ssl=1 1.5x, https:\/\/i0.wp.com\/www.feuerwehr-brilon.de\/wp-up\/2023\/12\/IMG_0081231217_Roes_VU_FB.jpg?resize=700%2C400&ssl=1 2x, https:\/\/i0.wp.com\/www.feuerwehr-brilon.de\/wp-up\/2023\/12\/IMG_0081231217_Roes_VU_FB.jpg?resize=1050%2C600&ssl=1 3x"},"classes":[]},{"id":2406,"url":"https:\/\/www.feuerwehr-brilon.de\/?p=2406","url_meta":{"origin":14097,"position":5},"title":"Verkehrsunfall auf der B7 bei R\u00f6senbeck","author":"Marc Heines","date":"9. M\u00e4rz 2010","format":false,"excerpt":"Die L\u00f6schgruppen R\u00f6senbeck und Th\u00fclen wurden heute Morgen (09.03.2010) um 06.39 Uhr zu einem Verkehrsunfall mit eingeklemmter Person alarmiert. Bei Eintreffen der Rettungskr\u00e4fte waren alle Personen bereits aus den Fahrzeugen befreit. Die Wehr unterst\u00fctzte zun\u00e4chst den Rettungsdienst und anschlie\u00dfend wurde die Fahrbahn auf einer L\u00e4nge von 120 m ges\u00e4ubert und\u2026","rel":"","context":"In &quot;Eins\u00e4tze 2010&quot;","block_context":{"text":"Eins\u00e4tze 2010","link":"https:\/\/www.feuerwehr-brilon.de\/?cat=33"},"img":{"alt_text":"","src":"https:\/\/i0.wp.com\/www.feuerwehr-brilon.de\/images\/einsatz_details\/lg_roesenbeck.jpg?resize=350%2C200","width":350,"height":200},"classes":[]}],"_links":{"self":[{"href":"https:\/\/www.feuerwehr-brilon.de\/index.php?rest_route=\/wp\/v2\/posts\/14097","targetHints":{"allow":["GET"]}}],"collection":[{"href":"https:\/\/www.feuerwehr-brilon.de\/index.php?rest_route=\/wp\/v2\/posts"}],"about":[{"href":"https:\/\/www.feuerwehr-brilon.de\/index.php?rest_route=\/wp\/v2\/types\/post"}],"author":[{"embeddable":true,"href":"https:\/\/www.feuerwehr-brilon.de\/index.php?rest_route=\/wp\/v2\/users\/8"}],"replies":[{"embeddable":true,"href":"https:\/\/www.feuerwehr-brilon.de\/index.php?rest_route=%2Fwp%2Fv2%2Fcomments&post=14097"}],"version-history":[{"count":3,"href":"https:\/\/www.feuerwehr-brilon.de\/index.php?rest_route=\/wp\/v2\/posts\/14097\/revisions"}],"predecessor-version":[{"id":14108,"href":"https:\/\/www.feuerwehr-brilon.de\/index.php?rest_route=\/wp\/v2\/posts\/14097\/revisions\/14108"}],"wp:attachment":[{"href":"https:\/\/www.feuerwehr-brilon.de\/index.php?rest_route=%2Fwp%2Fv2%2Fmedia&parent=14097"}],"wp:term":[{"taxonomy":"category","embeddable":true,"href":"https:\/\/www.feuerwehr-brilon.de\/index.php?rest_route=%2Fwp%2Fv2%2Fcategories&post=14097"},{"taxonomy":"post_tag","embeddable":true,"href":"https:\/\/www.feuerwehr-brilon.de\/index.php?rest_route=%2Fwp%2Fv2%2Ftags&post=14097"}],"curies":[{"name":"wp","href":"https:\/\/api.w.org\/{rel}","templated":true}]}}