{"id":14178,"date":"2016-12-18T18:30:40","date_gmt":"2016-12-18T17:30:40","guid":{"rendered":"http:\/\/www.feuerwehr-brilon.de\/?p=14178"},"modified":"2016-12-18T18:16:26","modified_gmt":"2016-12-18T17:16:26","slug":"zimmerbrand-in-alme","status":"publish","type":"post","link":"https:\/\/www.feuerwehr-brilon.de\/?p=14178","title":{"rendered":"Zimmerbrand in Alme"},"content":{"rendered":"<p><a href=\"http:\/\/www.feuerwehr-brilon.de\/?p=14178\"><img loading=\"lazy\" decoding=\"async\" src=\"http:\/\/www.feuerwehr-brilon.de\/wp-up\/2016\/12\/DSC_1389-1-150x84.jpg\" alt=\"dsc_1389-1\" width=\"150\" height=\"84\" class=\"alignleft size-thumbnail wp-image-14181\" srcset=\"https:\/\/www.feuerwehr-brilon.de\/wp-up\/2016\/12\/DSC_1389-1-150x84.jpg 150w, https:\/\/www.feuerwehr-brilon.de\/wp-up\/2016\/12\/DSC_1389-1-500x281.jpg 500w, https:\/\/www.feuerwehr-brilon.de\/wp-up\/2016\/12\/DSC_1389-1.jpg 800w\" sizes=\"auto, (max-width: 150px) 100vw, 150px\" \/><\/a><a title=\"Alme\" href=\"http:\/\/www.feuerwehr-brilon.de\/?page_id=27\" target=\"_blank\">Alme. <\/a>Am Samstagabend (17.12.) wurden die Einheiten aus Alme, Nehden und Brilon zu einem Feuer in einem Mehrfamilienhaus alarmiert. Ob sich noch Personen in der Wohnung aufhielten war zun\u00e4chst unbekannt. <!--more--><\/p>\n<p>Bei Eintreffen der Almer Brandsch\u00fctzer stellte sich heraus, dass das Feuer bereits durch die Bewohner gel\u00f6scht werden konnte. Die Brandstelle wurde kontrolliert und die Wohnung im Anschluss bel\u00fcftet. <\/p>\n<p>Die Bewohner wurden durch den anwesenden Notarzt untersucht, ben\u00f6tigten aber keine weitere Behandlung. <\/p>\n<p>Nach einer Stunde war der Einsatz f\u00fcr die 35 Feuerwehrm\u00e4nner beendet. <\/p>\n<p>\u00dcber Ursache und H\u00f6he des Schadens liegen der Feuerwehr keine Angaben vor.<\/p>\n<p style=\"border-color: #696969; border-width: 2px; border-style: solid; padding: 4px;\"><strong>Eingesetzte Einheiten:<\/strong><br \/>\n<a href=\"http:\/\/www.feuerwehr-brilon.de\/?page_id=7\"><img loading=\"lazy\" decoding=\"async\" class=\"alignnone\" title=\"lz brilon\" src=\"http:\/\/www.feuerwehr-brilon.de\/images\/einsatz_details\/lz_brilon.jpg\" alt=\"\" width=\"110\" height=\"31\" \/><\/a><a href=\"http:\/\/www.feuerwehr-brilon.de\/?page_id=27\"><img loading=\"lazy\" decoding=\"async\" class=\"alignnone\" title=\"lg alme\" src=\"http:\/\/www.feuerwehr-brilon.de\/images\/einsatz_details\/lg_alme.jpg\" alt=\"\" width=\"110\" height=\"31\" \/><\/a><a href=\"http:\/\/www.feuerwehr-brilon.de\/?page_id=29\"><img loading=\"lazy\" decoding=\"async\" class=\"alignnone\" title=\"lg nehden\" src=\"http:\/\/www.feuerwehr-brilon.de\/images\/einsatz_details\/lg_nehden.jpg\" alt=\"\" width=\"110\" height=\"31\" \/><\/a><\/p>\n<p style=\"border-color: #696969; border-width: 2px; border-style: solid; padding: 4px;\"><strong>Eingesetzte Fahrzeuge:<\/strong><br \/>\n<a href=\"http:\/\/www.feuerwehr-brilon.de\/?page_id=8508\"><img loading=\"lazy\" decoding=\"async\" class=\"alignnone\" src=\"http:\/\/www.feuerwehr-brilon.de\/images\/einsatz_details\/052401.jpg\" alt=\"\" width=\"110\" height=\"31\" \/><\/a><a href=\"http:\/\/www.feuerwehr-brilon.de\/?page_id=803\"><img loading=\"lazy\" decoding=\"async\" class=\"alignnone\" src=\"http:\/\/www.feuerwehr-brilon.de\/images\/einsatz_details\/053301.jpg\" alt=\"\" width=\"110\" height=\"31\" \/><\/a><a href=\"http:\/\/www.feuerwehr-brilon.de\/?page_id=812\"><img loading=\"lazy\" decoding=\"async\" class=\"alignnone\" title=\"StLF\" src=\"http:\/\/www.feuerwehr-brilon.de\/images\/einsatz_details\/054802.jpg\" alt=\"\" width=\"110\" height=\"31\" \/><\/a><a href=\"http:\/\/www.feuerwehr-brilon.de\/?page_id=1344\"><img loading=\"lazy\" decoding=\"async\" class=\"alignnone\" title=\"TSF\" src=\"http:\/\/www.feuerwehr-brilon.de\/images\/einsatz_details\/054704.jpg\" alt=\"\" width=\"110\" height=\"31\" \/><\/a><\/p>\n<p><strong>Bilder:<\/strong><br \/>\n<a rel=\"lightbox\" href=\"http:\/\/www.feuerwehr-brilon.de\/wp-up\/2016\/12\/DSC_1389-1.jpg\"><img loading=\"lazy\" decoding=\"async\" src=\"http:\/\/www.feuerwehr-brilon.de\/wp-up\/2016\/12\/DSC_1389-1-150x84.jpg\" alt=\"dsc_1389-1\" width=\"150\" height=\"84\" class=\"alignleft size-thumbnail wp-image-14181\" srcset=\"https:\/\/www.feuerwehr-brilon.de\/wp-up\/2016\/12\/DSC_1389-1-150x84.jpg 150w, https:\/\/www.feuerwehr-brilon.de\/wp-up\/2016\/12\/DSC_1389-1-500x281.jpg 500w, https:\/\/www.feuerwehr-brilon.de\/wp-up\/2016\/12\/DSC_1389-1.jpg 800w\" sizes=\"auto, (max-width: 150px) 100vw, 150px\" \/><\/a><\/p>\n","protected":false},"excerpt":{"rendered":"<p>Alme. Am Samstagabend (17.12.) wurden die Einheiten aus Alme, Nehden und Brilon zu einem Feuer in einem Mehrfamilienhaus alarmiert. Ob sich noch Personen in der Wohnung aufhielten war zun\u00e4chst unbekannt.<\/p>\n","protected":false},"author":8,"featured_media":0,"comment_status":"closed","ping_status":"closed","sticky":false,"template":"","format":"standard","meta":{"_exactmetrics_skip_tracking":false,"_exactmetrics_sitenote_active":false,"_exactmetrics_sitenote_note":"","_exactmetrics_sitenote_category":0,"jetpack_post_was_ever_published":false,"_jetpack_newsletter_access":"","_jetpack_dont_email_post_to_subs":false,"_jetpack_newsletter_tier_id":0,"_jetpack_memberships_contains_paywalled_content":false,"_jetpack_memberships_contains_paid_content":false,"footnotes":""},"categories":[201],"tags":[],"class_list":["post-14178","post","type-post","status-publish","format-standard","hentry","category-einsaetze-2016"],"jetpack_featured_media_url":"","jetpack_shortlink":"https:\/\/wp.me\/pCIJa-3GG","jetpack_sharing_enabled":true,"jetpack-related-posts":[{"id":32801,"url":"https:\/\/www.feuerwehr-brilon.de\/?p=32801","url_meta":{"origin":14178,"position":0},"title":"Verrauchte Wohnung in Alme","author":"Andreas Becker","date":"24. September 2024","format":false,"excerpt":"Alme. Aufgrund einer starken Rauchentwicklung in einem Wohnhaus an der W\u00fcnnenberger Stra\u00dfe in Alme, kam es am Montagabend (23.9.) zu einem Einsatz der Feuerwehr Brilon. Die Einheiten aus Alme, W\u00fclfte, Nehden und Brilon wurden gegen 17.33 Uhr alarmiert. 37 Einsatzkr\u00e4fte r\u00fcckten umgehend aus. Als Ursache konnte kurz nach Eintreffen ein\u2026","rel":"","context":"In &quot;Eins\u00e4tze 2024&quot;","block_context":{"text":"Eins\u00e4tze 2024","link":"https:\/\/www.feuerwehr-brilon.de\/?cat=360"},"img":{"alt_text":"","src":"https:\/\/i0.wp.com\/www.feuerwehr-brilon.de\/wp-up\/2024\/09\/240923_F3-Alme_01_FB.jpg?resize=350%2C200&ssl=1","width":350,"height":200,"srcset":"https:\/\/i0.wp.com\/www.feuerwehr-brilon.de\/wp-up\/2024\/09\/240923_F3-Alme_01_FB.jpg?resize=350%2C200&ssl=1 1x, https:\/\/i0.wp.com\/www.feuerwehr-brilon.de\/wp-up\/2024\/09\/240923_F3-Alme_01_FB.jpg?resize=525%2C300&ssl=1 1.5x, https:\/\/i0.wp.com\/www.feuerwehr-brilon.de\/wp-up\/2024\/09\/240923_F3-Alme_01_FB.jpg?resize=700%2C400&ssl=1 2x, https:\/\/i0.wp.com\/www.feuerwehr-brilon.de\/wp-up\/2024\/09\/240923_F3-Alme_01_FB.jpg?resize=1050%2C600&ssl=1 3x"},"classes":[]},{"id":31961,"url":"https:\/\/www.feuerwehr-brilon.de\/?p=31961","url_meta":{"origin":14178,"position":1},"title":"Brand einer Gartenh\u00fctte in R\u00f6senbeck","author":"Marcus Bange","date":"1. Januar 2024","format":false,"excerpt":"R\u00f6senbeck. Die Feuerwehr Brilon wurde am fr\u00fchen Neujahrsmorgen um 01:40 Uhr zum Brand einer Gartenh\u00fctte nach R\u00f6senbeck alarmiert. An der Laurentiusstra\u00dfe brannte eine H\u00fctte zwischen Wohnhaus und Garage in voller Ausdehnung. Die Bewohner hatten das Feuer selbst bemerkt und das Haus vor Eintreffen der Feuerwehr verlassen. Zwei Trupps gingen sofort\u2026","rel":"","context":"In &quot;Eins\u00e4tze 2024&quot;","block_context":{"text":"Eins\u00e4tze 2024","link":"https:\/\/www.feuerwehr-brilon.de\/?cat=360"},"img":{"alt_text":"","src":"https:\/\/i0.wp.com\/www.feuerwehr-brilon.de\/wp-up\/2024\/01\/Roesenbeck-1.jpg?resize=350%2C200&ssl=1","width":350,"height":200,"srcset":"https:\/\/i0.wp.com\/www.feuerwehr-brilon.de\/wp-up\/2024\/01\/Roesenbeck-1.jpg?resize=350%2C200&ssl=1 1x, https:\/\/i0.wp.com\/www.feuerwehr-brilon.de\/wp-up\/2024\/01\/Roesenbeck-1.jpg?resize=525%2C300&ssl=1 1.5x, https:\/\/i0.wp.com\/www.feuerwehr-brilon.de\/wp-up\/2024\/01\/Roesenbeck-1.jpg?resize=700%2C400&ssl=1 2x"},"classes":[]},{"id":22696,"url":"https:\/\/www.feuerwehr-brilon.de\/?p=22696","url_meta":{"origin":14178,"position":2},"title":"Brandeinsatz in Madfeld","author":"Andreas Becker","date":"29. August 2020","format":false,"excerpt":"Madfeld. Zu einem Wohnungsbrand mit Menschenleben in Gefahr wurden am Freitagabend die L\u00f6schgruppen Madfeld, Alme, R\u00f6senbeck und Th\u00fclen alarmiert. Auch vom L\u00f6schzug Brilon machten sich vier Fahrzeuge auf den Weg. In der Eggestra\u00dfe war es zu einem Feuer gekommen, welches durch Anwohner bemerkt wurde. Diese setzten sofort den Notruf ab.\u2026","rel":"","context":"In &quot;Eins\u00e4tze 2020&quot;","block_context":{"text":"Eins\u00e4tze 2020","link":"https:\/\/www.feuerwehr-brilon.de\/?cat=236"},"img":{"alt_text":"","src":"https:\/\/i0.wp.com\/www.feuerwehr-brilon.de\/wp-up\/2020\/08\/200828_F3Y_Madfeld1.jpg?resize=350%2C200&ssl=1","width":350,"height":200,"srcset":"https:\/\/i0.wp.com\/www.feuerwehr-brilon.de\/wp-up\/2020\/08\/200828_F3Y_Madfeld1.jpg?resize=350%2C200&ssl=1 1x, https:\/\/i0.wp.com\/www.feuerwehr-brilon.de\/wp-up\/2020\/08\/200828_F3Y_Madfeld1.jpg?resize=525%2C300&ssl=1 1.5x, https:\/\/i0.wp.com\/www.feuerwehr-brilon.de\/wp-up\/2020\/08\/200828_F3Y_Madfeld1.jpg?resize=700%2C400&ssl=1 2x"},"classes":[]},{"id":32775,"url":"https:\/\/www.feuerwehr-brilon.de\/?p=32775","url_meta":{"origin":14178,"position":3},"title":"Kellerbrand in Radlinghausen \u2013 Rauchmelder alarmieren Bewohner","author":"Andreas Becker","date":"15. September 2024","format":false,"excerpt":"Am 14. September um 15:41 Uhr wurden die L\u00f6schgruppen Alme, Th\u00fclen, Madfeld und der L\u00f6schzug Brilon zu einem Kellerbrand in Radlinghausen alarmiert. Die Bewohner des betroffenen Hauses in der Stra\u00dfe \u201eWallmei\u201c wurden durch das Ausl\u00f6sen der Rauchmelder auf die Gefahr aufmerksam gemacht. Eine Person wurde zun\u00e4chst noch im Haus vermutet.\u2026","rel":"","context":"In &quot;Eins\u00e4tze 2024&quot;","block_context":{"text":"Eins\u00e4tze 2024","link":"https:\/\/www.feuerwehr-brilon.de\/?cat=360"},"img":{"alt_text":"","src":"https:\/\/i0.wp.com\/www.feuerwehr-brilon.de\/wp-up\/2024\/09\/IMG_9385_HP.jpg?resize=350%2C200&ssl=1","width":350,"height":200,"srcset":"https:\/\/i0.wp.com\/www.feuerwehr-brilon.de\/wp-up\/2024\/09\/IMG_9385_HP.jpg?resize=350%2C200&ssl=1 1x, https:\/\/i0.wp.com\/www.feuerwehr-brilon.de\/wp-up\/2024\/09\/IMG_9385_HP.jpg?resize=525%2C300&ssl=1 1.5x, https:\/\/i0.wp.com\/www.feuerwehr-brilon.de\/wp-up\/2024\/09\/IMG_9385_HP.jpg?resize=700%2C400&ssl=1 2x"},"classes":[]},{"id":64,"url":"https:\/\/www.feuerwehr-brilon.de\/?p=64","url_meta":{"origin":14178,"position":4},"title":"Brand in Alme","author":"Marcus Bange","date":"29. Januar 2008","format":false,"excerpt":"Die Feuerwehr hat am Dienstagabend (29.01.2008, 20.24 Uhr) einen Brand in Alme gel\u00f6scht. In einem Ladenlokal an der W\u00fcnnenberger Stra\u00dfe war im Verkaufsraum ein Feuer ausgebrochen. Die beiden Bewohner des direkt angrenzenden Wohnhauses hatten das Geb\u00e4ude bei Eintreffen der Wehr bereits verlassen. Der Brand konnte schnell gel\u00f6scht werden, ein \u00dcbergreifen\u2026","rel":"","context":"In &quot;Eins\u00e4tze 2008&quot;","block_context":{"text":"Eins\u00e4tze 2008","link":"https:\/\/www.feuerwehr-brilon.de\/?cat=3"},"img":{"alt_text":"","src":"https:\/\/i0.wp.com\/www.feuerwehr-brilon.de\/wp-up\/2008\/06\/brand-wunnenberger-strase-007-150x150.jpg?resize=350%2C200","width":350,"height":200},"classes":[]},{"id":24336,"url":"https:\/\/www.feuerwehr-brilon.de\/?p=24336","url_meta":{"origin":14178,"position":5},"title":"Brand einer Garage in Alme","author":"Marcus Bange","date":"22. M\u00e4rz 2022","format":false,"excerpt":"Alme. Die Feuerwehr Brilon hat am Dienstagmittag (22.03.2022) einen Garagenbrand in Alme gel\u00f6scht. Dort waren gegen 11.40 Uhr verschiedene Gegenst\u00e4nde in einer Doppelgarage in Brand geraten. Unter Einsatz von schwerem Atemschutz konnte der Brand auf die Garage begrenzt werden. Ein \u00dcbergreifen an das angebaute Einfamilienwohnhaus wurde so verhindert. Die Bewohner\u2026","rel":"","context":"In &quot;Eins\u00e4tze 2022&quot;","block_context":{"text":"Eins\u00e4tze 2022","link":"https:\/\/www.feuerwehr-brilon.de\/?cat=288"},"img":{"alt_text":"","src":"https:\/\/i0.wp.com\/www.feuerwehr-brilon.de\/wp-up\/2022\/03\/Brand-Alme-1.jpg?resize=350%2C200&ssl=1","width":350,"height":200,"srcset":"https:\/\/i0.wp.com\/www.feuerwehr-brilon.de\/wp-up\/2022\/03\/Brand-Alme-1.jpg?resize=350%2C200&ssl=1 1x, https:\/\/i0.wp.com\/www.feuerwehr-brilon.de\/wp-up\/2022\/03\/Brand-Alme-1.jpg?resize=525%2C300&ssl=1 1.5x, https:\/\/i0.wp.com\/www.feuerwehr-brilon.de\/wp-up\/2022\/03\/Brand-Alme-1.jpg?resize=700%2C400&ssl=1 2x"},"classes":[]}],"_links":{"self":[{"href":"https:\/\/www.feuerwehr-brilon.de\/index.php?rest_route=\/wp\/v2\/posts\/14178","targetHints":{"allow":["GET"]}}],"collection":[{"href":"https:\/\/www.feuerwehr-brilon.de\/index.php?rest_route=\/wp\/v2\/posts"}],"about":[{"href":"https:\/\/www.feuerwehr-brilon.de\/index.php?rest_route=\/wp\/v2\/types\/post"}],"author":[{"embeddable":true,"href":"https:\/\/www.feuerwehr-brilon.de\/index.php?rest_route=\/wp\/v2\/users\/8"}],"replies":[{"embeddable":true,"href":"https:\/\/www.feuerwehr-brilon.de\/index.php?rest_route=%2Fwp%2Fv2%2Fcomments&post=14178"}],"version-history":[{"count":3,"href":"https:\/\/www.feuerwehr-brilon.de\/index.php?rest_route=\/wp\/v2\/posts\/14178\/revisions"}],"predecessor-version":[{"id":14185,"href":"https:\/\/www.feuerwehr-brilon.de\/index.php?rest_route=\/wp\/v2\/posts\/14178\/revisions\/14185"}],"wp:attachment":[{"href":"https:\/\/www.feuerwehr-brilon.de\/index.php?rest_route=%2Fwp%2Fv2%2Fmedia&parent=14178"}],"wp:term":[{"taxonomy":"category","embeddable":true,"href":"https:\/\/www.feuerwehr-brilon.de\/index.php?rest_route=%2Fwp%2Fv2%2Fcategories&post=14178"},{"taxonomy":"post_tag","embeddable":true,"href":"https:\/\/www.feuerwehr-brilon.de\/index.php?rest_route=%2Fwp%2Fv2%2Ftags&post=14178"}],"curies":[{"name":"wp","href":"https:\/\/api.w.org\/{rel}","templated":true}]}}