{"id":14192,"date":"2016-12-27T01:52:10","date_gmt":"2016-12-27T00:52:10","guid":{"rendered":"http:\/\/www.feuerwehr-brilon.de\/?p=14192"},"modified":"2016-12-27T11:10:24","modified_gmt":"2016-12-27T10:10:24","slug":"jahresfahrt-des-tambourkorps","status":"publish","type":"post","link":"https:\/\/www.feuerwehr-brilon.de\/?p=14192","title":{"rendered":"Jahresfahrt des Tambourkorps"},"content":{"rendered":"<p><a href=\"http:\/\/www.feuerwehr-brilon.de\/?p=14192\"><img loading=\"lazy\" decoding=\"async\" class=\"alignleft size-thumbnail wp-image-14201\" src=\"http:\/\/www.feuerwehr-brilon.de\/images\/gruppenbild\/tambourkorps.jpg\" alt=\"img_0227i\" width=\"150\" height=\"113\"><\/a>Das Tambourkorps des L\u00f6schzugs Brilon unternahm im gewohnten Rhythmus Ende dieses Jahres eine fr\u00f6hliche Fahrt ins Blaue. Wie jedes Mal wussten die Teilnehmer der Fahrt nicht, welche Destination angesteuert wurde. Der Busfahrer und die Organisatoren der Fahrt wussten es aber: Dieses Jahr ging es in die Landeshauptstadt Nordrhein-Westfalens nach D\u00fcsseldorf.<!--more--><br \/>\nAuf der Hinfahrt wurde ein Zwischenstopp in Krombach bei Kreuztal eingelegt, um die Handwerke des hiesigen Braumeisters kennenzulernen. In einer gef\u00fchrten Tour konnten die Musikerinnen und Musiker einen Einblick in den Brauprozess erlangen. Nach einer typisch siegerl\u00e4ndischen Brotzeit mit einer \u00fcppigen Auswahl der Hausspezialit\u00e4ten konnte die Fahrt nach D\u00fcsseldorf fortgesetzt werden.<br \/>\nIn D\u00fcsseldorf angekommen, begr\u00fc\u00dfte die Stadt am Rhein die Mitfahrer mit sonnigem Herbstwetter. Nach einem kurzen Aufenthalt im Hotel und Beziehung des Quartiers wurde in einer D\u00fcsseldorfer Hausbrauerei \u2013 in der Brauerei zum Schl\u00fcssel \u2013 zu Abend gegessen. Dabei konnte schon jetzt die dunkle oberg\u00e4rige Biersorte probiert werden. Anschlie\u00dfend wurden die Altstadt erkundet und auch Altbiersorten anderer Hausbrauereien ausgiebig begutachtet.<br \/>\nNachdem bis in die fr\u00fchen Morgenstunden ergiebig getanzt wurde, wurden nochmals die Altstadt und die Rheinpromenade besichtigt. Dabei kamen alle Teilnehmer zusammen und verbrachten wiederholt eine sch\u00f6ne Zeit bei strahlenden Sonnenschein, bevor der Bus Richtung Brilon abfuhr.<\/p>\n<p><a href=\"http:\/\/www.feuerwehr-brilon.de\/wp-up\/2016\/12\/img_0227i.jpg\" rel=\"lightbox\"><img loading=\"lazy\" decoding=\"async\" class=\"alignleft size-thumbnail wp-image-14201\" src=\"http:\/\/www.feuerwehr-brilon.de\/wp-up\/2016\/12\/img_0227i-150x113.jpg\" alt=\"img_0227i\" width=\"150\" height=\"113\" srcset=\"https:\/\/www.feuerwehr-brilon.de\/wp-up\/2016\/12\/img_0227i-150x113.jpg 150w, https:\/\/www.feuerwehr-brilon.de\/wp-up\/2016\/12\/img_0227i-500x375.jpg 500w, https:\/\/www.feuerwehr-brilon.de\/wp-up\/2016\/12\/img_0227i.jpg 800w\" sizes=\"auto, (max-width: 150px) 100vw, 150px\" \/><\/a> <a href=\"http:\/\/www.feuerwehr-brilon.de\/wp-up\/2016\/12\/20161029_130730i.jpg\" rel=\"lightbox\"><img loading=\"lazy\" decoding=\"async\" class=\"alignleft size-thumbnail wp-image-14202\" src=\"http:\/\/www.feuerwehr-brilon.de\/wp-up\/2016\/12\/20161029_130730i-150x84.jpg\" alt=\"20161029_130730i\" width=\"150\" height=\"84\" srcset=\"https:\/\/www.feuerwehr-brilon.de\/wp-up\/2016\/12\/20161029_130730i-150x84.jpg 150w, https:\/\/www.feuerwehr-brilon.de\/wp-up\/2016\/12\/20161029_130730i-500x281.jpg 500w, https:\/\/www.feuerwehr-brilon.de\/wp-up\/2016\/12\/20161029_130730i.jpg 800w\" sizes=\"auto, (max-width: 150px) 100vw, 150px\" \/><\/a> <a href=\"http:\/\/www.feuerwehr-brilon.de\/wp-up\/2016\/12\/IMG-20161029-WA0016i.jpg\" rel=\"lightbox\"><img loading=\"lazy\" decoding=\"async\" class=\"alignleft size-thumbnail wp-image-14203\" src=\"http:\/\/www.feuerwehr-brilon.de\/wp-up\/2016\/12\/IMG-20161029-WA0016i-150x91.jpg\" alt=\"img-20161029-wa0016i\" width=\"150\" height=\"91\" srcset=\"https:\/\/www.feuerwehr-brilon.de\/wp-up\/2016\/12\/IMG-20161029-WA0016i-150x91.jpg 150w, https:\/\/www.feuerwehr-brilon.de\/wp-up\/2016\/12\/IMG-20161029-WA0016i-500x303.jpg 500w, https:\/\/www.feuerwehr-brilon.de\/wp-up\/2016\/12\/IMG-20161029-WA0016i.jpg 742w\" sizes=\"auto, (max-width: 150px) 100vw, 150px\" \/><\/a><\/p>\n","protected":false},"excerpt":{"rendered":"<p>Das Tambourkorps des L\u00f6schzugs Brilon unternahm im gewohnten Rhythmus Ende dieses Jahres eine fr\u00f6hliche Fahrt ins Blaue. Wie jedes Mal wussten die Teilnehmer der Fahrt nicht, welche Destination angesteuert wurde. Der Busfahrer und die Organisatoren der Fahrt wussten es aber: Dieses Jahr ging es in die Landeshauptstadt Nordrhein-Westfalens nach D\u00fcsseldorf.<\/p>\n","protected":false},"author":6,"featured_media":0,"comment_status":"closed","ping_status":"closed","sticky":false,"template":"","format":"standard","meta":{"_exactmetrics_skip_tracking":false,"_exactmetrics_sitenote_active":false,"_exactmetrics_sitenote_note":"","_exactmetrics_sitenote_category":0,"jetpack_post_was_ever_published":false,"_jetpack_newsletter_access":"","_jetpack_dont_email_post_to_subs":true,"_jetpack_newsletter_tier_id":0,"_jetpack_memberships_contains_paywalled_content":false,"_jetpack_memberships_contains_paid_content":false,"footnotes":""},"categories":[202],"tags":[87],"class_list":["post-14192","post","type-post","status-publish","format-standard","hentry","category-meldungen-2016","tag-tambourkorps"],"jetpack_featured_media_url":"","jetpack_shortlink":"https:\/\/wp.me\/pCIJa-3GU","jetpack_sharing_enabled":true,"jetpack-related-posts":[{"id":16456,"url":"https:\/\/www.feuerwehr-brilon.de\/?p=16456","url_meta":{"origin":14192,"position":0},"title":"Tambourkorps schlie\u00dft die Spielsaison mit einer Ausflugsfahrt ab","author":"Marc Heines","date":"27. September 2018","format":false,"excerpt":"Zum Abschlu\u00df einer guten Spielsaison 2018 gingen die Musikerinnen und Musiker des Tambourkorps der Freiwilligen Feuerwehr Brilon noch einmal gemeinsam auf Fahrt. Neben einigen Besichtigungen z.B. der Innenstadt in M\u00fcnster oder einer Brennerei, lag der Fokus auf dem guten Miteinander verschiedener Generationen im Tambourkorps. Auf zahlreichen Sch\u00fctzenfesten bereichert das Tambourkorps\u2026","rel":"","context":"In &quot;Meldungen 2018&quot;","block_context":{"text":"Meldungen 2018","link":"https:\/\/www.feuerwehr-brilon.de\/?cat=209"},"img":{"alt_text":"","src":"https:\/\/i0.wp.com\/www.feuerwehr-brilon.de\/wp-up\/2018\/09\/tk-i-1-150x81.jpg?resize=350%2C200&ssl=1","width":350,"height":200},"classes":[]},{"id":21296,"url":"https:\/\/www.feuerwehr-brilon.de\/?p=21296","url_meta":{"origin":14192,"position":1},"title":"Zum hundertj\u00e4hrigen die Geschichte unseres Tambourkorps","author":"Marc Heines","date":"14. Mai 2019","format":false,"excerpt":"In einem original Auszug der Sauerl\u00e4nder Zeitung vom 09.12.1919 wurde das Tambourkorps das erste Mal schriftlich erw\u00e4hnt, und zwar hatte sich die nach dem Kriege aufgel\u00f6ste Musikkapelle der Feuerwehr wieder neu gegr\u00fcndet, um in der Turnhalle einige M\u00e4rsche zum Vortrag zu bringen. Von dort ging es zur\u00fcck zur Spritzenhalle in\u2026","rel":"","context":"In &quot;Meldungen 2019&quot;","block_context":{"text":"Meldungen 2019","link":"https:\/\/www.feuerwehr-brilon.de\/?cat=223"},"img":{"alt_text":"","src":"https:\/\/i0.wp.com\/www.feuerwehr-brilon.de\/wp-up\/2019\/05\/Gruppenbild-Tambourkorps-i-150x53.jpg?resize=350%2C200&ssl=1","width":350,"height":200},"classes":[]},{"id":10720,"url":"https:\/\/www.feuerwehr-brilon.de\/?p=10720","url_meta":{"origin":14192,"position":2},"title":"Tambourkorps Brilon spendet an Paulinchen e.V.","author":"Andreas Becker","date":"17. Juli 2014","format":false,"excerpt":"Brilon. Mit einer Spende von 100 Euro beteiligen sich die Musiker an der sogenannten \u201eCold Water Challenge\u201c. Der Verein Paulinchen e.V. wurde 1993 gegr\u00fcndet und unterst\u00fctzt Familien nach Verbrennungs- und Verbr\u00fchungsunf\u00e4llen ihrer Kinder. Bisher wurden im Rahmen der sogenannten \u201eCold Water Challenge\u201c schon 56.000 \u20ac (Stand 16.7. \/ Quelle: www.paulinchen.de)\u2026","rel":"","context":"In &quot;Meldungen 2014&quot;","block_context":{"text":"Meldungen 2014","link":"https:\/\/www.feuerwehr-brilon.de\/?cat=183"},"img":{"alt_text":"Tambourcorps Brilon","src":"https:\/\/i0.wp.com\/www.feuerwehr-brilon.de\/wp-up\/2014\/07\/P7170196-2-150x112.jpg?resize=350%2C200","width":350,"height":200},"classes":[]},{"id":4191,"url":"https:\/\/www.feuerwehr-brilon.de\/?p=4191","url_meta":{"origin":14192,"position":3},"title":"Jahreshauptversammlung des L\u00f6schzug Brilon","author":"Marc Heines","date":"17. Januar 2011","format":false,"excerpt":"Am vergangenen Freitag, den 14.01.2011 hatte der L\u00f6schzug Brilon seine allj\u00e4hrliche Jahreshauptversammlung. L\u00f6schzugf\u00fchrer Thomas B\u00f6ddicker konnte dazu B\u00fcrgermeister Franz Schrewe, Fachbereichsleiterin Karin Wigge, Wehrf\u00fchrer Wolfgang Hillebrand, die Fraktionsvertreter aller Parteien und 116 Mitglieder des L\u00f6schzug Brilon begr\u00fc\u00dfen. In seiner Begr\u00fc\u00dfung ging L\u00f6schzugf\u00fchrer B\u00f6ddicker auf die Entwicklung in der Gesellschaft und\u2026","rel":"","context":"In &quot;Meldungen 2011&quot;","block_context":{"text":"Meldungen 2011","link":"https:\/\/www.feuerwehr-brilon.de\/?cat=133"},"img":{"alt_text":"","src":"https:\/\/i0.wp.com\/www.feuerwehr-brilon.de\/wp-up\/2011\/01\/jf_i-150x113.jpg?resize=350%2C200","width":350,"height":200},"classes":[]},{"id":14702,"url":"https:\/\/www.feuerwehr-brilon.de\/?p=14702","url_meta":{"origin":14192,"position":4},"title":"Tambourkorps bereitet sich auf die neue Spielsaison vor","author":"Daniel Vogel","date":"23. April 2017","format":false,"excerpt":"Tambourkorps. Dass \u00dcbung den Meister macht, wissen auch die rund 50 Musikerinnen und Musiker des Tambourkorps der Freiwilligen Feuerwehr Brilon. So haben sie sich am vergangenen Wochenende im Feuerwehrger\u00e4tehaus getroffen, um sich auf die Spielsaison 2017 mit einem Probewochenende vorzubereiten. Zun\u00e4chst wurden diverse St\u00fccke in den einzelnen Stimmen, den Registern,\u2026","rel":"","context":"In &quot;Meldungen 2017&quot;","block_context":{"text":"Meldungen 2017","link":"https:\/\/www.feuerwehr-brilon.de\/?cat=206"},"img":{"alt_text":"","src":"https:\/\/i0.wp.com\/www.feuerwehr-brilon.de\/wp-up\/2017\/04\/TK_1-1-150x84.jpg?resize=350%2C200","width":350,"height":200},"classes":[]},{"id":21937,"url":"https:\/\/www.feuerwehr-brilon.de\/?p=21937","url_meta":{"origin":14192,"position":5},"title":"1. Notenf\u00fchrerschein beim Tambourkorps","author":"Marc Heines","date":"13. Dezember 2019","format":false,"excerpt":"Am Samstag, 30. November 2019, absolvierten 15 Mitglieder des Tambourkorps erstmalig den \u201eNotenf\u00fchrerschein\u201c. Ziel dieser Veranstaltung sollte es sein, die Teilnehmer f\u00fcr zuk\u00fcnftige Musikerlehrg\u00e4nge, wie den D1-Lehrgang, vorzubereiten. Begonnen wurde der Tag um 09:30 Uhr im Briloner Feuerwehrhaus durch die Begr\u00fc\u00dfung des Musikzugf\u00fchrers und Tambourmajors Freddi Renerich. Danach wurde den\u2026","rel":"","context":"In &quot;Meldungen 2019&quot;","block_context":{"text":"Meldungen 2019","link":"https:\/\/www.feuerwehr-brilon.de\/?cat=223"},"img":{"alt_text":"","src":"https:\/\/i0.wp.com\/www.feuerwehr-brilon.de\/wp-up\/2019\/12\/Notenf%C3%BChrerschein-i-150x98.jpg?resize=350%2C200&ssl=1","width":350,"height":200},"classes":[]}],"_links":{"self":[{"href":"https:\/\/www.feuerwehr-brilon.de\/index.php?rest_route=\/wp\/v2\/posts\/14192","targetHints":{"allow":["GET"]}}],"collection":[{"href":"https:\/\/www.feuerwehr-brilon.de\/index.php?rest_route=\/wp\/v2\/posts"}],"about":[{"href":"https:\/\/www.feuerwehr-brilon.de\/index.php?rest_route=\/wp\/v2\/types\/post"}],"author":[{"embeddable":true,"href":"https:\/\/www.feuerwehr-brilon.de\/index.php?rest_route=\/wp\/v2\/users\/6"}],"replies":[{"embeddable":true,"href":"https:\/\/www.feuerwehr-brilon.de\/index.php?rest_route=%2Fwp%2Fv2%2Fcomments&post=14192"}],"version-history":[{"count":4,"href":"https:\/\/www.feuerwehr-brilon.de\/index.php?rest_route=\/wp\/v2\/posts\/14192\/revisions"}],"predecessor-version":[{"id":14220,"href":"https:\/\/www.feuerwehr-brilon.de\/index.php?rest_route=\/wp\/v2\/posts\/14192\/revisions\/14220"}],"wp:attachment":[{"href":"https:\/\/www.feuerwehr-brilon.de\/index.php?rest_route=%2Fwp%2Fv2%2Fmedia&parent=14192"}],"wp:term":[{"taxonomy":"category","embeddable":true,"href":"https:\/\/www.feuerwehr-brilon.de\/index.php?rest_route=%2Fwp%2Fv2%2Fcategories&post=14192"},{"taxonomy":"post_tag","embeddable":true,"href":"https:\/\/www.feuerwehr-brilon.de\/index.php?rest_route=%2Fwp%2Fv2%2Ftags&post=14192"}],"curies":[{"name":"wp","href":"https:\/\/api.w.org\/{rel}","templated":true}]}}