{"id":14232,"date":"2017-01-01T11:45:38","date_gmt":"2017-01-01T10:45:38","guid":{"rendered":"http:\/\/www.feuerwehr-brilon.de\/?p=14232"},"modified":"2017-01-26T15:51:46","modified_gmt":"2017-01-26T14:51:46","slug":"einsatzreiche-silvesternacht-fuer-den-loeschzug","status":"publish","type":"post","link":"https:\/\/www.feuerwehr-brilon.de\/?p=14232","title":{"rendered":"Einsatzreiche Silvesternacht f\u00fcr den L\u00f6schzug"},"content":{"rendered":"<p><a href=\"http:\/\/www.feuerwehr-brilon.de\/?p=14232\"><img loading=\"lazy\" decoding=\"async\" src=\"http:\/\/www.feuerwehr-brilon.de\/wp-up\/2017\/01\/IMG_6971-1-150x84.jpg\" alt=\"\" width=\"150\" height=\"84\" class=\"alignleft size-thumbnail wp-image-14234\" srcset=\"https:\/\/www.feuerwehr-brilon.de\/wp-up\/2017\/01\/IMG_6971-1-150x84.jpg 150w, https:\/\/www.feuerwehr-brilon.de\/wp-up\/2017\/01\/IMG_6971-1-500x281.jpg 500w, https:\/\/www.feuerwehr-brilon.de\/wp-up\/2017\/01\/IMG_6971-1.jpg 800w\" sizes=\"auto, (max-width: 150px) 100vw, 150px\" \/><\/a><a title=\"Brilon\" href=\"http:\/\/www.feuerwehr-brilon.de\/?page_id=7\" target=\"_blank\">Brilon. <\/a>Das neue Jahr hatte gerade begonnen, als der L\u00f6schzug Brilon um 00:13 Uhr zum ersten Einsatz des Jahres alarmiert wurde. Am Pelsenberg sollte eine Hecke brennen. Noch w\u00e4hrend der Anfahrt zum Ger\u00e4tehaus, dann der zweite Alarm. Brand auf einem Balkon am Vo\u00dfloh. <!--more--><\/p>\n<p>Weitere Schleifen wurden alarmiert. Rasch wurden Mannschaft und Fahrzeuge f\u00fcr die Einsatzstellen eingeteilt.<\/p>\n<p>Die Anfahrt zu den Einsatzstellen gestaltete sich durch den dichten Nebel teilweise sehr schwierig. Am Vo\u00dfloh angekommen, konnte schnell Entwarnung gegeben werden. Der Hauseigent\u00fcmer hatte   den Entstehungsbrand mit einem Eimer Wasser bereits gel\u00f6scht. Am Pelsenberg wurde die Hecke mit ein par Litern Wasser abgel\u00f6scht.<\/p>\n<p>Noch w\u00e4hrend der R\u00fcckfahrt zum Ger\u00e4tehaus, meldete die Leitstelle dem Einsatzleitwagen einen neuen Einsatz. An der Sch\u00fctzenhalle in Petersborn sollte ein Altkleidercontainer brennen. Zusammen mit dem Tankl\u00f6schfahrzeug und dem HLF, \u00fcbernahm der ELW diesen Einsatz.<\/p>\n<p>Nach dem man sich gewaltsam Zugang zum Inneren des Containers verschafft hatte, konnte das Feuer schnell abgel\u00f6scht werden.<\/p>\n<p>Auch f\u00fcr die Mannschaft von der Einsatzstelle Am Pelsenberg, sollte es nicht auf direktem Weg zur\u00fcck zum Ger\u00e4tehaus gehen. Auf dem Briloner Marktplatz brannte ein Haufen mit B\u00f6llerresten. Dieser wurde mittels K\u00fcbelspritze abgel\u00f6scht.<\/p>\n<p>Kurz nach 1 Uhr waren alle Einsatzkr\u00e4fte wieder am Ger\u00e4tehaus und die Fahrzeuge konnten wieder einsatzklar gemacht werden.<\/p>\n<p>Die Ruhe w\u00e4hrte allerdings nicht lang. Um 1:40 Uhr wurde der Leitstelle ein M\u00fclltonnenbrand in der Gartenstra\u00dfe gemeldet. Die Brandsch\u00fctzer, welche sich noch im Ger\u00e4tehaus befanden, besetzten umgehend das HLF und machten sich auf den Weg Richtung Einsatzstelle. Auch hier konnte durch beherztes Eingreifen des Hauseigent\u00fcmers gr\u00f6\u00dferer Schaden verhindert. werden. Die M\u00fclltonne welche direkt an einer Garage stand, war komplett niedergebrannt. Letzte Glutnester wurden abgel\u00f6scht.<\/p>\n<p>Mit Hilfe der W\u00e4rmebildkamera wurde die Dachkonstruktion der Garage kontrolliert. Nach einer Stunde war dann schlie\u00dflich der f\u00fcnfte und letzte Einsatz f\u00fcr diese Nacht beendet.<\/p>\n<p>Insgesamt waren 25 Feuerwehrm\u00e4nner fast zwei Stunden im Einsatz.<\/p>\n<p style=\"border-color: #696969; border-width: 2px; border-style: solid; padding: 4px;\"><strong>Eingesetzte Einheiten:<\/strong><br \/>\n<a href=\"http:\/\/www.feuerwehr-brilon.de\/?page_id=7\"><img loading=\"lazy\" decoding=\"async\" class=\"alignnone\" title=\"lz brilon\" src=\"http:\/\/www.feuerwehr-brilon.de\/images\/einsatz_details\/lz_brilon.jpg\" alt=\"\" width=\"110\" height=\"31\"><\/a><\/p>\n<p style=\"border-color: #696969; border-width: 2px; border-style: solid; padding: 4px;\"><strong>Eingesetzte Fahrzeuge:<\/strong><br \/>\n<a href=\"http:\/\/www.feuerwehr-brilon.de\/?page_id=749\"><img loading=\"lazy\" decoding=\"async\" class=\"alignnone\" src=\"http:\/\/www.feuerwehr-brilon.de\/images\/einsatz_details\/051101.jpg\" alt=\"\" width=\"110\" height=\"31\"><\/a><a href=\"http:\/\/www.feuerwehr-brilon.de\/?page_id=803\"><img loading=\"lazy\" decoding=\"async\" class=\"alignnone\" src=\"http:\/\/www.feuerwehr-brilon.de\/images\/einsatz_details\/053301.jpg\" alt=\"\" width=\"110\" height=\"31\"><\/a><a href=\"http:\/\/www.feuerwehr-brilon.de\/?page_id=755\"><img loading=\"lazy\" decoding=\"async\" class=\"alignnone\" src=\"http:\/\/www.feuerwehr-brilon.de\/images\/einsatz_details\/054401.jpg\" alt=\"\" width=\"110\" height=\"31\"><\/a><a href=\"http:\/\/www.feuerwehr-brilon.de\/?page_id=8508\"><img loading=\"lazy\" decoding=\"async\" class=\"alignnone\" src=\"http:\/\/www.feuerwehr-brilon.de\/images\/einsatz_details\/052401.jpg\" alt=\"\" width=\"110\" height=\"31\"><\/a><\/p>\n<p><strong>Bilder:<\/strong><br \/>\n<a rel=\"lightbox\" href=\"http:\/\/www.feuerwehr-brilon.de\/wp-up\/2017\/01\/IMG_6963-1.jpg\"><img loading=\"lazy\" decoding=\"async\" src=\"http:\/\/www.feuerwehr-brilon.de\/wp-up\/2017\/01\/IMG_6963-1-150x84.jpg\" alt=\"\" width=\"150\" height=\"84\" class=\"alignleft size-thumbnail wp-image-14233\" srcset=\"https:\/\/www.feuerwehr-brilon.de\/wp-up\/2017\/01\/IMG_6963-1-150x84.jpg 150w, https:\/\/www.feuerwehr-brilon.de\/wp-up\/2017\/01\/IMG_6963-1-500x281.jpg 500w, https:\/\/www.feuerwehr-brilon.de\/wp-up\/2017\/01\/IMG_6963-1.jpg 800w\" sizes=\"auto, (max-width: 150px) 100vw, 150px\" \/><\/a><a rel=\"lightbox\" href=\"http:\/\/www.feuerwehr-brilon.de\/wp-up\/2017\/01\/IMG_6971-1.jpg\"><img loading=\"lazy\" decoding=\"async\" src=\"http:\/\/www.feuerwehr-brilon.de\/wp-up\/2017\/01\/IMG_6971-1-150x84.jpg\" alt=\"\" width=\"150\" height=\"84\" class=\"alignleft size-thumbnail wp-image-14234\" srcset=\"https:\/\/www.feuerwehr-brilon.de\/wp-up\/2017\/01\/IMG_6971-1-150x84.jpg 150w, https:\/\/www.feuerwehr-brilon.de\/wp-up\/2017\/01\/IMG_6971-1-500x281.jpg 500w, https:\/\/www.feuerwehr-brilon.de\/wp-up\/2017\/01\/IMG_6971-1.jpg 800w\" sizes=\"auto, (max-width: 150px) 100vw, 150px\" \/><\/a><a rel=\"lightbox\" href=\"http:\/\/www.feuerwehr-brilon.de\/wp-up\/2017\/01\/IMG_6966-1.jpg\"><img loading=\"lazy\" decoding=\"async\" src=\"http:\/\/www.feuerwehr-brilon.de\/wp-up\/2017\/01\/IMG_6966-1-150x113.jpg\" alt=\"\" width=\"150\" height=\"113\" class=\"alignleft size-thumbnail wp-image-14235\" srcset=\"https:\/\/www.feuerwehr-brilon.de\/wp-up\/2017\/01\/IMG_6966-1-150x113.jpg 150w, https:\/\/www.feuerwehr-brilon.de\/wp-up\/2017\/01\/IMG_6966-1-500x375.jpg 500w, https:\/\/www.feuerwehr-brilon.de\/wp-up\/2017\/01\/IMG_6966-1.jpg 800w\" sizes=\"auto, (max-width: 150px) 100vw, 150px\" \/><\/a><a rel=\"lightbox\" href=\"http:\/\/www.feuerwehr-brilon.de\/wp-up\/2017\/01\/IMG_6969-1.jpg\"><img loading=\"lazy\" decoding=\"async\" src=\"http:\/\/www.feuerwehr-brilon.de\/wp-up\/2017\/01\/IMG_6969-1-150x113.jpg\" alt=\"\" width=\"150\" height=\"113\" class=\"alignleft size-thumbnail wp-image-14236\" srcset=\"https:\/\/www.feuerwehr-brilon.de\/wp-up\/2017\/01\/IMG_6969-1-150x113.jpg 150w, https:\/\/www.feuerwehr-brilon.de\/wp-up\/2017\/01\/IMG_6969-1-500x375.jpg 500w, https:\/\/www.feuerwehr-brilon.de\/wp-up\/2017\/01\/IMG_6969-1.jpg 800w\" sizes=\"auto, (max-width: 150px) 100vw, 150px\" \/><\/a><\/p>\n","protected":false},"excerpt":{"rendered":"<p>Brilon. Das neue Jahr hatte gerade begonnen, als der L\u00f6schzug Brilon um 00:13 Uhr zum ersten Einsatz des Jahres alarmiert wurde. Am Pelsenberg sollte eine Hecke brennen. Noch w\u00e4hrend der Anfahrt zum Ger\u00e4tehaus, dann der zweite Alarm. Brand auf einem Balkon am Vo\u00dfloh.<\/p>\n","protected":false},"author":8,"featured_media":0,"comment_status":"closed","ping_status":"closed","sticky":false,"template":"","format":"standard","meta":{"_exactmetrics_skip_tracking":false,"_exactmetrics_sitenote_active":false,"_exactmetrics_sitenote_note":"","_exactmetrics_sitenote_category":0,"jetpack_post_was_ever_published":false,"_jetpack_newsletter_access":"","_jetpack_dont_email_post_to_subs":true,"_jetpack_newsletter_tier_id":0,"_jetpack_memberships_contains_paywalled_content":false,"_jetpack_memberships_contains_paid_content":false,"footnotes":""},"categories":[205],"tags":[],"class_list":["post-14232","post","type-post","status-publish","format-standard","hentry","category-einsaetze-2017"],"jetpack_featured_media_url":"","jetpack_shortlink":"https:\/\/wp.me\/pCIJa-3Hy","jetpack_sharing_enabled":true,"jetpack-related-posts":[{"id":13857,"url":"https:\/\/www.feuerwehr-brilon.de\/?p=13857","url_meta":{"origin":14232,"position":0},"title":"Unwettereins\u00e4tze durch starkes Sommergewitter","author":"Andreas Becker","date":"28. August 2016","format":false,"excerpt":"Stadtgebiet. Am Samstagnachmittag (27.8.) wurde das Stadtgebiet von Brilon von einem heftigen Unwetter \u00fcberrascht. Gegen 16:30 Uhr wurden der Rettungsleitstelle in Meschede die ersten \u00fcberfluteten Keller in Brilon gemeldet. Schon auf der Anfahrt zur ersten Einsatzstelle in der Friedrichstra\u00dfe konnte man die Auswirkungen des kurzen aber kr\u00e4ftigen Unwetters erkennen. Dicke\u2026","rel":"","context":"In &quot;Eins\u00e4tze 2016&quot;","block_context":{"text":"Eins\u00e4tze 2016","link":"https:\/\/www.feuerwehr-brilon.de\/?cat=201"},"img":{"alt_text":"IMG_6332","src":"https:\/\/i0.wp.com\/www.feuerwehr-brilon.de\/wp-up\/2016\/08\/IMG_6332-150x113.jpg?resize=350%2C200","width":350,"height":200},"classes":[]},{"id":12099,"url":"https:\/\/www.feuerwehr-brilon.de\/?p=12099","url_meta":{"origin":14232,"position":1},"title":"Erneut arbeitsreicher Samstag f\u00fcr den L\u00f6schzug Brilon","author":"Andreas Becker","date":"25. Juli 2015","format":false,"excerpt":"Brilon. Zu verschiedensten Eins\u00e4tzen wurde der L\u00f6schzug Brilon am Samstag (25.7.) alarmiert. Zun\u00e4chst mussten die Brandsch\u00fctzer um 12:18 Uhr mehrere dicke \u00c4ste auf der M\u00f6hnestra\u00dfe entfernen. Diese waren vermutliche durch eine starke Windb\u00f6e abgebrochen und stellten eine Gefahr f\u00fcr die Kraftfahrer auf der B480 da. Eine gute Stunde sp\u00e4ter wurde\u2026","rel":"","context":"In &quot;Eins\u00e4tze 2015&quot;","block_context":{"text":"Eins\u00e4tze 2015","link":"https:\/\/www.feuerwehr-brilon.de\/?cat=191"},"img":{"alt_text":"IMG_0065 (2)","src":"https:\/\/i0.wp.com\/www.feuerwehr-brilon.de\/wp-up\/2015\/07\/IMG_0065-2-150x84.jpg?resize=350%2C200","width":350,"height":200},"classes":[]},{"id":23907,"url":"https:\/\/www.feuerwehr-brilon.de\/?p=23907","url_meta":{"origin":14232,"position":2},"title":"Sturmeins\u00e4tze der Feuerwehr Brilon beim Sturmtief Ignatz","author":"Marcus Bange","date":"21. Oktober 2021","format":false,"excerpt":"Brilon. - UPDATE - Die Feuerwehr Brilon war beim Sturmtief Ignatz am Donnerstag (21.10.21) im Dauereinsatz. Um 5.30 Uhr wurde zun\u00e4chst die L\u00f6schgruppen Alme zu einem umgest\u00fcrzten Baum auf der B 480 alarmiert. Kurze Zeit sp\u00e4ter wurde die L\u00f6schgruppe Madfeld zu einem Baum auf der L 637 zwischen B 7\u2026","rel":"","context":"In &quot;Eins\u00e4tze 2021&quot;","block_context":{"text":"Eins\u00e4tze 2021","link":"https:\/\/www.feuerwehr-brilon.de\/?cat=265"},"img":{"alt_text":"","src":"https:\/\/i0.wp.com\/www.feuerwehr-brilon.de\/wp-up\/2021\/10\/Sturm-Ignatz-1.jpg?resize=350%2C200&ssl=1","width":350,"height":200,"srcset":"https:\/\/i0.wp.com\/www.feuerwehr-brilon.de\/wp-up\/2021\/10\/Sturm-Ignatz-1.jpg?resize=350%2C200&ssl=1 1x, https:\/\/i0.wp.com\/www.feuerwehr-brilon.de\/wp-up\/2021\/10\/Sturm-Ignatz-1.jpg?resize=525%2C300&ssl=1 1.5x, https:\/\/i0.wp.com\/www.feuerwehr-brilon.de\/wp-up\/2021\/10\/Sturm-Ignatz-1.jpg?resize=700%2C400&ssl=1 2x"},"classes":[]},{"id":10538,"url":"https:\/\/www.feuerwehr-brilon.de\/?p=10538","url_meta":{"origin":14232,"position":3},"title":"Unwetter sorgt f\u00fcr zahlreiche Eins\u00e4tze im Stadtgebiet","author":"Andreas Becker","date":"9. Juni 2014","format":false,"excerpt":"Stadtgebiet. Ein starkes Sommergewitter hat heute in Brilon f\u00fcr zahlreiche Eins\u00e4tze in kurzer Zeit gesorgt. Um 15.30 Uhr erreichte die Feuerwehr Brilon die erste Alarmierung zu einem Wassereinbruch in einen Keller. Weitere 23 Eins\u00e4tze sollten folgen, wobei Keller unter Wasser, umgest\u00fcrzter Baum\/ Ast und Stra\u00dfen\u00fcberflutungen die Einsatzstichworte bildeten. Insgesamt f\u00fcnf\u2026","rel":"","context":"In &quot;Eins\u00e4tze 2014&quot;","block_context":{"text":"Eins\u00e4tze 2014","link":"https:\/\/www.feuerwehr-brilon.de\/?cat=184"},"img":{"alt_text":"privat1","src":"https:\/\/i0.wp.com\/www.feuerwehr-brilon.de\/wp-up\/2014\/06\/privat1-150x84.jpg?resize=350%2C200","width":350,"height":200},"classes":[]},{"id":21984,"url":"https:\/\/www.feuerwehr-brilon.de\/?p=21984","url_meta":{"origin":14232,"position":4},"title":"Silvesterbilanz 2019 der Feuerwehr Brilon","author":"Andreas Becker","date":"1. Januar 2020","format":false,"excerpt":"Brilon. Mit drei Eins\u00e4tzen ist es in der Silvesternacht f\u00fcr die Feuerwehr Brilon relativ ruhig geblieben. Kurz vor halb Eins im neuen Jahr wurde eine Gruppe des L\u00f6schzuges Brilon alarmiert, da ein M\u00fclleimer auf dem Marktplatz in Brand geraten war. Der Brand war schnell gel\u00f6scht und die neun Feuerwehrm\u00e4nner konnten\u2026","rel":"","context":"In &quot;Eins\u00e4tze 2020&quot;","block_context":{"text":"Eins\u00e4tze 2020","link":"https:\/\/www.feuerwehr-brilon.de\/?cat=236"},"img":{"alt_text":"","src":"https:\/\/i0.wp.com\/www.feuerwehr-brilon.de\/wp-up\/2020\/01\/IMG_0603-1-150x113.jpg?resize=350%2C200&ssl=1","width":350,"height":200},"classes":[]},{"id":6092,"url":"https:\/\/www.feuerwehr-brilon.de\/?p=6092","url_meta":{"origin":14232,"position":5},"title":"Vier Eins\u00e4tze durch Orkantief Andrea","author":"Andreas Becker","date":"5. Januar 2012","format":false,"excerpt":"Die Feuerwehr Brilon wurde durch das Orkantief Andrea am Donnerstagmorgen zu vier Eins\u00e4tzen gerufen. Kurz vor 5.00 Uhr war zun\u00e4chst die L\u00f6schgruppe Alme im Einsatz. Sie beseitigte auf der Kreisstra\u00dfe zwischen Alme und Nehden einen gr\u00f6\u00dferen Ast. Um 9.00 Uhr wurden die L\u00f6schgruppe Hoppecke und die Drehleiter des L\u00f6schzuges Brilon\u2026","rel":"","context":"In &quot;Eins\u00e4tze 2012&quot;","block_context":{"text":"Eins\u00e4tze 2012","link":"https:\/\/www.feuerwehr-brilon.de\/?cat=171"},"img":{"alt_text":"","src":"https:\/\/i0.wp.com\/www.feuerwehr-brilon.de\/wp-up\/2012\/01\/Dachstuhlbrand-Georgstra%C3%9Fe-10-150x112.jpg?resize=350%2C200","width":350,"height":200},"classes":[]}],"_links":{"self":[{"href":"https:\/\/www.feuerwehr-brilon.de\/index.php?rest_route=\/wp\/v2\/posts\/14232","targetHints":{"allow":["GET"]}}],"collection":[{"href":"https:\/\/www.feuerwehr-brilon.de\/index.php?rest_route=\/wp\/v2\/posts"}],"about":[{"href":"https:\/\/www.feuerwehr-brilon.de\/index.php?rest_route=\/wp\/v2\/types\/post"}],"author":[{"embeddable":true,"href":"https:\/\/www.feuerwehr-brilon.de\/index.php?rest_route=\/wp\/v2\/users\/8"}],"replies":[{"embeddable":true,"href":"https:\/\/www.feuerwehr-brilon.de\/index.php?rest_route=%2Fwp%2Fv2%2Fcomments&post=14232"}],"version-history":[{"count":3,"href":"https:\/\/www.feuerwehr-brilon.de\/index.php?rest_route=\/wp\/v2\/posts\/14232\/revisions"}],"predecessor-version":[{"id":14242,"href":"https:\/\/www.feuerwehr-brilon.de\/index.php?rest_route=\/wp\/v2\/posts\/14232\/revisions\/14242"}],"wp:attachment":[{"href":"https:\/\/www.feuerwehr-brilon.de\/index.php?rest_route=%2Fwp%2Fv2%2Fmedia&parent=14232"}],"wp:term":[{"taxonomy":"category","embeddable":true,"href":"https:\/\/www.feuerwehr-brilon.de\/index.php?rest_route=%2Fwp%2Fv2%2Fcategories&post=14232"},{"taxonomy":"post_tag","embeddable":true,"href":"https:\/\/www.feuerwehr-brilon.de\/index.php?rest_route=%2Fwp%2Fv2%2Ftags&post=14232"}],"curies":[{"name":"wp","href":"https:\/\/api.w.org\/{rel}","templated":true}]}}