{"id":14255,"date":"2017-01-13T10:47:49","date_gmt":"2017-01-13T09:47:49","guid":{"rendered":"http:\/\/www.feuerwehr-brilon.de\/?p=14255"},"modified":"2017-01-26T15:51:10","modified_gmt":"2017-01-26T14:51:10","slug":"hauptversammlung-der-loeschgruppe-scharfenberg","status":"publish","type":"post","link":"https:\/\/www.feuerwehr-brilon.de\/?p=14255","title":{"rendered":"Hauptversammlung der L\u00f6schgruppe Scharfenberg"},"content":{"rendered":"<p><a href=\"http:\/\/www.feuerwehr-brilon.de\/wp-up\/2017\/01\/nr1i.jpg\" rel=\"lightbox\"><img loading=\"lazy\" decoding=\"async\" class=\"alignleft wp-image-14256 size-thumbnail\" src=\"http:\/\/www.feuerwehr-brilon.de\/wp-up\/2017\/01\/nr1i-150x113.jpg\" width=\"150\" height=\"113\" srcset=\"https:\/\/www.feuerwehr-brilon.de\/wp-up\/2017\/01\/nr1i-150x113.jpg 150w, https:\/\/www.feuerwehr-brilon.de\/wp-up\/2017\/01\/nr1i-500x375.jpg 500w, https:\/\/www.feuerwehr-brilon.de\/wp-up\/2017\/01\/nr1i.jpg 800w\" sizes=\"auto, (max-width: 150px) 100vw, 150px\" \/><\/a>Zur Jahreshauptversammlung konnte L\u00f6schgruppenf\u00fchrer Heiko Schluer neben der Einsatzabteilung und den Kameraden der Ehrenabteilung, die L\u00f6schgruppe besteht zurzeit aus 35 aktiven und 11 Kameraden der Ehrenabteilung einige G\u00e4ste begr\u00fc\u00dfen. Den Leiter der Feuerwehr Wolfgang Hillebrand mit seinem Stellvertreter Wilfried G\u00f6bel, den 1. Beigeordneten der Stadt Brilon Herrn Reinhold Huxol, Ortsvorsteher Klaus G\u00f6tte sowie Ratsmitglied Heinz-Gerd Gehling.<\/p>\n<p>In seinem Jahresbericht konnte Schluer von 10 Eins\u00e4tzen berichten, zu denen die L\u00f6schgruppe alarmiert worden ist. Es wurden von den Einsatzkr\u00e4ften zahlreiche Lehrg\u00e4nge und Seminare auf Stadt, Kreis und Landesebene besucht. Zudem engagierte man sich f\u00fcr die Dorfgemeinschaft bei vielen Festen und Veranstaltungen. Bei der Briloner Schnade stellte man zudem die Wasserversorgung und den Brandschutz sicher. 1666 Stunden ehrenamtlichen Dienst leistete die L\u00f6schgruppe 2016 zum Wohle der B\u00fcrgerrinnen und B\u00fcrger.<!--more--><\/p>\n<p>Dazu kamen im letzten Jahr durch den zurzeit durchgef\u00fchrten Neubau einer Fahrzeughalle und Umbau zweier Klassenr\u00e4ume der alten Grundschule bis jetzt 1313 Stunden in Eigenleistung zusammen, wovon 140 Stunden unentgeltlich von B\u00fcrgen geleistet wurden die nicht der Feuerwehr angeh\u00f6ren. Daf\u00fcr gilt unser herzlichster Dank.<\/p>\n<p>Wehrf\u00fchrer Wolfgang Hillebrand bedankte sich im Namen des Stadtfeuerwehrverbandes f\u00fcr die geleistete Arbeit und Ausbildung. Dankte Rat und Verwaltung f\u00fcr die bereitgestellten Mittel. Er forderte alle Anwesenden auf weiter viel Werbung f\u00fcr den Ehrenamtlichen Dienst in der Feuerwehr bei jungen Leuten, aber auch bei Quereinsteigern und M\u00e4dchen gemacht werden soll.<\/p>\n<p>Nach bestandenen Gruppenf\u00fchrer Lehrgang am Institut der Feuerwehr NRW konnte Hillebrand Jonas Rieke zum Brandmeister und den stellvertretene L\u00f6schgruppenf\u00fchrer Dirk Schulte nach erfolgreichem absolvieren des Lehrgangs Verbandsf\u00fchrer am IDF zum Brandoberinspektor bef\u00f6rdern.<\/p>\n<p>Der 1. Beigeordnete Herr Reinhold Huxoll \u00fcberbrachte die Gr\u00fc\u00dfe vom B\u00fcrgermeister sowie Rat und Verwaltung, dankte f\u00fcr die Leistung der Feuerwehren worauf die Stadt und auch die B\u00fcrger nicht verzichten k\u00f6nnen.<\/p>\n<p>Ortsvorsteher Klaus G\u00f6tte und Ratsmitglied Gehling dankten im Namen der Dorfgemeinschaft f\u00fcr die zahlreichen T\u00e4tigkeiten der L\u00f6schgruppe im Ort, von Martinszug bis Prozession, die man nicht als selbstverst\u00e4ndlich sehen sollte.<\/p>\n<p><a href=\"http:\/\/www.feuerwehr-brilon.de\/wp-up\/2017\/01\/nr2i.jpg\" rel=\"lightbox\"><img loading=\"lazy\" decoding=\"async\" class=\"alignleft wp-image-14257 size-thumbnail\" src=\"http:\/\/www.feuerwehr-brilon.de\/wp-up\/2017\/01\/nr2i-150x113.jpg\" width=\"150\" height=\"113\" srcset=\"https:\/\/www.feuerwehr-brilon.de\/wp-up\/2017\/01\/nr2i-150x113.jpg 150w, https:\/\/www.feuerwehr-brilon.de\/wp-up\/2017\/01\/nr2i-500x375.jpg 500w, https:\/\/www.feuerwehr-brilon.de\/wp-up\/2017\/01\/nr2i.jpg 800w\" sizes=\"auto, (max-width: 150px) 100vw, 150px\" \/><\/a><\/p>\n<p>Dann konnten noch einige Ehrungen vorgenommen werden. Der Stellvertretene Leiter der Feuerwehr Wilfried G\u00f6bel ehrte Wehrf\u00fchrer Wolfgang Hillebrand f\u00fcr 40 Jahre in der Feuerwehr mit der Ehrennadel in Silber vom Verband der Feuerwehren NRW und den Kameraden Franz-Josef G\u00f6dde f\u00fcr 50 Jahre mit der Ehrennadel in Gold. Eine Ehrung der besonderen Art gab es f\u00fcr Ludwig Canisius er wurde f\u00fcr 75 Jahre mit der Ehrennadel in Gold ausgezeichnet die im Zuhause \u00fcbergeben wurde.&nbsp;&nbsp;&nbsp;&nbsp;<\/p>\n<p>Zum Schluss dankte L\u00f6schgruppenf\u00fchrer Heiko Schluer allen Kameraden die sich im vergangenen Jahr auf vielf\u00e4ltige Art und Weise f\u00fcr die L\u00f6schgruppe stark gemacht haben.<\/p>\n<p><a href=\"http:\/\/www.feuerwehr-brilon.de\/wp-up\/2017\/01\/20170114_142152-1-1.jpg\" rel=\"lightbox\"><img loading=\"lazy\" decoding=\"async\" class=\"alignleft size-thumbnail wp-image-14297\" src=\"http:\/\/www.feuerwehr-brilon.de\/wp-up\/2017\/01\/20170114_142152-1-1-113x150.jpg\" alt=\"\" width=\"113\" height=\"150\" srcset=\"https:\/\/www.feuerwehr-brilon.de\/wp-up\/2017\/01\/20170114_142152-1-1-113x150.jpg 113w, https:\/\/www.feuerwehr-brilon.de\/wp-up\/2017\/01\/20170114_142152-1-1-375x500.jpg 375w, https:\/\/www.feuerwehr-brilon.de\/wp-up\/2017\/01\/20170114_142152-1-1-768x1024.jpg 768w\" sizes=\"auto, (max-width: 113px) 100vw, 113px\" \/><\/a><\/p>\n","protected":false},"excerpt":{"rendered":"<p>Zur Jahreshauptversammlung konnte L\u00f6schgruppenf\u00fchrer Heiko Schluer neben der Einsatzabteilung und den Kameraden der Ehrenabteilung, die L\u00f6schgruppe besteht zurzeit aus 35 aktiven und 11 Kameraden der Ehrenabteilung einige G\u00e4ste begr\u00fc\u00dfen. Den Leiter der Feuerwehr Wolfgang Hillebrand mit seinem Stellvertreter Wilfried G\u00f6bel, den 1. Beigeordneten der Stadt Brilon Herrn Reinhold Huxol, Ortsvorsteher Klaus G\u00f6tte sowie Ratsmitglied Heinz-Gerd [&hellip;]<\/p>\n","protected":false},"author":6,"featured_media":0,"comment_status":"closed","ping_status":"closed","sticky":false,"template":"","format":"standard","meta":{"_exactmetrics_skip_tracking":false,"_exactmetrics_sitenote_active":false,"_exactmetrics_sitenote_note":"","_exactmetrics_sitenote_category":0,"jetpack_post_was_ever_published":false,"_jetpack_newsletter_access":"","_jetpack_dont_email_post_to_subs":true,"_jetpack_newsletter_tier_id":0,"_jetpack_memberships_contains_paywalled_content":false,"_jetpack_memberships_contains_paid_content":false,"footnotes":""},"categories":[206],"tags":[60,41],"class_list":["post-14255","post","type-post","status-publish","format-standard","hentry","category-meldungen-2017","tag-personen","tag-scharfenberg"],"jetpack_featured_media_url":"","jetpack_shortlink":"https:\/\/wp.me\/pCIJa-3HV","jetpack_sharing_enabled":true,"jetpack-related-posts":[{"id":13065,"url":"https:\/\/www.feuerwehr-brilon.de\/?p=13065","url_meta":{"origin":14255,"position":0},"title":"Generalversammlung der L\u00f6schgruppe Scharfenberg","author":"Marc Heines","date":"12. Januar 2016","format":false,"excerpt":"Zur Jahreshauptversammlung der L\u00f6schgruppe Scharfenberg konnte L\u00f6schgruppenf\u00fchrer Heiko Schluer den Leiter der Feuerwehr Brilon Wolfgang Hillebrand mit seinem Stellvertreter J\u00fcrgen Mertens sowie Fachbereichsleiterin Fachbereich 3 Karin Wigge, Ortvorsteher Klaus G\u00f6tte, das Ratsmitglied Heinz -Gerd Gehling sowie 31 Kameraden der Einsatzabteilung und ganz besonders 6 Kameraden der Ehrenabteilung begr\u00fc\u00dfen. In seinem\u2026","rel":"","context":"In &quot;Meldungen 2016&quot;","block_context":{"text":"Meldungen 2016","link":"https:\/\/www.feuerwehr-brilon.de\/?cat=202"},"img":{"alt_text":"versammlung16_alle_i","src":"https:\/\/i0.wp.com\/www.feuerwehr-brilon.de\/wp-up\/2016\/01\/versammlung16_alle_i-150x113.jpg?resize=350%2C200","width":350,"height":200},"classes":[]},{"id":15677,"url":"https:\/\/www.feuerwehr-brilon.de\/?p=15677","url_meta":{"origin":14255,"position":1},"title":"Versammlung der L\u00f6schgruppe Scharfenberg","author":"Marc Heines","date":"19. Januar 2018","format":false,"excerpt":"Neuer L\u00f6schgruppenf\u00fchrer bei der L\u00f6schgruppe Scharfenberg. Scharfenberg. Zur Jahreshauptversammlung der L\u00f6schgruppe Scharfenberg konnte L\u00f6schgruppenf\u00fchrer Hei-ko Schluer den obersten Dienstherrn der Feuerwehr Brilon B\u00fcrgermeister Dr. Christof Bartsch, den Leiter der Feuerwehr Wolfgang Hillebrand, Ortvorsteher Klaus G\u00f6tte, die Ratsmitglieder Heinz -Gerd Gehling und Lukas Wittmann, sowie 30 Kameraden der Einsatzabteilung und ganz\u2026","rel":"","context":"In &quot;Allgemein&quot;","block_context":{"text":"Allgemein","link":"https:\/\/www.feuerwehr-brilon.de\/?cat=1"},"img":{"alt_text":"","src":"https:\/\/i0.wp.com\/www.feuerwehr-brilon.de\/wp-up\/2018\/01\/Nr1i-150x86.jpg?resize=350%2C200&ssl=1","width":350,"height":200},"classes":[]},{"id":11399,"url":"https:\/\/www.feuerwehr-brilon.de\/?p=11399","url_meta":{"origin":14255,"position":2},"title":"Jahreshauptversammlung der L\u00f6schgruppe Scharfenberg","author":"Andreas Becker","date":"9. Januar 2015","format":false,"excerpt":"Scharfenberg. Zur Generalversammlung konnte L\u00f6schgruppenf\u00fchrer Heiko Schluer den ersten Beigeordneten der Stadt Brilon Herrn Reinhold Huxol und den Leiter der Feuerwehr Brilon Wolfgang Hillebrand mit seinen beiden Stellvertretern J\u00fcrgen Mertens und Wilfried G\u00f6bel begr\u00fc\u00dfen. Ebenfalls waren der Ortsvorsteher Klaus G\u00f6tte, Ratsmitglied Lukas Wittmann, sowie 30 Kameraden der Einsatzabteilung und 4\u2026","rel":"","context":"In &quot;Allgemein&quot;","block_context":{"text":"Allgemein","link":"https:\/\/www.feuerwehr-brilon.de\/?cat=1"},"img":{"alt_text":"Bild JHV","src":"https:\/\/i0.wp.com\/www.feuerwehr-brilon.de\/wp-up\/2015\/01\/Bild-JHV-150x99.jpg?resize=350%2C200","width":350,"height":200},"classes":[]},{"id":9621,"url":"https:\/\/www.feuerwehr-brilon.de\/?p=9621","url_meta":{"origin":14255,"position":3},"title":"Generalversammlung bei der L\u00f6schgruppe Scharfenberg","author":"Andreas Becker","date":"22. Januar 2014","format":false,"excerpt":"Scharfenberg. Zur Jahreshauptversammlung begr\u00fc\u00dfte L\u00f6schgruppenf\u00fchrer Heiko Schluer den Leiter der Feuerwehr Wolfgang Hillebrand mit seinen beiden Stellvertretern J\u00fcrgen Mertens und Wilfried G\u00f6bel, den Leiter des Ordnungsamtes Marcus Bange, Ortsvorsteher Klaus G\u00f6tte, die Ratsmitglieder Lukas Wittmann und Rudi Bauer sowie 29 Feuerwehrleute der Einsatzabteilung und 5 Kameraden der Ehrenabteilung. L\u00f6schgruppenf\u00fchrer Schluer\u2026","rel":"","context":"In &quot;Meldungen 2014&quot;","block_context":{"text":"Meldungen 2014","link":"https:\/\/www.feuerwehr-brilon.de\/?cat=183"},"img":{"alt_text":"","src":"https:\/\/i0.wp.com\/www.feuerwehr-brilon.de\/wp-up\/2014\/01\/gv_scharfenberg-11-150x105.jpg?resize=350%2C200","width":350,"height":200},"classes":[]},{"id":7890,"url":"https:\/\/www.feuerwehr-brilon.de\/?p=7890","url_meta":{"origin":14255,"position":4},"title":"Jahreshauptversammlung der L\u00f6schgruppe Scharfenberg","author":"Andreas Becker","date":"11. Januar 2013","format":false,"excerpt":"Zur Generalversammlung am 7.1.2013 konnte L\u00f6schgruppenf\u00fchrer Heiko Schluer den B\u00fcrgermeister der Stadt Franz Schrewe, den Leiter der Feuerwehr Wolfgang Hillebrand, seinen Stellvertreter J\u00fcrgen Mertens, Ortsvorsteher Klaus G\u00f6tte, die Ratsmitglieder Lukas Wittmann und Rudi Bauer sowie 25 Kameraden der Einsatzabteilung und 9 Kameraden der Alters und Ehrenabteilung begr\u00fc\u00dfen. In seinem Jahresr\u00fcckblick\u2026","rel":"","context":"In &quot;Meldungen 2013&quot;","block_context":{"text":"Meldungen 2013","link":"https:\/\/www.feuerwehr-brilon.de\/?cat=177"},"img":{"alt_text":"","src":"https:\/\/i0.wp.com\/www.feuerwehr-brilon.de\/wp-up\/2013\/01\/20130105_214902-2-150x80.jpg?resize=350%2C200","width":350,"height":200},"classes":[]},{"id":6606,"url":"https:\/\/www.feuerwehr-brilon.de\/?p=6606","url_meta":{"origin":14255,"position":5},"title":"Generalversammlung der L\u00f6schgruppe Scharfenberg","author":"Marc Heines","date":"27. April 2012","format":false,"excerpt":"Zur Jahresshauptversammlung konnte Heiko Schluer als stellvertretender L\u00f6schgruppenf\u00fchrer den Leiter der Feuerwehr Wolfgang Hillebrand, Ordnungsamtsleiter Marcus Bange, Ortsvorsteher Klaus G\u00f6tte, die Ratsmitglieder Lukas Wittmann und Rudi Bauer sowie 30 Kameraden der Einsatzabteilung und 10 Kameraden der Alters und Ehrenabteilung begr\u00fc\u00dfen. In seinem Jahresr\u00fcckblick konnte Schluer auf fast 1600 Stunden ehrenamtlichen\u2026","rel":"","context":"In &quot;Meldungen 2012&quot;","block_context":{"text":"Meldungen 2012","link":"https:\/\/www.feuerwehr-brilon.de\/?cat=172"},"img":{"alt_text":"","src":"https:\/\/i0.wp.com\/www.feuerwehr-brilon.de\/wp-up\/2012\/04\/JHV-Ai-150x71.jpg?resize=350%2C200","width":350,"height":200},"classes":[]}],"_links":{"self":[{"href":"https:\/\/www.feuerwehr-brilon.de\/index.php?rest_route=\/wp\/v2\/posts\/14255","targetHints":{"allow":["GET"]}}],"collection":[{"href":"https:\/\/www.feuerwehr-brilon.de\/index.php?rest_route=\/wp\/v2\/posts"}],"about":[{"href":"https:\/\/www.feuerwehr-brilon.de\/index.php?rest_route=\/wp\/v2\/types\/post"}],"author":[{"embeddable":true,"href":"https:\/\/www.feuerwehr-brilon.de\/index.php?rest_route=\/wp\/v2\/users\/6"}],"replies":[{"embeddable":true,"href":"https:\/\/www.feuerwehr-brilon.de\/index.php?rest_route=%2Fwp%2Fv2%2Fcomments&post=14255"}],"version-history":[{"count":3,"href":"https:\/\/www.feuerwehr-brilon.de\/index.php?rest_route=\/wp\/v2\/posts\/14255\/revisions"}],"predecessor-version":[{"id":14298,"href":"https:\/\/www.feuerwehr-brilon.de\/index.php?rest_route=\/wp\/v2\/posts\/14255\/revisions\/14298"}],"wp:attachment":[{"href":"https:\/\/www.feuerwehr-brilon.de\/index.php?rest_route=%2Fwp%2Fv2%2Fmedia&parent=14255"}],"wp:term":[{"taxonomy":"category","embeddable":true,"href":"https:\/\/www.feuerwehr-brilon.de\/index.php?rest_route=%2Fwp%2Fv2%2Fcategories&post=14255"},{"taxonomy":"post_tag","embeddable":true,"href":"https:\/\/www.feuerwehr-brilon.de\/index.php?rest_route=%2Fwp%2Fv2%2Ftags&post=14255"}],"curies":[{"name":"wp","href":"https:\/\/api.w.org\/{rel}","templated":true}]}}