{"id":14261,"date":"2017-01-13T14:44:36","date_gmt":"2017-01-13T13:44:36","guid":{"rendered":"http:\/\/www.feuerwehr-brilon.de\/?p=14261"},"modified":"2017-01-26T15:51:17","modified_gmt":"2017-01-26T14:51:17","slug":"verkehrsunfall-auf-der-k-58-bei-nehden","status":"publish","type":"post","link":"https:\/\/www.feuerwehr-brilon.de\/?p=14261","title":{"rendered":"Verkehrsunfall auf der K 58 bei Nehden"},"content":{"rendered":"<p><a href=\"http:\/\/www.feuerwehr-brilon.de\/?p=14261\"><img loading=\"lazy\" decoding=\"async\" class=\"alignleft size-thumbnail wp-image-14263\" src=\"http:\/\/www.feuerwehr-brilon.de\/wp-up\/2017\/01\/VU-K-58-Nehden-13.1.2017-I-150x84.jpg\" alt=\"VU-K-58-Nehden-13.1.2017-I\" width=\"150\" height=\"84\"  \n srcset=\"https:\/\/www.feuerwehr-brilon.de\/wp-up\/2017\/01\/VU-K-58-Nehden-13.1.2017-I-150x84.jpg 150w, https:\/\/www.feuerwehr-brilon.de\/wp-up\/2017\/01\/VU-K-58-Nehden-13.1.2017-I-500x281.jpg 500w, https:\/\/www.feuerwehr-brilon.de\/wp-up\/2017\/01\/VU-K-58-Nehden-13.1.2017-I.jpg 800w\" sizes=\"auto, (max-width: 150px) 100vw, 150px\" \/><\/a><a title=\"Brilon\" href=\"http:\/\/www.feuerwehr-brilon.de\/?page_id=7\" target=\"_blank\">Brilon. <\/a>Die Feuerwehr Brilon wurde am Freitagmittag zu einem Verkehrsunfall zwischen Nehden und Alme alarmiert. Dort waren auf der K 58 kurz hinter Nehden zwei PKW auf schneeglatter Fahrbahn zusammen gesto\u00dfen. Entgegen ersten Meldungen wurde keine Person eingeklemmt. <!--more--> Die Feuerwehr nahm auslaufende Betriebsstoffe auf und r\u00e4umte die Fahrbahn. <\/p>\n<p>Die 65-j\u00e4hrige Fahrerin des einen PKW wurde verletzt ins Krankenhaus eingeliefert. Die L\u00f6schgruppen Alme, Nehden und Th\u00fclen waren rund eine Stunde im Einsatz. Zu Unfallursache und Schadensh\u00f6he liegen der Feuerwehr keine Angaben vor.<\/p>\n<p style=\"padding: 4px; border: 2px solid #696969;\"><strong>Eingesetzte Einheiten:<\/strong><br \/>\n<a href=\"http:\/\/www.feuerwehr-brilon.de\/?page_id=27\"><img loading=\"lazy\" decoding=\"async\" class=\"alignnone\" title=\"lg alme\" src=\"http:\/\/www.feuerwehr-brilon.de\/images\/einsatz_details\/lg_alme.jpg\" alt=\"\" width=\"110\" height=\"31\" \/><\/a><a href=\"http:\/\/www.feuerwehr-brilon.de\/?page_id=29\"><img loading=\"lazy\" decoding=\"async\" class=\"alignnone\" title=\"lg nehden\" src=\"http:\/\/www.feuerwehr-brilon.de\/images\/einsatz_details\/lg_nehden.jpg\" alt=\"\" width=\"110\" height=\"31\" \/><\/a><a href=\"http:\/\/www.feuerwehr-brilon.de\/?page_id=30\"><img loading=\"lazy\" decoding=\"async\" class=\"alignnone\" title=\"lg th\u00fclen\" src=\"http:\/\/www.feuerwehr-brilon.de\/images\/einsatz_details\/lg_thuelen.jpg\" alt=\"\" width=\"110\" height=\"31\" \/><\/a><a href=\"http:\/\/www.feuerwehr-brilon.de\/?page_id=7\"><img loading=\"lazy\" decoding=\"async\" class=\"alignnone\" title=\"lz brilon\" src=\"http:\/\/www.feuerwehr-brilon.de\/images\/einsatz_details\/lz_brilon.jpg\" alt=\"\" width=\"110\" height=\"31\" \/><\/a><\/p>\n<p style=\"padding: 4px; border: 2px solid #696969;\"><strong>Eingesetzte Fahrzeuge:<\/strong><br \/>\n<a href=\"http:\/\/www.feuerwehr-brilon.de\/?page_id=1355\"><img loading=\"lazy\" decoding=\"async\" class=\"alignnone\" title=\"StLF10\/6\" src=\"http:\/\/www.feuerwehr-brilon.de\/images\/einsatz_details\/054803.jpg\" alt=\"\" width=\"110\" height=\"31\" \/><\/a><a href=\"http:\/\/www.feuerwehr-brilon.de\/?page_id=818\"><img loading=\"lazy\" decoding=\"async\" class=\"alignnone\" title=\"TSF\" src=\"http:\/\/www.feuerwehr-brilon.de\/images\/einsatz_details\/054701.jpg\" alt=\"\" width=\"110\" height=\"31\" \/><\/a><a href=\"http:\/\/www.feuerwehr-brilon.de\/?page_id=1355\"><img loading=\"lazy\" decoding=\"async\" class=\"alignnone\" title=\"StLF10\/6\" src=\"http:\/\/www.feuerwehr-brilon.de\/images\/einsatz_details\/054803.jpg\" alt=\"\" width=\"110\" height=\"31\" \/><\/a><a href=\"http:\/\/www.feuerwehr-brilon.de\/?page_id=749\"><img loading=\"lazy\" decoding=\"async\" class=\"alignnone\" src=\"http:\/\/www.feuerwehr-brilon.de\/images\/einsatz_details\/051101.jpg\" alt=\"\" width=\"110\" height=\"31\" \/><\/a> <\/p>\n<p>&nbsp;<\/p>\n<p><strong>Bilder:<\/strong><br \/>\n<a href=\"http:\/\/www.feuerwehr-brilon.de\/wp-up\/2017\/01\/VU-K-58-Nehden-13.1.2017-I.jpg\"rel=\"lightbox\"><img loading=\"lazy\" decoding=\"async\" class=\"alignleft size-thumbnail wp-image-14263\" src=\"http:\/\/www.feuerwehr-brilon.de\/wp-up\/2017\/01\/VU-K-58-Nehden-13.1.2017-I-150x84.jpg\" alt=\"VU-K-58-Nehden-13.1.2017-I\" width=\"150\" height=\"84\" srcset=\"https:\/\/www.feuerwehr-brilon.de\/wp-up\/2017\/01\/VU-K-58-Nehden-13.1.2017-I-150x84.jpg 150w, https:\/\/www.feuerwehr-brilon.de\/wp-up\/2017\/01\/VU-K-58-Nehden-13.1.2017-I-500x281.jpg 500w, https:\/\/www.feuerwehr-brilon.de\/wp-up\/2017\/01\/VU-K-58-Nehden-13.1.2017-I.jpg 800w\" sizes=\"auto, (max-width: 150px) 100vw, 150px\" \/><\/a><\/p>\n<p>&nbsp;<\/p>\n","protected":false},"excerpt":{"rendered":"<p>Brilon. Die Feuerwehr Brilon wurde am Freitagmittag zu einem Verkehrsunfall zwischen Nehden und Alme alarmiert. Dort waren auf der K 58 kurz hinter Nehden zwei PKW auf schneeglatter Fahrbahn zusammen gesto\u00dfen. Entgegen ersten Meldungen wurde keine Person eingeklemmt.<\/p>\n","protected":false},"author":5,"featured_media":0,"comment_status":"closed","ping_status":"closed","sticky":false,"template":"","format":"standard","meta":{"_exactmetrics_skip_tracking":false,"_exactmetrics_sitenote_active":false,"_exactmetrics_sitenote_note":"","_exactmetrics_sitenote_category":0,"jetpack_post_was_ever_published":false,"_jetpack_newsletter_access":"","_jetpack_dont_email_post_to_subs":true,"_jetpack_newsletter_tier_id":0,"_jetpack_memberships_contains_paywalled_content":false,"_jetpack_memberships_contains_paid_content":false,"footnotes":""},"categories":[205],"tags":[],"class_list":["post-14261","post","type-post","status-publish","format-standard","hentry","category-einsaetze-2017"],"jetpack_featured_media_url":"","jetpack_shortlink":"https:\/\/wp.me\/pCIJa-3I1","jetpack_sharing_enabled":true,"jetpack-related-posts":[{"id":32940,"url":"https:\/\/www.feuerwehr-brilon.de\/?p=32940","url_meta":{"origin":14261,"position":0},"title":"Verkehrsunfall bei Nehden","author":"Marcus Bange","date":"5. November 2024","format":false,"excerpt":"Nehden. Die Briloner Feuerwehr hat am Montagabend (04.11.2024, 18:48 Uhr) einen eingeschlossenen PKW Fahrer aus seinem Fahrzeug befreit. Gegen 18:45 Uhr war auf der Kreisstra\u00dfe K 58 zwischen Nehden und Alme ein 68-J\u00e4hriger nach links von der Fahrbahn abgekommen. Der PKW durchfuhr den Stra\u00dfengraben und kam in Schr\u00e4glage in einem\u2026","rel":"","context":"In &quot;Eins\u00e4tze 2024&quot;","block_context":{"text":"Eins\u00e4tze 2024","link":"https:\/\/www.feuerwehr-brilon.de\/?cat=360"},"img":{"alt_text":"","src":"https:\/\/i0.wp.com\/www.feuerwehr-brilon.de\/wp-up\/2024\/11\/VU-K-58-Nehden-1.jpg?resize=350%2C200&ssl=1","width":350,"height":200,"srcset":"https:\/\/i0.wp.com\/www.feuerwehr-brilon.de\/wp-up\/2024\/11\/VU-K-58-Nehden-1.jpg?resize=350%2C200&ssl=1 1x, https:\/\/i0.wp.com\/www.feuerwehr-brilon.de\/wp-up\/2024\/11\/VU-K-58-Nehden-1.jpg?resize=525%2C300&ssl=1 1.5x, https:\/\/i0.wp.com\/www.feuerwehr-brilon.de\/wp-up\/2024\/11\/VU-K-58-Nehden-1.jpg?resize=700%2C400&ssl=1 2x"},"classes":[]},{"id":31632,"url":"https:\/\/www.feuerwehr-brilon.de\/?p=31632","url_meta":{"origin":14261,"position":1},"title":"Verkehrsunfall zwischen Nehden und Alme","author":"Marcus Bange","date":"27. Oktober 2023","format":false,"excerpt":"Nehden. Die Briloner Feuerwehr hat am Freitagnachmittag (27.10.2023, 15:03 Uhr) eine 57-j\u00e4hrige PKW-Fahrerin aus ihrem Fahrzeug befreit. Die Frau war auf der K 58 zwischen Nehden und Alme in Richtung Nehden unterwegs und wurde vor dem Abzweig Almerfeld vom Auflieger eines LKW touchiert. Der PKW geriet in den Graben und\u2026","rel":"","context":"In &quot;Eins\u00e4tze 2023&quot;","block_context":{"text":"Eins\u00e4tze 2023","link":"https:\/\/www.feuerwehr-brilon.de\/?cat=335"},"img":{"alt_text":"","src":"https:\/\/i0.wp.com\/www.feuerwehr-brilon.de\/wp-up\/2023\/10\/VU-K-58-Nehden-2.jpg?resize=350%2C200&ssl=1","width":350,"height":200,"srcset":"https:\/\/i0.wp.com\/www.feuerwehr-brilon.de\/wp-up\/2023\/10\/VU-K-58-Nehden-2.jpg?resize=350%2C200&ssl=1 1x, https:\/\/i0.wp.com\/www.feuerwehr-brilon.de\/wp-up\/2023\/10\/VU-K-58-Nehden-2.jpg?resize=525%2C300&ssl=1 1.5x, https:\/\/i0.wp.com\/www.feuerwehr-brilon.de\/wp-up\/2023\/10\/VU-K-58-Nehden-2.jpg?resize=700%2C400&ssl=1 2x"},"classes":[]},{"id":21613,"url":"https:\/\/www.feuerwehr-brilon.de\/?p=21613","url_meta":{"origin":14261,"position":2},"title":"Verkehrsunfall zwischen Alme und Nehden","author":"Andreas Becker","date":"2. August 2019","format":false,"excerpt":"Alme. Auf der K 58 kam es am Freitagmorgen (2.8.) zu einem Verkehrsunfall. Zwei Personen wurden hierbei schwer verletzt, nachdem zwei PKW im Kurvenbereich der K 58 frontal kollidiert waren. Neben Rettungsdienst und Notarzt wurde die L\u00f6schgruppe Alme alarmiert. Bis zum Eintreffen des Rettungsdienstes, versorgten die Einsatzkr\u00e4fte der Feuerwehr die\u2026","rel":"","context":"In &quot;Eins\u00e4tze 2019&quot;","block_context":{"text":"Eins\u00e4tze 2019","link":"https:\/\/www.feuerwehr-brilon.de\/?cat=222"},"img":{"alt_text":"","src":"https:\/\/i0.wp.com\/www.feuerwehr-brilon.de\/wp-up\/2019\/08\/IMG_20190802_072756-1.jpg?resize=350%2C200&ssl=1","width":350,"height":200,"srcset":"https:\/\/i0.wp.com\/www.feuerwehr-brilon.de\/wp-up\/2019\/08\/IMG_20190802_072756-1.jpg?resize=350%2C200&ssl=1 1x, https:\/\/i0.wp.com\/www.feuerwehr-brilon.de\/wp-up\/2019\/08\/IMG_20190802_072756-1.jpg?resize=525%2C300&ssl=1 1.5x, https:\/\/i0.wp.com\/www.feuerwehr-brilon.de\/wp-up\/2019\/08\/IMG_20190802_072756-1.jpg?resize=700%2C400&ssl=1 2x"},"classes":[]},{"id":16385,"url":"https:\/\/www.feuerwehr-brilon.de\/?p=16385","url_meta":{"origin":14261,"position":3},"title":"Verkehrsunfall auf der B 7 bei R\u00f6senbeck","author":"Marcus Bange","date":"30. August 2018","format":false,"excerpt":"Brilon. Die Feuerwehr Brilon wurde am Mittwoch (29.08.2018) um 14:54 Uhr zu einem Verkehrsunfall auf der B 7 zwischen Th\u00fclen und Madfeld alarmiert. In H\u00f6he der Zufahrt zu einem Steinbruch war ein PKW mit einem LKW zusammengesto\u00dfen. Entgegen der ersten Meldung war keine Person im Fahrzeug eingeklemmt. Die Fahrerin des\u2026","rel":"","context":"In &quot;Eins\u00e4tze 2018&quot;","block_context":{"text":"Eins\u00e4tze 2018","link":"https:\/\/www.feuerwehr-brilon.de\/?cat=208"},"img":{"alt_text":"","src":"https:\/\/i0.wp.com\/www.feuerwehr-brilon.de\/wp-up\/2018\/08\/VU-B-7-1-150x113.jpg?resize=350%2C200&ssl=1","width":350,"height":200},"classes":[]},{"id":24211,"url":"https:\/\/www.feuerwehr-brilon.de\/?p=24211","url_meta":{"origin":14261,"position":4},"title":"Verkehrsunfall auf der B 480 bei Alme","author":"Marcus Bange","date":"19. Februar 2022","format":false,"excerpt":"Alme. Auf der B 480 zwischen Alme und der M\u00f6hneburg prallte am Freitagabend (18.02.2022) gegen 20.25 Uhr w\u00e4hrend des Sturms Zeynep ein PKW in einen umst\u00fcrzenden Baum. Dabei wurde der Fahrer in seinem Fahrzeug eingeschlossen. Der 26 J\u00e4hrige Pkw-Fahrer aus Bad W\u00fcnnenberg wurde von der Feuerwehr mit hydraulischem Rettungsger\u00e4t aus\u2026","rel":"","context":"In &quot;Eins\u00e4tze 2022&quot;","block_context":{"text":"Eins\u00e4tze 2022","link":"https:\/\/www.feuerwehr-brilon.de\/?cat=288"},"img":{"alt_text":"","src":"https:\/\/i0.wp.com\/www.feuerwehr-brilon.de\/wp-up\/2022\/02\/VU-B-480-1.jpg?resize=350%2C200&ssl=1","width":350,"height":200,"srcset":"https:\/\/i0.wp.com\/www.feuerwehr-brilon.de\/wp-up\/2022\/02\/VU-B-480-1.jpg?resize=350%2C200&ssl=1 1x, https:\/\/i0.wp.com\/www.feuerwehr-brilon.de\/wp-up\/2022\/02\/VU-B-480-1.jpg?resize=525%2C300&ssl=1 1.5x, https:\/\/i0.wp.com\/www.feuerwehr-brilon.de\/wp-up\/2022\/02\/VU-B-480-1.jpg?resize=700%2C400&ssl=1 2x"},"classes":[]},{"id":11778,"url":"https:\/\/www.feuerwehr-brilon.de\/?p=11778","url_meta":{"origin":14261,"position":5},"title":"Verkehrsunfall am Nehdener Weg","author":"Andreas Becker","date":"1. April 2015","format":false,"excerpt":"Nehden. Die Feuerwehr Brilon wurde am Mittwochabend zu einem schweren Verkehrsunfall auf dem Nehdener Weg alarmiert. In H\u00f6he Umspannwerk waren gegen 17.00 Uhr auf schneeglatter Fahrbahn zwei PKW frontal zusammen gesto\u00dfen. In dem einen Fahrzeug wurden ein \u00e4lteres Ehepaar, im anderen Fahrzeug eine Frau schwer verletzt. Entgegen ersten Meldungen waren\u2026","rel":"","context":"In &quot;Eins\u00e4tze 2015&quot;","block_context":{"text":"Eins\u00e4tze 2015","link":"https:\/\/www.feuerwehr-brilon.de\/?cat=191"},"img":{"alt_text":"VU Nehdener Weg 3","src":"https:\/\/i0.wp.com\/www.feuerwehr-brilon.de\/wp-up\/2015\/04\/VU-Nehdener-Weg-3-150x84.jpg?resize=350%2C200","width":350,"height":200},"classes":[]}],"_links":{"self":[{"href":"https:\/\/www.feuerwehr-brilon.de\/index.php?rest_route=\/wp\/v2\/posts\/14261","targetHints":{"allow":["GET"]}}],"collection":[{"href":"https:\/\/www.feuerwehr-brilon.de\/index.php?rest_route=\/wp\/v2\/posts"}],"about":[{"href":"https:\/\/www.feuerwehr-brilon.de\/index.php?rest_route=\/wp\/v2\/types\/post"}],"author":[{"embeddable":true,"href":"https:\/\/www.feuerwehr-brilon.de\/index.php?rest_route=\/wp\/v2\/users\/5"}],"replies":[{"embeddable":true,"href":"https:\/\/www.feuerwehr-brilon.de\/index.php?rest_route=%2Fwp%2Fv2%2Fcomments&post=14261"}],"version-history":[{"count":3,"href":"https:\/\/www.feuerwehr-brilon.de\/index.php?rest_route=\/wp\/v2\/posts\/14261\/revisions"}],"predecessor-version":[{"id":14274,"href":"https:\/\/www.feuerwehr-brilon.de\/index.php?rest_route=\/wp\/v2\/posts\/14261\/revisions\/14274"}],"wp:attachment":[{"href":"https:\/\/www.feuerwehr-brilon.de\/index.php?rest_route=%2Fwp%2Fv2%2Fmedia&parent=14261"}],"wp:term":[{"taxonomy":"category","embeddable":true,"href":"https:\/\/www.feuerwehr-brilon.de\/index.php?rest_route=%2Fwp%2Fv2%2Fcategories&post=14261"},{"taxonomy":"post_tag","embeddable":true,"href":"https:\/\/www.feuerwehr-brilon.de\/index.php?rest_route=%2Fwp%2Fv2%2Ftags&post=14261"}],"curies":[{"name":"wp","href":"https:\/\/api.w.org\/{rel}","templated":true}]}}