{"id":14302,"date":"2017-01-26T15:43:03","date_gmt":"2017-01-26T14:43:03","guid":{"rendered":"http:\/\/www.feuerwehr-brilon.de\/?p=14302"},"modified":"2017-01-27T12:59:55","modified_gmt":"2017-01-27T11:59:55","slug":"brand-in-der-strackestrasse","status":"publish","type":"post","link":"https:\/\/www.feuerwehr-brilon.de\/?p=14302","title":{"rendered":"Brand in der Strackestra\u00dfe"},"content":{"rendered":"<p><a href=\"http:\/\/www.feuerwehr-brilon.de\/?p=14302\"><img loading=\"lazy\" decoding=\"async\" class=\"alignleft size-thumbnail wp-image-14303\" src=\"http:\/\/www.feuerwehr-brilon.de\/wp-up\/2017\/01\/Brand-Strackestra\u00dfe-1-150x84.jpg\" alt=\"Brand Strackestra\u00dfe 1\" width=\"150\" height=\"84\" srcset=\"https:\/\/www.feuerwehr-brilon.de\/wp-up\/2017\/01\/Brand-Strackestra\u00dfe-1-150x84.jpg 150w, https:\/\/www.feuerwehr-brilon.de\/wp-up\/2017\/01\/Brand-Strackestra\u00dfe-1-500x281.jpg 500w, https:\/\/www.feuerwehr-brilon.de\/wp-up\/2017\/01\/Brand-Strackestra\u00dfe-1.jpg 800w\" sizes=\"auto, (max-width: 150px) 100vw, 150px\" \/><\/a><a title=\"Brilon\" href=\"http:\/\/www.feuerwehr-brilon.de\/?page_id=7\" target=\"_blank\">Brilon. <\/a>Die Briloner Feuerwehr hat am Donnerstagmittag einen Wohnungsbrand an der Strackestra\u00dfe gel\u00f6scht. In dem Mehrfamilienhaus war in einer Wohnung im 1. Obergeschoss ein Brand ausgebrochen. Bei Eintreffen der Feuerwehr hatten die neun Bewohner das Geb\u00e4ude bereits verlassen. Personen wurden nicht verletzt.<!--more--><\/p>\n<p>Der Brand konnte unter Einsatz von schwerem Atemschutz abgel\u00f6scht werden. Aufgrund der erheblichen Rauchentwicklung wurde das gesamte Geb\u00e4ude bel\u00fcftet und alle Wohnungen mit der W\u00e4rmebildkamera kontrolliert. Durch den schnellen Einsatz der Feuerwehr konnte ein \u00dcbergreifen des Brandes auf weitere Wohnungen verhindert werden. Die betroffene Wohnung brannte aus.<\/p>\n<p>Strackestra\u00dfe und Rochusstra\u00dfe waren w\u00e4hrend der L\u00f6scharbeiten voll gesperrt. Die Polizei hat die Ermittlungen zur Brandursache aufgenommen. 21 Einsatzkr\u00e4fte waren rund 2 Stunden im Einsatz. Zur Schadensh\u00f6he liegen der Feuerwehr keine Angaben vor.<\/p>\n<p style=\"padding: 4px; border: 2px solid #696969;\"><strong>Eingesetzte Einheiten:<\/strong><br \/>\n<a href=\"http:\/\/www.feuerwehr-brilon.de\/?page_id=7\"><img loading=\"lazy\" decoding=\"async\" class=\"alignnone\" title=\"lz brilon\" src=\"http:\/\/www.feuerwehr-brilon.de\/images\/einsatz_details\/lz_brilon.jpg\" alt=\"\" width=\"110\" height=\"31\"><\/a><\/p>\n<p style=\"padding: 4px; border: 2px solid #696969;\"><strong>Eingesetzte Fahrzeuge:<\/strong><br \/>\n<a href=\"http:\/\/www.feuerwehr-brilon.de\/?page_id=749\"><img loading=\"lazy\" decoding=\"async\" class=\"alignnone\" src=\"http:\/\/www.feuerwehr-brilon.de\/images\/einsatz_details\/051101.jpg\" alt=\"\" width=\"110\" height=\"31\"><\/a><a href=\"http:\/\/www.feuerwehr-brilon.de\/?page_id=755\"><img loading=\"lazy\" decoding=\"async\" class=\"alignnone\" src=\"http:\/\/www.feuerwehr-brilon.de\/images\/einsatz_details\/054401.jpg\" alt=\"\" width=\"110\" height=\"31\"><\/a><a href=\"http:\/\/www.feuerwehr-brilon.de\/?page_id=803\"><img loading=\"lazy\" decoding=\"async\" class=\"alignnone\" src=\"http:\/\/www.feuerwehr-brilon.de\/images\/einsatz_details\/053301.jpg\" alt=\"\" width=\"110\" height=\"31\"><\/a><a href=\"http:\/\/www.feuerwehr-brilon.de\/?page_id=8508\"><img loading=\"lazy\" decoding=\"async\" class=\"alignnone\" src=\"http:\/\/www.feuerwehr-brilon.de\/images\/einsatz_details\/052401.jpg\" alt=\"\" width=\"110\" height=\"31\"><\/a><a href=\"http:\/\/www.feuerwehr-brilon.de\/?page_id=13962\"><img loading=\"lazy\" decoding=\"async\" class=\"alignnone\" src=\"http:\/\/www.feuerwehr-brilon.de\/images\/einsatz_details\/054601.jpg\" alt=\"\" width=\"110\" height=\"31\" \/><\/a><\/p>\n<p>&nbsp;<\/p>\n<p><strong>Bilder:<\/strong><br \/>\n<a rel=\"lightbox\" href=\"http:\/\/www.feuerwehr-brilon.de\/wp-up\/2017\/01\/Brand-Strackestra\u00dfe-1.jpg\"><img loading=\"lazy\" decoding=\"async\" src=\"http:\/\/www.feuerwehr-brilon.de\/wp-up\/2017\/01\/Brand-Strackestra\u00dfe-1-150x84.jpg\" alt=\"\" width=\"150\" height=\"84\" class=\"alignleft size-thumbnail wp-image-14303\" srcset=\"https:\/\/www.feuerwehr-brilon.de\/wp-up\/2017\/01\/Brand-Strackestra\u00dfe-1-150x84.jpg 150w, https:\/\/www.feuerwehr-brilon.de\/wp-up\/2017\/01\/Brand-Strackestra\u00dfe-1-500x281.jpg 500w, https:\/\/www.feuerwehr-brilon.de\/wp-up\/2017\/01\/Brand-Strackestra\u00dfe-1.jpg 800w\" sizes=\"auto, (max-width: 150px) 100vw, 150px\" \/><\/a><a rel=\"lightbox\" href=\"http:\/\/www.feuerwehr-brilon.de\/wp-up\/2017\/01\/Brand-Strackestra\u00dfe-2.jpg\"><img loading=\"lazy\" decoding=\"async\" src=\"http:\/\/www.feuerwehr-brilon.de\/wp-up\/2017\/01\/Brand-Strackestra\u00dfe-2-150x84.jpg\" alt=\"\" width=\"150\" height=\"84\" class=\"alignleft size-thumbnail wp-image-14304\" srcset=\"https:\/\/www.feuerwehr-brilon.de\/wp-up\/2017\/01\/Brand-Strackestra\u00dfe-2-150x84.jpg 150w, https:\/\/www.feuerwehr-brilon.de\/wp-up\/2017\/01\/Brand-Strackestra\u00dfe-2-500x281.jpg 500w, https:\/\/www.feuerwehr-brilon.de\/wp-up\/2017\/01\/Brand-Strackestra\u00dfe-2.jpg 800w\" sizes=\"auto, (max-width: 150px) 100vw, 150px\" \/><\/a><a rel=\"lightbox\" href=\"http:\/\/www.feuerwehr-brilon.de\/wp-up\/2017\/01\/Brand-Strackestra\u00dfe-3.jpg\"><img loading=\"lazy\" decoding=\"async\" src=\"http:\/\/www.feuerwehr-brilon.de\/wp-up\/2017\/01\/Brand-Strackestra\u00dfe-3-150x84.jpg\" alt=\"\" width=\"150\" height=\"84\" class=\"alignleft size-thumbnail wp-image-14305\" srcset=\"https:\/\/www.feuerwehr-brilon.de\/wp-up\/2017\/01\/Brand-Strackestra\u00dfe-3-150x84.jpg 150w, https:\/\/www.feuerwehr-brilon.de\/wp-up\/2017\/01\/Brand-Strackestra\u00dfe-3-500x281.jpg 500w, https:\/\/www.feuerwehr-brilon.de\/wp-up\/2017\/01\/Brand-Strackestra\u00dfe-3.jpg 800w\" sizes=\"auto, (max-width: 150px) 100vw, 150px\" \/><\/a><a rel=\"lightbox\" href=\"http:\/\/www.feuerwehr-brilon.de\/wp-up\/2017\/01\/Brand-Strackestra\u00dfe-4.jpg\"><img loading=\"lazy\" decoding=\"async\" src=\"http:\/\/www.feuerwehr-brilon.de\/wp-up\/2017\/01\/Brand-Strackestra\u00dfe-4-150x84.jpg\" alt=\"\" width=\"150\" height=\"84\" class=\"alignleft size-thumbnail wp-image-14306\" srcset=\"https:\/\/www.feuerwehr-brilon.de\/wp-up\/2017\/01\/Brand-Strackestra\u00dfe-4-150x84.jpg 150w, https:\/\/www.feuerwehr-brilon.de\/wp-up\/2017\/01\/Brand-Strackestra\u00dfe-4-500x281.jpg 500w, https:\/\/www.feuerwehr-brilon.de\/wp-up\/2017\/01\/Brand-Strackestra\u00dfe-4.jpg 800w\" sizes=\"auto, (max-width: 150px) 100vw, 150px\" \/><\/a><a rel=\"lightbox\" href=\"http:\/\/www.feuerwehr-brilon.de\/wp-up\/2017\/01\/Brand-Strackestra\u00dfe-5.jpg\"><img loading=\"lazy\" decoding=\"async\" src=\"http:\/\/www.feuerwehr-brilon.de\/wp-up\/2017\/01\/Brand-Strackestra\u00dfe-5-150x84.jpg\" alt=\"\" width=\"150\" height=\"84\" class=\"alignleft size-thumbnail wp-image-14307\" srcset=\"https:\/\/www.feuerwehr-brilon.de\/wp-up\/2017\/01\/Brand-Strackestra\u00dfe-5-150x84.jpg 150w, https:\/\/www.feuerwehr-brilon.de\/wp-up\/2017\/01\/Brand-Strackestra\u00dfe-5-500x281.jpg 500w, https:\/\/www.feuerwehr-brilon.de\/wp-up\/2017\/01\/Brand-Strackestra\u00dfe-5.jpg 800w\" sizes=\"auto, (max-width: 150px) 100vw, 150px\" \/><\/a><\/p>\n<p>&nbsp;<\/p>\n","protected":false},"excerpt":{"rendered":"<p>Brilon. Die Briloner Feuerwehr hat am Donnerstagmittag einen Wohnungsbrand an der Strackestra\u00dfe gel\u00f6scht. In dem Mehrfamilienhaus war in einer Wohnung im 1. Obergeschoss ein Brand ausgebrochen. Bei Eintreffen der Feuerwehr hatten die neun Bewohner das Geb\u00e4ude bereits verlassen. Personen wurden nicht verletzt.<\/p>\n","protected":false},"author":5,"featured_media":0,"comment_status":"closed","ping_status":"closed","sticky":false,"template":"","format":"standard","meta":{"_exactmetrics_skip_tracking":false,"_exactmetrics_sitenote_active":false,"_exactmetrics_sitenote_note":"","_exactmetrics_sitenote_category":0,"jetpack_post_was_ever_published":false,"_jetpack_newsletter_access":"","_jetpack_dont_email_post_to_subs":true,"_jetpack_newsletter_tier_id":0,"_jetpack_memberships_contains_paywalled_content":false,"_jetpack_memberships_contains_paid_content":false,"footnotes":""},"categories":[205],"tags":[197,37,44,52,198,204,178],"class_list":["post-14302","post","type-post","status-publish","format-standard","hentry","category-einsaetze-2017","tag-brand","tag-brilon","tag-dl-2312-gl","tag-elw","tag-lf-1612","tag-lf20kats","tag-tlf-4000"],"jetpack_featured_media_url":"","jetpack_shortlink":"https:\/\/wp.me\/pCIJa-3IG","jetpack_sharing_enabled":true,"jetpack-related-posts":[{"id":21585,"url":"https:\/\/www.feuerwehr-brilon.de\/?p=21585","url_meta":{"origin":14302,"position":0},"title":"Wohnhausbrand am Hellenteich","author":"Marcus Bange","date":"29. Juli 2019","format":false,"excerpt":"Brilon. Die Feuerwehr Brilon wurde am Sonntagabend (28.07.2019) um 21.51 Uhr zu einem Wohnhausbrand Am Hellenteich alarmiert. In einem Mehrfamilienhaus mit zehn Wohnungen war eine Wohnung im ersten Obergeschoss in Brand geraten. Das Feuer griff \u00fcber den Balkon auf das Dachgeschoss und die dortige Wohnung \u00fcber. Alle 15 Bewohner konnte\u2026","rel":"","context":"In &quot;Eins\u00e4tze 2019&quot;","block_context":{"text":"Eins\u00e4tze 2019","link":"https:\/\/www.feuerwehr-brilon.de\/?cat=222"},"img":{"alt_text":"","src":"https:\/\/i0.wp.com\/www.feuerwehr-brilon.de\/wp-up\/2019\/07\/Brand-Hellenteich-1-150x113.jpg?resize=350%2C200&ssl=1","width":350,"height":200},"classes":[]},{"id":22589,"url":"https:\/\/www.feuerwehr-brilon.de\/?p=22589","url_meta":{"origin":14302,"position":1},"title":"Wohnungsbrand mit Menschenleben in Gefahr","author":"Andreas Becker","date":"27. Juli 2020","format":false,"excerpt":"Brilon. Gegen 17 Uhr am Montagnachmittag (27.7.) wurde der L\u00f6schzug Brilon in die Strackestra\u00dfe alarmiert. Aufgrund der hohen Alarmstufe machte sich ein Gro\u00dfaufgebot an Einsatzkr\u00e4ften und Fahrzeugen auf den Weg in die Innenstadt. Vor Ort stellte sich heraus dass in dem Wohn- und Gesch\u00e4ftshaus, in einer Wohnung im zweiten Obergeschoss\u2026","rel":"","context":"In &quot;Allgemein&quot;","block_context":{"text":"Allgemein","link":"https:\/\/www.feuerwehr-brilon.de\/?cat=1"},"img":{"alt_text":"","src":"https:\/\/i0.wp.com\/www.feuerwehr-brilon.de\/wp-up\/2020\/07\/FeuY_Strackestra%C3%9Fe_03-150x113.jpg?resize=350%2C200&ssl=1","width":350,"height":200},"classes":[]},{"id":30081,"url":"https:\/\/www.feuerwehr-brilon.de\/?p=30081","url_meta":{"origin":14302,"position":2},"title":"Brand in einem Wohnheim in der Gartenstra\u00dfe","author":"Marcus Bange","date":"5. August 2022","format":false,"excerpt":"Brilon. Die Feuerwehr Brilon hat am Freitagmorgen (05.08.2022) einen Zimmerband in einem Wohnheim an der Gartenstra\u00dfe gel\u00f6scht. In dem Geb\u00e4ude befinden sich ein Tagespflegehaus und Wohnungen f\u00fcr betreutes Wohnen. Insgesamt 32 Personen werden dort betreut. In einer Wohnung im ersten Obergeschoss kam es gegen 10.00 Uhr zum Brand eines W\u00e4schetrockners\u2026","rel":"","context":"In &quot;Eins\u00e4tze 2022&quot;","block_context":{"text":"Eins\u00e4tze 2022","link":"https:\/\/www.feuerwehr-brilon.de\/?cat=288"},"img":{"alt_text":"","src":"https:\/\/i0.wp.com\/www.feuerwehr-brilon.de\/wp-up\/2022\/08\/Brand-Gartenstrasse-1.jpg?resize=350%2C200&ssl=1","width":350,"height":200,"srcset":"https:\/\/i0.wp.com\/www.feuerwehr-brilon.de\/wp-up\/2022\/08\/Brand-Gartenstrasse-1.jpg?resize=350%2C200&ssl=1 1x, https:\/\/i0.wp.com\/www.feuerwehr-brilon.de\/wp-up\/2022\/08\/Brand-Gartenstrasse-1.jpg?resize=525%2C300&ssl=1 1.5x, https:\/\/i0.wp.com\/www.feuerwehr-brilon.de\/wp-up\/2022\/08\/Brand-Gartenstrasse-1.jpg?resize=700%2C400&ssl=1 2x"},"classes":[]},{"id":30652,"url":"https:\/\/www.feuerwehr-brilon.de\/?p=30652","url_meta":{"origin":14302,"position":3},"title":"Zimmerbrand in der Kreuziger Mauer","author":"Marcus Bange","date":"24. Januar 2023","format":false,"excerpt":"Brilon. Die Briloner Feuerwehr hat am Montagabend (23.01.2023) einen 73-j\u00e4hrigen Mann aus seiner verrauchten Wohnung gerettet. In einem Mehrfamilienhaus an der Kreuziger Mauer hatte gegen 21:49 Uhr ein Rauchmelder in der Erdgeschosswohnung Alarm geschlagen. Daraufhin alarmierten die Bewohner aus einem Obergeschoss die Feuerwehr. Bei Eintreffen der Wehr konnten vier weitere\u2026","rel":"","context":"In &quot;Eins\u00e4tze 2023&quot;","block_context":{"text":"Eins\u00e4tze 2023","link":"https:\/\/www.feuerwehr-brilon.de\/?cat=335"},"img":{"alt_text":"","src":"https:\/\/i0.wp.com\/www.feuerwehr-brilon.de\/wp-up\/2023\/01\/Brand-Kreuziger-Mauer-2.jpg?resize=350%2C200&ssl=1","width":350,"height":200,"srcset":"https:\/\/i0.wp.com\/www.feuerwehr-brilon.de\/wp-up\/2023\/01\/Brand-Kreuziger-Mauer-2.jpg?resize=350%2C200&ssl=1 1x, https:\/\/i0.wp.com\/www.feuerwehr-brilon.de\/wp-up\/2023\/01\/Brand-Kreuziger-Mauer-2.jpg?resize=525%2C300&ssl=1 1.5x, https:\/\/i0.wp.com\/www.feuerwehr-brilon.de\/wp-up\/2023\/01\/Brand-Kreuziger-Mauer-2.jpg?resize=700%2C400&ssl=1 2x"},"classes":[]},{"id":8669,"url":"https:\/\/www.feuerwehr-brilon.de\/?p=8669","url_meta":{"origin":14302,"position":4},"title":"Brand eines Wohn- und Gesch\u00e4ftshauses in Brilon","author":"Andreas Becker","date":"23. Juli 2013","format":false,"excerpt":"Die Feuerwehr Brilon hat am Dienstagmorgen bei einem Feuer eine 57-j\u00e4hrige Frau gerettet. Der L\u00f6schzug wurde um 1.48 Uhr zum Brand eines Wohn- und Gesch\u00e4ftshauses in die Kreuziger Mauer gerufen. Ein aufmerksamer Hausbewohner hatte eine Rauchentwicklung bemerkt und Feuerwehr und Polizei alarmiert. Bei Eintreffen der Feuerwehr brannte es im Erdgeschoss\u2026","rel":"","context":"In &quot;Eins\u00e4tze 2013&quot;","block_context":{"text":"Eins\u00e4tze 2013","link":"https:\/\/www.feuerwehr-brilon.de\/?cat=176"},"img":{"alt_text":"","src":"https:\/\/i0.wp.com\/www.feuerwehr-brilon.de\/wp-up\/2013\/07\/Brand-Kreuziger-Mauer-1-150x103.jpg?resize=350%2C200&ssl=1","width":350,"height":200},"classes":[]},{"id":6264,"url":"https:\/\/www.feuerwehr-brilon.de\/?p=6264","url_meta":{"origin":14302,"position":5},"title":"Eins\u00e4tze durch Tauwetter","author":"Andreas Becker","date":"15. Februar 2012","format":false,"excerpt":"In den letzten beiden N\u00e4chten hielt das Tauwetter den L\u00f6schzug Brilon auf Trab. Am sp\u00e4ten Montagabend, war in einem Geb\u00e4ude in der Strackestra\u00dfe ein Rohr geplatzt. Da der Abfluss verstopft war, konnte das Wasser nicht abflie\u00dfen und der Keller stand bis zu 50 cm unter Wasser. Mit Hilfe einer speziellen\u2026","rel":"","context":"In &quot;Allgemein&quot;","block_context":{"text":"Allgemein","link":"https:\/\/www.feuerwehr-brilon.de\/?cat=1"},"img":{"alt_text":"","src":"https:\/\/i0.wp.com\/www.feuerwehr-brilon.de\/wp-up\/2011\/10\/Wasser-112x150.jpg?resize=350%2C200","width":350,"height":200},"classes":[]}],"_links":{"self":[{"href":"https:\/\/www.feuerwehr-brilon.de\/index.php?rest_route=\/wp\/v2\/posts\/14302","targetHints":{"allow":["GET"]}}],"collection":[{"href":"https:\/\/www.feuerwehr-brilon.de\/index.php?rest_route=\/wp\/v2\/posts"}],"about":[{"href":"https:\/\/www.feuerwehr-brilon.de\/index.php?rest_route=\/wp\/v2\/types\/post"}],"author":[{"embeddable":true,"href":"https:\/\/www.feuerwehr-brilon.de\/index.php?rest_route=\/wp\/v2\/users\/5"}],"replies":[{"embeddable":true,"href":"https:\/\/www.feuerwehr-brilon.de\/index.php?rest_route=%2Fwp%2Fv2%2Fcomments&post=14302"}],"version-history":[{"count":3,"href":"https:\/\/www.feuerwehr-brilon.de\/index.php?rest_route=\/wp\/v2\/posts\/14302\/revisions"}],"predecessor-version":[{"id":14357,"href":"https:\/\/www.feuerwehr-brilon.de\/index.php?rest_route=\/wp\/v2\/posts\/14302\/revisions\/14357"}],"wp:attachment":[{"href":"https:\/\/www.feuerwehr-brilon.de\/index.php?rest_route=%2Fwp%2Fv2%2Fmedia&parent=14302"}],"wp:term":[{"taxonomy":"category","embeddable":true,"href":"https:\/\/www.feuerwehr-brilon.de\/index.php?rest_route=%2Fwp%2Fv2%2Fcategories&post=14302"},{"taxonomy":"post_tag","embeddable":true,"href":"https:\/\/www.feuerwehr-brilon.de\/index.php?rest_route=%2Fwp%2Fv2%2Ftags&post=14302"}],"curies":[{"name":"wp","href":"https:\/\/api.w.org\/{rel}","templated":true}]}}