{"id":14322,"date":"2017-01-27T09:05:13","date_gmt":"2017-01-27T08:05:13","guid":{"rendered":"http:\/\/www.feuerwehr-brilon.de\/?p=14322"},"modified":"2017-02-07T20:19:26","modified_gmt":"2017-02-07T19:19:26","slug":"hauptversammlung-des-loeschzug-brilon","status":"publish","type":"post","link":"https:\/\/www.feuerwehr-brilon.de\/?p=14322","title":{"rendered":"Hauptversammlung des L\u00f6schzug Brilon"},"content":{"rendered":"<p><a href=\"http:\/\/www.feuerwehr-brilon.de\/wp-up\/2017\/01\/Befoerderungen_i.jpg\" rel=\"lightbox\"><img loading=\"lazy\" decoding=\"async\" class=\"alignleft size-thumbnail wp-image-14329\" src=\"http:\/\/www.feuerwehr-brilon.de\/wp-up\/2017\/01\/Befoerderungen_i-150x90.jpg\" alt=\"\" width=\"150\" height=\"90\" srcset=\"https:\/\/www.feuerwehr-brilon.de\/wp-up\/2017\/01\/Befoerderungen_i-150x90.jpg 150w, https:\/\/www.feuerwehr-brilon.de\/wp-up\/2017\/01\/Befoerderungen_i-500x301.jpg 500w, https:\/\/www.feuerwehr-brilon.de\/wp-up\/2017\/01\/Befoerderungen_i.jpg 800w\" sizes=\"auto, (max-width: 150px) 100vw, 150px\" \/><\/a>Zur Jahreshauptversammlung des L\u00f6schzug Brilon konnte L\u00f6schzugf\u00fchrer Thomas B\u00f6ddicker 120 Mitglieder der vier Abteilungen begr\u00fc\u00dfen. Weiterhin sind B\u00fcrgermeister Dr. Bartsch, 1. Beigeordneter Huxoll, Wehrf\u00fchrer Wolfgang Hillebrand und einige Ratsvertreter der Einladung gefolgt.<!--more--><\/p>\n<p>Eine Jahreshauptversammlung bietet immer die Gelegenheit auf das vergangene Jahr zur\u00fcckzublicken. Die 69 aktiven Mitglieder der Einsatzabteilung wurden 2016 zu 140 Eins\u00e4tzen alarmiert. Zusammen mit der Ausbildung, 5340 Stunden, wurden fast 7.000 Stunden feuerwehrtechnischer Dienst geleistet. Dazu kommen dann noch die zus\u00e4tzlichen Dienste zum Wohle der B\u00fcrgerschaft in Brilon womit ein Gesamtstundenanteil von 8383 Stunden ehrenamtlicher Dienst verrichtet wurde.<\/p>\n<p>Auch das Tambourkorps war im letzten Jahr wieder sehr aktiv. Bei 23 Auftritten konnten sich die B\u00fcrger der Stadt Brilon musikalisch von den 41 Musikerinnen und Musikern unterhalten lassen. Zur Zeit werden 5 Jugendliche von den eigenen Leuten an den Instrumenten ausgebildet. Interessierter Nachwuchs kann sich jederzeit bei uns melden.<\/p>\n<p>Mit 36 Diensten hatten auch die M\u00e4dchen und Jungs der Jugendfeuerwehr ein ereignisreiches Jahr. Das besondere Highlight war da nat\u00fcrlich die Ferienfreizeit im Harz.<\/p>\n<p>Etwas ruhiger l\u00e4sst es die Ehrenabteilung angehen. Bei 16 Terminen wurde gekl\u00f6nt, gelacht und an alte Zeiten gedacht. Eine Ausflugsfahrt der 23 Mitglieder war auch hier der H\u00f6hepunkt im Jahr 2016.<\/p>\n<p>B\u00fcrgermeister Dr. Bartsch und Wehrf\u00fchrer Hillebrand dankten unisono den Mitgliedern des L\u00f6schzug Brilon f\u00fcr ihre vielf\u00e4ltige Bereitschaft, Dienste zum Wohle der B\u00fcrgerschaft zu leisten.<\/p>\n<p>B\u00fcrgermeister und Wehrf\u00fchrer konnten dann noch einige Bef\u00f6rderungen und Ehrungen vornehmen.<\/p>\n<p><a href=\"http:\/\/www.feuerwehr-brilon.de\/wp-up\/2017\/01\/Gruppe_BI_i.jpg\" rel=\"lightbox\"><img loading=\"lazy\" decoding=\"async\" class=\"size-thumbnail wp-image-14326 alignleft\" src=\"http:\/\/www.feuerwehr-brilon.de\/wp-up\/2017\/01\/Gruppe_BI_i-150x101.jpg\" alt=\"\" width=\"150\" height=\"101\" srcset=\"https:\/\/www.feuerwehr-brilon.de\/wp-up\/2017\/01\/Gruppe_BI_i-150x101.jpg 150w, https:\/\/www.feuerwehr-brilon.de\/wp-up\/2017\/01\/Gruppe_BI_i-500x335.jpg 500w, https:\/\/www.feuerwehr-brilon.de\/wp-up\/2017\/01\/Gruppe_BI_i.jpg 800w\" sizes=\"auto, (max-width: 150px) 100vw, 150px\" \/><\/a><\/p>\n<p>Vom Wehrf\u00fchrer Hillebrand wurden Andreas Becker und Michael Klaholz zum Brandinspektor bef\u00f6rdert. Zu Hauptbrandmeistern wurden Ralf Ester und Bernd Lahme und zum Oberbrandmeister Thorsten Dietz bef\u00f6rdert. Nach dem Bestehen des Gruppenf\u00fchrerlehrgangs konnten Albert Heitzig und Ferdinand Martini zum Brandmeister bef\u00f6rdert werden. Steffen Balkenhol, Christoph Becker und Hannes Wegener wurden Unterbrandmeister. Zum Oberfeuerwehrmann wurden Maximilian Becker, Jan B\u00f6ddicker, Jonas Ernstberger und Daniela Nolte bef\u00f6rdert. Von der Jugendfeuerwehr \u00fcbernommen wurde Simon Ebbers und er tr\u00e4gt nun den Dienstgrad Feuerwehrmann.<\/p>\n<p><a href=\"http:\/\/www.feuerwehr-brilon.de\/wp-up\/2017\/01\/Ehrung_i.jpg\" rel=\"lightbox\"><img loading=\"lazy\" decoding=\"async\" class=\"size-thumbnail wp-image-14325 alignleft\" src=\"http:\/\/www.feuerwehr-brilon.de\/wp-up\/2017\/01\/Ehrung_i-150x100.jpg\" alt=\"\" width=\"150\" height=\"100\" srcset=\"https:\/\/www.feuerwehr-brilon.de\/wp-up\/2017\/01\/Ehrung_i-150x100.jpg 150w, https:\/\/www.feuerwehr-brilon.de\/wp-up\/2017\/01\/Ehrung_i-500x334.jpg 500w, https:\/\/www.feuerwehr-brilon.de\/wp-up\/2017\/01\/Ehrung_i.jpg 800w\" sizes=\"auto, (max-width: 150px) 100vw, 150px\" \/><\/a><\/p>\n<p>B\u00fcrgermeister Dr. Bartsch ehrte einige Kameradinnen und Kameraden f\u00fcr langj\u00e4hrige Mitgliedschaft. Die Feuerwehr Ehrennadel f\u00fcr 60 Jahre erhielt Franz-Josef Frigger und f\u00fcr 50 Jahre Bruno Fobbe. Feuerwehr Ehrenzeichen in Gold erhielten Ralf Ester, Martin Lebebur und Christoph T\u00fcllmann. F\u00fcr 25 Jahre in der Feuerwehr erhielten Melanie Schreckenberg und Alexander Vornefeld das Ehrenzeichen in Silber. Einige Mitglieder des Tambourkorps erhielten Ehrungen vom Bund deutscher Musikverb\u00e4nde. Die Ehrennadel in Silber erhielten Alexander Vornefeld, Melanie Schreckenberg, Doris Tilly und Sabrina Gessner. F\u00fcr 10 j\u00e4hrige Mitgliedschaft erhielt Benedikt Brandenburg die Ehrennadel in Bronze.<\/p>\n<p>Da die 6 j\u00e4hrige Amtszeit der L\u00f6schzugf\u00fchrung in diesem Jahr endete, stand zum Schlu\u00df noch die Funktionsbestellung durch den Leiter der Feuerwehr an. Nach Anh\u00f6rung der Versammlung bestellte Wehrf\u00fchrer Hillebrand Thomas B\u00f6ddicker zum L\u00f6schzugf\u00fchrer und Marc Heines zum stellvertretenden L\u00f6schzugf\u00fchrer.<\/p>\n<p>L\u00f6schzugf\u00fchrer B\u00f6ddicker beendete die mehrst\u00fcndige Sitzung mit dem Hinweis auf unsere \u00f6ffentlichen Feste. Am 30. Juli ist der Wandertag und am 19. und 20. August das legend\u00e4re Waldfest.<\/p>\n<p><a href=\"http:\/\/www.feuerwehr-brilon.de\/wp-up\/2017\/01\/JF_i.jpg\" rel=\"lightbox\"><img loading=\"lazy\" decoding=\"async\" class=\"alignleft size-thumbnail wp-image-14327\" src=\"http:\/\/www.feuerwehr-brilon.de\/wp-up\/2017\/01\/JF_i-150x85.jpg\" alt=\"\" width=\"150\" height=\"85\" srcset=\"https:\/\/www.feuerwehr-brilon.de\/wp-up\/2017\/01\/JF_i-150x85.jpg 150w, https:\/\/www.feuerwehr-brilon.de\/wp-up\/2017\/01\/JF_i-500x283.jpg 500w, https:\/\/www.feuerwehr-brilon.de\/wp-up\/2017\/01\/JF_i.jpg 800w\" sizes=\"auto, (max-width: 150px) 100vw, 150px\" \/><\/a><\/p>\n<p><a href=\"http:\/\/www.feuerwehr-brilon.de\/wp-up\/2017\/01\/Tambk_i.jpg\" rel=\"lightbox\"><img loading=\"lazy\" decoding=\"async\" class=\"size-thumbnail wp-image-14328\" src=\"http:\/\/www.feuerwehr-brilon.de\/wp-up\/2017\/01\/Tambk_i-150x101.jpg\" alt=\"\" width=\"150\" height=\"101\" srcset=\"https:\/\/www.feuerwehr-brilon.de\/wp-up\/2017\/01\/Tambk_i-150x101.jpg 150w, https:\/\/www.feuerwehr-brilon.de\/wp-up\/2017\/01\/Tambk_i-500x335.jpg 500w, https:\/\/www.feuerwehr-brilon.de\/wp-up\/2017\/01\/Tambk_i.jpg 800w\" sizes=\"auto, (max-width: 150px) 100vw, 150px\" \/><\/a><\/p>\n<p><a href=\"http:\/\/www.feuerwehr-brilon.de\/wp-up\/2017\/01\/Ehrung_alle_i.jpg\" rel=\"lightbox\"><img loading=\"lazy\" decoding=\"async\" class=\"alignleft size-thumbnail wp-image-14324\" src=\"http:\/\/www.feuerwehr-brilon.de\/wp-up\/2017\/01\/Ehrung_alle_i-150x87.jpg\" alt=\"\" width=\"150\" height=\"87\" srcset=\"https:\/\/www.feuerwehr-brilon.de\/wp-up\/2017\/01\/Ehrung_alle_i-150x87.jpg 150w, https:\/\/www.feuerwehr-brilon.de\/wp-up\/2017\/01\/Ehrung_alle_i-500x291.jpg 500w, https:\/\/www.feuerwehr-brilon.de\/wp-up\/2017\/01\/Ehrung_alle_i.jpg 800w\" sizes=\"auto, (max-width: 150px) 100vw, 150px\" \/><\/a><\/p>\n","protected":false},"excerpt":{"rendered":"<p>Zur Jahreshauptversammlung des L\u00f6schzug Brilon konnte L\u00f6schzugf\u00fchrer Thomas B\u00f6ddicker 120 Mitglieder der vier Abteilungen begr\u00fc\u00dfen. Weiterhin sind B\u00fcrgermeister Dr. Bartsch, 1. Beigeordneter Huxoll, Wehrf\u00fchrer Wolfgang Hillebrand und einige Ratsvertreter der Einladung gefolgt.<\/p>\n","protected":false},"author":6,"featured_media":0,"comment_status":"closed","ping_status":"closed","sticky":false,"template":"","format":"standard","meta":{"_exactmetrics_skip_tracking":false,"_exactmetrics_sitenote_active":false,"_exactmetrics_sitenote_note":"","_exactmetrics_sitenote_category":0,"jetpack_post_was_ever_published":false,"_jetpack_newsletter_access":"","_jetpack_dont_email_post_to_subs":true,"_jetpack_newsletter_tier_id":0,"_jetpack_memberships_contains_paywalled_content":false,"_jetpack_memberships_contains_paid_content":false,"footnotes":""},"categories":[206],"tags":[37,60],"class_list":["post-14322","post","type-post","status-publish","format-standard","hentry","category-meldungen-2017","tag-brilon","tag-personen"],"jetpack_featured_media_url":"","jetpack_shortlink":"https:\/\/wp.me\/pCIJa-3J0","jetpack_sharing_enabled":true,"jetpack-related-posts":[{"id":22220,"url":"https:\/\/www.feuerwehr-brilon.de\/?p=22220","url_meta":{"origin":14322,"position":0},"title":"Jahreshauptversammlung des L\u00f6schzug Brilon","author":"Marc Heines","date":"28. Februar 2020","format":false,"excerpt":"In der Jahreshauptversammlung des L\u00f6schzug Brilon blickte L\u00f6schzugf\u00fchrer Thomas B\u00f6ddicker auf ein intensives Jahr 2019 zur\u00fcck. Neben der Ausrichtung des Leistungsnachweises des HSK mit einer Rekordbeteiligung von \u00fcber hundert Gruppen, dem erfolgreichen Jubil\u00e4umswochende im Mai wurden von den 82 Einsatzkr\u00e4ften auch noch ein H\u00f6chststand an Eins\u00e4tzen bew\u00e4ltigt. Der L\u00f6schzug Brilon\u2026","rel":"","context":"In &quot;Meldungen 2020&quot;","block_context":{"text":"Meldungen 2020","link":"https:\/\/www.feuerwehr-brilon.de\/?cat=237"},"img":{"alt_text":"","src":"https:\/\/i0.wp.com\/www.feuerwehr-brilon.de\/wp-up\/2020\/02\/Ehrung_i-150x91.jpg?resize=350%2C200&ssl=1","width":350,"height":200},"classes":[]},{"id":6143,"url":"https:\/\/www.feuerwehr-brilon.de\/?p=6143","url_meta":{"origin":14322,"position":1},"title":"Generalversammlung beim L\u00f6schzug Brilon","author":"Marc Heines","date":"16. Januar 2012","format":false,"excerpt":"Am 13.01.2012 fand die diesj\u00e4hrige Jahreshauptversammlung des L\u00f6schzug Brilon statt. Hierzu konnte L\u00f6schzugf\u00fchrer Thomas B\u00f6ddicker B\u00fcrgermeister Franz Schrewe, Fachbereichsleiterin Karin Wigge und die Ratsmitglieder Michael Hilkenbach und Ludger B\u00f6ddecker begr\u00fc\u00dfen. Aus den Reihen der Feuerwehr kamen der Kreisbrandmeister Martin Rickert, der Leiter der Feuerwehr Wolfgang Hillebrand und 118 Mitglieder des\u2026","rel":"","context":"In &quot;Meldungen 2012&quot;","block_context":{"text":"Meldungen 2012","link":"https:\/\/www.feuerwehr-brilon.de\/?cat=172"},"img":{"alt_text":"","src":"https:\/\/i0.wp.com\/www.feuerwehr-brilon.de\/wp-up\/2012\/01\/gruppe_i-150x77.jpg?resize=350%2C200","width":350,"height":200},"classes":[]},{"id":16778,"url":"https:\/\/www.feuerwehr-brilon.de\/?p=16778","url_meta":{"origin":14322,"position":2},"title":"Jahreshauptversammlung beim L\u00f6schzug Brilon","author":"Marc Heines","date":"26. Januar 2019","format":false,"excerpt":"Zur Jahreshauptversammlung des L\u00f6schzug Brilon konnte L\u00f6schzugf\u00fchrer Thomas B\u00f6ddicker neben den Mitgliedern der drei Abteilungen Jugendfeuerwehr, Einsatzabteilung und Ehrenabteilung auch B\u00fcrgermeister Dr. Bartsch, den Leiter der Feuerwehr Wolfgang Hillebrand und Vertreter fast aller Fraktionen im Briloner Rat begr\u00fc\u00dfen. Generalversammlungen zu Beginn eines Jahres bieten immer wieder die M\u00f6glichkeit, den Blick\u2026","rel":"","context":"In &quot;Meldungen 2019&quot;","block_context":{"text":"Meldungen 2019","link":"https:\/\/www.feuerwehr-brilon.de\/?cat=223"},"img":{"alt_text":"","src":"https:\/\/i0.wp.com\/www.feuerwehr-brilon.de\/wp-up\/2019\/01\/PM-ehrung-i-150x58.jpg?resize=350%2C200&ssl=1","width":350,"height":200},"classes":[]},{"id":673,"url":"https:\/\/www.feuerwehr-brilon.de\/?p=673","url_meta":{"origin":14322,"position":3},"title":"Jahreshauptversammlung des L\u00f6schzug Brilon","author":"Marc Heines","date":"9. Januar 2009","format":false,"excerpt":"Der L\u00f6schzug Brilon hat am 09.01. seine Jahreshauptversammlung durchgef\u00fchrt. Dazu konnte L\u00f6schzugf\u00fchrer Thomas B\u00f6ddicker den B\u00fcrgermeister Franz Schrewe, Fachbereichsleiterin Karin Wigge, Ordnungsamtleiter Marcus Bange, stv. Kreisbrandmeister Hubertus Kreft, Wehrf\u00fchrer G\u00fcnther Piasecki und 110 Feuerwehrfrauen und -m\u00e4nner begr\u00fc\u00dfen. Ebenfalls anwesend waren Vertreter der Ratsfraktionen, Herr Malinowski von der CDU, Herr Becker\u2026","rel":"","context":"In &quot;Meldungen 2009&quot;","block_context":{"text":"Meldungen 2009","link":"https:\/\/www.feuerwehr-brilon.de\/?cat=11"},"img":{"alt_text":"v.l. L\u00f6schzugf\u00fchrer Thomas B\u00f6ddicker, stv. L\u00f6schzugf\u00fchrer J\u00fcrgen Mertens, Wehrf\u00fchrer G\u00fcnter Piasecki, Marcus Bange, Hans Josef B\u00f6ddicker, Gerhard Becker, Wolfgang Schreckenberg, Reinhard Wegener, Petra Niggemeyer, Winfried Wiegelmann, Fachbereichsleiterin Karin Wigge, B\u00fcrgermeister Franz Schrewe, stv. Kreisbrandmeister Hubertus Kreft.","src":"https:\/\/i0.wp.com\/www.feuerwehr-brilon.de\/wp-up\/2009\/01\/ehrung-gv-2009i-125x125.jpg?resize=350%2C200","width":350,"height":200},"classes":[]},{"id":11456,"url":"https:\/\/www.feuerwehr-brilon.de\/?p=11456","url_meta":{"origin":14322,"position":4},"title":"Jahreshauptversammlung des L\u00f6schzug Brilon","author":"Marc Heines","date":"16. Januar 2015","format":false,"excerpt":"Zur Jahreshauptversammlung des L\u00f6schzug Brilon am 09. Januar konnte L\u00f6schzugf\u00fchrer Thomas B\u00f6ddicker wieder \u00fcber hundert Mitglieder begr\u00fc\u00dfen. Als G\u00e4ste waren B\u00fcrgermeister Dr. Christoph Bartsch, Wehrf\u00fchrer Wolfgang Hillebrand und Vertreter aus dem Rat der Stadt Brilon gekommen. In seinem Gru\u00dfwort ging L\u00f6schzugf\u00fchrer B\u00f6ddicker auf den stetigen Wandel in der Feuerwehr ein.\u2026","rel":"","context":"In &quot;Meldungen 2015&quot;","block_context":{"text":"Meldungen 2015","link":"https:\/\/www.feuerwehr-brilon.de\/?cat=192"},"img":{"alt_text":"Ehrungen und Bef\u00f6rderungen 2015i","src":"https:\/\/i0.wp.com\/www.feuerwehr-brilon.de\/wp-up\/2015\/01\/Ehrungen-und-Bef%C3%B6rderungen-2015i-150x112.jpg?resize=350%2C200","width":350,"height":200},"classes":[]},{"id":15785,"url":"https:\/\/www.feuerwehr-brilon.de\/?p=15785","url_meta":{"origin":14322,"position":5},"title":"Versammlung des L\u00f6schzug Brilon","author":"Marc Heines","date":"15. Februar 2018","format":false,"excerpt":"Die Zeiten \u00e4ndern sich, immer. Auch bei der Feuerwehr bestimmen \u00c4nderungen den Jahresablauf. Dabei sind es nicht die Einsatzzahlen, die sich \u00e4ndern. Gegen\u00fcber dem Vorjahr gab es hier einen kleinen Anstieg von 16 Eins\u00e4tzen auf insgesamt 156 Eins\u00e4tzen im Jahr 2017. Vielmehr ist es die Art der Eins\u00e4tze die sich\u2026","rel":"","context":"In &quot;Meldungen 2018&quot;","block_context":{"text":"Meldungen 2018","link":"https:\/\/www.feuerwehr-brilon.de\/?cat=209"},"img":{"alt_text":"","src":"https:\/\/i0.wp.com\/www.feuerwehr-brilon.de\/wp-up\/2018\/02\/pm1i-150x68.jpg?resize=350%2C200&ssl=1","width":350,"height":200},"classes":[]}],"_links":{"self":[{"href":"https:\/\/www.feuerwehr-brilon.de\/index.php?rest_route=\/wp\/v2\/posts\/14322","targetHints":{"allow":["GET"]}}],"collection":[{"href":"https:\/\/www.feuerwehr-brilon.de\/index.php?rest_route=\/wp\/v2\/posts"}],"about":[{"href":"https:\/\/www.feuerwehr-brilon.de\/index.php?rest_route=\/wp\/v2\/types\/post"}],"author":[{"embeddable":true,"href":"https:\/\/www.feuerwehr-brilon.de\/index.php?rest_route=\/wp\/v2\/users\/6"}],"replies":[{"embeddable":true,"href":"https:\/\/www.feuerwehr-brilon.de\/index.php?rest_route=%2Fwp%2Fv2%2Fcomments&post=14322"}],"version-history":[{"count":3,"href":"https:\/\/www.feuerwehr-brilon.de\/index.php?rest_route=\/wp\/v2\/posts\/14322\/revisions"}],"predecessor-version":[{"id":14386,"href":"https:\/\/www.feuerwehr-brilon.de\/index.php?rest_route=\/wp\/v2\/posts\/14322\/revisions\/14386"}],"wp:attachment":[{"href":"https:\/\/www.feuerwehr-brilon.de\/index.php?rest_route=%2Fwp%2Fv2%2Fmedia&parent=14322"}],"wp:term":[{"taxonomy":"category","embeddable":true,"href":"https:\/\/www.feuerwehr-brilon.de\/index.php?rest_route=%2Fwp%2Fv2%2Fcategories&post=14322"},{"taxonomy":"post_tag","embeddable":true,"href":"https:\/\/www.feuerwehr-brilon.de\/index.php?rest_route=%2Fwp%2Fv2%2Ftags&post=14322"}],"curies":[{"name":"wp","href":"https:\/\/api.w.org\/{rel}","templated":true}]}}