{"id":14637,"date":"2017-04-08T12:00:28","date_gmt":"2017-04-08T10:00:28","guid":{"rendered":"http:\/\/www.feuerwehr-brilon.de\/?p=14637"},"modified":"2017-04-08T11:59:02","modified_gmt":"2017-04-08T09:59:02","slug":"musiker-des-tambourkorps-bekommen-das-feuerwehrmusikabzeichen-verliehen","status":"publish","type":"post","link":"https:\/\/www.feuerwehr-brilon.de\/?p=14637","title":{"rendered":"Musiker des Tambourkorps bekommen das Feuerwehrmusikabzeichen verliehen"},"content":{"rendered":"<p><a title=\"Tambourkorps\" href=\"http:\/\/www.feuerwehr-brilon.de\/?page_id=82\" target=\"_blank\">Tambourkorps. <\/a>Auf die Fort- und Weiterbildung seiner Musikerinnen und Musiker legt das Tambourkorps der Freiwilligen Feuerwehr Brilon ein besonderes Augenmerk. So nahmen auch in diesem Jahr sieben junge Kameradinnen und Kameraden am D1-Lehrgang des Verbandes der Feuerwehren in NRW teil. <!--more--><\/p>\n<p>Hierzu reisten die Teilnehmer an f\u00fcnf Wochenenden nach Beckum im Kreis Warendorf. Dar\u00fcberhinaus opferten sie viele Stunden ihrer Freizeit, um sich auf das Lehrgangsziel, das Feuerwehrmusikabzeichen Nordrhein-Westfalen in Bronze, vorzubereiten. Am Samstag, 1. April 2017, war es dann soweit, alle Musikerinnen und Musiker bestanden ihre schriftlichen und praktischen Pr\u00fcfungen mit hervorragenden Ergebnissen. <\/p>\n<p><a rel=\"lightbox\" href=\"http:\/\/www.feuerwehr-brilon.de\/wp-up\/2017\/04\/D1-Lehrgang-2017-1.jpg\"><img loading=\"lazy\" decoding=\"async\" src=\"http:\/\/www.feuerwehr-brilon.de\/wp-up\/2017\/04\/D1-Lehrgang-2017-1-150x120.jpg\" alt=\"\" width=\"150\" height=\"120\" class=\"alignleft size-thumbnail wp-image-14640\" srcset=\"https:\/\/www.feuerwehr-brilon.de\/wp-up\/2017\/04\/D1-Lehrgang-2017-1-150x120.jpg 150w, https:\/\/www.feuerwehr-brilon.de\/wp-up\/2017\/04\/D1-Lehrgang-2017-1-500x399.jpg 500w, https:\/\/www.feuerwehr-brilon.de\/wp-up\/2017\/04\/D1-Lehrgang-2017-1.jpg 751w\" sizes=\"auto, (max-width: 150px) 100vw, 150px\" \/><\/a><br \/>\nSo wurde (v. l. n. r.) Eileen Otto, Viktoria Jung, Paulin Sack, Zoe Tilly, Leonie Bunse, Alexa Otto und Sven Becker das Feuerwehrmusikabzeichen Nordrhein-Westfalen in Bronze (D1) verliehen.<\/p>\n","protected":false},"excerpt":{"rendered":"<p>Tambourkorps. Auf die Fort- und Weiterbildung seiner Musikerinnen und Musiker legt das Tambourkorps der Freiwilligen Feuerwehr Brilon ein besonderes Augenmerk. So nahmen auch in diesem Jahr sieben junge Kameradinnen und Kameraden am D1-Lehrgang des Verbandes der Feuerwehren in NRW teil.<\/p>\n","protected":false},"author":8,"featured_media":0,"comment_status":"closed","ping_status":"closed","sticky":false,"template":"","format":"standard","meta":{"_exactmetrics_skip_tracking":false,"_exactmetrics_sitenote_active":false,"_exactmetrics_sitenote_note":"","_exactmetrics_sitenote_category":0,"jetpack_post_was_ever_published":false,"_jetpack_newsletter_access":"","_jetpack_dont_email_post_to_subs":false,"_jetpack_newsletter_tier_id":0,"_jetpack_memberships_contains_paywalled_content":false,"_jetpack_memberships_contains_paid_content":false,"footnotes":""},"categories":[206],"tags":[195,37,87],"class_list":["post-14637","post","type-post","status-publish","format-standard","hentry","category-meldungen-2017","tag-ausbildung","tag-brilon","tag-tambourkorps"],"jetpack_featured_media_url":"","jetpack_shortlink":"https:\/\/wp.me\/pCIJa-3O5","jetpack_sharing_enabled":true,"jetpack-related-posts":[{"id":13471,"url":"https:\/\/www.feuerwehr-brilon.de\/?p=13471","url_meta":{"origin":14637,"position":0},"title":"Tambourkorps der Freiwilligen Feuerwehr Brilon bereitet sich auf die kommende Saison vor","author":"Marc Heines","date":"16. Mai 2016","format":false,"excerpt":"Dass \u00dcbung den Meister macht, wissen auch die\u00a050 Musikerinnen und Musiker des Tambourkorps der Freiwilligen Feuerwehr Brilon. Sie haben sich an einem\u00a0Wochenende im Feuerwehrger\u00e4tehaus getroffen, um sich auf die kommende Saison mit einem Probewochenende vorzubereiten. Es wurden einzelne Musikst\u00fccke f\u00fcr das Spielen auf der Stra\u00dfe geprobt und B\u00fchnen- sowie Konzertst\u00fccke\u2026","rel":"","context":"In &quot;Meldungen 2016&quot;","block_context":{"text":"Meldungen 2016","link":"https:\/\/www.feuerwehr-brilon.de\/?cat=202"},"img":{"alt_text":"IMG_20160503_083436i","src":"https:\/\/i0.wp.com\/www.feuerwehr-brilon.de\/wp-up\/2016\/05\/IMG_20160503_083436i-150x113.jpg?resize=350%2C200","width":350,"height":200},"classes":[]},{"id":14702,"url":"https:\/\/www.feuerwehr-brilon.de\/?p=14702","url_meta":{"origin":14637,"position":1},"title":"Tambourkorps bereitet sich auf die neue Spielsaison vor","author":"Daniel Vogel","date":"23. April 2017","format":false,"excerpt":"Tambourkorps. Dass \u00dcbung den Meister macht, wissen auch die rund 50 Musikerinnen und Musiker des Tambourkorps der Freiwilligen Feuerwehr Brilon. So haben sie sich am vergangenen Wochenende im Feuerwehrger\u00e4tehaus getroffen, um sich auf die Spielsaison 2017 mit einem Probewochenende vorzubereiten. Zun\u00e4chst wurden diverse St\u00fccke in den einzelnen Stimmen, den Registern,\u2026","rel":"","context":"In &quot;Meldungen 2017&quot;","block_context":{"text":"Meldungen 2017","link":"https:\/\/www.feuerwehr-brilon.de\/?cat=206"},"img":{"alt_text":"","src":"https:\/\/i0.wp.com\/www.feuerwehr-brilon.de\/wp-up\/2017\/04\/TK_1-1-150x84.jpg?resize=350%2C200","width":350,"height":200},"classes":[]},{"id":30752,"url":"https:\/\/www.feuerwehr-brilon.de\/?p=30752","url_meta":{"origin":14637,"position":2},"title":"Jahreshauptversammlung des Tambourkorps Brilon","author":"Andreas Becker","date":"20. Februar 2023","format":false,"excerpt":"Tambourkorps. Am Freitag, den 13.01.2023 fand die diesj\u00e4hrige gemeinsame Jahreshauptversammlung des L\u00f6schzugs Brilon und des Tambourkorps Brilon statt. Es war uns m\u00f6glich, nach den coronabedingten Ausf\u00e4llen unserer zahlreichen Auftritte und Proben auf ein normales Jahr zur\u00fcckzublicken. Aus dem Jahresbericht des Tambourkorps ging hervor, dass aktuell 47 Musikerinnen und Musiker im\u2026","rel":"","context":"In &quot;Meldungen 2023&quot;","block_context":{"text":"Meldungen 2023","link":"https:\/\/www.feuerwehr-brilon.de\/?cat=336"},"img":{"alt_text":"","src":"https:\/\/i0.wp.com\/www.feuerwehr-brilon.de\/wp-up\/2023\/02\/230113_JHV-TK_.jpg?resize=350%2C200&ssl=1","width":350,"height":200,"srcset":"https:\/\/i0.wp.com\/www.feuerwehr-brilon.de\/wp-up\/2023\/02\/230113_JHV-TK_.jpg?resize=350%2C200&ssl=1 1x, https:\/\/i0.wp.com\/www.feuerwehr-brilon.de\/wp-up\/2023\/02\/230113_JHV-TK_.jpg?resize=525%2C300&ssl=1 1.5x"},"classes":[]},{"id":32177,"url":"https:\/\/www.feuerwehr-brilon.de\/?p=32177","url_meta":{"origin":14637,"position":3},"title":"Ehrungen und Bef\u00f6rderungen beim Tambourkorps der Feuerwehr Brilon","author":"Marcus Bange","date":"8. M\u00e4rz 2024","format":false,"excerpt":"Brilon. Das Tambourkorps der Feuerwehr Brilon und der L\u00f6schzug Brilon f\u00fchrten ihre gemeinsame Jahreshauptversammlung durch. Im Jahresbericht konnte das Tambourkorps auf zahlreiche Auftritte und Proben im vergangenen Jahr zur\u00fcckblicken. Aus dem Bericht ging hervor, dass aktuell 57 Musikerinnen und Musiker im Tambourkorps aktiv sind. Insgesamt spielte das Tambourkorps inklusive der\u2026","rel":"","context":"In &quot;Meldungen 2024&quot;","block_context":{"text":"Meldungen 2024","link":"https:\/\/www.feuerwehr-brilon.de\/?cat=359"},"img":{"alt_text":"","src":"https:\/\/i0.wp.com\/www.feuerwehr-brilon.de\/wp-up\/2024\/03\/GV-TK-2024-1.jpg?resize=350%2C200&ssl=1","width":350,"height":200,"srcset":"https:\/\/i0.wp.com\/www.feuerwehr-brilon.de\/wp-up\/2024\/03\/GV-TK-2024-1.jpg?resize=350%2C200&ssl=1 1x, https:\/\/i0.wp.com\/www.feuerwehr-brilon.de\/wp-up\/2024\/03\/GV-TK-2024-1.jpg?resize=525%2C300&ssl=1 1.5x, https:\/\/i0.wp.com\/www.feuerwehr-brilon.de\/wp-up\/2024\/03\/GV-TK-2024-1.jpg?resize=700%2C400&ssl=1 2x"},"classes":[]},{"id":22068,"url":"https:\/\/www.feuerwehr-brilon.de\/?p=22068","url_meta":{"origin":14637,"position":4},"title":"Generalversammlung des Tambourkorps","author":"Marc Heines","date":"6. Februar 2020","format":false,"excerpt":"In der gemeinsamen Hauptversammlung mit dem L\u00f6schzug Brilon blickte das Tambourkorps der Feuerwehr auf ein besonderes Jahr 2019 zur\u00fcck. Absoluter H\u00f6hepunkt war nat\u00fcrlich das 100 j\u00e4hrige Jubil\u00e4um am 18. Mai. Gefeiert wurde mit einem gro\u00dfen Festzug, offiziellem Festakt und einer gelungenen Jubil\u00e4umsparty in der Sch\u00fctzenhalle. Ebenfalls etwas Besonderes ist die\u2026","rel":"","context":"In &quot;Meldungen 2020&quot;","block_context":{"text":"Meldungen 2020","link":"https:\/\/www.feuerwehr-brilon.de\/?cat=237"},"img":{"alt_text":"","src":"https:\/\/i0.wp.com\/www.feuerwehr-brilon.de\/wp-up\/2020\/02\/PM_i-150x100.jpg?resize=350%2C200&ssl=1","width":350,"height":200},"classes":[]},{"id":21437,"url":"https:\/\/www.feuerwehr-brilon.de\/?p=21437","url_meta":{"origin":14637,"position":5},"title":"Ehrungen und Bef\u00f6rderungen beim Tambourkorps","author":"Marc Heines","date":"13. Juni 2019","format":false,"excerpt":"Im Mai feierte das Tambourkorps der freiwilligen Feuerwehr Brilon seinen 100. Geburtstag in der Briloner Sch\u00fctzenhalle. Rund 20 Gastvereine, darunter mehrere Musikvereine und Spielmannsz\u00fcge aus dem Raum Brilon, nahmen am gro\u00dfen Festzug durch die Stadt teil. Nach der Kranzniederlegung am Ehrenmal gab es einen Massenchor, bevor der Festakt in der\u2026","rel":"","context":"In &quot;Meldungen 2019&quot;","block_context":{"text":"Meldungen 2019","link":"https:\/\/www.feuerwehr-brilon.de\/?cat=223"},"img":{"alt_text":"","src":"https:\/\/i0.wp.com\/www.feuerwehr-brilon.de\/wp-up\/2019\/06\/PM-Befoerderung-i-150x68.jpg?resize=350%2C200&ssl=1","width":350,"height":200},"classes":[]}],"_links":{"self":[{"href":"https:\/\/www.feuerwehr-brilon.de\/index.php?rest_route=\/wp\/v2\/posts\/14637","targetHints":{"allow":["GET"]}}],"collection":[{"href":"https:\/\/www.feuerwehr-brilon.de\/index.php?rest_route=\/wp\/v2\/posts"}],"about":[{"href":"https:\/\/www.feuerwehr-brilon.de\/index.php?rest_route=\/wp\/v2\/types\/post"}],"author":[{"embeddable":true,"href":"https:\/\/www.feuerwehr-brilon.de\/index.php?rest_route=\/wp\/v2\/users\/8"}],"replies":[{"embeddable":true,"href":"https:\/\/www.feuerwehr-brilon.de\/index.php?rest_route=%2Fwp%2Fv2%2Fcomments&post=14637"}],"version-history":[{"count":3,"href":"https:\/\/www.feuerwehr-brilon.de\/index.php?rest_route=\/wp\/v2\/posts\/14637\/revisions"}],"predecessor-version":[{"id":14649,"href":"https:\/\/www.feuerwehr-brilon.de\/index.php?rest_route=\/wp\/v2\/posts\/14637\/revisions\/14649"}],"wp:attachment":[{"href":"https:\/\/www.feuerwehr-brilon.de\/index.php?rest_route=%2Fwp%2Fv2%2Fmedia&parent=14637"}],"wp:term":[{"taxonomy":"category","embeddable":true,"href":"https:\/\/www.feuerwehr-brilon.de\/index.php?rest_route=%2Fwp%2Fv2%2Fcategories&post=14637"},{"taxonomy":"post_tag","embeddable":true,"href":"https:\/\/www.feuerwehr-brilon.de\/index.php?rest_route=%2Fwp%2Fv2%2Ftags&post=14637"}],"curies":[{"name":"wp","href":"https:\/\/api.w.org\/{rel}","templated":true}]}}