{"id":15529,"date":"2017-12-03T18:30:26","date_gmt":"2017-12-03T17:30:26","guid":{"rendered":"https:\/\/www.feuerwehr-brilon.de\/?p=15529"},"modified":"2017-12-09T09:42:53","modified_gmt":"2017-12-09T08:42:53","slug":"auslaufendes-oel-nach-lkw-unfall","status":"publish","type":"post","link":"https:\/\/www.feuerwehr-brilon.de\/?p=15529","title":{"rendered":"Auslaufendes \u00d6l nach LKW Unfall"},"content":{"rendered":"<p><a href=\"https:\/\/www.feuerwehr-brilon.de\/?p=15529\"><img loading=\"lazy\" decoding=\"async\" src=\"https:\/\/www.feuerwehr-brilon.de\/wp-up\/2017\/12\/Unfall-Almerstr.1-1-1-150x113.jpg\" alt=\"\" width=\"150\" height=\"113\" class=\"alignleft size-thumbnail wp-image-15551\" srcset=\"https:\/\/www.feuerwehr-brilon.de\/wp-up\/2017\/12\/Unfall-Almerstr.1-1-1-150x113.jpg 150w, https:\/\/www.feuerwehr-brilon.de\/wp-up\/2017\/12\/Unfall-Almerstr.1-1-1-500x375.jpg 500w, https:\/\/www.feuerwehr-brilon.de\/wp-up\/2017\/12\/Unfall-Almerstr.1-1-1.jpg 800w\" sizes=\"auto, (max-width: 150px) 100vw, 150px\" \/><\/a><a title=\"Madfeld\" href=\"http:\/\/www.feuerwehr-brilon.de\/?page_id=50\" target=\"_blank\">Madfeld. <\/a>Auch in Madfeld ist es am Donnerstagabend (30.11.) zu einem LKW Unfall gekommen. Auf der L637 zwischen Madfeld und Alme, ist auf glatter Stra\u00dfe ein LKW von der Stra\u00dfe abgekommen und umgekippt.<!--more--><\/p>\n<p>Der Fahrer konnte sich eigenst\u00e4ndig aus dem Fahrzeug befreien. Bis zum Eintreffen des Rettungsdienstes wurde er durch die Feuerwehr betreut. Das ausgelaufene \u00d6l wurde mit Bindemittel abgestreut und aufgenommen.<\/p>\n<p>13 Kameraden der L\u00f6schgruppe Madfeld waren zwei Stunden im Einsatz.<\/p>\n<p style=\"border-color: #696969; border-width: 2px; border-style: solid; padding: 4px;\"><strong>Eingesetzte Einheiten:<\/strong><br \/>\n<a href=\"http:\/\/www.feuerwehr-brilon.de\/?page_id=50\"><img loading=\"lazy\" decoding=\"async\" class=\"alignnone\" title=\"lg madfeld\" src=\"http:\/\/www.feuerwehr-brilon.de\/images\/einsatz_details\/lg_madfeld.jpg\" alt=\"\" width=\"110\" height=\"31\" \/><\/a><\/p>\n<p style=\"border-color: #696969; border-width: 2px; border-style: solid; padding: 4px;\"><strong>Eingesetzte Fahrzeuge:<\/strong><br \/>\n<a href=\"http:\/\/www.feuerwehr-brilon.de\/?page_id=1335\"><img loading=\"lazy\" decoding=\"async\" class=\"alignnone\" title=\"LF8\" src=\"http:\/\/www.feuerwehr-brilon.de\/images\/einsatz_details\/054201.jpg\" alt=\"\" width=\"110\" height=\"31\" \/><\/a><\/p>\n<p><strong>Bilder:<\/strong><br \/>\n<a rel=\"lightbox\" href=\"https:\/\/www.feuerwehr-brilon.de\/wp-up\/2017\/12\/Unfall-Almerstr.1-1-1.jpg\"><img loading=\"lazy\" decoding=\"async\" src=\"https:\/\/www.feuerwehr-brilon.de\/wp-up\/2017\/12\/Unfall-Almerstr.1-1-1-150x113.jpg\" alt=\"\" width=\"150\" height=\"113\" class=\"alignleft size-thumbnail wp-image-15551\" srcset=\"https:\/\/www.feuerwehr-brilon.de\/wp-up\/2017\/12\/Unfall-Almerstr.1-1-1-150x113.jpg 150w, https:\/\/www.feuerwehr-brilon.de\/wp-up\/2017\/12\/Unfall-Almerstr.1-1-1-500x375.jpg 500w, https:\/\/www.feuerwehr-brilon.de\/wp-up\/2017\/12\/Unfall-Almerstr.1-1-1.jpg 800w\" sizes=\"auto, (max-width: 150px) 100vw, 150px\" \/><\/a><\/p>\n","protected":false},"excerpt":{"rendered":"<p>Madfeld. Auch in Madfeld ist es am Donnerstagabend (30.11.) zu einem LKW Unfall gekommen. Auf der L637 zwischen Madfeld und Alme, ist auf glatter Stra\u00dfe ein LKW von der Stra\u00dfe abgekommen und umgekippt.<\/p>\n","protected":false},"author":8,"featured_media":15551,"comment_status":"closed","ping_status":"closed","sticky":false,"template":"","format":"standard","meta":{"_exactmetrics_skip_tracking":false,"_exactmetrics_sitenote_active":false,"_exactmetrics_sitenote_note":"","_exactmetrics_sitenote_category":0,"jetpack_post_was_ever_published":false,"_jetpack_newsletter_access":"","_jetpack_dont_email_post_to_subs":false,"_jetpack_newsletter_tier_id":0,"_jetpack_memberships_contains_paywalled_content":false,"_jetpack_memberships_contains_paid_content":false,"footnotes":""},"categories":[205],"tags":[53,170,199],"class_list":["post-15529","post","type-post","status-publish","format-standard","has-post-thumbnail","hentry","category-einsaetze-2017","tag-madfeld","tag-technische-hilfe","tag-verkehrsunfall"],"jetpack_featured_media_url":"https:\/\/www.feuerwehr-brilon.de\/wp-up\/2017\/12\/Unfall-Almerstr.1-1-1.jpg","jetpack_shortlink":"https:\/\/wp.me\/pCIJa-42t","jetpack_sharing_enabled":true,"jetpack-related-posts":[{"id":34772,"url":"https:\/\/www.feuerwehr-brilon.de\/?p=34772","url_meta":{"origin":15529,"position":0},"title":"Verkehrsunfall auf der Bredelarer Stra\u00dfe bei Madfeld","author":"Marcus Bange","date":"8. Mai 2026","format":false,"excerpt":"Madfeld. Am Donnerstagnachmittag (07.05.2026, 16:05 Uhr) kam es auf der Bredelarer Stra\u00dfe (L 637) zwischen der B 7 und Madfeld zu einem schweren Verkehrsunfall. Ein Transporter war in Fahrtrichtung Madfeld in einer Rechtskurve in den Gegenverkehr geraten und frontal mit einem Sattelzug zusammengesto\u00dfen. Beide Fahrzeuginsassen im Transporter wurden dabei eingeschlossen.\u2026","rel":"","context":"In &quot;Eins\u00e4tze 2026&quot;","block_context":{"text":"Eins\u00e4tze 2026","link":"https:\/\/www.feuerwehr-brilon.de\/?cat=369"},"img":{"alt_text":"","src":"https:\/\/i0.wp.com\/www.feuerwehr-brilon.de\/wp-up\/2026\/05\/VU-L-637-1.jpg?resize=350%2C200&ssl=1","width":350,"height":200,"srcset":"https:\/\/i0.wp.com\/www.feuerwehr-brilon.de\/wp-up\/2026\/05\/VU-L-637-1.jpg?resize=350%2C200&ssl=1 1x, https:\/\/i0.wp.com\/www.feuerwehr-brilon.de\/wp-up\/2026\/05\/VU-L-637-1.jpg?resize=525%2C300&ssl=1 1.5x, https:\/\/i0.wp.com\/www.feuerwehr-brilon.de\/wp-up\/2026\/05\/VU-L-637-1.jpg?resize=700%2C400&ssl=1 2x"},"classes":[]},{"id":31429,"url":"https:\/\/www.feuerwehr-brilon.de\/?p=31429","url_meta":{"origin":15529,"position":1},"title":"Unfall in einem Steinbruchbetrieb bei R\u00f6senbeck","author":"Marcus Bange","date":"15. August 2023","format":false,"excerpt":"R\u00f6senbeck. Die Briloner Feuerwehr war am Dienstagmorgen (15.08.2023) bei einem Unfall in einem Steinbruchbetrieb bei R\u00f6senbeck im Einsatz. Dort war gegen 6:15 Uhr ein LKW-Fahrer mit seinem Kippsattelzug umgekippt. Die Feuerwehr wurde zun\u00e4chst zu einer eingeklemmten Person alarmiert. Der Fahrer konnte vor Eintreffen der Feuerwehr von Betriebsangeh\u00f6rigen aus seinem Fahrzeug\u2026","rel":"","context":"In &quot;Eins\u00e4tze 2023&quot;","block_context":{"text":"Eins\u00e4tze 2023","link":"https:\/\/www.feuerwehr-brilon.de\/?cat=335"},"img":{"alt_text":"","src":"https:\/\/i0.wp.com\/www.feuerwehr-brilon.de\/wp-up\/2023\/08\/Unfall-Steinbruch-1.jpg?resize=350%2C200&ssl=1","width":350,"height":200,"srcset":"https:\/\/i0.wp.com\/www.feuerwehr-brilon.de\/wp-up\/2023\/08\/Unfall-Steinbruch-1.jpg?resize=350%2C200&ssl=1 1x, https:\/\/i0.wp.com\/www.feuerwehr-brilon.de\/wp-up\/2023\/08\/Unfall-Steinbruch-1.jpg?resize=525%2C300&ssl=1 1.5x, https:\/\/i0.wp.com\/www.feuerwehr-brilon.de\/wp-up\/2023\/08\/Unfall-Steinbruch-1.jpg?resize=700%2C400&ssl=1 2x"},"classes":[]},{"id":8215,"url":"https:\/\/www.feuerwehr-brilon.de\/?p=8215","url_meta":{"origin":15529,"position":2},"title":"Verkehrsunfall mit einem Tiertransporter","author":"Marc Heines","date":"11. April 2013","format":false,"excerpt":"Die Feuerwehr Brilon wurde heute Morgen (11.04.2013) um 08:48 Uhr zu einem Verkehrsunfall mit einem Tiertransporter alarmiert. Auf der K60 zwischen Radlinghausen und Madfeld war der Anh\u00e4nger eines, mit lebenden Schweinen beladenen, Tiertransporters umgekippt. Durch den Unfall \u00f6ffneten sich einige Boxen. Einige Tiere liefen dadurch frei auf der Stra\u00dfe herum.\u2026","rel":"","context":"In &quot;Eins\u00e4tze 2013&quot;","block_context":{"text":"Eins\u00e4tze 2013","link":"https:\/\/www.feuerwehr-brilon.de\/?cat=176"},"img":{"alt_text":"","src":"https:\/\/i0.wp.com\/www.feuerwehr-brilon.de\/wp-up\/2013\/04\/DSC_0069i-150x112.jpg?resize=350%2C200&ssl=1","width":350,"height":200},"classes":[]},{"id":15688,"url":"https:\/\/www.feuerwehr-brilon.de\/?p=15688","url_meta":{"origin":15529,"position":3},"title":"Friederike sorgt f\u00fcr Vielzahl von Eins\u00e4tzen","author":"Marcus Bange","date":"19. Januar 2018","format":false,"excerpt":"Brilon. Die Feuerwehr Brilon wurde am Donnerstagnachmittag zur insgesamt 48 Sturmeins\u00e4tzen alarmiert. Dabei mussten durch den Orkan umgest\u00fcrzte B\u00e4ume, gelockerte Dachpfannen und Kaminabdeckung beseitigt sowie Werbebanner gesichert werden. Alle Eins\u00e4tze wurden ab 12.00 Uhr durch eine Einsatzleitung im Feuerwehrhaus Brilon koordiniert und abgearbeitet. Auf der B 480 bei Alme st\u00fcrzte\u2026","rel":"","context":"In &quot;Eins\u00e4tze 2018&quot;","block_context":{"text":"Eins\u00e4tze 2018","link":"https:\/\/www.feuerwehr-brilon.de\/?cat=208"},"img":{"alt_text":"Friederike 1","src":"https:\/\/i0.wp.com\/www.feuerwehr-brilon.de\/wp-up\/2018\/01\/Friederike-1-150x113.jpg?resize=350%2C200&ssl=1","width":350,"height":200},"classes":[]},{"id":24060,"url":"https:\/\/www.feuerwehr-brilon.de\/?p=24060","url_meta":{"origin":15529,"position":4},"title":"Verkehrsunfall auf der L 637 bei Madfeld","author":"Marcus Bange","date":"7. Januar 2022","format":false,"excerpt":"Madfeld. Die Feuerwehr Brilon wurde am Donnerstagmittag (06.01.2022) zu einer Hilfeleistung nach einem Verkehrsunfall auf der L 637, Bredelarer Stra\u00dfe alarmiert. Dort war zwischen dem Ortsausgang Madfeld und der B 7 (Fettk\u00fcche) ein PKW im Kurvenbereich frontal gegen einen Sattelzug geprallt. Die Fahrerin des PKW wurde bei dem Unfall schwer\u2026","rel":"","context":"In &quot;Eins\u00e4tze 2022&quot;","block_context":{"text":"Eins\u00e4tze 2022","link":"https:\/\/www.feuerwehr-brilon.de\/?cat=288"},"img":{"alt_text":"","src":"https:\/\/i0.wp.com\/www.feuerwehr-brilon.de\/wp-up\/2022\/01\/VU-L-637-Madfeld-3.jpg?resize=350%2C200&ssl=1","width":350,"height":200,"srcset":"https:\/\/i0.wp.com\/www.feuerwehr-brilon.de\/wp-up\/2022\/01\/VU-L-637-Madfeld-3.jpg?resize=350%2C200&ssl=1 1x, https:\/\/i0.wp.com\/www.feuerwehr-brilon.de\/wp-up\/2022\/01\/VU-L-637-Madfeld-3.jpg?resize=525%2C300&ssl=1 1.5x, https:\/\/i0.wp.com\/www.feuerwehr-brilon.de\/wp-up\/2022\/01\/VU-L-637-Madfeld-3.jpg?resize=700%2C400&ssl=1 2x"},"classes":[]},{"id":34396,"url":"https:\/\/www.feuerwehr-brilon.de\/?p=34396","url_meta":{"origin":15529,"position":5},"title":"Dramatische Tierrettung: Feuerwehr befreit eingeschlossene Schweine aus umgekipptem LKW-Anh\u00e4nger","author":"Erwin Mungenast","date":"15. Februar 2026","format":false,"excerpt":"Alme. Die L\u00f6schgruppe Madfeld wurde am Samstag (14.02.) um 10:58 Uhr zu einem Hilfeleistungseinsatz nach Alme zum \"Loh\", alarmiert. Vor Ort war ein LKW mit 80 Schweinen verungl\u00fcckt. Der ebenfalls mit 80 Schweinen beladene, dreist\u00f6ckige Anh\u00e4nger lag vollst\u00e4ndig umgekippt auf einem schmalen Feldweg. Da sich der Anh\u00e4nger nicht mehr \u00f6ffnen\u2026","rel":"","context":"In &quot;Eins\u00e4tze 2026&quot;","block_context":{"text":"Eins\u00e4tze 2026","link":"https:\/\/www.feuerwehr-brilon.de\/?cat=369"},"img":{"alt_text":"","src":"https:\/\/i0.wp.com\/www.feuerwehr-brilon.de\/wp-up\/2026\/02\/VU-A1.jpg?resize=350%2C200&ssl=1","width":350,"height":200,"srcset":"https:\/\/i0.wp.com\/www.feuerwehr-brilon.de\/wp-up\/2026\/02\/VU-A1.jpg?resize=350%2C200&ssl=1 1x, https:\/\/i0.wp.com\/www.feuerwehr-brilon.de\/wp-up\/2026\/02\/VU-A1.jpg?resize=525%2C300&ssl=1 1.5x, https:\/\/i0.wp.com\/www.feuerwehr-brilon.de\/wp-up\/2026\/02\/VU-A1.jpg?resize=700%2C400&ssl=1 2x"},"classes":[]}],"_links":{"self":[{"href":"https:\/\/www.feuerwehr-brilon.de\/index.php?rest_route=\/wp\/v2\/posts\/15529","targetHints":{"allow":["GET"]}}],"collection":[{"href":"https:\/\/www.feuerwehr-brilon.de\/index.php?rest_route=\/wp\/v2\/posts"}],"about":[{"href":"https:\/\/www.feuerwehr-brilon.de\/index.php?rest_route=\/wp\/v2\/types\/post"}],"author":[{"embeddable":true,"href":"https:\/\/www.feuerwehr-brilon.de\/index.php?rest_route=\/wp\/v2\/users\/8"}],"replies":[{"embeddable":true,"href":"https:\/\/www.feuerwehr-brilon.de\/index.php?rest_route=%2Fwp%2Fv2%2Fcomments&post=15529"}],"version-history":[{"count":3,"href":"https:\/\/www.feuerwehr-brilon.de\/index.php?rest_route=\/wp\/v2\/posts\/15529\/revisions"}],"predecessor-version":[{"id":15562,"href":"https:\/\/www.feuerwehr-brilon.de\/index.php?rest_route=\/wp\/v2\/posts\/15529\/revisions\/15562"}],"wp:featuredmedia":[{"embeddable":true,"href":"https:\/\/www.feuerwehr-brilon.de\/index.php?rest_route=\/wp\/v2\/media\/15551"}],"wp:attachment":[{"href":"https:\/\/www.feuerwehr-brilon.de\/index.php?rest_route=%2Fwp%2Fv2%2Fmedia&parent=15529"}],"wp:term":[{"taxonomy":"category","embeddable":true,"href":"https:\/\/www.feuerwehr-brilon.de\/index.php?rest_route=%2Fwp%2Fv2%2Fcategories&post=15529"},{"taxonomy":"post_tag","embeddable":true,"href":"https:\/\/www.feuerwehr-brilon.de\/index.php?rest_route=%2Fwp%2Fv2%2Ftags&post=15529"}],"curies":[{"name":"wp","href":"https:\/\/api.w.org\/{rel}","templated":true}]}}