{"id":15823,"date":"2018-03-16T11:44:41","date_gmt":"2018-03-16T10:44:41","guid":{"rendered":"https:\/\/www.feuerwehr-brilon.de\/?p=15823"},"modified":"2018-03-16T11:44:41","modified_gmt":"2018-03-16T10:44:41","slug":"generalversammlung-der-loeschgruppe-messinghausen-3","status":"publish","type":"post","link":"https:\/\/www.feuerwehr-brilon.de\/?p=15823","title":{"rendered":"Generalversammlung der L\u00f6schgruppe Messinghausen"},"content":{"rendered":"<p><a rel=\"lightbox\" href=\"https:\/\/www.feuerwehr-brilon.de\/wp-up\/2018\/03\/pmi.jpg\"><img loading=\"lazy\" decoding=\"async\" src=\"https:\/\/www.feuerwehr-brilon.de\/wp-up\/2018\/03\/pmi-150x101.jpg\" alt=\"\" width=\"150\" height=\"101\" class=\"alignleft size-thumbnail wp-image-15826\" srcset=\"https:\/\/www.feuerwehr-brilon.de\/wp-up\/2018\/03\/pmi-150x101.jpg 150w, https:\/\/www.feuerwehr-brilon.de\/wp-up\/2018\/03\/pmi-500x338.jpg 500w, https:\/\/www.feuerwehr-brilon.de\/wp-up\/2018\/03\/pmi.jpg 800w\" sizes=\"auto, (max-width: 150px) 100vw, 150px\" \/><\/a>Am Samstag den 17.02.2018 er\u00f6ffnete L\u00f6schgruppenf\u00fchrer Thomas Kemmerling die diesj\u00e4hrige Hauptversammlung der L\u00f6schgruppe Messinghausen. Begr\u00fc\u00dfen konnte er den stv. Wehrf\u00fchrer Wilfried G\u00f6bel, B\u00fcrgermeister Dr. Christoph Bartsch, Ortsvorsteher Andreas Sanow und Ratsmitglied Hildegard Hillebrand.<br \/>\n<!--more--><br \/>\nJugendfeuerwehrwart Markus Kleff stellte den Bericht der Jugendfeuerwehr vor. Aktuell besteht die Jugendfeuerwehr aus zwei Gruppen. Die 18 Jugendlichen befinden sich im Alter von 12 bis 18 Jahren. Im vergangen Jahr nahmen drei Jungfeuerwehrleute an der Jugendflamme 2 teil. <\/p>\n<p>Der stellvertretende Wehrf\u00fchrer Wilfried G\u00f6bel bedankte sich bei der L\u00f6schgruppe Mes-singhausen f\u00fcr die geleistete Arbeit. Anschlie\u00dfend konnte er Nil Becker, Marius Hannig und Benjamin Kleff zum Feuerwehrmann bef\u00f6rdern und aus der Jugendfeuerwehr in die aktive Wehr \u00fcbernehmen. Philipp Kappe bef\u00f6rderte er zum Hauptbrandmeister. <\/p>\n<p>Dr. Christoph Bartsch bedankte sich im Namen der Verwaltung und der B\u00fcrgerschaft der Stadt Brilon. B\u00fcrgermeister Bartsch gab einen Ausblick auf das Haushaltsjahr 2018 und berichtete von geplanten Investitionen in unterschiedlichen Bereichen. Auch Ortsvorsteher Andreas Sanow dankte der L\u00f6schgruppe Messinghausen f\u00fcr die Arbeit in der Dorf-gemeinschaft und der guten Jugendarbeit. <\/p>\n<p>Abschlie\u00dfend bedankte sich L\u00f6schgruppenf\u00fchrer Thomas Kemmerling f\u00fcr die gute Zu-sammenarbeit mit der Wehrf\u00fchrung und der Unterst\u00fctzung durch Stadt und Verwaltung.<br \/>\n<a rel=\"lightbox\" href=\"https:\/\/www.feuerwehr-brilon.de\/wp-up\/2018\/03\/IMG_3021i.jpg\"><img loading=\"lazy\" decoding=\"async\" src=\"https:\/\/www.feuerwehr-brilon.de\/wp-up\/2018\/03\/IMG_3021i-150x113.jpg\" alt=\"\" width=\"150\" height=\"113\" class=\"alignleft size-thumbnail wp-image-15824\" srcset=\"https:\/\/www.feuerwehr-brilon.de\/wp-up\/2018\/03\/IMG_3021i-150x113.jpg 150w, https:\/\/www.feuerwehr-brilon.de\/wp-up\/2018\/03\/IMG_3021i-500x375.jpg 500w, https:\/\/www.feuerwehr-brilon.de\/wp-up\/2018\/03\/IMG_3021i.jpg 800w\" sizes=\"auto, (max-width: 150px) 100vw, 150px\" \/><\/a><\/p>\n<p><a rel=\"lightbox\" href=\"https:\/\/www.feuerwehr-brilon.de\/wp-up\/2018\/03\/IMG_3029i.jpg\"><img loading=\"lazy\" decoding=\"async\" src=\"https:\/\/www.feuerwehr-brilon.de\/wp-up\/2018\/03\/IMG_3029i-150x113.jpg\" alt=\"\" width=\"150\" height=\"113\" class=\"alignleft size-thumbnail wp-image-15825\" srcset=\"https:\/\/www.feuerwehr-brilon.de\/wp-up\/2018\/03\/IMG_3029i-150x113.jpg 150w, https:\/\/www.feuerwehr-brilon.de\/wp-up\/2018\/03\/IMG_3029i-500x375.jpg 500w, https:\/\/www.feuerwehr-brilon.de\/wp-up\/2018\/03\/IMG_3029i.jpg 800w\" sizes=\"auto, (max-width: 150px) 100vw, 150px\" \/><\/a><\/p>\n<p><a rel=\"lightbox\" href=\"https:\/\/www.feuerwehr-brilon.de\/wp-up\/2018\/03\/pmi.jpg\"><img loading=\"lazy\" decoding=\"async\" src=\"https:\/\/www.feuerwehr-brilon.de\/wp-up\/2018\/03\/pmi-150x101.jpg\" alt=\"\" width=\"150\" height=\"101\" class=\"alignleft size-thumbnail wp-image-15826\" srcset=\"https:\/\/www.feuerwehr-brilon.de\/wp-up\/2018\/03\/pmi-150x101.jpg 150w, https:\/\/www.feuerwehr-brilon.de\/wp-up\/2018\/03\/pmi-500x338.jpg 500w, https:\/\/www.feuerwehr-brilon.de\/wp-up\/2018\/03\/pmi.jpg 800w\" sizes=\"auto, (max-width: 150px) 100vw, 150px\" \/><\/a><\/p>\n","protected":false},"excerpt":{"rendered":"<p>Am Samstag den 17.02.2018 er\u00f6ffnete L\u00f6schgruppenf\u00fchrer Thomas Kemmerling die diesj\u00e4hrige Hauptversammlung der L\u00f6schgruppe Messinghausen. Begr\u00fc\u00dfen konnte er den stv. Wehrf\u00fchrer Wilfried G\u00f6bel, B\u00fcrgermeister Dr. Christoph Bartsch, Ortsvorsteher Andreas Sanow und Ratsmitglied Hildegard Hillebrand.<\/p>\n","protected":false},"author":6,"featured_media":0,"comment_status":"closed","ping_status":"closed","sticky":false,"template":"","format":"standard","meta":{"_exactmetrics_skip_tracking":false,"_exactmetrics_sitenote_active":false,"_exactmetrics_sitenote_note":"","_exactmetrics_sitenote_category":0,"jetpack_post_was_ever_published":false,"_jetpack_newsletter_access":"","_jetpack_dont_email_post_to_subs":false,"_jetpack_newsletter_tier_id":0,"_jetpack_memberships_contains_paywalled_content":false,"_jetpack_memberships_contains_paid_content":false,"footnotes":""},"categories":[209],"tags":[47,60],"class_list":["post-15823","post","type-post","status-publish","format-standard","hentry","category-meldungen-2018","tag-messinghausen","tag-personen"],"jetpack_featured_media_url":"","jetpack_shortlink":"https:\/\/wp.me\/pCIJa-47d","jetpack_sharing_enabled":true,"jetpack-related-posts":[{"id":734,"url":"https:\/\/www.feuerwehr-brilon.de\/?p=734","url_meta":{"origin":15823,"position":0},"title":"Jahreshauptversammlung der LG Messinghausen","author":"Marc Heines","date":"7. Februar 2009","format":false,"excerpt":"Die L\u00f6schgruppe Messinghausen hielt am 07.02.2009 ihre diesj\u00e4hrige Generalversammlung ab. L\u00f6schgruppenf\u00fchrer Wilfried G\u00f6bel blickte auf ein\u00a0 Jahr mit 1349 ehrenamtlich geleisteten Stunden zur\u00fcck. Neben der aktiven Wehr geh\u00f6ren zur L\u00f6schgruppe noch 27 Jugendfeuerwehrm\u00e4nner. Messinghausen stellt damit die gr\u00f6\u00dfte Jugendfeuerwehr im Stadtgebiet. Wehrf\u00fchrer Piasecki bef\u00f6rderte insgesamt 5 Kameraden. Sebastian Kleff wurde\u2026","rel":"","context":"In &quot;Meldungen 2009&quot;","block_context":{"text":"Meldungen 2009","link":"https:\/\/www.feuerwehr-brilon.de\/?cat=11"},"img":{"alt_text":"","src":"https:\/\/i0.wp.com\/www.feuerwehr-brilon.de\/wp-up\/2009\/02\/messinghausen_bef_i-500x262.jpg?resize=350%2C200","width":350,"height":200},"classes":[]},{"id":16841,"url":"https:\/\/www.feuerwehr-brilon.de\/?p=16841","url_meta":{"origin":15823,"position":1},"title":"Hauptversammlung der L\u00f6schgruppe Messinghausen","author":"Marc Heines","date":"22. Februar 2019","format":false,"excerpt":"Am Samstag den 02.02.2019 er\u00f6ffnete L\u00f6schgruppenf\u00fchrer Thomas Kemmerling die diesj\u00e4hrige Hauptversammlung der L\u00f6schgruppe Messinghausen. Begr\u00fc\u00dfen konnte er Wehrf\u00fchrer Wolfgang Hillebrand, den stv. Wehrf\u00fchrer Wilfried G\u00f6bel, Ordnungsamtsleiter Marcus Bange, Ortsvorsteher Andreas Sanow und Ratsmitglied Hildegard Hillebrand. L\u00f6schgruppenf\u00fchrer Kemmerling konnte in seinem Jahresbericht von 15 Eins\u00e4tzen berichten. Zus\u00e4tzlich zu den Eins\u00e4tzen absolvierten\u2026","rel":"","context":"In &quot;Meldungen 2019&quot;","block_context":{"text":"Meldungen 2019","link":"https:\/\/www.feuerwehr-brilon.de\/?cat=223"},"img":{"alt_text":"","src":"https:\/\/i0.wp.com\/www.feuerwehr-brilon.de\/wp-up\/2019\/02\/JHV_2019-i-150x86.jpg?resize=350%2C200&ssl=1","width":350,"height":200},"classes":[]},{"id":13248,"url":"https:\/\/www.feuerwehr-brilon.de\/?p=13248","url_meta":{"origin":15823,"position":2},"title":"Hauptversammlung der L\u00f6schgruppe Messinghausen","author":"Marc Heines","date":"3. M\u00e4rz 2016","format":false,"excerpt":"Messinghausen. Am Samstag den 13.02.2016 er\u00f6ffnete L\u00f6schgruppenf\u00fchrer Thomas Kemmerling die diesj\u00e4hrige Hauptversammlung der L\u00f6schgruppe Messinghausen. Begr\u00fc\u00dfen konnte er den stellv. Wehrf\u00fchrer Wilfried G\u00f6bel, Fachbereichsleiterin Karin Wigge, Ortsvorsteher Andreas Sanow und Ratsmitglied Hildegard Hillebrand. Er bedankte sich bei der Wehrf\u00fchrung und dem Rat der Stadt f\u00fcr die gute Zusammenarbeit und gab\u2026","rel":"","context":"In &quot;Meldungen 2016&quot;","block_context":{"text":"Meldungen 2016","link":"https:\/\/www.feuerwehr-brilon.de\/?cat=202"},"img":{"alt_text":"messinghausen_1i","src":"https:\/\/i0.wp.com\/www.feuerwehr-brilon.de\/wp-up\/2016\/03\/messinghausen_1i-150x113.jpg?resize=350%2C200","width":350,"height":200},"classes":[]},{"id":2928,"url":"https:\/\/www.feuerwehr-brilon.de\/?p=2928","url_meta":{"origin":15823,"position":3},"title":"Wilfried G\u00f6bel zum stellvertretenden Leiter der Feuerwehr ernannt","author":"Marc Heines","date":"14. Juli 2010","format":false,"excerpt":"Am 12.07.2010 wurde Wilfried G\u00f6bel offiziell zum stellvertretenden Wehrf\u00fchrer ernannt. Nachdem Wolfgang Hillebrand im Herbst vergangenen Jahres zum Leiter der Feuerwehr ernannt wurde, war die Position des Stellvertreters vakant. Wilfried G\u00f6bel konnte den Posten zun\u00e4chst\u00a0 nur kommissarisch \u00fcbernehmen, da der Lehrgang \u201eLeitung einer Feuerwehr\u201c noch fehlte. Der Lehrgang ist mittlerweile\u2026","rel":"","context":"In &quot;Meldungen 2010&quot;","block_context":{"text":"Meldungen 2010","link":"https:\/\/www.feuerwehr-brilon.de\/?cat=34"},"img":{"alt_text":"SANY0048i","src":"https:\/\/i0.wp.com\/www.feuerwehr-brilon.de\/wp-up\/2010\/07\/SANY0048i-125x93.jpg?resize=350%2C200","width":350,"height":200},"classes":[]},{"id":11795,"url":"https:\/\/www.feuerwehr-brilon.de\/?p=11795","url_meta":{"origin":15823,"position":4},"title":"Generalversammlung der L\u00f6schgruppe Messinghausen","author":"Marc Heines","date":"7. April 2015","format":false,"excerpt":"Der stellvertretende L\u00f6schgruppenf\u00fchrer Hans-Joachim Hillebrand er\u00f6ffnete nach dem gemeinsamen Besuch der Abendmesse die diesj\u00e4hrige Hauptversammlung der L\u00f6schgruppe Messinghausen. Hillebrand konnte den stellv. Wehrf\u00fchrer Wilfried G\u00f6bel, den ersten Beigeordneten der Stadt Brilon Reinhold Huxoll, Ortsvorsteher Andreas Sanow und Ratsmitglied Hildegard Hillebrand zur Versammlung begr\u00fc\u00dfen. Zu Beginn nahm er einen R\u00fcckblick auf\u2026","rel":"","context":"In &quot;Meldungen 2015&quot;","block_context":{"text":"Meldungen 2015","link":"https:\/\/www.feuerwehr-brilon.de\/?cat=192"},"img":{"alt_text":"Gruppei","src":"https:\/\/i0.wp.com\/www.feuerwehr-brilon.de\/wp-up\/2015\/04\/Gruppei-150x90.jpg?resize=350%2C200","width":350,"height":200},"classes":[]},{"id":2596,"url":"https:\/\/www.feuerwehr-brilon.de\/?p=2596","url_meta":{"origin":15823,"position":5},"title":"Generalversammlung der L\u00f6schgruppe Messinghausen","author":"Marc Heines","date":"15. April 2010","format":false,"excerpt":"Die L\u00f6schgruppe Messinghausen hielt am 06.03.2010 ihre diesj\u00e4hrige\u00a0 Generalversammlung ab. L\u00f6schgruppenf\u00fchrer Wilfried G\u00f6bel blickte auf ein Jahr mit 1605 ehrenamtlich geleisteten Stunden zur\u00fcck. Ortsvorsteherin Hildegard Hillebrand und die Wehrf\u00fchrung dankten der L\u00f6schgruppe f\u00fcr diese geleistete Arbeit. Wehrf\u00fchrer Wolfgang Hillebrand bef\u00f6rderte insgesamt 7 Kameraden. Kevin Brandenburg, Daniel Kleine, Roman Voss und\u2026","rel":"","context":"In &quot;Meldungen 2010&quot;","block_context":{"text":"Meldungen 2010","link":"https:\/\/www.feuerwehr-brilon.de\/?cat=34"},"img":{"alt_text":"GeneralvMessinghausen","src":"https:\/\/i0.wp.com\/www.feuerwehr-brilon.de\/wp-up\/2010\/04\/GeneralvMessinghausen-125x93.jpg?resize=350%2C200","width":350,"height":200},"classes":[]}],"_links":{"self":[{"href":"https:\/\/www.feuerwehr-brilon.de\/index.php?rest_route=\/wp\/v2\/posts\/15823","targetHints":{"allow":["GET"]}}],"collection":[{"href":"https:\/\/www.feuerwehr-brilon.de\/index.php?rest_route=\/wp\/v2\/posts"}],"about":[{"href":"https:\/\/www.feuerwehr-brilon.de\/index.php?rest_route=\/wp\/v2\/types\/post"}],"author":[{"embeddable":true,"href":"https:\/\/www.feuerwehr-brilon.de\/index.php?rest_route=\/wp\/v2\/users\/6"}],"replies":[{"embeddable":true,"href":"https:\/\/www.feuerwehr-brilon.de\/index.php?rest_route=%2Fwp%2Fv2%2Fcomments&post=15823"}],"version-history":[{"count":1,"href":"https:\/\/www.feuerwehr-brilon.de\/index.php?rest_route=\/wp\/v2\/posts\/15823\/revisions"}],"predecessor-version":[{"id":15827,"href":"https:\/\/www.feuerwehr-brilon.de\/index.php?rest_route=\/wp\/v2\/posts\/15823\/revisions\/15827"}],"wp:attachment":[{"href":"https:\/\/www.feuerwehr-brilon.de\/index.php?rest_route=%2Fwp%2Fv2%2Fmedia&parent=15823"}],"wp:term":[{"taxonomy":"category","embeddable":true,"href":"https:\/\/www.feuerwehr-brilon.de\/index.php?rest_route=%2Fwp%2Fv2%2Fcategories&post=15823"},{"taxonomy":"post_tag","embeddable":true,"href":"https:\/\/www.feuerwehr-brilon.de\/index.php?rest_route=%2Fwp%2Fv2%2Ftags&post=15823"}],"curies":[{"name":"wp","href":"https:\/\/api.w.org\/{rel}","templated":true}]}}