{"id":15845,"date":"2018-03-27T20:05:22","date_gmt":"2018-03-27T19:05:22","guid":{"rendered":"https:\/\/www.feuerwehr-brilon.de\/?p=15845"},"modified":"2018-03-27T20:27:59","modified_gmt":"2018-03-27T19:27:59","slug":"brand-einer-ferienhuette-in-der-kupferschlage","status":"publish","type":"post","link":"https:\/\/www.feuerwehr-brilon.de\/?p=15845","title":{"rendered":"Brand einer Ferienh\u00fctte in der Kupferschlage"},"content":{"rendered":"<p><a href=\"https:\/\/www.feuerwehr-brilon.de\/?p=15845\"><img loading=\"lazy\" decoding=\"async\" src=\"https:\/\/www.feuerwehr-brilon.de\/wp-up\/2018\/03\/IMG_1269-113x150.jpg\" class=\"wp-image-15846 alignleft size-thumbnail\" width=\"113\" height=\"150\" alt=\"\" srcset=\"https:\/\/www.feuerwehr-brilon.de\/wp-up\/2018\/03\/IMG_1269-113x150.jpg 113w, https:\/\/www.feuerwehr-brilon.de\/wp-up\/2018\/03\/IMG_1269-375x500.jpg 375w, https:\/\/www.feuerwehr-brilon.de\/wp-up\/2018\/03\/IMG_1269.jpg 450w\" sizes=\"auto, (max-width: 113px) 100vw, 113px\" \/><\/a><a title=\"Brilon\" href=\"http:\/\/www.feuerwehr-brilon.de\/?page_id=7\" target=\"_blank\" rel=\"noopener\">Brilon. <\/a>Gegen 14.11Uhr wurde der L\u00f6schzug Brilon am Dienstag (27.3.) zum Brand einer Ferienh\u00fctte alarmiert. Die Einsatzstelle befand sich au\u00dferhalb von Brilon im Bereich der &#8222;Kupferschlage&#8220;. <!--more-->Bei Eintreffen der ersten Einsatzkr\u00e4fte, stand ein Teil eines an der H\u00fctte angebauten Schuppens in Brand. Umgehend wurde ein L\u00f6schangriff mittels Schnellangriffsverteiler eingeleitet. Zwei Trupps bek\u00e4mpften das Feuer unter schwerem Atemschutz.<\/p>\n<p>Da sich das Feuer bereits in die Dachhaut gefressen hatte, musste diese mit Hilfe einer speziellen Motors\u00e4ge ge\u00f6ffnet werden. Mit der W\u00e4rmebildkamera konnten letzte Glutnester ausfindig gemacht und abgel\u00f6scht werden.<\/p>\n<p>Personen kamen bei dem Einsatz nicht zu Schaden.<\/p>\n<p>27 Feuerwehrm\u00e4nner waren rund drei Stunden im Einsatz. \u00dcber Ursache und H\u00f6he des Schadens liegen der Feuerwehr keine Angaben vor.<\/p>\n<p style=\"padding: 4px; border: 2px solid #696969\"><strong>Eingesetzte Einheiten:<\/strong><br \/>\n<a href=\"http:\/\/www.feuerwehr-brilon.de\/?page_id=7\"><img loading=\"lazy\" decoding=\"async\" src=\"http:\/\/www.feuerwehr-brilon.de\/images\/einsatz_details\/lz_brilon.jpg\" class=\"alignnone\" height=\"31\" title=\"lz brilon\" alt=\"\" width=\"110\"><\/a><\/p>\n<p style=\"padding: 4px; border: 2px solid #696969\"><strong>Eingesetzte Fahrzeuge:<\/strong><br \/>\n<a href=\"http:\/\/www.feuerwehr-brilon.de\/?page_id=749\"><img loading=\"lazy\" decoding=\"async\" src=\"http:\/\/www.feuerwehr-brilon.de\/images\/einsatz_details\/051101.jpg\" class=\"alignnone\" height=\"31\" alt=\"\" width=\"110\"><\/a><a href=\"http:\/\/www.feuerwehr-brilon.de\/?page_id=8508\"><img loading=\"lazy\" decoding=\"async\" src=\"http:\/\/www.feuerwehr-brilon.de\/images\/einsatz_details\/052401.jpg\" class=\"alignnone\" height=\"31\" alt=\"\" width=\"110\"><\/a><a href=\"http:\/\/www.feuerwehr-brilon.de\/?page_id=803\"><img loading=\"lazy\" decoding=\"async\" src=\"http:\/\/www.feuerwehr-brilon.de\/images\/einsatz_details\/053301.jpg\" class=\"alignnone\" height=\"31\" alt=\"\" width=\"110\"><\/a><a href=\"http:\/\/www.feuerwehr-brilon.de\/?page_id=755\"><img loading=\"lazy\" decoding=\"async\" src=\"http:\/\/www.feuerwehr-brilon.de\/images\/einsatz_details\/054401.jpg\" class=\"alignnone\" height=\"31\" alt=\"\" width=\"110\"><\/a><a href=\"http:\/\/www.feuerwehr-brilon.de\/?page_id=13962\"><img loading=\"lazy\" decoding=\"async\" src=\"http:\/\/www.feuerwehr-brilon.de\/images\/einsatz_details\/054601.jpg\" class=\"alignnone\" height=\"31\" alt=\"\" width=\"110\"><\/a><\/p>\n<p><strong>Bilder:<\/strong><br \/>\n<a rel=\"lightbox\" href=\"https:\/\/www.feuerwehr-brilon.de\/wp-up\/2018\/03\/IMG_1269.jpg\"><img loading=\"lazy\" decoding=\"async\" src=\"https:\/\/www.feuerwehr-brilon.de\/wp-up\/2018\/03\/IMG_1269-113x150.jpg\" class=\"wp-image-15846 alignleft size-thumbnail\" width=\"113\" height=\"150\" alt=\"\" srcset=\"https:\/\/www.feuerwehr-brilon.de\/wp-up\/2018\/03\/IMG_1269-113x150.jpg 113w, https:\/\/www.feuerwehr-brilon.de\/wp-up\/2018\/03\/IMG_1269-375x500.jpg 375w, https:\/\/www.feuerwehr-brilon.de\/wp-up\/2018\/03\/IMG_1269.jpg 450w\" sizes=\"auto, (max-width: 113px) 100vw, 113px\" \/><\/a><\/p>\n","protected":false},"excerpt":{"rendered":"<p>Brilon. Gegen 14.11Uhr wurde der L\u00f6schzug Brilon am Dienstag (27.3.) zum Brand einer Ferienh\u00fctte alarmiert. Die Einsatzstelle befand sich au\u00dferhalb von Brilon im Bereich der &#8222;Kupferschlage&#8220;.<\/p>\n","protected":false},"author":8,"featured_media":15846,"comment_status":"closed","ping_status":"closed","sticky":false,"template":"","format":"standard","meta":{"_exactmetrics_skip_tracking":false,"_exactmetrics_sitenote_active":false,"_exactmetrics_sitenote_note":"","_exactmetrics_sitenote_category":0,"jetpack_post_was_ever_published":false,"_jetpack_newsletter_access":"","_jetpack_dont_email_post_to_subs":false,"_jetpack_newsletter_tier_id":0,"_jetpack_memberships_contains_paywalled_content":false,"_jetpack_memberships_contains_paid_content":false,"footnotes":""},"categories":[208],"tags":[197,37,44,52,198,204,178],"class_list":["post-15845","post","type-post","status-publish","format-standard","has-post-thumbnail","hentry","category-einsaetze-2018","tag-brand","tag-brilon","tag-dl-2312-gl","tag-elw","tag-lf-1612","tag-lf20kats","tag-tlf-4000"],"jetpack_featured_media_url":"https:\/\/www.feuerwehr-brilon.de\/wp-up\/2018\/03\/IMG_1269.jpg","jetpack_shortlink":"https:\/\/wp.me\/pCIJa-47z","jetpack_sharing_enabled":true,"jetpack-related-posts":[{"id":15396,"url":"https:\/\/www.feuerwehr-brilon.de\/?p=15396","url_meta":{"origin":15845,"position":0},"title":"Feuer in einer Rohrleitung","author":"Andreas Becker","date":"13. November 2017","format":false,"excerpt":"Brilon. Zu einem Feuer in einer Rohrleitung eines gro\u00dfen Industriebetriebes in der Stra\u00dfe \u201eIm Kissen\u201c, wurde der L\u00f6schzug Brilon am fr\u00fchen Samstagmorgen (11.11.) alarmiert. Gegen 2.20 Uhr ging der Notruf bei der Rettungsleitstelle ein. An der Einsatzstelle angekommen, war zun\u00e4chst eine umfangreiche Erkundung n\u00f6tig. Au\u00dfer einer leichten Rauchentwicklung war nichts\u2026","rel":"","context":"In &quot;Eins\u00e4tze 2017&quot;","block_context":{"text":"Eins\u00e4tze 2017","link":"https:\/\/www.feuerwehr-brilon.de\/?cat=205"},"img":{"alt_text":"","src":"https:\/\/i0.wp.com\/www.feuerwehr-brilon.de\/wp-up\/2017\/11\/20171111_052958-1-150x113.jpg?resize=350%2C200&ssl=1","width":350,"height":200},"classes":[]},{"id":13086,"url":"https:\/\/www.feuerwehr-brilon.de\/?p=13086","url_meta":{"origin":15845,"position":1},"title":"Brand in Petersborn","author":"Andreas Becker","date":"18. Januar 2016","format":false,"excerpt":"Brilon. Am sp\u00e4ten Sonntagabend (17.1.) wurde der L\u00f6schzug Brilon zu einem Kaminbrand alarmiert. Die Hauseigent\u00fcmerin hatte durch ein Fenster Feuerschein im Schnee gesehen. Als Sie rausging um der Sache nachzugehen, sah sie das es im Bereich des Kamins brannte. Darauf hin verst\u00e4ndigte sie sofort die Feuerwehr. Unverz\u00fcglich setzten sich die\u2026","rel":"","context":"In &quot;Eins\u00e4tze 2016&quot;","block_context":{"text":"Eins\u00e4tze 2016","link":"https:\/\/www.feuerwehr-brilon.de\/?cat=201"},"img":{"alt_text":"Dachstuhlbrand Petersborn 1","src":"https:\/\/i0.wp.com\/www.feuerwehr-brilon.de\/wp-up\/2016\/01\/Dachstuhlbrand-Petersborn-1-150x84.jpg?resize=350%2C200","width":350,"height":200},"classes":[]},{"id":1,"url":"https:\/\/www.feuerwehr-brilon.de\/?p=1","url_meta":{"origin":15845,"position":2},"title":"Br\u00e4nde in Brilon-Wald und Brilon","author":"Marcus Bange","date":"23. Mai 2008","format":false,"excerpt":"Der L\u00f6schzug Brilon hat in den vergangenen Nacht (23.05.08, 2.33 Uhr) ein Feuer in einer ehemaligen G\u00e4rtnerei an der Kreuziger Mauer gel\u00f6scht. Dort war ein kleiner Lagerschuppen in Brand geraten. Das Feuer konnte unter Atemschutz und \u00fcber die Drehleiter abgel\u00f6scht werden. Eine weitere Ausbreitung auf die Verkaufshallen und ein angrenzendes\u2026","rel":"","context":"In &quot;Eins\u00e4tze 2008&quot;","block_context":{"text":"Eins\u00e4tze 2008","link":"https:\/\/www.feuerwehr-brilon.de\/?cat=3"},"img":{"alt_text":"","src":"","width":0,"height":0},"classes":[]},{"id":22786,"url":"https:\/\/www.feuerwehr-brilon.de\/?p=22786","url_meta":{"origin":15845,"position":3},"title":"Brand in Brilon-Wald","author":"Marcus Bange","date":"18. September 2020","format":false,"excerpt":"Brilon-Wald. Die Feuerwehr Brilon hat am Freitagmorgen einen Brand in Brilon-Wald gel\u00f6scht. Anwohner hatten an der Korbacher Stra\u00dfe wurde gegen 5.20 Uhr ein Feuer in einer Garage entdeckt und die Feuerwehr alarmiert. Bei Eintreffen der L\u00f6schgruppe Hoppecke brannte ein Einstellplatz einer Doppelgarage. Das Tor musste gewaltsam ge\u00f6ffnet werden, der Brand\u2026","rel":"","context":"In &quot;Eins\u00e4tze 2020&quot;","block_context":{"text":"Eins\u00e4tze 2020","link":"https:\/\/www.feuerwehr-brilon.de\/?cat=236"},"img":{"alt_text":"","src":"https:\/\/i0.wp.com\/www.feuerwehr-brilon.de\/wp-up\/2020\/09\/Garage-Brilon-Wald-1.jpg?resize=350%2C200&ssl=1","width":350,"height":200,"srcset":"https:\/\/i0.wp.com\/www.feuerwehr-brilon.de\/wp-up\/2020\/09\/Garage-Brilon-Wald-1.jpg?resize=350%2C200&ssl=1 1x, https:\/\/i0.wp.com\/www.feuerwehr-brilon.de\/wp-up\/2020\/09\/Garage-Brilon-Wald-1.jpg?resize=525%2C300&ssl=1 1.5x, https:\/\/i0.wp.com\/www.feuerwehr-brilon.de\/wp-up\/2020\/09\/Garage-Brilon-Wald-1.jpg?resize=700%2C400&ssl=1 2x"},"classes":[]},{"id":6626,"url":"https:\/\/www.feuerwehr-brilon.de\/?p=6626","url_meta":{"origin":15845,"position":4},"title":"Vier Eins\u00e4tze rund um den 1. Mai","author":"Andreas Becker","date":"3. Mai 2012","format":false,"excerpt":"Der L\u00f6schzug Brilon und die L\u00f6schgruppen Th\u00fclen und Messinghausen\u00a0hatten rund um den ersten Mai,\u00a0vier Eins\u00e4tze zu bew\u00e4ltigen. Es begann am 30.04. um 16:27 Uhr mit einem B\u00f6schungsbrand am Messinghauser Ortsausgang Richtung Helmighausen. Die Einheiten aus Messinghausen und Hoppecke hatten das Feuer schnell unter Kontrolle. Weiter ging es \u00a0in der Nacht\u2026","rel":"","context":"In &quot;Eins\u00e4tze 2012&quot;","block_context":{"text":"Eins\u00e4tze 2012","link":"https:\/\/www.feuerwehr-brilon.de\/?cat=171"},"img":{"alt_text":"","src":"https:\/\/i0.wp.com\/www.feuerwehr-brilon.de\/wp-up\/2012\/05\/thuelen1-150x112.jpg?resize=350%2C200&ssl=1","width":350,"height":200},"classes":[]},{"id":21668,"url":"https:\/\/www.feuerwehr-brilon.de\/?p=21668","url_meta":{"origin":15845,"position":5},"title":"Brand einer Ballenpresse in Alme","author":"Andreas Becker","date":"6. August 2019","format":false,"excerpt":"Alme. Die L\u00f6schgruppen Alme, Nehden und Th\u00fclen sowie der L\u00f6schzug Brilon wurden am Dienstagabend (6.8.) zum Brand einer Ballenpresse alarmiert. Gegen 18.50 Uhr ging der Notruf bei der Kreisleitstelle ein. Die alarmierten Einheiten machten sich mit sechs Fahrzeugen auf den Weg Richtung \"Tinnenfeld\". Bei Eintreffen stand die Ballenpresse in Vollbrand.\u2026","rel":"","context":"In &quot;Eins\u00e4tze 2019&quot;","block_context":{"text":"Eins\u00e4tze 2019","link":"https:\/\/www.feuerwehr-brilon.de\/?cat=222"},"img":{"alt_text":"","src":"https:\/\/i0.wp.com\/www.feuerwehr-brilon.de\/wp-up\/2019\/08\/IMG_20190806_190315-1.jpg?resize=350%2C200&ssl=1","width":350,"height":200,"srcset":"https:\/\/i0.wp.com\/www.feuerwehr-brilon.de\/wp-up\/2019\/08\/IMG_20190806_190315-1.jpg?resize=350%2C200&ssl=1 1x, https:\/\/i0.wp.com\/www.feuerwehr-brilon.de\/wp-up\/2019\/08\/IMG_20190806_190315-1.jpg?resize=525%2C300&ssl=1 1.5x, https:\/\/i0.wp.com\/www.feuerwehr-brilon.de\/wp-up\/2019\/08\/IMG_20190806_190315-1.jpg?resize=700%2C400&ssl=1 2x"},"classes":[]}],"_links":{"self":[{"href":"https:\/\/www.feuerwehr-brilon.de\/index.php?rest_route=\/wp\/v2\/posts\/15845","targetHints":{"allow":["GET"]}}],"collection":[{"href":"https:\/\/www.feuerwehr-brilon.de\/index.php?rest_route=\/wp\/v2\/posts"}],"about":[{"href":"https:\/\/www.feuerwehr-brilon.de\/index.php?rest_route=\/wp\/v2\/types\/post"}],"author":[{"embeddable":true,"href":"https:\/\/www.feuerwehr-brilon.de\/index.php?rest_route=\/wp\/v2\/users\/8"}],"replies":[{"embeddable":true,"href":"https:\/\/www.feuerwehr-brilon.de\/index.php?rest_route=%2Fwp%2Fv2%2Fcomments&post=15845"}],"version-history":[{"count":3,"href":"https:\/\/www.feuerwehr-brilon.de\/index.php?rest_route=\/wp\/v2\/posts\/15845\/revisions"}],"predecessor-version":[{"id":15857,"href":"https:\/\/www.feuerwehr-brilon.de\/index.php?rest_route=\/wp\/v2\/posts\/15845\/revisions\/15857"}],"wp:featuredmedia":[{"embeddable":true,"href":"https:\/\/www.feuerwehr-brilon.de\/index.php?rest_route=\/wp\/v2\/media\/15846"}],"wp:attachment":[{"href":"https:\/\/www.feuerwehr-brilon.de\/index.php?rest_route=%2Fwp%2Fv2%2Fmedia&parent=15845"}],"wp:term":[{"taxonomy":"category","embeddable":true,"href":"https:\/\/www.feuerwehr-brilon.de\/index.php?rest_route=%2Fwp%2Fv2%2Fcategories&post=15845"},{"taxonomy":"post_tag","embeddable":true,"href":"https:\/\/www.feuerwehr-brilon.de\/index.php?rest_route=%2Fwp%2Fv2%2Ftags&post=15845"}],"curies":[{"name":"wp","href":"https:\/\/api.w.org\/{rel}","templated":true}]}}