{"id":15861,"date":"2018-03-30T13:32:46","date_gmt":"2018-03-30T12:32:46","guid":{"rendered":"https:\/\/www.feuerwehr-brilon.de\/?p=15861"},"modified":"2018-03-30T13:32:46","modified_gmt":"2018-03-30T12:32:46","slug":"unklare-rauchentwicklung-am-karfreitag","status":"publish","type":"post","link":"https:\/\/www.feuerwehr-brilon.de\/?p=15861","title":{"rendered":"Unklare Rauchentwicklung am Karfreitag"},"content":{"rendered":"<p><a href=\"https:\/\/www.feuerwehr-brilon.de\/?p=15861\"><img loading=\"lazy\" decoding=\"async\" src=\"https:\/\/www.feuerwehr-brilon.de\/wp-up\/2018\/03\/IMG_8630-150x113.jpg\" alt=\"\" width=\"150\" height=\"113\" class=\"alignleft size-thumbnail wp-image-15862\" srcset=\"https:\/\/www.feuerwehr-brilon.de\/wp-up\/2018\/03\/IMG_8630-150x113.jpg 150w, https:\/\/www.feuerwehr-brilon.de\/wp-up\/2018\/03\/IMG_8630-500x375.jpg 500w, https:\/\/www.feuerwehr-brilon.de\/wp-up\/2018\/03\/IMG_8630.jpg 800w\" sizes=\"auto, (max-width: 150px) 100vw, 150px\" \/><\/a><a title=\"Brilon\" href=\"http:\/\/www.feuerwehr-brilon.de\/?page_id=7\" target=\"_blank\">Brilon. <\/a>Da m\u00fcssen die Kameraden des L\u00f6schzug Brilon schon gar nicht mehr lange \u00fcberlegen wo es wohl hingeht.<br \/>\n<!--more--><\/p>\n<p>Es wird langsam zur (ungewollten) Tradition. Auch dieses Jahr r\u00fcckte der L\u00f6schzug Brilon am Karfreitag (30.3.) gegen 10.50 Uhr zum Osterfeuer aus. Der Leitstelle war eine unklare Rauchentwicklung gemeldet worden.<\/p>\n<p>Die Marianische Sodalit\u00e4t war dabei das Osterfeuer zu errichten. Neben dem Osterfeuer wurde ein Lagerfeuer entz\u00fcndet, welches auch ordnungsgem\u00e4\u00df angemeldet war und durchgehend bewacht wird.<\/p>\n<p>Der L\u00f6schzug Brilon war mit acht Feuerwehrm\u00e4nnern im Einsatz und r\u00fcckte nach wenigen Minuten unverrichteter Dinge wieder ab.<\/p>\n<p>Eins\u00e4tze der vergangenen Jahre:<br \/>\n<a href=\"https:\/\/www.feuerwehr-brilon.de\/?p=14681\" rel=\"noopener\" target=\"_blank\">2017 &#8211; unkl. Rauchentwicklung<\/a><br \/>\n<a href=\"https:\/\/www.feuerwehr-brilon.de\/?p=14514\" rel=\"noopener\" target=\"_blank\">2017 &#8211; unkl. Feuerschein<\/a><br \/>\n<a href=\"https:\/\/www.feuerwehr-brilon.de\/?p=11788\" rel=\"noopener\" target=\"_blank\">2015 &#8211; unkl. Rauchentwicklung<\/a><br \/>\n<a href=\"https:\/\/www.feuerwehr-brilon.de\/?p=10176\" rel=\"noopener\" target=\"_blank\">2014 &#8211; brennt Osterfeuer<\/a><\/p>\n<p style=\"border-color: #696969; border-width: 2px; border-style: solid; padding: 4px;\"><strong>Eingesetzte Einheiten:<\/strong><br \/>\n<a href=\"http:\/\/www.feuerwehr-brilon.de\/?page_id=7\"><img loading=\"lazy\" decoding=\"async\" class=\"alignnone\" title=\"lz brilon\" src=\"http:\/\/www.feuerwehr-brilon.de\/images\/einsatz_details\/lz_brilon.jpg\" alt=\"\" width=\"110\" height=\"31\" \/><\/a><\/p>\n<p style=\"border-color: #696969; border-width: 2px; border-style: solid; padding: 4px;\"><strong>Eingesetzte Fahrzeuge:<\/strong><br \/>\n<a href=\"http:\/\/www.feuerwehr-brilon.de\/?page_id=755\"><img loading=\"lazy\" decoding=\"async\" class=\"alignnone\" src=\"http:\/\/www.feuerwehr-brilon.de\/images\/einsatz_details\/054401.jpg\" alt=\"\" width=\"110\" height=\"31\" \/><\/a><\/p>\n<p><strong>Bilder:<\/strong><br \/>\n<a rel=\"lightbox\" href=\"https:\/\/www.feuerwehr-brilon.de\/wp-up\/2018\/03\/IMG_8639.jpg\"><img loading=\"lazy\" decoding=\"async\" src=\"https:\/\/www.feuerwehr-brilon.de\/wp-up\/2018\/03\/IMG_8639-150x113.jpg\" alt=\"\" width=\"150\" height=\"113\" class=\"alignleft size-thumbnail wp-image-15863\" srcset=\"https:\/\/www.feuerwehr-brilon.de\/wp-up\/2018\/03\/IMG_8639-150x113.jpg 150w, https:\/\/www.feuerwehr-brilon.de\/wp-up\/2018\/03\/IMG_8639-500x375.jpg 500w, https:\/\/www.feuerwehr-brilon.de\/wp-up\/2018\/03\/IMG_8639.jpg 800w\" sizes=\"auto, (max-width: 150px) 100vw, 150px\" \/><\/a><a rel=\"lightbox\" href=\"https:\/\/www.feuerwehr-brilon.de\/wp-up\/2018\/03\/IMG_8630.jpg\"><img loading=\"lazy\" decoding=\"async\" src=\"https:\/\/www.feuerwehr-brilon.de\/wp-up\/2018\/03\/IMG_8630-150x113.jpg\" alt=\"\" width=\"150\" height=\"113\" class=\"alignleft size-thumbnail wp-image-15862\" srcset=\"https:\/\/www.feuerwehr-brilon.de\/wp-up\/2018\/03\/IMG_8630-150x113.jpg 150w, https:\/\/www.feuerwehr-brilon.de\/wp-up\/2018\/03\/IMG_8630-500x375.jpg 500w, https:\/\/www.feuerwehr-brilon.de\/wp-up\/2018\/03\/IMG_8630.jpg 800w\" sizes=\"auto, (max-width: 150px) 100vw, 150px\" \/><\/a><\/p>\n","protected":false},"excerpt":{"rendered":"<p>Brilon. Da m\u00fcssen die Kameraden des L\u00f6schzug Brilon schon gar nicht mehr lange \u00fcberlegen wo es wohl hingeht.<\/p>\n","protected":false},"author":8,"featured_media":15863,"comment_status":"closed","ping_status":"closed","sticky":false,"template":"","format":"standard","meta":{"_exactmetrics_skip_tracking":false,"_exactmetrics_sitenote_active":false,"_exactmetrics_sitenote_note":"","_exactmetrics_sitenote_category":0,"jetpack_post_was_ever_published":false,"_jetpack_newsletter_access":"","_jetpack_dont_email_post_to_subs":false,"_jetpack_newsletter_tier_id":0,"_jetpack_memberships_contains_paywalled_content":false,"_jetpack_memberships_contains_paid_content":false,"footnotes":""},"categories":[208],"tags":[197,37,198,211],"class_list":["post-15861","post","type-post","status-publish","format-standard","has-post-thumbnail","hentry","category-einsaetze-2018","tag-brand","tag-brilon","tag-lf-1612","tag-osterfeuer"],"jetpack_featured_media_url":"https:\/\/www.feuerwehr-brilon.de\/wp-up\/2018\/03\/IMG_8639.jpg","jetpack_shortlink":"https:\/\/wp.me\/pCIJa-47P","jetpack_sharing_enabled":true,"jetpack-related-posts":[{"id":14681,"url":"https:\/\/www.feuerwehr-brilon.de\/?p=14681","url_meta":{"origin":15861,"position":0},"title":"Alle Jahre wieder, Osterfeuerzeit","author":"Andreas Becker","date":"14. April 2017","format":false,"excerpt":"Stadtgebiet. Es ist ein weitverbreitetes Brauchtum an Ostern ein Osterfeuer zu entz\u00fcnden. Meist am Karsamstag oder Ostersonntag werden die hoch aufgestapelten Holzst\u00f6\u00dfe entz\u00fcndet. So jedenfalls die Tradition. Jedes Jahr r\u00fccken die Briloner Feuerwehren in der Vor-Oster-Zeit aus, weil Osterfeuer fr\u00fchzeitig angesteckt wurden, oder ein Beifeuer brennt welches aber bewacht wird.\u2026","rel":"","context":"In &quot;Eins\u00e4tze 2017&quot;","block_context":{"text":"Eins\u00e4tze 2017","link":"https:\/\/www.feuerwehr-brilon.de\/?cat=205"},"img":{"alt_text":"","src":"https:\/\/i0.wp.com\/www.feuerwehr-brilon.de\/wp-up\/2017\/04\/DSC_1683-1-150x84.jpg?resize=350%2C200","width":350,"height":200},"classes":[]},{"id":14775,"url":"https:\/\/www.feuerwehr-brilon.de\/?p=14775","url_meta":{"origin":15861,"position":1},"title":"Feuer in Gewerbebetrieb","author":"Andreas Becker","date":"15. Mai 2017","format":false,"excerpt":"Brilon. Am Montag (15.5.) kam es zu einem Feuer in einem Gewerbebetrieb Hinterm Gallberg. Der L\u00f6schzug Brilon wurde um 11.50 Uhr alarmiert und r\u00fcckte mit vier Fahrzeugen aus. Laut erster Meldung sollte es sich um eine unklare Rauchentwicklung handeln. Vor Ort stellte sich heraus, dass es am Motor einer Absauganlage,\u2026","rel":"","context":"In &quot;Eins\u00e4tze 2017&quot;","block_context":{"text":"Eins\u00e4tze 2017","link":"https:\/\/www.feuerwehr-brilon.de\/?cat=205"},"img":{"alt_text":"","src":"https:\/\/i0.wp.com\/www.feuerwehr-brilon.de\/images\/einsatz_details\/lz_brilon.jpg?resize=350%2C200","width":350,"height":200},"classes":[]},{"id":21420,"url":"https:\/\/www.feuerwehr-brilon.de\/?p=21420","url_meta":{"origin":15861,"position":2},"title":"Rauchentwicklung aus Blockheizkraftwerk","author":"Andreas Becker","date":"4. Juni 2019","format":false,"excerpt":"Brilon. Aufmerksame Anwohner haben am Dienstagnachmittag (4.6.), eine Rauchentwicklung aus dem Blockheitzkraftwerk an der Liegnitzer Stra\u00dfe bemerkt. Gegen kurz nach 16 Uhr ging der Notruf bei der Rettungsleitstelle ein. Der alarmierte L\u00f6schzug Brilon r\u00fcckte mit 14 Einsatzkr\u00e4ften und vier Fahrzeugen aus. Vor Ort konnten die ebenfalls alarmierten Stadtwerke schnell Entwarnung\u2026","rel":"","context":"In &quot;Eins\u00e4tze 2019&quot;","block_context":{"text":"Eins\u00e4tze 2019","link":"https:\/\/www.feuerwehr-brilon.de\/?cat=222"},"img":{"alt_text":"","src":"https:\/\/i0.wp.com\/www.feuerwehr-brilon.de\/wp-up\/2019\/06\/IMG_5301-1-150x113.jpg?resize=350%2C200&ssl=1","width":350,"height":200},"classes":[]},{"id":14798,"url":"https:\/\/www.feuerwehr-brilon.de\/?p=14798","url_meta":{"origin":15861,"position":3},"title":"Dachstuhlbrand auf landwirtschaftlichem Anwesen verhindert","author":"Andreas Becker","date":"20. Mai 2017","format":false,"excerpt":"Brilon. Am Samstagmorgen (20.5.) um 10.26 Uhr wurde der L\u00f6schzug Brilon zu einer unklaren Rauchentwicklung in den Lederker Weg alarmiert. Zuvor hatten die Bewohner bereits den Stromversorger verst\u00e4ndigt, weil der Strom auf dem Geh\u00f6ft ausgefallen war. Kurze Zeit sp\u00e4ter bemerkte der Hofbesitzer das Piepsen der Rauchmelder und eine Rauchentwicklung aus\u2026","rel":"","context":"In &quot;Eins\u00e4tze 2017&quot;","block_context":{"text":"Eins\u00e4tze 2017","link":"https:\/\/www.feuerwehr-brilon.de\/?cat=205"},"img":{"alt_text":"","src":"https:\/\/i0.wp.com\/www.feuerwehr-brilon.de\/wp-up\/2017\/05\/20170520_112640-1-150x84.jpg?resize=350%2C200","width":350,"height":200},"classes":[]},{"id":34437,"url":"https:\/\/www.feuerwehr-brilon.de\/?p=34437","url_meta":{"origin":15861,"position":4},"title":"Feueralarm im Briloner Kindergarten","author":"Marcus Bange","date":"19. Februar 2026","format":false,"excerpt":"Brilon. Die Briloner Feuerwehr wurde heute Mittag (19.02.2026, 13:03 Uhr) zu einem Brand in den Kindergarten an der Propst-Meyer-Stra\u00dfe alarmiert. Gemeldet wurde eine unklare Rauchentwicklung im Keller des Geb\u00e4udes. Kurz nach 13:00 Uhr hatte die Brandmeldeanlage Alarm ausgel\u00f6st. Bei Eintreffen der Feuerwehr hatten alle Erzieherinnen mit 17 anwesenden Kindern das\u2026","rel":"","context":"In &quot;Eins\u00e4tze 2026&quot;","block_context":{"text":"Eins\u00e4tze 2026","link":"https:\/\/www.feuerwehr-brilon.de\/?cat=369"},"img":{"alt_text":"","src":"https:\/\/i0.wp.com\/www.feuerwehr-brilon.de\/wp-up\/2026\/02\/Feueralarm-Kindergarten-1.jpg?resize=350%2C200&ssl=1","width":350,"height":200,"srcset":"https:\/\/i0.wp.com\/www.feuerwehr-brilon.de\/wp-up\/2026\/02\/Feueralarm-Kindergarten-1.jpg?resize=350%2C200&ssl=1 1x, https:\/\/i0.wp.com\/www.feuerwehr-brilon.de\/wp-up\/2026\/02\/Feueralarm-Kindergarten-1.jpg?resize=525%2C300&ssl=1 1.5x, https:\/\/i0.wp.com\/www.feuerwehr-brilon.de\/wp-up\/2026\/02\/Feueralarm-Kindergarten-1.jpg?resize=700%2C400&ssl=1 2x"},"classes":[]},{"id":7138,"url":"https:\/\/www.feuerwehr-brilon.de\/?p=7138","url_meta":{"origin":15861,"position":5},"title":"Nachbarsjunge verhindert gr\u00f6\u00dferen Schaden","author":"Marc Heines","date":"3. August 2012","format":false,"excerpt":"Ein aufmerksamer Nachbarsjunge verhinderte gestern Abend (02.08.2012) einen gr\u00f6\u00dferen Schaden. Der Junge entdeckte Rauch beim Nachbarhaus und erz\u00e4hlte es seiner Mutter, die dann die Feuerwehr rief. Der L\u00f6schzug Brilon wurde daraufhin um 18:57 Uhr, mit der Meldung \u201eUnklare Rauchentwicklung\u201c, in die Ackerstra\u00dfe in Brilon\u00a0alarmiert. Beim Eintreffen der ersten Einheit war\u2026","rel":"","context":"In &quot;Eins\u00e4tze 2012&quot;","block_context":{"text":"Eins\u00e4tze 2012","link":"https:\/\/www.feuerwehr-brilon.de\/?cat=171"},"img":{"alt_text":"","src":"https:\/\/i0.wp.com\/www.feuerwehr-brilon.de\/wp-up\/2012\/08\/BRAND_Ackerstra%C3%9Fe_2i-150x101.jpg?resize=350%2C200","width":350,"height":200},"classes":[]}],"_links":{"self":[{"href":"https:\/\/www.feuerwehr-brilon.de\/index.php?rest_route=\/wp\/v2\/posts\/15861","targetHints":{"allow":["GET"]}}],"collection":[{"href":"https:\/\/www.feuerwehr-brilon.de\/index.php?rest_route=\/wp\/v2\/posts"}],"about":[{"href":"https:\/\/www.feuerwehr-brilon.de\/index.php?rest_route=\/wp\/v2\/types\/post"}],"author":[{"embeddable":true,"href":"https:\/\/www.feuerwehr-brilon.de\/index.php?rest_route=\/wp\/v2\/users\/8"}],"replies":[{"embeddable":true,"href":"https:\/\/www.feuerwehr-brilon.de\/index.php?rest_route=%2Fwp%2Fv2%2Fcomments&post=15861"}],"version-history":[{"count":3,"href":"https:\/\/www.feuerwehr-brilon.de\/index.php?rest_route=\/wp\/v2\/posts\/15861\/revisions"}],"predecessor-version":[{"id":15869,"href":"https:\/\/www.feuerwehr-brilon.de\/index.php?rest_route=\/wp\/v2\/posts\/15861\/revisions\/15869"}],"wp:featuredmedia":[{"embeddable":true,"href":"https:\/\/www.feuerwehr-brilon.de\/index.php?rest_route=\/wp\/v2\/media\/15863"}],"wp:attachment":[{"href":"https:\/\/www.feuerwehr-brilon.de\/index.php?rest_route=%2Fwp%2Fv2%2Fmedia&parent=15861"}],"wp:term":[{"taxonomy":"category","embeddable":true,"href":"https:\/\/www.feuerwehr-brilon.de\/index.php?rest_route=%2Fwp%2Fv2%2Fcategories&post=15861"},{"taxonomy":"post_tag","embeddable":true,"href":"https:\/\/www.feuerwehr-brilon.de\/index.php?rest_route=%2Fwp%2Fv2%2Ftags&post=15861"}],"curies":[{"name":"wp","href":"https:\/\/api.w.org\/{rel}","templated":true}]}}