{"id":16430,"date":"2018-09-16T17:36:47","date_gmt":"2018-09-16T16:36:47","guid":{"rendered":"https:\/\/www.feuerwehr-brilon.de\/?p=16430"},"modified":"2018-09-16T17:37:19","modified_gmt":"2018-09-16T16:37:19","slug":"fuehrungswechsel-bei-der-feuerwehr-brilon","status":"publish","type":"post","link":"https:\/\/www.feuerwehr-brilon.de\/?p=16430","title":{"rendered":"F\u00fchrungswechsel bei der Feuerwehr Brilon"},"content":{"rendered":"<p><strong><a href=\"https:\/\/www.feuerwehr-brilon.de\/wp-up\/2018\/09\/internet-8.jpg\" rel=\"lightbox\"><img loading=\"lazy\" decoding=\"async\" width=\"150\" height=\"96\" class=\"alignleft size-thumbnail wp-image-16438\" alt=\"\" src=\"https:\/\/www.feuerwehr-brilon.de\/wp-up\/2018\/09\/internet-8-150x96.jpg\" srcset=\"https:\/\/www.feuerwehr-brilon.de\/wp-up\/2018\/09\/internet-8-150x96.jpg 150w, https:\/\/www.feuerwehr-brilon.de\/wp-up\/2018\/09\/internet-8-500x321.jpg 500w, https:\/\/www.feuerwehr-brilon.de\/wp-up\/2018\/09\/internet-8.jpg 800w\" sizes=\"auto, (max-width: 150px) 100vw, 150px\" \/><\/a>Thomas Bauerfeind ist neuer stellvertretender Leiter der Feuerwehr Brilon.<\/strong><\/p>\n<p>&nbsp;<\/p>\n<p>&nbsp;<\/p>\n<p><!--more--><\/p>\n<p>&nbsp;<\/p>\n<p><a href=\"https:\/\/www.feuerwehr-brilon.de\/wp-up\/2018\/09\/internet-2.jpg\" rel=\"lightbox\"><img loading=\"lazy\" decoding=\"async\" width=\"150\" height=\"113\" class=\"alignleft size-thumbnail wp-image-16432\" alt=\"\" src=\"https:\/\/www.feuerwehr-brilon.de\/wp-up\/2018\/09\/internet-2-150x113.jpg\" srcset=\"https:\/\/www.feuerwehr-brilon.de\/wp-up\/2018\/09\/internet-2-150x113.jpg 150w, https:\/\/www.feuerwehr-brilon.de\/wp-up\/2018\/09\/internet-2-500x375.jpg 500w, https:\/\/www.feuerwehr-brilon.de\/wp-up\/2018\/09\/internet-2.jpg 800w\" sizes=\"auto, (max-width: 150px) 100vw, 150px\" \/><\/a>J\u00fcrgen Mertens, zehn Jahre stellvertretender Leiter der Feuerwehr Brilon, stellte sein Amt am Vorabend seines sechzigsten Geburtstages zur Verf\u00fcgung. B\u00fcrgermeister Dr. Bartsch sprach J\u00fcrgen Mertens gro\u00dfen Respekt und Anerkennung aus. Mertens h\u00e4ngt nicht wie manch anderer am Amt und macht Platz f\u00fcr J\u00fcngere, die die Entwicklung der Feuerwehr Brilon fortf\u00fchren werden. Auch Wehrf\u00fchrer Wolfgang Hillebrand dankte J\u00fcrgen Mertens f\u00fcr die gute Zusammenarbeit in \u00fcber 30 gemeinsamen Jahren bei der Feuerwehr Brilon und davon zehn Jahren gemeinsam in der Leitung. B\u00fcrgermeister Bartsch und Wehrleiter Hillebrand dankten aber auch der Familie von J\u00fcrgen Mertens f\u00fcr den jahrelangen starken R\u00fcckhalt.<\/p>\n<p>&nbsp;<\/p>\n<p><a href=\"https:\/\/www.feuerwehr-brilon.de\/wp-up\/2018\/09\/internet-7.jpg\" rel=\"lightbox\"><img loading=\"lazy\" decoding=\"async\" width=\"150\" height=\"113\" class=\"alignleft size-thumbnail wp-image-16437\" alt=\"\" src=\"https:\/\/www.feuerwehr-brilon.de\/wp-up\/2018\/09\/internet-7-150x113.jpg\" srcset=\"https:\/\/www.feuerwehr-brilon.de\/wp-up\/2018\/09\/internet-7-150x113.jpg 150w, https:\/\/www.feuerwehr-brilon.de\/wp-up\/2018\/09\/internet-7-500x375.jpg 500w, https:\/\/www.feuerwehr-brilon.de\/wp-up\/2018\/09\/internet-7.jpg 800w\" sizes=\"auto, (max-width: 150px) 100vw, 150px\" \/><\/a>Neuer stellvertretender Leiter der Feuerwehr Brilon ist Thomas Bauerfeind, ehemaliger L\u00f6schgruppenf\u00fchrer der L\u00f6schgruppe Alme. Bauerfeind war lange Jahre hauptberuflich im Rettungsdienst des Hochsauerlandkreises besch\u00e4ftigt und arbeitet seit einigen Jahren in der Leitstelle f\u00fcr nichtpolizeiliche Gefahrenabwehr. B\u00fcrgermeister Bartsch freut sich, dass sich ein Nachfolger gefunden hat, der aufgrund seiner gro\u00dfen Erfahrung neue Ideen in die Feuerwehr Brilon bringen kann. So war es auch nicht \u00fcberraschend, dass sich der Rat der Stadt Brilon einstimmig f\u00fcr Thomas Bauerfeind als Nachfolger ausgesprochen hat. B\u00fcrgermeister Bartsch ernannte Bauerfeind als Ehrenbeamter auf Zeit und nahm ihm den Eid ab. Wehrf\u00fchrer Hillebrand freut sich auf die Zusammenarbeit f\u00fcr das Feuerwehrwesen der Stadt Brilon und damit f\u00fcr alle B\u00fcrgerinnen und B\u00fcrger der Stadt Brilon.<\/p>\n<p><a href=\"https:\/\/www.feuerwehr-brilon.de\/wp-up\/2018\/09\/internet-8.jpg\" rel=\"lightbox\"><img loading=\"lazy\" decoding=\"async\" width=\"150\" height=\"96\" class=\"alignleft size-thumbnail wp-image-16438\" alt=\"\" src=\"https:\/\/www.feuerwehr-brilon.de\/wp-up\/2018\/09\/internet-8-150x96.jpg\" srcset=\"https:\/\/www.feuerwehr-brilon.de\/wp-up\/2018\/09\/internet-8-150x96.jpg 150w, https:\/\/www.feuerwehr-brilon.de\/wp-up\/2018\/09\/internet-8-500x321.jpg 500w, https:\/\/www.feuerwehr-brilon.de\/wp-up\/2018\/09\/internet-8.jpg 800w\" sizes=\"auto, (max-width: 150px) 100vw, 150px\" \/><\/a><\/p>\n<p><a href=\"https:\/\/www.feuerwehr-brilon.de\/wp-up\/2018\/09\/internet-7.jpg\" rel=\"lightbox\"><img loading=\"lazy\" decoding=\"async\" width=\"150\" height=\"113\" class=\"alignleft size-thumbnail wp-image-16437\" alt=\"\" src=\"https:\/\/www.feuerwehr-brilon.de\/wp-up\/2018\/09\/internet-7-150x113.jpg\" srcset=\"https:\/\/www.feuerwehr-brilon.de\/wp-up\/2018\/09\/internet-7-150x113.jpg 150w, https:\/\/www.feuerwehr-brilon.de\/wp-up\/2018\/09\/internet-7-500x375.jpg 500w, https:\/\/www.feuerwehr-brilon.de\/wp-up\/2018\/09\/internet-7.jpg 800w\" sizes=\"auto, (max-width: 150px) 100vw, 150px\" \/><\/a><\/p>\n<p><a href=\"https:\/\/www.feuerwehr-brilon.de\/wp-up\/2018\/09\/internet-6.jpg\" rel=\"lightbox\"><img loading=\"lazy\" decoding=\"async\" width=\"150\" height=\"113\" class=\"alignleft size-thumbnail wp-image-16436\" alt=\"\" src=\"https:\/\/www.feuerwehr-brilon.de\/wp-up\/2018\/09\/internet-6-150x113.jpg\" srcset=\"https:\/\/www.feuerwehr-brilon.de\/wp-up\/2018\/09\/internet-6-150x113.jpg 150w, https:\/\/www.feuerwehr-brilon.de\/wp-up\/2018\/09\/internet-6-500x375.jpg 500w, https:\/\/www.feuerwehr-brilon.de\/wp-up\/2018\/09\/internet-6.jpg 800w\" sizes=\"auto, (max-width: 150px) 100vw, 150px\" \/><\/a><\/p>\n<p><a href=\"https:\/\/www.feuerwehr-brilon.de\/wp-up\/2018\/09\/internet-5.jpg\" rel=\"lightbox\"><img loading=\"lazy\" decoding=\"async\" width=\"150\" height=\"113\" class=\"alignleft size-thumbnail wp-image-16435\" alt=\"\" src=\"https:\/\/www.feuerwehr-brilon.de\/wp-up\/2018\/09\/internet-5-150x113.jpg\" srcset=\"https:\/\/www.feuerwehr-brilon.de\/wp-up\/2018\/09\/internet-5-150x113.jpg 150w, https:\/\/www.feuerwehr-brilon.de\/wp-up\/2018\/09\/internet-5-500x375.jpg 500w, https:\/\/www.feuerwehr-brilon.de\/wp-up\/2018\/09\/internet-5.jpg 800w\" sizes=\"auto, (max-width: 150px) 100vw, 150px\" \/><\/a><\/p>\n<p><a href=\"https:\/\/www.feuerwehr-brilon.de\/wp-up\/2018\/09\/internet-4.jpg\" rel=\"lightbox\"><img loading=\"lazy\" decoding=\"async\" width=\"150\" height=\"113\" class=\"alignleft size-thumbnail wp-image-16434\" alt=\"\" src=\"https:\/\/www.feuerwehr-brilon.de\/wp-up\/2018\/09\/internet-4-150x113.jpg\" srcset=\"https:\/\/www.feuerwehr-brilon.de\/wp-up\/2018\/09\/internet-4-150x113.jpg 150w, https:\/\/www.feuerwehr-brilon.de\/wp-up\/2018\/09\/internet-4-500x375.jpg 500w, https:\/\/www.feuerwehr-brilon.de\/wp-up\/2018\/09\/internet-4.jpg 800w\" sizes=\"auto, (max-width: 150px) 100vw, 150px\" \/><\/a><\/p>\n<p><a href=\"https:\/\/www.feuerwehr-brilon.de\/wp-up\/2018\/09\/internet-3.jpg\" rel=\"lightbox\"><img loading=\"lazy\" decoding=\"async\" width=\"150\" height=\"113\" class=\"alignleft size-thumbnail wp-image-16433\" alt=\"\" src=\"https:\/\/www.feuerwehr-brilon.de\/wp-up\/2018\/09\/internet-3-150x113.jpg\" srcset=\"https:\/\/www.feuerwehr-brilon.de\/wp-up\/2018\/09\/internet-3-150x113.jpg 150w, https:\/\/www.feuerwehr-brilon.de\/wp-up\/2018\/09\/internet-3-500x375.jpg 500w, https:\/\/www.feuerwehr-brilon.de\/wp-up\/2018\/09\/internet-3.jpg 800w\" sizes=\"auto, (max-width: 150px) 100vw, 150px\" \/><\/a><\/p>\n<p><a href=\"https:\/\/www.feuerwehr-brilon.de\/wp-up\/2018\/09\/internet-2.jpg\" rel=\"lightbox\"><img loading=\"lazy\" decoding=\"async\" width=\"150\" height=\"113\" class=\"alignleft size-thumbnail wp-image-16432\" alt=\"\" src=\"https:\/\/www.feuerwehr-brilon.de\/wp-up\/2018\/09\/internet-2-150x113.jpg\" srcset=\"https:\/\/www.feuerwehr-brilon.de\/wp-up\/2018\/09\/internet-2-150x113.jpg 150w, https:\/\/www.feuerwehr-brilon.de\/wp-up\/2018\/09\/internet-2-500x375.jpg 500w, https:\/\/www.feuerwehr-brilon.de\/wp-up\/2018\/09\/internet-2.jpg 800w\" sizes=\"auto, (max-width: 150px) 100vw, 150px\" \/><\/a><\/p>\n<p><a href=\"https:\/\/www.feuerwehr-brilon.de\/wp-up\/2018\/09\/internet-1.jpg\" rel=\"lightbox\"><img loading=\"lazy\" decoding=\"async\" width=\"150\" height=\"113\" class=\"alignleft size-thumbnail wp-image-16431\" alt=\"\" src=\"https:\/\/www.feuerwehr-brilon.de\/wp-up\/2018\/09\/internet-1-150x113.jpg\" srcset=\"https:\/\/www.feuerwehr-brilon.de\/wp-up\/2018\/09\/internet-1-150x113.jpg 150w, https:\/\/www.feuerwehr-brilon.de\/wp-up\/2018\/09\/internet-1-500x375.jpg 500w, https:\/\/www.feuerwehr-brilon.de\/wp-up\/2018\/09\/internet-1.jpg 800w\" sizes=\"auto, (max-width: 150px) 100vw, 150px\" \/><\/a><\/p>\n","protected":false},"excerpt":{"rendered":"<p>Thomas Bauerfeind ist neuer stellvertretender Leiter der Feuerwehr Brilon. &nbsp; &nbsp;<\/p>\n","protected":false},"author":6,"featured_media":0,"comment_status":"closed","ping_status":"closed","sticky":false,"template":"","format":"standard","meta":{"_exactmetrics_skip_tracking":false,"_exactmetrics_sitenote_active":false,"_exactmetrics_sitenote_note":"","_exactmetrics_sitenote_category":0,"jetpack_post_was_ever_published":false,"_jetpack_newsletter_access":"","_jetpack_dont_email_post_to_subs":false,"_jetpack_newsletter_tier_id":0,"_jetpack_memberships_contains_paywalled_content":false,"_jetpack_memberships_contains_paid_content":false,"footnotes":""},"categories":[209],"tags":[60],"class_list":["post-16430","post","type-post","status-publish","format-standard","hentry","category-meldungen-2018","tag-personen"],"jetpack_featured_media_url":"","jetpack_shortlink":"https:\/\/wp.me\/pCIJa-4h0","jetpack_sharing_enabled":true,"jetpack-related-posts":[{"id":30482,"url":"https:\/\/www.feuerwehr-brilon.de\/?p=30482","url_meta":{"origin":16430,"position":0},"title":"Verabschiedung von J\u00fcrgen Mertens in die Ehrenabteilung","author":"Andreas Becker","date":"11. Dezember 2022","format":false,"excerpt":"Brilon. Die Feuerwehr Brilon hat J\u00fcrgen Mertens in die Ehrenabteilung verabschiedet. Zusammen mit dem Blasorchester Brilon sowie dem Tambourkorps der Freiwilligen Feuerwehr Brilon wurde Stadtbrandinspektor J\u00fcrgen Mertens mit einem Fackelzug und St\u00e4ndchen zu Hause abgeholt und zum Feuerwehrhaus begleitet. Am Briloner Feuerwehrhaus angekommen, bedankten sich L\u00f6schzugf\u00fchrer Thomas B\u00f6ddicker und der\u2026","rel":"","context":"In &quot;Allgemein&quot;","block_context":{"text":"Allgemein","link":"https:\/\/www.feuerwehr-brilon.de\/?cat=1"},"img":{"alt_text":"","src":"https:\/\/i0.wp.com\/www.feuerwehr-brilon.de\/wp-up\/2022\/12\/Verbschiedung-Juergen-Mertens-1.jpg?resize=350%2C200&ssl=1","width":350,"height":200,"srcset":"https:\/\/i0.wp.com\/www.feuerwehr-brilon.de\/wp-up\/2022\/12\/Verbschiedung-Juergen-Mertens-1.jpg?resize=350%2C200&ssl=1 1x, https:\/\/i0.wp.com\/www.feuerwehr-brilon.de\/wp-up\/2022\/12\/Verbschiedung-Juergen-Mertens-1.jpg?resize=525%2C300&ssl=1 1.5x, https:\/\/i0.wp.com\/www.feuerwehr-brilon.de\/wp-up\/2022\/12\/Verbschiedung-Juergen-Mertens-1.jpg?resize=700%2C400&ssl=1 2x"},"classes":[]},{"id":31,"url":"https:\/\/www.feuerwehr-brilon.de\/?p=31","url_meta":{"origin":16430,"position":1},"title":"Neuer stellvertretender Wehrf\u00fchrer","author":"Marc Heines","date":"2. Mai 2008","format":false,"excerpt":"Am 02.05.2008 wurde J\u00fcrgen Mertens f\u00fcr 6 Jahre zum stellvertretenden Wehrf\u00fchrer in Brilon ernannt. Zun\u00e4chst wurde Herr Mertens vom Wehrf\u00fchrer G\u00fcnter Piasecki zum Stadtbrandinspektor bef\u00f6rdert, welches Vorraussetzung f\u00fcr die Wehrf\u00fchrung ist. Weitere Voraussetzungen sind die Anh\u00f6rung der gesamten Feuerwehr der Stadt Brilon und die Wahl durch den Stadtrat. Hier wurde\u2026","rel":"","context":"In &quot;Meldungen 2008&quot;","block_context":{"text":"Meldungen 2008","link":"https:\/\/www.feuerwehr-brilon.de\/?cat=4"},"img":{"alt_text":"","src":"https:\/\/i0.wp.com\/www.feuerwehr-brilon.de\/wp-up\/2008\/07\/m1-125x125.jpg?resize=350%2C200","width":350,"height":200},"classes":[]},{"id":10372,"url":"https:\/\/www.feuerwehr-brilon.de\/?p=10372","url_meta":{"origin":16430,"position":2},"title":"J\u00fcrgen Mertens wurde zum stellvertretenden Wehrf\u00fchrer ernannt.","author":"Marc Heines","date":"11. Mai 2014","format":false,"excerpt":"Brilon. Am 29.04.2014 wurde Stadtbrandinspektor J\u00fcrgen Mertens erneut zum stellvertretenden Leiter der Feuerwehr Brilon ernannt. Nachdem die erste, sechs J\u00e4hrige, Amtszeit endete, stellte sich J\u00fcrgen Mertens erneut zur Verf\u00fcgung dieses verantwortungsvolle Amt zu \u00fcbernehmen. Er erhielt die Ernennungurkunde von B\u00fcrgermeister Franz Schrewe, der Ihm weiterhin viel Gl\u00fcck bei den vielen\u2026","rel":"","context":"In &quot;Meldungen 2014&quot;","block_context":{"text":"Meldungen 2014","link":"https:\/\/www.feuerwehr-brilon.de\/?cat=183"},"img":{"alt_text":"PMi","src":"https:\/\/i0.wp.com\/www.feuerwehr-brilon.de\/wp-up\/2014\/05\/PMi-150x112.jpg?resize=350%2C200","width":350,"height":200},"classes":[]},{"id":4614,"url":"https:\/\/www.feuerwehr-brilon.de\/?p=4614","url_meta":{"origin":16430,"position":3},"title":"Hauptversammlung der L\u00f6schgruppe Nehden","author":"Marc Heines","date":"22. M\u00e4rz 2011","format":false,"excerpt":"Die L\u00f6schgruppe Nehden f\u00fchrte am Samstag den 19.02.2011 ihre diesj\u00e4hrige Jahreshauptversammlung durch. Neben den 29 anwesenden Feuerwehrkameraden konnte L\u00f6schgruppenf\u00fchrer Berthold Heimes auch die stellvertretenden Wehrf\u00fchrer J\u00fcrgen Mertens und Wilfried G\u00f6bel, Fachbereichsleiterin Karin Wigge von der Stadt Brilon und Ortsvorsteher G\u00fcnter Schmies begr\u00fc\u00dfen. Die 19 aktiven Mitglieder der L\u00f6schgruppe mussten 2010\u2026","rel":"","context":"In &quot;Meldungen 2011&quot;","block_context":{"text":"Meldungen 2011","link":"https:\/\/www.feuerwehr-brilon.de\/?cat=133"},"img":{"alt_text":"","src":"https:\/\/i0.wp.com\/www.feuerwehr-brilon.de\/wp-up\/2011\/03\/jubilare_i-150x83.jpg?resize=350%2C200","width":350,"height":200},"classes":[]},{"id":15725,"url":"https:\/\/www.feuerwehr-brilon.de\/?p=15725","url_meta":{"origin":16430,"position":4},"title":"Generalversammlung der L\u00f6schgruppe W\u00fclfte","author":"Marc Heines","date":"23. Januar 2018","format":false,"excerpt":"Manuel Henke als L\u00f6schgruppenf\u00fchrer best\u00e4tigt. Erstmals Brandinspektor bei der L\u00f6schgruppe W\u00fclfte. W\u00fclfte. Die L\u00f6schgruppe W\u00fclfte f\u00fchrte am Freitag, den 05. Januar ihre diesj\u00e4hrige Jahreshauptversammlung durch. L\u00f6schgruppenf\u00fchrer Manuel Henke konnte neben 11 Einsatzkr\u00e4ften und den 3 Kameraden der Ehrenabteilung auch Ortsvorsteher Erich Canisius und Ratsmitglied Stefan Kraft begr\u00fc\u00dfen. Auch der stellvertretende\u2026","rel":"","context":"In &quot;Meldungen 2018&quot;","block_context":{"text":"Meldungen 2018","link":"https:\/\/www.feuerwehr-brilon.de\/?cat=209"},"img":{"alt_text":"","src":"https:\/\/i0.wp.com\/www.feuerwehr-brilon.de\/wp-up\/2018\/01\/Versammlung-wuelfte-i-150x113.jpg?resize=350%2C200&ssl=1","width":350,"height":200},"classes":[]},{"id":663,"url":"https:\/\/www.feuerwehr-brilon.de\/?p=663","url_meta":{"origin":16430,"position":5},"title":"Generalversammlung der L\u00f6schgruppe W\u00fclfte","author":"Marc Heines","date":"2. Januar 2009","format":false,"excerpt":"Am 02.01.09 f\u00fchrte die L\u00f6schgruppe W\u00fclfte ihre Generalversammlung durch. Bild v.l. stv. L\u00f6schgruppenf\u00fchrer Stefan Flock, Ortvorsteher G\u00fcnter Schmidt, Heiko Henke, B\u00fcrgermeister Franz Schrewe, stv Wehrf\u00fchrer J\u00fcrgen Mertens und L\u00f6schgruppenf\u00fchrer Thomas Kraft L\u00f6schgruppenf\u00fchrer Thomas Kraft konnte neben 13 aktiven Feuerwehrleuten auch 3 Kameraden der Ehrenabteilung begr\u00fc\u00dfen. Weiterhin waren noch B\u00fcrgermeister Franz\u2026","rel":"","context":"In &quot;Meldungen 2009&quot;","block_context":{"text":"Meldungen 2009","link":"https:\/\/www.feuerwehr-brilon.de\/?cat=11"},"img":{"alt_text":"","src":"https:\/\/i0.wp.com\/www.feuerwehr-brilon.de\/wp-up\/2009\/01\/generalvers_wuelfte_p-500x340.jpg?resize=350%2C200","width":350,"height":200},"classes":[]}],"_links":{"self":[{"href":"https:\/\/www.feuerwehr-brilon.de\/index.php?rest_route=\/wp\/v2\/posts\/16430","targetHints":{"allow":["GET"]}}],"collection":[{"href":"https:\/\/www.feuerwehr-brilon.de\/index.php?rest_route=\/wp\/v2\/posts"}],"about":[{"href":"https:\/\/www.feuerwehr-brilon.de\/index.php?rest_route=\/wp\/v2\/types\/post"}],"author":[{"embeddable":true,"href":"https:\/\/www.feuerwehr-brilon.de\/index.php?rest_route=\/wp\/v2\/users\/6"}],"replies":[{"embeddable":true,"href":"https:\/\/www.feuerwehr-brilon.de\/index.php?rest_route=%2Fwp%2Fv2%2Fcomments&post=16430"}],"version-history":[{"count":3,"href":"https:\/\/www.feuerwehr-brilon.de\/index.php?rest_route=\/wp\/v2\/posts\/16430\/revisions"}],"predecessor-version":[{"id":16442,"href":"https:\/\/www.feuerwehr-brilon.de\/index.php?rest_route=\/wp\/v2\/posts\/16430\/revisions\/16442"}],"wp:attachment":[{"href":"https:\/\/www.feuerwehr-brilon.de\/index.php?rest_route=%2Fwp%2Fv2%2Fmedia&parent=16430"}],"wp:term":[{"taxonomy":"category","embeddable":true,"href":"https:\/\/www.feuerwehr-brilon.de\/index.php?rest_route=%2Fwp%2Fv2%2Fcategories&post=16430"},{"taxonomy":"post_tag","embeddable":true,"href":"https:\/\/www.feuerwehr-brilon.de\/index.php?rest_route=%2Fwp%2Fv2%2Ftags&post=16430"}],"curies":[{"name":"wp","href":"https:\/\/api.w.org\/{rel}","templated":true}]}}