{"id":16524,"date":"2018-10-29T16:41:40","date_gmt":"2018-10-29T15:41:40","guid":{"rendered":"https:\/\/www.feuerwehr-brilon.de\/?p=16524"},"modified":"2018-10-29T16:41:40","modified_gmt":"2018-10-29T15:41:40","slug":"kameradschaftsfahrt-der-loeschgruppe-wuelfte","status":"publish","type":"post","link":"https:\/\/www.feuerwehr-brilon.de\/?p=16524","title":{"rendered":"Kameradschaftsfahrt der L\u00f6schgruppe W\u00fclfte"},"content":{"rendered":"<p><a rel=\"lightbox\" href=\"https:\/\/www.feuerwehr-brilon.de\/wp-up\/2018\/10\/wuelfte.jpg\"><img loading=\"lazy\" decoding=\"async\" width=\"150\" height=\"102\" class=\"alignleft size-thumbnail wp-image-16525\" alt=\"\" src=\"https:\/\/www.feuerwehr-brilon.de\/wp-up\/2018\/10\/wuelfte-150x102.jpg\" srcset=\"https:\/\/www.feuerwehr-brilon.de\/wp-up\/2018\/10\/wuelfte-150x102.jpg 150w, https:\/\/www.feuerwehr-brilon.de\/wp-up\/2018\/10\/wuelfte-500x340.jpg 500w, https:\/\/www.feuerwehr-brilon.de\/wp-up\/2018\/10\/wuelfte.jpg 800w\" sizes=\"auto, (max-width: 150px) 100vw, 150px\" \/><\/a>Zum Dienst in der Feuerwehr geh\u00f6rt neben Einsatz und Ausbildung auch das Vereinsleben. Daher unternahm die L\u00f6schgruppe W\u00fclfte in diesem Jahr&nbsp;eine Ausflugsfahrt ins Rheinland. Zusammen mit ihren Partnerinnen konnten die Aktiven der L\u00f6schgruppe feststellen, dass es sogar im Rheinland Oktoberfeste gibt.&nbsp;<!--more-->Nicht ganz ungeplant wurde in z\u00fcnftiger Kleidung das Rheinische Oktoberfest in Neuss besucht. Die R\u00fcckfahrt am n\u00e4chsten Tag ging dann \u00fcber D\u00fcsseldorf wieder zur\u00fcck nach Brilon. Solche Ausfl\u00fcge st\u00e4rken den Zusammenhalt und bereiten auch auf die zahlreichen kommenden Aufgaben vor.<\/p>\n<p>&nbsp;<\/p>\n","protected":false},"excerpt":{"rendered":"<p>Zum Dienst in der Feuerwehr geh\u00f6rt neben Einsatz und Ausbildung auch das Vereinsleben. Daher unternahm die L\u00f6schgruppe W\u00fclfte in diesem Jahr&nbsp;eine Ausflugsfahrt ins Rheinland. Zusammen mit ihren Partnerinnen konnten die Aktiven der L\u00f6schgruppe feststellen, dass es sogar im Rheinland Oktoberfeste gibt.&nbsp;<\/p>\n","protected":false},"author":6,"featured_media":0,"comment_status":"closed","ping_status":"closed","sticky":false,"template":"","format":"standard","meta":{"_exactmetrics_skip_tracking":false,"_exactmetrics_sitenote_active":false,"_exactmetrics_sitenote_note":"","_exactmetrics_sitenote_category":0,"jetpack_post_was_ever_published":false,"_jetpack_newsletter_access":"","_jetpack_dont_email_post_to_subs":false,"_jetpack_newsletter_tier_id":0,"_jetpack_memberships_contains_paywalled_content":false,"_jetpack_memberships_contains_paid_content":false,"footnotes":""},"categories":[209],"tags":[45],"class_list":["post-16524","post","type-post","status-publish","format-standard","hentry","category-meldungen-2018","tag-wulfte"],"jetpack_featured_media_url":"","jetpack_shortlink":"https:\/\/wp.me\/pCIJa-4iw","jetpack_sharing_enabled":true,"jetpack-related-posts":[{"id":14850,"url":"https:\/\/www.feuerwehr-brilon.de\/?p=14850","url_meta":{"origin":16524,"position":0},"title":"Jubil\u00e4um und Stadtfeuerwehrtag in W\u00fclfte","author":"Marc Heines","date":"9. Juni 2017","format":false,"excerpt":"W\u00fclfte. 75. Geburtstag der L\u00f6schgruppe W\u00fclfte. Aus diesem freudigen Anlass fand der diesj\u00e4hrige Stadtfeuerwehrtag in W\u00fclfte statt. Nach einem gemeinsamen Gottesdienst und anschlie\u00dfender Kranzniederlegung am Ehrenmahl versammelten sich alle G\u00e4ste und Ehreng\u00e4ste in der Sch\u00fctzenhalle in W\u00fclfte. Zu den zahlreichen Gratulanten geh\u00f6rte nat\u00fcrlich auch B\u00fcrgermeister Dr. Christoph Bartsch. 75 Jahre\u2026","rel":"","context":"In &quot;Meldungen 2017&quot;","block_context":{"text":"Meldungen 2017","link":"https:\/\/www.feuerwehr-brilon.de\/?cat=206"},"img":{"alt_text":"","src":"https:\/\/i0.wp.com\/www.feuerwehr-brilon.de\/wp-up\/2017\/06\/DSC07643i-150x100.jpg?resize=350%2C200","width":350,"height":200},"classes":[]},{"id":15725,"url":"https:\/\/www.feuerwehr-brilon.de\/?p=15725","url_meta":{"origin":16524,"position":1},"title":"Generalversammlung der L\u00f6schgruppe W\u00fclfte","author":"Marc Heines","date":"23. Januar 2018","format":false,"excerpt":"Manuel Henke als L\u00f6schgruppenf\u00fchrer best\u00e4tigt. Erstmals Brandinspektor bei der L\u00f6schgruppe W\u00fclfte. W\u00fclfte. Die L\u00f6schgruppe W\u00fclfte f\u00fchrte am Freitag, den 05. Januar ihre diesj\u00e4hrige Jahreshauptversammlung durch. L\u00f6schgruppenf\u00fchrer Manuel Henke konnte neben 11 Einsatzkr\u00e4ften und den 3 Kameraden der Ehrenabteilung auch Ortsvorsteher Erich Canisius und Ratsmitglied Stefan Kraft begr\u00fc\u00dfen. Auch der stellvertretende\u2026","rel":"","context":"In &quot;Meldungen 2018&quot;","block_context":{"text":"Meldungen 2018","link":"https:\/\/www.feuerwehr-brilon.de\/?cat=209"},"img":{"alt_text":"","src":"https:\/\/i0.wp.com\/www.feuerwehr-brilon.de\/wp-up\/2018\/01\/Versammlung-wuelfte-i-150x113.jpg?resize=350%2C200&ssl=1","width":350,"height":200},"classes":[]},{"id":22046,"url":"https:\/\/www.feuerwehr-brilon.de\/?p=22046","url_meta":{"origin":16524,"position":2},"title":"Generalversammlung der L\u00f6schgruppe W\u00fclfte","author":"Marc Heines","date":"29. Januar 2020","format":false,"excerpt":"Die L\u00f6schgruppe W\u00fclfte f\u00fchrte am Freitag, den 03. Januar 2020 ihre diesj\u00e4hrige Jahreshauptversammlung durch und blickte auf das Jahr 2019 zur\u00fcck. L\u00f6schgruppenf\u00fchrer Manuel Henke konnte neben 10 Einsatzkr\u00e4ften und drei Kameraden der Ehrenabteilung auch Ortsvorsteher Erich Canisius und Ratsmitglied Stefan Kraft begr\u00fc\u00dfen. Auch der stellvertretende Leiter der Feuerwehr Thomas Bauerfeind\u2026","rel":"","context":"In &quot;Meldungen 2020&quot;","block_context":{"text":"Meldungen 2020","link":"https:\/\/www.feuerwehr-brilon.de\/?cat=237"},"img":{"alt_text":"","src":"https:\/\/i0.wp.com\/www.feuerwehr-brilon.de\/wp-up\/2020\/01\/wuelfte_i-150x82.jpg?resize=350%2C200&ssl=1","width":350,"height":200},"classes":[]},{"id":13178,"url":"https:\/\/www.feuerwehr-brilon.de\/?p=13178","url_meta":{"origin":16524,"position":3},"title":"Generalversammlung der L\u00f6schgruppe W\u00fclfte","author":"Andreas Becker","date":"24. Januar 2016","format":false,"excerpt":"W\u00fclfte. Zur Generalversammlung der L\u00f6schgruppe W\u00fclfte am 08. Januar 2016 konnte der L\u00f6schgruppenf\u00fchrer Manuel Henke neben dem stellvertretendem Leiter der Feuerwehr Brilon Wilfried G\u00f6bel, den 1. Beigeordneten der Stadt Brilon Reinhold Huxoll, den Ortsvorsteher Erich Canisius, Ratsmitglied Stefan Kraft, sowie 13 aktive Feuerwehrkameraden und 4 Kameraden der Alters- und Ehrenabteilung\u2026","rel":"","context":"In &quot;Meldungen 2016&quot;","block_context":{"text":"Meldungen 2016","link":"https:\/\/www.feuerwehr-brilon.de\/?cat=202"},"img":{"alt_text":"GV_Wuelfte (2)","src":"https:\/\/i0.wp.com\/www.feuerwehr-brilon.de\/wp-up\/2016\/01\/GV_Wuelfte-2-150x113.jpg?resize=350%2C200","width":350,"height":200},"classes":[]},{"id":743,"url":"https:\/\/www.feuerwehr-brilon.de\/?p=743","url_meta":{"origin":16524,"position":4},"title":"Fahrzeug\u00fcbergabe bei der L\u00f6schgruppe W\u00fclfte","author":"Marc Heines","date":"14. M\u00e4rz 2009","format":false,"excerpt":"Die L\u00f6schgruppe W\u00fclfte erh\u00e4lt ein neues Feuerwehrfahrzeug. Am 14.03.2009 \u00fcbergab B\u00fcrgermeister Franz Schrewe ein neues Tragkraftspritzenfahrzeug an den Wehrf\u00fchrer G\u00fcnter Piasecki.\u00a0B\u00fcrgermeister Schrewe betonte, das die Feuerwehr Brilon durch ihre gro\u00dfe Personalst\u00e4rke von fast 400 Feuerwehrleuten eine gro\u00dfe Schlagkraft besitzt. Diese Personalst\u00e4rke mu\u00df aber durch gute technische Ausr\u00fcstung erg\u00e4nzt werden. Im\u2026","rel":"","context":"In &quot;Meldungen 2009&quot;","block_context":{"text":"Meldungen 2009","link":"https:\/\/www.feuerwehr-brilon.de\/?cat=11"},"img":{"alt_text":"","src":"https:\/\/i0.wp.com\/www.feuerwehr-brilon.de\/wp-up\/2009\/03\/wulfte_wehrfuhrer_loschgruppenfuhrer_i.jpg?resize=350%2C200&ssl=1","width":350,"height":200},"classes":[]},{"id":4221,"url":"https:\/\/www.feuerwehr-brilon.de\/?p=4221","url_meta":{"origin":16524,"position":5},"title":"Generalversammlung der L\u00f6schgruppe W\u00fclfte","author":"Marc Heines","date":"20. Januar 2011","format":false,"excerpt":"Die L\u00f6schgruppe W\u00fclfte f\u00fchrte am Freitag den 7. Januar ihre diesj\u00e4hrige Jahreshauptversammlung durch. L\u00f6schgruppenf\u00fchrer Thomas Kraft konnte neben 12 aktiven und den 5 Kameraden der Ehrenabteilung auch Ortsvorsteher Erich Canisius begr\u00fc\u00dfen . Von der Wehrf\u00fchrung waren der Stadtbrandinspektor Wolfgang Hillebrand sowie seine beiden Stellvertreter J\u00fcrgen Mertens und Wilfried\u00a0G\u00f6bel der Einladung\u2026","rel":"","context":"In &quot;Meldungen 2011&quot;","block_context":{"text":"Meldungen 2011","link":"https:\/\/www.feuerwehr-brilon.de\/?cat=133"},"img":{"alt_text":"","src":"https:\/\/i0.wp.com\/www.feuerwehr-brilon.de\/wp-up\/2011\/01\/Generalversammlung-2010i-150x75.jpg?resize=350%2C200","width":350,"height":200},"classes":[]}],"_links":{"self":[{"href":"https:\/\/www.feuerwehr-brilon.de\/index.php?rest_route=\/wp\/v2\/posts\/16524","targetHints":{"allow":["GET"]}}],"collection":[{"href":"https:\/\/www.feuerwehr-brilon.de\/index.php?rest_route=\/wp\/v2\/posts"}],"about":[{"href":"https:\/\/www.feuerwehr-brilon.de\/index.php?rest_route=\/wp\/v2\/types\/post"}],"author":[{"embeddable":true,"href":"https:\/\/www.feuerwehr-brilon.de\/index.php?rest_route=\/wp\/v2\/users\/6"}],"replies":[{"embeddable":true,"href":"https:\/\/www.feuerwehr-brilon.de\/index.php?rest_route=%2Fwp%2Fv2%2Fcomments&post=16524"}],"version-history":[{"count":2,"href":"https:\/\/www.feuerwehr-brilon.de\/index.php?rest_route=\/wp\/v2\/posts\/16524\/revisions"}],"predecessor-version":[{"id":16527,"href":"https:\/\/www.feuerwehr-brilon.de\/index.php?rest_route=\/wp\/v2\/posts\/16524\/revisions\/16527"}],"wp:attachment":[{"href":"https:\/\/www.feuerwehr-brilon.de\/index.php?rest_route=%2Fwp%2Fv2%2Fmedia&parent=16524"}],"wp:term":[{"taxonomy":"category","embeddable":true,"href":"https:\/\/www.feuerwehr-brilon.de\/index.php?rest_route=%2Fwp%2Fv2%2Fcategories&post=16524"},{"taxonomy":"post_tag","embeddable":true,"href":"https:\/\/www.feuerwehr-brilon.de\/index.php?rest_route=%2Fwp%2Fv2%2Ftags&post=16524"}],"curies":[{"name":"wp","href":"https:\/\/api.w.org\/{rel}","templated":true}]}}