{"id":16528,"date":"2018-10-31T13:23:12","date_gmt":"2018-10-31T12:23:12","guid":{"rendered":"https:\/\/www.feuerwehr-brilon.de\/?p=16528"},"modified":"2018-10-31T13:23:12","modified_gmt":"2018-10-31T12:23:12","slug":"zuguebung-im-zug-nord","status":"publish","type":"post","link":"https:\/\/www.feuerwehr-brilon.de\/?p=16528","title":{"rendered":"Zug\u00fcbung im Zug Nord"},"content":{"rendered":"<p><a href=\"https:\/\/www.feuerwehr-brilon.de\/wp-up\/2018\/10\/2.jpg\" rel=\"lightbox\"><img loading=\"lazy\" decoding=\"async\" width=\"150\" height=\"58\" class=\"alignleft size-thumbnail wp-image-16529\" alt=\"\" src=\"https:\/\/www.feuerwehr-brilon.de\/wp-up\/2018\/10\/2-150x58.jpg\" srcset=\"https:\/\/www.feuerwehr-brilon.de\/wp-up\/2018\/10\/2-150x58.jpg 150w, https:\/\/www.feuerwehr-brilon.de\/wp-up\/2018\/10\/2-500x193.jpg 500w, https:\/\/www.feuerwehr-brilon.de\/wp-up\/2018\/10\/2.jpg 800w\" sizes=\"auto, (max-width: 150px) 100vw, 150px\" \/><\/a>Die L\u00f6schgruppen Th\u00fclen, Nehden, R\u00f6senbeck und Madfeld probten den Ernstfall. In einem Schwestern-Altenheim in Th\u00fclen kam es zu einem Brandereignis. Mehrere Personen (dargestellt durch die Jugendfeuerwehr Th\u00fclen) waren vermi\u00dft und mussten durch die Feuerwehr gerettet werden.<\/p>\n<p><!--more--><a href=\"https:\/\/www.feuerwehr-brilon.de\/wp-up\/2018\/10\/1.jpg\" rel=\"lightbox\"><img loading=\"lazy\" decoding=\"async\" width=\"150\" height=\"113\" class=\"alignleft size-thumbnail wp-image-16530\" alt=\"\" src=\"https:\/\/www.feuerwehr-brilon.de\/wp-up\/2018\/10\/1-150x113.jpg\" srcset=\"https:\/\/www.feuerwehr-brilon.de\/wp-up\/2018\/10\/1-150x113.jpg 150w, https:\/\/www.feuerwehr-brilon.de\/wp-up\/2018\/10\/1-500x375.jpg 500w, https:\/\/www.feuerwehr-brilon.de\/wp-up\/2018\/10\/1.jpg 800w\" sizes=\"auto, (max-width: 150px) 100vw, 150px\" \/><\/a>Gemeinsame \u00dcbungen sind ein wichtiger Teil der Ausbildung bei der Feuerwehr Brilon. Schnittstellen zu \u00fcberpr\u00fcfen, die F\u00fchrungsstrukturen zu optimieren und den Zusammenhalt zu festigen sind die vornehmlichen Ziele. Insgesamt waren \u00fcber 50 Feuerwehrfrauen, Feuerwehrm\u00e4nner und Jugendliche an der \u00dcbung beteiligt.<\/p>\n","protected":false},"excerpt":{"rendered":"<p>Die L\u00f6schgruppen Th\u00fclen, Nehden, R\u00f6senbeck und Madfeld probten den Ernstfall. In einem Schwestern-Altenheim in Th\u00fclen kam es zu einem Brandereignis. Mehrere Personen (dargestellt durch die Jugendfeuerwehr Th\u00fclen) waren vermi\u00dft und mussten durch die Feuerwehr gerettet werden.<\/p>\n","protected":false},"author":6,"featured_media":0,"comment_status":"closed","ping_status":"closed","sticky":false,"template":"","format":"standard","meta":{"_exactmetrics_skip_tracking":false,"_exactmetrics_sitenote_active":false,"_exactmetrics_sitenote_note":"","_exactmetrics_sitenote_category":0,"jetpack_post_was_ever_published":false,"_jetpack_newsletter_access":"","_jetpack_dont_email_post_to_subs":false,"_jetpack_newsletter_tier_id":0,"_jetpack_memberships_contains_paywalled_content":false,"_jetpack_memberships_contains_paid_content":false,"footnotes":""},"categories":[209],"tags":[195,53,55,56,42],"class_list":["post-16528","post","type-post","status-publish","format-standard","hentry","category-meldungen-2018","tag-ausbildung","tag-madfeld","tag-nehden","tag-rosenbeck","tag-thulen"],"jetpack_featured_media_url":"","jetpack_shortlink":"https:\/\/wp.me\/pCIJa-4iA","jetpack_sharing_enabled":true,"jetpack-related-posts":[{"id":2654,"url":"https:\/\/www.feuerwehr-brilon.de\/?p=2654","url_meta":{"origin":16528,"position":0},"title":"Zug\u00fcbung in Alme","author":"Marc Heines","date":"12. Mai 2010","format":false,"excerpt":"Am Freitagabend, den 07.05. wurde in Alme die allj\u00e4hrliche gemeinsame \u00dcbung der L\u00f6schgruppen Alme, Th\u00fclen, Nehden, Madfeld und R\u00f6senbeck durchgef\u00fchrt. Sie wurden dabei vom Einsatzleitwagen des L\u00f6schzuges Brilon unterst\u00fctzt. Die \u00dcbung hatte das Ziel zu trainieren, wie eine gr\u00f6\u00dfere Schadenslage gemeinsam bek\u00e4mpft werden kann und findet im Rotationsprinzip j\u00e4hrlich in\u2026","rel":"","context":"In &quot;Meldungen 2010&quot;","block_context":{"text":"Meldungen 2010","link":"https:\/\/www.feuerwehr-brilon.de\/?cat=34"},"img":{"alt_text":"","src":"https:\/\/i0.wp.com\/www.feuerwehr-brilon.de\/wp-up\/2010\/05\/zuguebung_alme2010_5-125x81.jpg?resize=350%2C200&ssl=1","width":350,"height":200},"classes":[]},{"id":1813,"url":"https:\/\/www.feuerwehr-brilon.de\/?p=1813","url_meta":{"origin":16528,"position":1},"title":"Erste Hilfe Ausbildung","author":"Marc Heines","date":"27. November 2009","format":false,"excerpt":"F\u00fcr jeden Feuerwehrmann sind Kenntnisse in der Ersten Hilfe obligatorisch und Voraussetzung f\u00fcr den zweiten Grundlehrgang. Im September f\u00fchrte die Feuerwehr Brilon wieder einen Erste Hilfe Lehrgang f\u00fcr Feuerwehrleute in der Grundausbildung durch. Geleitet wurde der Kurs von Heiner Im\u00f6hl vom Deutschen Roten Kreuz. Erfolgreich teilgenommen haben: Lukas V\u00f6ssing, LG\u2026","rel":"","context":"In &quot;Meldungen 2009&quot;","block_context":{"text":"Meldungen 2009","link":"https:\/\/www.feuerwehr-brilon.de\/?cat=11"},"img":{"alt_text":"erstehilfe09_3","src":"https:\/\/i0.wp.com\/www.feuerwehr-brilon.de\/wp-up\/2009\/11\/erstehilfe09_3-500x272.jpg?resize=350%2C200","width":350,"height":200},"classes":[]},{"id":16385,"url":"https:\/\/www.feuerwehr-brilon.de\/?p=16385","url_meta":{"origin":16528,"position":2},"title":"Verkehrsunfall auf der B 7 bei R\u00f6senbeck","author":"Marcus Bange","date":"30. August 2018","format":false,"excerpt":"Brilon. Die Feuerwehr Brilon wurde am Mittwoch (29.08.2018) um 14:54 Uhr zu einem Verkehrsunfall auf der B 7 zwischen Th\u00fclen und Madfeld alarmiert. In H\u00f6he der Zufahrt zu einem Steinbruch war ein PKW mit einem LKW zusammengesto\u00dfen. Entgegen der ersten Meldung war keine Person im Fahrzeug eingeklemmt. Die Fahrerin des\u2026","rel":"","context":"In &quot;Eins\u00e4tze 2018&quot;","block_context":{"text":"Eins\u00e4tze 2018","link":"https:\/\/www.feuerwehr-brilon.de\/?cat=208"},"img":{"alt_text":"","src":"https:\/\/i0.wp.com\/www.feuerwehr-brilon.de\/wp-up\/2018\/08\/VU-B-7-1-150x113.jpg?resize=350%2C200&ssl=1","width":350,"height":200},"classes":[]},{"id":112,"url":"https:\/\/www.feuerwehr-brilon.de\/?p=112","url_meta":{"origin":16528,"position":3},"title":"L\u00f6schgruppen \u00fcbten im gro\u00dfen Stil","author":"Marc Heines","date":"18. April 2008","format":false,"excerpt":"F\u00fcnf L\u00f6schgruppen der Feuerwehr Brilon haben gemeinsam bei der Firma Christophery in Th\u00fclen die Zusammenarbeit ge\u00fcbt. Das Ausl\u00f6sen der Brandmeldeanlage in dem kunststoffverarbeitenden Betrieb forderte das Ausr\u00fccken der L\u00f6schgruppe Th\u00fclen zu einem augenscheinlich allt\u00e4glichen Einsatz. Aufgrund der starken Rauchentwicklung wurde dem Gruppenf\u00fchrer allerdings bereits auf der Anfahrt das (angenommene) Ausma\u00df\u2026","rel":"","context":"In &quot;Meldungen 2008&quot;","block_context":{"text":"Meldungen 2008","link":"https:\/\/www.feuerwehr-brilon.de\/?cat=4"},"img":{"alt_text":"","src":"https:\/\/i0.wp.com\/www.feuerwehr-brilon.de\/wp-up\/2008\/07\/02.jpg?resize=350%2C200&ssl=1","width":350,"height":200},"classes":[]},{"id":8312,"url":"https:\/\/www.feuerwehr-brilon.de\/?p=8312","url_meta":{"origin":16528,"position":4},"title":"Zug\u00fcbung des Lz Ost am Flugplatz Th\u00fclen","author":"Andreas Becker","date":"3. Juni 2013","format":false,"excerpt":"Am 12.04.13 um ca. 18:30 Uhr absolvierten 5 L\u00f6schgruppen ihre j\u00e4hrlich stattfindende Zug\u00fcbung beim Luftsportverein Brilon am Th\u00fclener Bruch. Das Alarmstichwort hie\u00df: \u201eAusbruch eines Feuers in der Werkstatthalle des Flughafens, mehrere Personen vermisst.\u201c Nach dem Eintreffen der LG Th\u00fclen und einer Erkundung der Einsatzstelle wurden unmittelbar die anderen teilnehmenden L\u00f6schgruppen\u2026","rel":"","context":"In &quot;Meldungen 2013&quot;","block_context":{"text":"Meldungen 2013","link":"https:\/\/www.feuerwehr-brilon.de\/?cat=177"},"img":{"alt_text":"","src":"https:\/\/i0.wp.com\/www.feuerwehr-brilon.de\/wp-up\/2013\/06\/werbung1-150x112.jpg?resize=350%2C200&ssl=1","width":350,"height":200},"classes":[]},{"id":12838,"url":"https:\/\/www.feuerwehr-brilon.de\/?p=12838","url_meta":{"origin":16528,"position":5},"title":"Zug\u00fcbung in Alme","author":"Marc Heines","date":"23. Oktober 2015","format":false,"excerpt":"Kellerbrand in der offenen Ganztagsschule in Alme, so lautete das Alarmstichwort f\u00fcr die Feuerwehr am Freitagabend. Dichter Rauch drang aus dem Keller und versperrte 12 Kindern und einer Betreuerin den Fluchtweg nach drau\u00dfen. Als die die ersten Einsatzkr\u00e4fte an der Einsatzstelle ankamen, standen einige Kinder am Fenster im ersten Obergeschoss\u2026","rel":"","context":"In &quot;Meldungen 2015&quot;","block_context":{"text":"Meldungen 2015","link":"https:\/\/www.feuerwehr-brilon.de\/?cat=192"},"img":{"alt_text":"DSC_2156i","src":"https:\/\/i0.wp.com\/www.feuerwehr-brilon.de\/wp-up\/2015\/10\/DSC_2156i-150x100.jpg?resize=350%2C200","width":350,"height":200},"classes":[]}],"_links":{"self":[{"href":"https:\/\/www.feuerwehr-brilon.de\/index.php?rest_route=\/wp\/v2\/posts\/16528","targetHints":{"allow":["GET"]}}],"collection":[{"href":"https:\/\/www.feuerwehr-brilon.de\/index.php?rest_route=\/wp\/v2\/posts"}],"about":[{"href":"https:\/\/www.feuerwehr-brilon.de\/index.php?rest_route=\/wp\/v2\/types\/post"}],"author":[{"embeddable":true,"href":"https:\/\/www.feuerwehr-brilon.de\/index.php?rest_route=\/wp\/v2\/users\/6"}],"replies":[{"embeddable":true,"href":"https:\/\/www.feuerwehr-brilon.de\/index.php?rest_route=%2Fwp%2Fv2%2Fcomments&post=16528"}],"version-history":[{"count":2,"href":"https:\/\/www.feuerwehr-brilon.de\/index.php?rest_route=\/wp\/v2\/posts\/16528\/revisions"}],"predecessor-version":[{"id":16532,"href":"https:\/\/www.feuerwehr-brilon.de\/index.php?rest_route=\/wp\/v2\/posts\/16528\/revisions\/16532"}],"wp:attachment":[{"href":"https:\/\/www.feuerwehr-brilon.de\/index.php?rest_route=%2Fwp%2Fv2%2Fmedia&parent=16528"}],"wp:term":[{"taxonomy":"category","embeddable":true,"href":"https:\/\/www.feuerwehr-brilon.de\/index.php?rest_route=%2Fwp%2Fv2%2Fcategories&post=16528"},{"taxonomy":"post_tag","embeddable":true,"href":"https:\/\/www.feuerwehr-brilon.de\/index.php?rest_route=%2Fwp%2Fv2%2Ftags&post=16528"}],"curies":[{"name":"wp","href":"https:\/\/api.w.org\/{rel}","templated":true}]}}