{"id":16569,"date":"2018-12-08T12:58:33","date_gmt":"2018-12-08T11:58:33","guid":{"rendered":"https:\/\/www.feuerwehr-brilon.de\/?p=16569"},"modified":"2018-12-08T12:58:33","modified_gmt":"2018-12-08T11:58:33","slug":"diesel-tank-an-lkw-beschaedigt","status":"publish","type":"post","link":"https:\/\/www.feuerwehr-brilon.de\/?p=16569","title":{"rendered":"Diesel-Tank an LKW besch\u00e4digt"},"content":{"rendered":"<p><a href=\"https:\/\/www.feuerwehr-brilon.de\/?p=16569\"><img loading=\"lazy\" decoding=\"async\" src=\"https:\/\/www.feuerwehr-brilon.de\/wp-up\/2018\/12\/20181206_214001-1-150x113.jpg\" alt=\"\" width=\"150\" height=\"113\" class=\"alignleft size-thumbnail wp-image-16571\" srcset=\"https:\/\/www.feuerwehr-brilon.de\/wp-up\/2018\/12\/20181206_214001-1-150x113.jpg 150w, https:\/\/www.feuerwehr-brilon.de\/wp-up\/2018\/12\/20181206_214001-1-500x375.jpg 500w, https:\/\/www.feuerwehr-brilon.de\/wp-up\/2018\/12\/20181206_214001-1.jpg 800w\" sizes=\"auto, (max-width: 150px) 100vw, 150px\" \/><\/a><a title=\"Brilon\" href=\"http:\/\/www.feuerwehr-brilon.de\/?page_id=7\" target=\"_blank\">Brilon. <\/a>Die Feuerwehr Brilon ist am Donnerstagabend (6.12.) um 20:25 Uhr zu einer \u00d6lspur alarmiert worden. In einem Industriebetrieb im Gewerbegebiet &#8222;Am Gallberg&#8220; hat ein LKW durch einen besch\u00e4digten Treibstofftank eine ca. 100 m lange Dieselspur auf dem Betriebsgel\u00e4nde gezogen. <!--more--><\/p>\n<p>Durch leichten Regen hat sich der ausgelaufene Treibstoff auf eine Fl\u00e4che von ca. 5.000 qm ausgebreitet. Nach Eintreffen der Einsatzkr\u00e4fte sind unverz\u00fcglich Regenwasser-Abl\u00e4ufe mittels \u00d6lbindemittel gesichert und eine weitere Ausbreitung des Diesel durch Auffangen verhindert worden.<\/p>\n<p>Die Hoffl\u00e4che wurde mit \u00d6lbindemittel abgestreut. Zur Aufnahme des Bindemittels wurde eine Kehrmaschine des st\u00e4dtischen Bauhofes angefordert. <\/p>\n<p>Nach gut drei Stunden stellten die 11 Kameraden die Einsatzbereitschaft wieder her. Zur Ursache der Havarie und zur Schadensh\u00f6he liegen der Feuerwehr keine Angaben vor.<\/p>\n<p style=\"border-color: #696969; border-width: 2px; border-style: solid; padding: 4px;\"><strong>Eingesetzte Einheiten:<\/strong><br \/>\n<a href=\"http:\/\/www.feuerwehr-brilon.de\/?page_id=7\"><img loading=\"lazy\" decoding=\"async\" class=\"alignnone\" title=\"lz brilon\" src=\"http:\/\/www.feuerwehr-brilon.de\/images\/einsatz_details\/lz_brilon.jpg\" alt=\"\" width=\"110\" height=\"31\" \/><\/a>  <\/p>\n<p style=\"border-color: #696969; border-width: 2px; border-style: solid; padding: 4px;\"><strong>Eingesetzte Fahrzeuge:<\/strong><br \/>\n<a href=\"http:\/\/www.feuerwehr-brilon.de\/?page_id=8508\"><img loading=\"lazy\" decoding=\"async\" class=\"alignnone\" src=\"http:\/\/www.feuerwehr-brilon.de\/images\/einsatz_details\/052401.jpg\" alt=\"\" width=\"110\" height=\"31\" \/><\/a><a href=\"http:\/\/www.feuerwehr-brilon.de\/?page_id=11756\"><img loading=\"lazy\" decoding=\"async\" class=\"alignnone\" src=\"http:\/\/www.feuerwehr-brilon.de\/images\/einsatz_details\/gwl2.jpg\" alt=\"\" width=\"110\" height=\"31\" \/><\/a><a href=\"http:\/\/www.feuerwehr-brilon.de\/?page_id=811\"><img loading=\"lazy\" decoding=\"async\" class=\"alignnone\" src=\"http:\/\/www.feuerwehr-brilon.de\/images\/einsatz_details\/059201.jpg\" alt=\"\" width=\"110\" height=\"31\" \/><\/a><\/p>\n<p><strong>Bilder:<\/strong><br \/>\n<a rel=\"lightbox\" href=\"https:\/\/www.feuerwehr-brilon.de\/wp-up\/2018\/12\/20181206_214001-1.jpg\"><img loading=\"lazy\" decoding=\"async\" src=\"https:\/\/www.feuerwehr-brilon.de\/wp-up\/2018\/12\/20181206_214001-1-150x113.jpg\" alt=\"\" width=\"150\" height=\"113\" class=\"alignleft size-thumbnail wp-image-16571\" srcset=\"https:\/\/www.feuerwehr-brilon.de\/wp-up\/2018\/12\/20181206_214001-1-150x113.jpg 150w, https:\/\/www.feuerwehr-brilon.de\/wp-up\/2018\/12\/20181206_214001-1-500x375.jpg 500w, https:\/\/www.feuerwehr-brilon.de\/wp-up\/2018\/12\/20181206_214001-1.jpg 800w\" sizes=\"auto, (max-width: 150px) 100vw, 150px\" \/><\/a><a rel=\"lightbox\" href=\"https:\/\/www.feuerwehr-brilon.de\/wp-up\/2018\/12\/20181206_214155-1.jpg\"><img loading=\"lazy\" decoding=\"async\" src=\"https:\/\/www.feuerwehr-brilon.de\/wp-up\/2018\/12\/20181206_214155-1-150x113.jpg\" alt=\"\" width=\"150\" height=\"113\" class=\"alignleft size-thumbnail wp-image-16572\" srcset=\"https:\/\/www.feuerwehr-brilon.de\/wp-up\/2018\/12\/20181206_214155-1-150x113.jpg 150w, https:\/\/www.feuerwehr-brilon.de\/wp-up\/2018\/12\/20181206_214155-1-500x375.jpg 500w, https:\/\/www.feuerwehr-brilon.de\/wp-up\/2018\/12\/20181206_214155-1.jpg 800w\" sizes=\"auto, (max-width: 150px) 100vw, 150px\" \/><\/a><a rel=\"lightbox\" href=\"https:\/\/www.feuerwehr-brilon.de\/wp-up\/2018\/12\/20181206_214115-1.jpg\"><img loading=\"lazy\" decoding=\"async\" src=\"https:\/\/www.feuerwehr-brilon.de\/wp-up\/2018\/12\/20181206_214115-1-150x113.jpg\" alt=\"\" width=\"150\" height=\"113\" class=\"alignleft size-thumbnail wp-image-16573\" srcset=\"https:\/\/www.feuerwehr-brilon.de\/wp-up\/2018\/12\/20181206_214115-1-150x113.jpg 150w, https:\/\/www.feuerwehr-brilon.de\/wp-up\/2018\/12\/20181206_214115-1-500x375.jpg 500w, https:\/\/www.feuerwehr-brilon.de\/wp-up\/2018\/12\/20181206_214115-1.jpg 800w\" sizes=\"auto, (max-width: 150px) 100vw, 150px\" \/><\/a><\/p>\n","protected":false},"excerpt":{"rendered":"<p>Brilon. Die Feuerwehr Brilon ist am Donnerstagabend (6.12.) um 20:25 Uhr zu einer \u00d6lspur alarmiert worden. In einem Industriebetrieb im Gewerbegebiet &#8222;Am Gallberg&#8220; hat ein LKW durch einen besch\u00e4digten Treibstofftank eine ca. 100 m lange Dieselspur auf dem Betriebsgel\u00e4nde gezogen.<\/p>\n","protected":false},"author":8,"featured_media":0,"comment_status":"closed","ping_status":"closed","sticky":false,"template":"","format":"standard","meta":{"_exactmetrics_skip_tracking":false,"_exactmetrics_sitenote_active":false,"_exactmetrics_sitenote_note":"","_exactmetrics_sitenote_category":0,"jetpack_post_was_ever_published":false,"_jetpack_newsletter_access":"","_jetpack_dont_email_post_to_subs":false,"_jetpack_newsletter_tier_id":0,"_jetpack_memberships_contains_paywalled_content":false,"_jetpack_memberships_contains_paid_content":false,"footnotes":""},"categories":[208],"tags":[37,36,170],"class_list":["post-16569","post","type-post","status-publish","format-standard","hentry","category-einsaetze-2018","tag-brilon","tag-geratewagen","tag-technische-hilfe"],"jetpack_featured_media_url":"","jetpack_shortlink":"https:\/\/wp.me\/pCIJa-4jf","jetpack_sharing_enabled":true,"jetpack-related-posts":[{"id":10627,"url":"https:\/\/www.feuerwehr-brilon.de\/?p=10627","url_meta":{"origin":16569,"position":0},"title":"Dieselspur auf der B480 bei W\u00fclfte","author":"Andreas Becker","date":"20. Juni 2014","format":false,"excerpt":"W\u00fclfte. Eine defekte Dieselleitung an einem LKW rief am Freitagmorgen (20.6.) gegen 11 Uhr, die Feuerwehren aus Scharfenberg, W\u00fclfte und Alme auf den Plan. Der LKW befuhr die B480 vom Osterhof in Richtung Alme. Durch einen Defekt verlor er auf der gesamten Strecke Diesel. Die alarmierten Feuerwehren streuten die Dieselspur\u2026","rel":"","context":"In &quot;Eins\u00e4tze 2014&quot;","block_context":{"text":"Eins\u00e4tze 2014","link":"https:\/\/www.feuerwehr-brilon.de\/?cat=184"},"img":{"alt_text":"oel_b480_1","src":"https:\/\/i0.wp.com\/www.feuerwehr-brilon.de\/wp-up\/2014\/06\/oel_b480_1-150x84.jpg?resize=350%2C200","width":350,"height":200},"classes":[]},{"id":9504,"url":"https:\/\/www.feuerwehr-brilon.de\/?p=9504","url_meta":{"origin":16569,"position":1},"title":"Einsatzbilanz Weihnachten 2013","author":"Andreas Becker","date":"25. Dezember 2013","format":false,"excerpt":"Brilon. Am Heiligabend gegen 21 Uhr wurde der Feuerwehrleitstelle durch einen Autofahrer eine Gefahrenstelle auf der B7 (H\u00f6he Lederke) gemeldet. Ein Baum sollte in die Fahrbahn hineinragen. Eine Schleife des L\u00f6schzug Brilon wurde alarmiert und r\u00fcckte mit sechs Mann aus. Da nach l\u00e4ngerer Suche, auch mit Unterst\u00fctzung der Polizei, jedoch\u2026","rel":"","context":"In &quot;Eins\u00e4tze 2013&quot;","block_context":{"text":"Eins\u00e4tze 2013","link":"https:\/\/www.feuerwehr-brilon.de\/?cat=176"},"img":{"alt_text":"","src":"\/images\/logo\/LZ_brilon.jpg","width":350,"height":200},"classes":[]},{"id":23653,"url":"https:\/\/www.feuerwehr-brilon.de\/?p=23653","url_meta":{"origin":16569,"position":2},"title":"\u00d6lspur auf der Altenb\u00fcrener Stra\u00dfe","author":"Marcus Bange","date":"19. Juli 2021","format":false,"excerpt":"Brilon. Die Briloner Feuerwehr hat am Montagmorgen (19.07.2021) eine rund 1.000 m lange \u00d6lspur an der Jakobuslinde und auf der Altenb\u00fcrener Stra\u00dfe beseitigt. Ein Mobilbaukran hatte gegen 7.00 Uhr auf der Anfahrt zu einer Baustelle im Stadtgebiet vermutlich einen technischen Defekt. Der Fahrzeugf\u00fchrer stoppte das 48 t schwere Fahrzeug in\u2026","rel":"","context":"In &quot;Eins\u00e4tze 2021&quot;","block_context":{"text":"Eins\u00e4tze 2021","link":"https:\/\/www.feuerwehr-brilon.de\/?cat=265"},"img":{"alt_text":"","src":"https:\/\/i0.wp.com\/www.feuerwehr-brilon.de\/wp-up\/2021\/07\/Oelspur-3.jpg?resize=350%2C200&ssl=1","width":350,"height":200,"srcset":"https:\/\/i0.wp.com\/www.feuerwehr-brilon.de\/wp-up\/2021\/07\/Oelspur-3.jpg?resize=350%2C200&ssl=1 1x, https:\/\/i0.wp.com\/www.feuerwehr-brilon.de\/wp-up\/2021\/07\/Oelspur-3.jpg?resize=525%2C300&ssl=1 1.5x, https:\/\/i0.wp.com\/www.feuerwehr-brilon.de\/wp-up\/2021\/07\/Oelspur-3.jpg?resize=700%2C400&ssl=1 2x"},"classes":[]},{"id":7067,"url":"https:\/\/www.feuerwehr-brilon.de\/?p=7067","url_meta":{"origin":16569,"position":3},"title":"Zwei \u00d6lspuren am Wochenende in Brilon","author":"Andreas Becker","date":"24. Juli 2012","format":false,"excerpt":"Der L\u00f6schzug Brilon mu\u00dfte am Wochenende zwei \u00d6lspuren beseitigen. Am Freitagabend gegen 19 Uhr verlor ein Kradfahrer auf der Umgehungsstra\u00dfe Richtung Willingen die Kontrolle \u00fcber sein Motorrad. Das Motorrad wurde komplett zerst\u00f6rt und es liefen Betriebsstoffe auf einer L\u00e4nge von 10m aus. Diese wurden mittels \u00d6lbindemittel durch drei Feuerwehrm\u00e4nner aufgenommen.\u2026","rel":"","context":"In &quot;Eins\u00e4tze 2012&quot;","block_context":{"text":"Eins\u00e4tze 2012","link":"https:\/\/www.feuerwehr-brilon.de\/?cat=171"},"img":{"alt_text":"","src":"https:\/\/i0.wp.com\/www.feuerwehr-brilon.de\/wp-up\/2011\/08\/xDSC00058-112x150.jpg?resize=350%2C200","width":350,"height":200},"classes":[]},{"id":11613,"url":"https:\/\/www.feuerwehr-brilon.de\/?p=11613","url_meta":{"origin":16569,"position":4},"title":"Brand in Nehden","author":"Andreas Becker","date":"16. M\u00e4rz 2015","format":false,"excerpt":"Nehden. Die Briloner Feuerwehr hat am Montagnachmittag ein Feuer in Nehden gel\u00f6scht. Dort war an einem Mehrfamilienwohnhaus an der Stra\u00dfe Zur Kapelle ein Carport in Brand geraten. Durch den schnellen Einsatz der Feuerwehr konnte der Brand unter Kontrolle gebracht werden. Ein \u00dcbergreifen auf das direkt angebaute Wohnhaus wurde so verhindert.\u2026","rel":"","context":"In &quot;Eins\u00e4tze 2015&quot;","block_context":{"text":"Eins\u00e4tze 2015","link":"https:\/\/www.feuerwehr-brilon.de\/?cat=191"},"img":{"alt_text":"Brand Zur Kapelle 2 (1)","src":"https:\/\/i0.wp.com\/www.feuerwehr-brilon.de\/wp-up\/2015\/03\/Brand-Zur-Kapelle-2-1-150x112.jpg?resize=350%2C200","width":350,"height":200},"classes":[]},{"id":5846,"url":"https:\/\/www.feuerwehr-brilon.de\/?p=5846","url_meta":{"origin":16569,"position":5},"title":"Schwerer Verkehrsunfall bei Brilon","author":"Andreas Becker","date":"3. November 2011","format":false,"excerpt":"Die Feuerwehr Brilon hat am Donnerstagmittag einen 76-j\u00e4hrigen PKW Fahrer aus seinem Fahrzeug befreit. Der PKW war an der Ampelkreuzung B 7 - Lederke in Fahrtrichtung Brilon seitlich mit einem in Richtung Steinbruch fahrenden LKW zusammengesto\u00dfen. Er wurde mit hydraulischem Rettungsger\u00e4taus seinem Fahrzeug befreit und vom Rettungsdienst verletzt ins Krankenhaus\u2026","rel":"","context":"In &quot;Eins\u00e4tze 2011&quot;","block_context":{"text":"Eins\u00e4tze 2011","link":"https:\/\/www.feuerwehr-brilon.de\/?cat=132"},"img":{"alt_text":"","src":"https:\/\/i0.wp.com\/www.feuerwehr-brilon.de\/wp-up\/2011\/11\/VU_B7-150x100.jpg?resize=350%2C200&ssl=1","width":350,"height":200},"classes":[]}],"_links":{"self":[{"href":"https:\/\/www.feuerwehr-brilon.de\/index.php?rest_route=\/wp\/v2\/posts\/16569","targetHints":{"allow":["GET"]}}],"collection":[{"href":"https:\/\/www.feuerwehr-brilon.de\/index.php?rest_route=\/wp\/v2\/posts"}],"about":[{"href":"https:\/\/www.feuerwehr-brilon.de\/index.php?rest_route=\/wp\/v2\/types\/post"}],"author":[{"embeddable":true,"href":"https:\/\/www.feuerwehr-brilon.de\/index.php?rest_route=\/wp\/v2\/users\/8"}],"replies":[{"embeddable":true,"href":"https:\/\/www.feuerwehr-brilon.de\/index.php?rest_route=%2Fwp%2Fv2%2Fcomments&post=16569"}],"version-history":[{"count":3,"href":"https:\/\/www.feuerwehr-brilon.de\/index.php?rest_route=\/wp\/v2\/posts\/16569\/revisions"}],"predecessor-version":[{"id":16578,"href":"https:\/\/www.feuerwehr-brilon.de\/index.php?rest_route=\/wp\/v2\/posts\/16569\/revisions\/16578"}],"wp:attachment":[{"href":"https:\/\/www.feuerwehr-brilon.de\/index.php?rest_route=%2Fwp%2Fv2%2Fmedia&parent=16569"}],"wp:term":[{"taxonomy":"category","embeddable":true,"href":"https:\/\/www.feuerwehr-brilon.de\/index.php?rest_route=%2Fwp%2Fv2%2Fcategories&post=16569"},{"taxonomy":"post_tag","embeddable":true,"href":"https:\/\/www.feuerwehr-brilon.de\/index.php?rest_route=%2Fwp%2Fv2%2Ftags&post=16569"}],"curies":[{"name":"wp","href":"https:\/\/api.w.org\/{rel}","templated":true}]}}