{"id":16583,"date":"2018-12-13T15:40:59","date_gmt":"2018-12-13T14:40:59","guid":{"rendered":"https:\/\/www.feuerwehr-brilon.de\/?p=16583"},"modified":"2018-12-13T15:47:47","modified_gmt":"2018-12-13T14:47:47","slug":"brand-in-hoppecke-4","status":"publish","type":"post","link":"https:\/\/www.feuerwehr-brilon.de\/?p=16583","title":{"rendered":"Brand in Hoppecke"},"content":{"rendered":"<p><a href=\"http:\/\/www.feuerwehr-brilon.de\/?p=16583\"><img loading=\"lazy\" decoding=\"async\" class=\"alignleft size-thumbnail wp-image-16592\" src=\"https:\/\/www.feuerwehr-brilon.de\/wp-up\/2018\/12\/Symbolbild-2-150x113.jpg\" alt=\"\" width=\"150\" height=\"113\" srcset=\"https:\/\/www.feuerwehr-brilon.de\/wp-up\/2018\/12\/Symbolbild-2-150x113.jpg 150w, https:\/\/www.feuerwehr-brilon.de\/wp-up\/2018\/12\/Symbolbild-2-500x375.jpg 500w, https:\/\/www.feuerwehr-brilon.de\/wp-up\/2018\/12\/Symbolbild-2.jpg 800w\" sizes=\"auto, (max-width: 150px) 100vw, 150px\" \/><\/a><a title=\"Brilon\" href=\"http:\/\/www.feuerwehr-brilon.de\/?page_id=7\" target=\"_blank\">Brilon. <\/a>Die Feuerwehr Brilon hat am Donnerstagmittag einen Brand in einem Industriebetrieb in Hoppecke gel\u00f6scht. Gegen 11.50 Uhr wurde ein Feuer in einem Abluftsystem festgestellt. Der Brand konnte unter Einsatz von schwerem Atemschutz unter Kontrolle gebracht werden. Durch mehrere Glutnester waren l\u00e4ngere Nachl\u00f6scharbeiten erforderlich.<!--more--><\/p>\n<p>Die L\u00f6schgruppen Hoppecke und Messinghausen sowie der L\u00f6schzug Brilon waren bis 14.30 Uhr im Einsatz. Insgesamt waren 30 Einsatzkr\u00e4fte vor Ort. <\/p>\n<p>Zur Brandursache und zur H\u00f6he des Sachschadens liegen der Feuerwehr keine Angaben vor. <\/p>\n<p style=\"padding: 4px; border: 2px solid #696969;\"><strong>Eingesetzte Einheiten:<\/strong><br \/>\n<a href=\"http:\/\/www.feuerwehr-brilon.de\/?page_id=20\"><img loading=\"lazy\" decoding=\"async\" class=\"alignnone\" title=\"lg hoppecke\" src=\"http:\/\/www.feuerwehr-brilon.de\/images\/einsatz_details\/lg_hoppecke.jpg\" alt=\"\" width=\"110\" height=\"31\" \/><\/a><a href=\"http:\/\/www.feuerwehr-brilon.de\/?page_id=8\"><img loading=\"lazy\" decoding=\"async\" class=\"alignnone\" title=\"lg messinghausen\" src=\"http:\/\/www.feuerwehr-brilon.de\/images\/einsatz_details\/lg_messinghausen.jpg\" alt=\"\" width=\"110\" height=\"31\" \/><\/a><a href=\"http:\/\/www.feuerwehr-brilon.de\/?page_id=7\"><img loading=\"lazy\" decoding=\"async\" class=\"alignnone\" title=\"lz brilon\" src=\"http:\/\/www.feuerwehr-brilon.de\/images\/einsatz_details\/lz_brilon.jpg\" alt=\"\" width=\"110\" height=\"31\"><\/a><\/p>\n<p style=\"padding: 4px; border: 2px solid #696969;\"><strong>Eingesetzte Fahrzeuge:<\/strong><br \/>\n<a href=\"http:\/\/www.feuerwehr-brilon.de\/?page_id=819\"><img loading=\"lazy\" decoding=\"async\" class=\"alignnone\" src=\"http:\/\/www.feuerwehr-brilon.de\/images\/einsatz_details\/054805.jpg\" alt=\"\" width=\"110\" height=\"31\" \/><\/a><a href=\"http:\/\/www.feuerwehr-brilon.de\/?page_id=11756\"><img loading=\"lazy\" decoding=\"async\" class=\"alignnone\" src=\"http:\/\/www.feuerwehr-brilon.de\/images\/einsatz_details\/gwl2.jpg\" alt=\"\" width=\"110\" height=\"31\" \/><\/a><a href=\"http:\/\/www.feuerwehr-brilon.de\/?page_id=1329\"><img loading=\"lazy\" decoding=\"async\" class=\"alignnone\" src=\"http:\/\/www.feuerwehr-brilon.de\/images\/einsatz_details\/054701.jpg\" alt=\"\" width=\"110\" height=\"31\" \/><\/a><a href=\"http:\/\/www.feuerwehr-brilon.de\/?page_id=5162\"><img loading=\"lazy\" decoding=\"async\" class=\"alignnone\" src=\"http:\/\/www.feuerwehr-brilon.de\/images\/einsatz_details\/054801.jpg\" alt=\"\" width=\"110\" height=\"31\" \/><\/a><a href=\"http:\/\/www.feuerwehr-brilon.de\/?page_id=749\"><img loading=\"lazy\" decoding=\"async\" class=\"alignnone\" src=\"http:\/\/www.feuerwehr-brilon.de\/images\/einsatz_details\/051101.jpg\" alt=\"\" width=\"110\" height=\"31\" \/><\/a><a href=\"http:\/\/www.feuerwehr-brilon.de\/?page_id=8508\"><img loading=\"lazy\" decoding=\"async\" class=\"alignnone\" src=\"http:\/\/www.feuerwehr-brilon.de\/images\/einsatz_details\/052401.jpg\" alt=\"\" width=\"110\" height=\"31\"><\/a><a href=\"http:\/\/www.feuerwehr-brilon.de\/?page_id=803\"><img loading=\"lazy\" decoding=\"async\" class=\"alignnone\" src=\"http:\/\/www.feuerwehr-brilon.de\/images\/einsatz_details\/053301.jpg\" alt=\"\" width=\"110\" height=\"31\" \/><\/a><\/p>\n<p>&nbsp;<\/p>\n","protected":false},"excerpt":{"rendered":"<p>Brilon. Die Feuerwehr Brilon hat am Donnerstagmittag einen Brand in einem Industriebetrieb in Hoppecke gel\u00f6scht. Gegen 11.50 Uhr wurde ein Feuer in einem Abluftsystem festgestellt. Der Brand konnte unter Einsatz von schwerem Atemschutz unter Kontrolle gebracht werden. Durch mehrere Glutnester waren l\u00e4ngere Nachl\u00f6scharbeiten erforderlich.<\/p>\n","protected":false},"author":5,"featured_media":0,"comment_status":"closed","ping_status":"closed","sticky":false,"template":"","format":"standard","meta":{"_exactmetrics_skip_tracking":false,"_exactmetrics_sitenote_active":false,"_exactmetrics_sitenote_note":"","_exactmetrics_sitenote_category":0,"jetpack_post_was_ever_published":false,"_jetpack_newsletter_access":"","_jetpack_dont_email_post_to_subs":false,"_jetpack_newsletter_tier_id":0,"_jetpack_memberships_contains_paywalled_content":false,"_jetpack_memberships_contains_paid_content":false,"footnotes":""},"categories":[1],"tags":[],"class_list":["post-16583","post","type-post","status-publish","format-standard","hentry","category-allgemein"],"jetpack_featured_media_url":"","jetpack_shortlink":"https:\/\/wp.me\/pCIJa-4jt","jetpack_sharing_enabled":true,"jetpack-related-posts":[{"id":16415,"url":"https:\/\/www.feuerwehr-brilon.de\/?p=16415","url_meta":{"origin":16583,"position":0},"title":"Brand in Hoppecke","author":"Marcus Bange","date":"31. August 2018","format":false,"excerpt":"Brilon. Die Feuerwehr Brilon wurde am Freitagmittag (31.08.2018) um 13.02 Uhr zu einem Brand in Hoppecke alarmiert. Dort war in einem Industriebetrieb eine au\u00dferhalb der Werksgeb\u00e4ude an der L 870 liegende Stromverteilung in Brand geraten. Die Feuerwehr konnte den brennenden Schaltschrank unter Einsatz von schwerem Atemschutz mit Kohlendioxid schnell l\u00f6schen.\u2026","rel":"","context":"In &quot;Eins\u00e4tze 2018&quot;","block_context":{"text":"Eins\u00e4tze 2018","link":"https:\/\/www.feuerwehr-brilon.de\/?cat=208"},"img":{"alt_text":"","src":"https:\/\/i0.wp.com\/www.feuerwehr-brilon.de\/wp-up\/2018\/08\/Brand-Hoppecke-1-150x113.jpg?resize=350%2C200&ssl=1","width":350,"height":200},"classes":[]},{"id":13144,"url":"https:\/\/www.feuerwehr-brilon.de\/?p=13144","url_meta":{"origin":16583,"position":1},"title":"Brand in Hoppecke","author":"Marcus Bange","date":"20. Januar 2016","format":false,"excerpt":"Hoppecke. Die Feuerwehr Brilon hat am Dienstagabend einen Brand in einem Industriebetrieb in Hoppecke gel\u00f6scht. Gegen 18.20 Uhr wurde ein Feuer in einem Abluftsystem festgestellt. Der Brand konnte mit L\u00f6schpulver schnell abgel\u00f6scht werden. In den Rohrleitungen hatten sich jedoch Glutnester gebildet. Dort waren nachgelagerte Nachl\u00f6scharbeiten erforderlich. Die L\u00f6schgruppen Hoppecke und\u2026","rel":"","context":"In &quot;Eins\u00e4tze 2016&quot;","block_context":{"text":"Eins\u00e4tze 2016","link":"https:\/\/www.feuerwehr-brilon.de\/?cat=201"},"img":{"alt_text":"Brand Hoppecke 1 neu","src":"https:\/\/i0.wp.com\/www.feuerwehr-brilon.de\/wp-up\/2016\/01\/Brand-Hoppecke-1-neu-150x84.jpg?resize=350%2C200","width":350,"height":200},"classes":[]},{"id":21713,"url":"https:\/\/www.feuerwehr-brilon.de\/?p=21713","url_meta":{"origin":16583,"position":2},"title":"Brandeinsatz in Hoppecke","author":"Andreas Becker","date":"17. August 2019","format":false,"excerpt":"Hoppecke. Die Feuerwehr Brilon ist heute morgen (17.8.) um 7.30 Uhr zu einem Brandeinsatz nach Hoppecke alarmiert worden. In einem Industriebetrieb ist die Fassade eines Lagerbunkers in Brand geraten. Die L\u00f6schma\u00dfnahmen dauern zur Zeit (10 Uhr) an und sind sehr aufwendig, da die Fassade des Bunkers ge\u00f6ffnet werden muss. Im\u2026","rel":"","context":"In &quot;Eins\u00e4tze 2019&quot;","block_context":{"text":"Eins\u00e4tze 2019","link":"https:\/\/www.feuerwehr-brilon.de\/?cat=222"},"img":{"alt_text":"","src":"https:\/\/i0.wp.com\/www.feuerwehr-brilon.de\/wp-up\/2019\/08\/20190817_083754-1.jpg?resize=350%2C200&ssl=1","width":350,"height":200,"srcset":"https:\/\/i0.wp.com\/www.feuerwehr-brilon.de\/wp-up\/2019\/08\/20190817_083754-1.jpg?resize=350%2C200&ssl=1 1x, https:\/\/i0.wp.com\/www.feuerwehr-brilon.de\/wp-up\/2019\/08\/20190817_083754-1.jpg?resize=525%2C300&ssl=1 1.5x, https:\/\/i0.wp.com\/www.feuerwehr-brilon.de\/wp-up\/2019\/08\/20190817_083754-1.jpg?resize=700%2C400&ssl=1 2x"},"classes":[]},{"id":22786,"url":"https:\/\/www.feuerwehr-brilon.de\/?p=22786","url_meta":{"origin":16583,"position":3},"title":"Brand in Brilon-Wald","author":"Marcus Bange","date":"18. September 2020","format":false,"excerpt":"Brilon-Wald. Die Feuerwehr Brilon hat am Freitagmorgen einen Brand in Brilon-Wald gel\u00f6scht. Anwohner hatten an der Korbacher Stra\u00dfe wurde gegen 5.20 Uhr ein Feuer in einer Garage entdeckt und die Feuerwehr alarmiert. Bei Eintreffen der L\u00f6schgruppe Hoppecke brannte ein Einstellplatz einer Doppelgarage. Das Tor musste gewaltsam ge\u00f6ffnet werden, der Brand\u2026","rel":"","context":"In &quot;Eins\u00e4tze 2020&quot;","block_context":{"text":"Eins\u00e4tze 2020","link":"https:\/\/www.feuerwehr-brilon.de\/?cat=236"},"img":{"alt_text":"","src":"https:\/\/i0.wp.com\/www.feuerwehr-brilon.de\/wp-up\/2020\/09\/Garage-Brilon-Wald-1.jpg?resize=350%2C200&ssl=1","width":350,"height":200,"srcset":"https:\/\/i0.wp.com\/www.feuerwehr-brilon.de\/wp-up\/2020\/09\/Garage-Brilon-Wald-1.jpg?resize=350%2C200&ssl=1 1x, https:\/\/i0.wp.com\/www.feuerwehr-brilon.de\/wp-up\/2020\/09\/Garage-Brilon-Wald-1.jpg?resize=525%2C300&ssl=1 1.5x, https:\/\/i0.wp.com\/www.feuerwehr-brilon.de\/wp-up\/2020\/09\/Garage-Brilon-Wald-1.jpg?resize=700%2C400&ssl=1 2x"},"classes":[]},{"id":60,"url":"https:\/\/www.feuerwehr-brilon.de\/?p=60","url_meta":{"origin":16583,"position":4},"title":"Brand in Hoppecke","author":"Marcus Bange","date":"3. Februar 2008","format":false,"excerpt":"Die L\u00f6schgruppe Hoppecke hat am fr\u00fchen Morgen (Sonntag, 03.02.2008) einen Brand in einem Industriebetrieb an der Bontkirchener Stra\u00dfe gel\u00f6scht. Dort war gegen 3.00 Uhr eine Absauganlage in Brand geraten. Das Feuer konnte unter Atemschutz schnell abgel\u00f6scht werden, weitere Ma\u00dfnahmen waren nicht erforderlich. Die L\u00f6schgruppe Hoppecke war rund 1 \u00bd Stunden\u2026","rel":"","context":"In &quot;Eins\u00e4tze 2008&quot;","block_context":{"text":"Eins\u00e4tze 2008","link":"https:\/\/www.feuerwehr-brilon.de\/?cat=3"},"img":{"alt_text":"","src":"","width":0,"height":0},"classes":[]},{"id":21958,"url":"https:\/\/www.feuerwehr-brilon.de\/?p=21958","url_meta":{"origin":16583,"position":5},"title":"Brand in Brilon-Wald","author":"Marcus Bange","date":"20. Dezember 2019","format":false,"excerpt":"Brilon-Wald. Die Feuerwehr Brilon hat am Freitagmorgen einen Brand bei einem Betrieb in Brilon-Wald gel\u00f6scht. An der Korbacher Stra\u00dfe war in einem Anbau im Garten eine Pelletheizung in Brand geraten. Die um 10:19 Uhr alarmierte Feuerwehr l\u00f6schte das Feuer unter Einsatz von schwerem Atemschutz und bef\u00f6rderte die Pellets in den\u2026","rel":"","context":"In &quot;Eins\u00e4tze 2019&quot;","block_context":{"text":"Eins\u00e4tze 2019","link":"https:\/\/www.feuerwehr-brilon.de\/?cat=222"},"img":{"alt_text":"","src":"https:\/\/i0.wp.com\/www.feuerwehr-brilon.de\/wp-up\/2019\/12\/Brand-Brilon-Wald-Pellets-1-150x113.jpg?resize=350%2C200&ssl=1","width":350,"height":200},"classes":[]}],"_links":{"self":[{"href":"https:\/\/www.feuerwehr-brilon.de\/index.php?rest_route=\/wp\/v2\/posts\/16583","targetHints":{"allow":["GET"]}}],"collection":[{"href":"https:\/\/www.feuerwehr-brilon.de\/index.php?rest_route=\/wp\/v2\/posts"}],"about":[{"href":"https:\/\/www.feuerwehr-brilon.de\/index.php?rest_route=\/wp\/v2\/types\/post"}],"author":[{"embeddable":true,"href":"https:\/\/www.feuerwehr-brilon.de\/index.php?rest_route=\/wp\/v2\/users\/5"}],"replies":[{"embeddable":true,"href":"https:\/\/www.feuerwehr-brilon.de\/index.php?rest_route=%2Fwp%2Fv2%2Fcomments&post=16583"}],"version-history":[{"count":3,"href":"https:\/\/www.feuerwehr-brilon.de\/index.php?rest_route=\/wp\/v2\/posts\/16583\/revisions"}],"predecessor-version":[{"id":16595,"href":"https:\/\/www.feuerwehr-brilon.de\/index.php?rest_route=\/wp\/v2\/posts\/16583\/revisions\/16595"}],"wp:attachment":[{"href":"https:\/\/www.feuerwehr-brilon.de\/index.php?rest_route=%2Fwp%2Fv2%2Fmedia&parent=16583"}],"wp:term":[{"taxonomy":"category","embeddable":true,"href":"https:\/\/www.feuerwehr-brilon.de\/index.php?rest_route=%2Fwp%2Fv2%2Fcategories&post=16583"},{"taxonomy":"post_tag","embeddable":true,"href":"https:\/\/www.feuerwehr-brilon.de\/index.php?rest_route=%2Fwp%2Fv2%2Ftags&post=16583"}],"curies":[{"name":"wp","href":"https:\/\/api.w.org\/{rel}","templated":true}]}}