{"id":16622,"date":"2018-12-27T16:10:04","date_gmt":"2018-12-27T15:10:04","guid":{"rendered":"https:\/\/www.feuerwehr-brilon.de\/?p=16622"},"modified":"2018-12-27T16:10:04","modified_gmt":"2018-12-27T15:10:04","slug":"brandeinsatz-in-brilon-wald","status":"publish","type":"post","link":"https:\/\/www.feuerwehr-brilon.de\/?p=16622","title":{"rendered":"Brandeinsatz in Brilon Wald"},"content":{"rendered":"<p><a rel=\"lightbox\" href=\"https:\/\/www.feuerwehr-brilon.de\/wp-up\/2018\/12\/pm-1i.jpg\"><img loading=\"lazy\" decoding=\"async\" width=\"150\" height=\"113\" class=\"alignleft size-thumbnail wp-image-16624\" alt=\"\" src=\"https:\/\/www.feuerwehr-brilon.de\/wp-up\/2018\/12\/pm-1i-150x113.jpg\" srcset=\"https:\/\/www.feuerwehr-brilon.de\/wp-up\/2018\/12\/pm-1i-150x113.jpg 150w, https:\/\/www.feuerwehr-brilon.de\/wp-up\/2018\/12\/pm-1i-500x375.jpg 500w, https:\/\/www.feuerwehr-brilon.de\/wp-up\/2018\/12\/pm-1i.jpg 800w\" sizes=\"auto, (max-width: 150px) 100vw, 150px\" \/><\/a>Die Feuerwehr Brilon wurde am fr\u00fchen Morgen des zweiten Weihnachtstages um 6 Uhr zu einem Brand einer Gartenh\u00fctte in Brilon Wald alarmiert. Die Gartenh\u00fctte stand bereits im Vollbrand und entpuppte sich als kleiner, schwer zug\u00e4nglicher, Stall. <!--more-->Die Wasserversorgung musste zus\u00e4tzlich noch \u00fcber die Wassertanks der Einsatzfahrzeuge im Pendelverkehr sichergestellt werden. Daher ben\u00f6tigten die 24 Einsatzkr\u00e4fte aus Hoppecke und Brilon etwa zweieinhalb Stunden f\u00fcr die Brandbek\u00e4mpfung. Die H\u00f6he des Sachschadens ist der Feuerwehr nicht bekannt, Menschen und Tiere kamen nicht zu Schaden. \u00dcber die Brandursachen liegen der Feuerwehr keine Angaben vor.<\/p>\n<p style=\"padding: 4px; border: 2px solid #696969;\"><strong>Eingesetzte Einheiten:<\/strong><br \/>\n<a href=\"http:\/\/www.feuerwehr-brilon.de\/?page_id=20\"><img loading=\"lazy\" decoding=\"async\" width=\"110\" height=\"31\" title=\"lg hoppecke\" class=\"alignnone\" alt=\"\" src=\"http:\/\/www.feuerwehr-brilon.de\/images\/einsatz_details\/lg_hoppecke.jpg\"><\/a><a href=\"http:\/\/www.feuerwehr-brilon.de\/?page_id=7\"><img loading=\"lazy\" decoding=\"async\" width=\"110\" height=\"31\" title=\"lz brilon\" class=\"alignnone\" alt=\"\" src=\"http:\/\/www.feuerwehr-brilon.de\/images\/einsatz_details\/lz_brilon.jpg\"><\/a><\/p>\n<p style=\"padding: 4px; border: 2px solid #696969;\"><strong>Eingesetzte Fahrzeuge:<\/strong><br \/>\n<a href=\"http:\/\/www.feuerwehr-brilon.de\/?page_id=819\"><img loading=\"lazy\" decoding=\"async\" width=\"110\" height=\"31\" class=\"alignnone\" alt=\"\" src=\"http:\/\/www.feuerwehr-brilon.de\/images\/einsatz_details\/054805.jpg\"><\/a><a href=\"http:\/\/www.feuerwehr-brilon.de\/?page_id=11756\"><img loading=\"lazy\" decoding=\"async\" width=\"110\" height=\"31\" class=\"alignnone\" alt=\"\" src=\"http:\/\/www.feuerwehr-brilon.de\/images\/einsatz_details\/gwl2.jpg\"><\/a><a href=\"http:\/\/www.feuerwehr-brilon.de\/?page_id=8508\"><img loading=\"lazy\" decoding=\"async\" width=\"110\" height=\"31\" class=\"alignnone\" alt=\"\" src=\"http:\/\/www.feuerwehr-brilon.de\/images\/einsatz_details\/052401.jpg\"><\/a><a href=\"http:\/\/www.feuerwehr-brilon.de\/?page_id=13962\"><img loading=\"lazy\" decoding=\"async\" width=\"110\" height=\"31\" class=\"alignnone\" alt=\"\" src=\"http:\/\/www.feuerwehr-brilon.de\/images\/einsatz_details\/054601.jpg\"><\/a><\/p>\n<p><strong>Bilder:<\/strong><\/p>\n<p><a rel=\"lightbox\" href=\"https:\/\/www.feuerwehr-brilon.de\/wp-up\/2018\/12\/pm-1i.jpg\"><img loading=\"lazy\" decoding=\"async\" width=\"150\" height=\"113\" class=\"alignleft size-thumbnail wp-image-16624\" alt=\"\" src=\"https:\/\/www.feuerwehr-brilon.de\/wp-up\/2018\/12\/pm-1i-150x113.jpg\" srcset=\"https:\/\/www.feuerwehr-brilon.de\/wp-up\/2018\/12\/pm-1i-150x113.jpg 150w, https:\/\/www.feuerwehr-brilon.de\/wp-up\/2018\/12\/pm-1i-500x375.jpg 500w, https:\/\/www.feuerwehr-brilon.de\/wp-up\/2018\/12\/pm-1i.jpg 800w\" sizes=\"auto, (max-width: 150px) 100vw, 150px\" \/><\/a> <a rel=\"lightbox\" href=\"https:\/\/www.feuerwehr-brilon.de\/wp-up\/2018\/12\/pm-2i.jpg\"><img loading=\"lazy\" decoding=\"async\" width=\"150\" height=\"113\" class=\"alignleft size-thumbnail wp-image-16625\" alt=\"\" src=\"https:\/\/www.feuerwehr-brilon.de\/wp-up\/2018\/12\/pm-2i-150x113.jpg\" srcset=\"https:\/\/www.feuerwehr-brilon.de\/wp-up\/2018\/12\/pm-2i-150x113.jpg 150w, https:\/\/www.feuerwehr-brilon.de\/wp-up\/2018\/12\/pm-2i-500x375.jpg 500w, https:\/\/www.feuerwehr-brilon.de\/wp-up\/2018\/12\/pm-2i.jpg 800w\" sizes=\"auto, (max-width: 150px) 100vw, 150px\" \/><\/a> <a rel=\"lightbox\" href=\"https:\/\/www.feuerwehr-brilon.de\/wp-up\/2018\/12\/pm-3i.jpg\"><img loading=\"lazy\" decoding=\"async\" width=\"150\" height=\"113\" class=\"alignleft size-thumbnail wp-image-16623\" alt=\"\" src=\"https:\/\/www.feuerwehr-brilon.de\/wp-up\/2018\/12\/pm-3i-150x113.jpg\" srcset=\"https:\/\/www.feuerwehr-brilon.de\/wp-up\/2018\/12\/pm-3i-150x113.jpg 150w, https:\/\/www.feuerwehr-brilon.de\/wp-up\/2018\/12\/pm-3i-500x375.jpg 500w, https:\/\/www.feuerwehr-brilon.de\/wp-up\/2018\/12\/pm-3i.jpg 800w\" sizes=\"auto, (max-width: 150px) 100vw, 150px\" \/><\/a><\/p>\n","protected":false},"excerpt":{"rendered":"<p>Die Feuerwehr Brilon wurde am fr\u00fchen Morgen des zweiten Weihnachtstages um 6 Uhr zu einem Brand einer Gartenh\u00fctte in Brilon Wald alarmiert. Die Gartenh\u00fctte stand bereits im Vollbrand und entpuppte sich als kleiner, schwer zug\u00e4nglicher, Stall.<\/p>\n","protected":false},"author":6,"featured_media":0,"comment_status":"closed","ping_status":"closed","sticky":false,"template":"","format":"standard","meta":{"_exactmetrics_skip_tracking":false,"_exactmetrics_sitenote_active":false,"_exactmetrics_sitenote_note":"","_exactmetrics_sitenote_category":0,"jetpack_post_was_ever_published":false,"_jetpack_newsletter_access":"","_jetpack_dont_email_post_to_subs":false,"_jetpack_newsletter_tier_id":0,"_jetpack_memberships_contains_paywalled_content":false,"_jetpack_memberships_contains_paid_content":false,"footnotes":""},"categories":[208],"tags":[197,37,186,46],"class_list":["post-16622","post","type-post","status-publish","format-standard","hentry","category-einsaetze-2018","tag-brand","tag-brilon","tag-brilon-wald","tag-hoppecke"],"jetpack_featured_media_url":"","jetpack_shortlink":"https:\/\/wp.me\/pCIJa-4k6","jetpack_sharing_enabled":true,"jetpack-related-posts":[{"id":22786,"url":"https:\/\/www.feuerwehr-brilon.de\/?p=22786","url_meta":{"origin":16622,"position":0},"title":"Brand in Brilon-Wald","author":"Marcus Bange","date":"18. September 2020","format":false,"excerpt":"Brilon-Wald. Die Feuerwehr Brilon hat am Freitagmorgen einen Brand in Brilon-Wald gel\u00f6scht. Anwohner hatten an der Korbacher Stra\u00dfe wurde gegen 5.20 Uhr ein Feuer in einer Garage entdeckt und die Feuerwehr alarmiert. Bei Eintreffen der L\u00f6schgruppe Hoppecke brannte ein Einstellplatz einer Doppelgarage. Das Tor musste gewaltsam ge\u00f6ffnet werden, der Brand\u2026","rel":"","context":"In &quot;Eins\u00e4tze 2020&quot;","block_context":{"text":"Eins\u00e4tze 2020","link":"https:\/\/www.feuerwehr-brilon.de\/?cat=236"},"img":{"alt_text":"","src":"https:\/\/i0.wp.com\/www.feuerwehr-brilon.de\/wp-up\/2020\/09\/Garage-Brilon-Wald-1.jpg?resize=350%2C200&ssl=1","width":350,"height":200,"srcset":"https:\/\/i0.wp.com\/www.feuerwehr-brilon.de\/wp-up\/2020\/09\/Garage-Brilon-Wald-1.jpg?resize=350%2C200&ssl=1 1x, https:\/\/i0.wp.com\/www.feuerwehr-brilon.de\/wp-up\/2020\/09\/Garage-Brilon-Wald-1.jpg?resize=525%2C300&ssl=1 1.5x, https:\/\/i0.wp.com\/www.feuerwehr-brilon.de\/wp-up\/2020\/09\/Garage-Brilon-Wald-1.jpg?resize=700%2C400&ssl=1 2x"},"classes":[]},{"id":1,"url":"https:\/\/www.feuerwehr-brilon.de\/?p=1","url_meta":{"origin":16622,"position":1},"title":"Br\u00e4nde in Brilon-Wald und Brilon","author":"Marcus Bange","date":"23. Mai 2008","format":false,"excerpt":"Der L\u00f6schzug Brilon hat in den vergangenen Nacht (23.05.08, 2.33 Uhr) ein Feuer in einer ehemaligen G\u00e4rtnerei an der Kreuziger Mauer gel\u00f6scht. Dort war ein kleiner Lagerschuppen in Brand geraten. Das Feuer konnte unter Atemschutz und \u00fcber die Drehleiter abgel\u00f6scht werden. Eine weitere Ausbreitung auf die Verkaufshallen und ein angrenzendes\u2026","rel":"","context":"In &quot;Eins\u00e4tze 2008&quot;","block_context":{"text":"Eins\u00e4tze 2008","link":"https:\/\/www.feuerwehr-brilon.de\/?cat=3"},"img":{"alt_text":"","src":"","width":0,"height":0},"classes":[]},{"id":10074,"url":"https:\/\/www.feuerwehr-brilon.de\/?p=10074","url_meta":{"origin":16622,"position":2},"title":"Verkehrsunfall in Brilon-Wald","author":"Marcus Bange","date":"10. April 2014","format":false,"excerpt":"Brilon Wald. Die Feuerwehr Brilon war heute bei einem Verkehrsunfall in Brilon-Wald im Einsatz. Am Kirchweg war ein 67-j\u00e4hriger PKW Fahrer mit seinem Fahrzeug r\u00fcckw\u00e4rts eine B\u00f6schung auf die dortigen Bahngleise hinabgest\u00fcrzt. Der Fahrer wurde dabei aus dem Fahrzeug geschleudert und unter dem PKW eingeklemmt. Er wurde von der Feuerwehr\u2026","rel":"","context":"In &quot;Eins\u00e4tze 2014&quot;","block_context":{"text":"Eins\u00e4tze 2014","link":"https:\/\/www.feuerwehr-brilon.de\/?cat=184"},"img":{"alt_text":"","src":"https:\/\/i0.wp.com\/www.feuerwehr-brilon.de\/wp-up\/2014\/04\/VU-Brilon-Wald-1-150x113.jpg?resize=350%2C200&ssl=1","width":350,"height":200},"classes":[]},{"id":21958,"url":"https:\/\/www.feuerwehr-brilon.de\/?p=21958","url_meta":{"origin":16622,"position":3},"title":"Brand in Brilon-Wald","author":"Marcus Bange","date":"20. Dezember 2019","format":false,"excerpt":"Brilon-Wald. Die Feuerwehr Brilon hat am Freitagmorgen einen Brand bei einem Betrieb in Brilon-Wald gel\u00f6scht. An der Korbacher Stra\u00dfe war in einem Anbau im Garten eine Pelletheizung in Brand geraten. Die um 10:19 Uhr alarmierte Feuerwehr l\u00f6schte das Feuer unter Einsatz von schwerem Atemschutz und bef\u00f6rderte die Pellets in den\u2026","rel":"","context":"In &quot;Eins\u00e4tze 2019&quot;","block_context":{"text":"Eins\u00e4tze 2019","link":"https:\/\/www.feuerwehr-brilon.de\/?cat=222"},"img":{"alt_text":"","src":"https:\/\/i0.wp.com\/www.feuerwehr-brilon.de\/wp-up\/2019\/12\/Brand-Brilon-Wald-Pellets-1-150x113.jpg?resize=350%2C200&ssl=1","width":350,"height":200},"classes":[]},{"id":31532,"url":"https:\/\/www.feuerwehr-brilon.de\/?p=31532","url_meta":{"origin":16622,"position":4},"title":"Verkehrsunfall in Brilon-Wald","author":"Marcus Bange","date":"2. Oktober 2023","format":false,"excerpt":"Brilon-Wald. Die Feuerwehr Brilon wurde am Montagmorgen (02.10.2023) zu einem Verkehrsunfall nach Brilon-Wald alarmiert. An der Einm\u00fcndung L 743 - Kirchweg war eine 85-j\u00e4hirge PKW-Fahrerin gegen 09:15 Uhr mit einem Transporter zusammengesto\u00dfen. Nach dem Unfall konnte die Fahrert\u00fcr des PKW nicht mehr ge\u00f6ffnet werden. Die alarmierte Feuerwehr entfernte die T\u00fcr\u2026","rel":"","context":"In &quot;Eins\u00e4tze 2023&quot;","block_context":{"text":"Eins\u00e4tze 2023","link":"https:\/\/www.feuerwehr-brilon.de\/?cat=335"},"img":{"alt_text":"","src":"https:\/\/i0.wp.com\/www.feuerwehr-brilon.de\/wp-up\/2023\/10\/VU-L-743-1.jpg?resize=350%2C200&ssl=1","width":350,"height":200,"srcset":"https:\/\/i0.wp.com\/www.feuerwehr-brilon.de\/wp-up\/2023\/10\/VU-L-743-1.jpg?resize=350%2C200&ssl=1 1x, https:\/\/i0.wp.com\/www.feuerwehr-brilon.de\/wp-up\/2023\/10\/VU-L-743-1.jpg?resize=525%2C300&ssl=1 1.5x, https:\/\/i0.wp.com\/www.feuerwehr-brilon.de\/wp-up\/2023\/10\/VU-L-743-1.jpg?resize=700%2C400&ssl=1 2x"},"classes":[]},{"id":22654,"url":"https:\/\/www.feuerwehr-brilon.de\/?p=22654","url_meta":{"origin":16622,"position":5},"title":"Fehlalarm in einer Fachklinik in Brilon-Wald","author":"Marcus Bange","date":"17. August 2020","format":false,"excerpt":"Brilon-Wald. Die Feuerwehr Brilon r\u00fcckte am Sonntagabend (16. August) zu einer Fachklinik nach Brilon Wald aus. Dort wurde die automatische Brandmeldeanlage ausgel\u00f6st. Bei Eintreffen der Feuerwehr hatten bereits alle Patienten und Mitarbeiter das Geb\u00e4ude verlassen. Nach einer umfangreichen Erkundung konnte jedoch kein Feuer festgestellt werden. Ein Grund f\u00fcr das Ausl\u00f6sen\u2026","rel":"","context":"In &quot;Allgemein&quot;","block_context":{"text":"Allgemein","link":"https:\/\/www.feuerwehr-brilon.de\/?cat=1"},"img":{"alt_text":"","src":"https:\/\/i0.wp.com\/www.feuerwehr-brilon.de\/wp-up\/2020\/08\/Brandmeldeanlage-Brilon-Wald-2.jpg?resize=350%2C200&ssl=1","width":350,"height":200,"srcset":"https:\/\/i0.wp.com\/www.feuerwehr-brilon.de\/wp-up\/2020\/08\/Brandmeldeanlage-Brilon-Wald-2.jpg?resize=350%2C200&ssl=1 1x, https:\/\/i0.wp.com\/www.feuerwehr-brilon.de\/wp-up\/2020\/08\/Brandmeldeanlage-Brilon-Wald-2.jpg?resize=525%2C300&ssl=1 1.5x, https:\/\/i0.wp.com\/www.feuerwehr-brilon.de\/wp-up\/2020\/08\/Brandmeldeanlage-Brilon-Wald-2.jpg?resize=700%2C400&ssl=1 2x"},"classes":[]}],"_links":{"self":[{"href":"https:\/\/www.feuerwehr-brilon.de\/index.php?rest_route=\/wp\/v2\/posts\/16622","targetHints":{"allow":["GET"]}}],"collection":[{"href":"https:\/\/www.feuerwehr-brilon.de\/index.php?rest_route=\/wp\/v2\/posts"}],"about":[{"href":"https:\/\/www.feuerwehr-brilon.de\/index.php?rest_route=\/wp\/v2\/types\/post"}],"author":[{"embeddable":true,"href":"https:\/\/www.feuerwehr-brilon.de\/index.php?rest_route=\/wp\/v2\/users\/6"}],"replies":[{"embeddable":true,"href":"https:\/\/www.feuerwehr-brilon.de\/index.php?rest_route=%2Fwp%2Fv2%2Fcomments&post=16622"}],"version-history":[{"count":2,"href":"https:\/\/www.feuerwehr-brilon.de\/index.php?rest_route=\/wp\/v2\/posts\/16622\/revisions"}],"predecessor-version":[{"id":16627,"href":"https:\/\/www.feuerwehr-brilon.de\/index.php?rest_route=\/wp\/v2\/posts\/16622\/revisions\/16627"}],"wp:attachment":[{"href":"https:\/\/www.feuerwehr-brilon.de\/index.php?rest_route=%2Fwp%2Fv2%2Fmedia&parent=16622"}],"wp:term":[{"taxonomy":"category","embeddable":true,"href":"https:\/\/www.feuerwehr-brilon.de\/index.php?rest_route=%2Fwp%2Fv2%2Fcategories&post=16622"},{"taxonomy":"post_tag","embeddable":true,"href":"https:\/\/www.feuerwehr-brilon.de\/index.php?rest_route=%2Fwp%2Fv2%2Ftags&post=16622"}],"curies":[{"name":"wp","href":"https:\/\/api.w.org\/{rel}","templated":true}]}}