{"id":16899,"date":"2019-03-10T12:25:13","date_gmt":"2019-03-10T11:25:13","guid":{"rendered":"https:\/\/www.feuerwehr-brilon.de\/?p=16899"},"modified":"2019-03-10T12:36:33","modified_gmt":"2019-03-10T11:36:33","slug":"sturmeinsaetze-im-stadtgebiet-brilon","status":"publish","type":"post","link":"https:\/\/www.feuerwehr-brilon.de\/?p=16899","title":{"rendered":"Sturmeins\u00e4tze im Stadtgebiet Brilon"},"content":{"rendered":"<p><a href=\"https:\/\/www.feuerwehr-brilon.de\/?p=16899\"><img loading=\"lazy\" decoding=\"async\" src=\"https:\/\/www.feuerwehr-brilon.de\/wp-up\/2019\/03\/Baum-Frankenweg-1-150x113.jpg\" alt=\"\" width=\"150\" height=\"113\" class=\"alignleft size-thumbnail wp-image-16902\" srcset=\"https:\/\/www.feuerwehr-brilon.de\/wp-up\/2019\/03\/Baum-Frankenweg-1-150x113.jpg 150w, https:\/\/www.feuerwehr-brilon.de\/wp-up\/2019\/03\/Baum-Frankenweg-1-500x375.jpg 500w, https:\/\/www.feuerwehr-brilon.de\/wp-up\/2019\/03\/Baum-Frankenweg-1.jpg 800w\" sizes=\"auto, (max-width: 150px) 100vw, 150px\" \/><\/a><a title=\"Brilon\" href=\"http:\/\/www.feuerwehr-brilon.de\/?page_id=7\" target=\"_blank\">Brilon. <\/a>Die Feuerwehr Brilon wurde am Samstagabend zu sechs Sturmeins\u00e4tzen alarmiert. Gegen 17.30 Uhr st\u00fcrzte ein Baum auf der B 480 zwischen Alme und W\u00fclfte auf die Fahrbahn. Die L\u00f6schgruppe Alme r\u00e4umte die Fahrbahn. <!--more-->Daneben wurden im Umfeld angebrochene \u00c4ste mit Hilfe der Drehleiter entfernt. 12 Einsatzkr\u00e4fte waren hier 1 1\/2 Stunden im Einsatz. Die L\u00f6schgruppen Scharfenberg und W\u00fclfte wurden zu umgest\u00fcrzten B\u00e4umen in der Unteren Stra\u00dfe, auf der Kreisstra\u00dfe 57 und an der M\u00f6hneburg alarmiert.<\/p>\n<p>Der L\u00f6schzug Brilon r\u00fcckte gegen 18.15 Uhr zu einem Einsatz am Frankenweg aus. Auf einem Parkplatz war ein Baum auf einen abgestellten PKW gefallen. Personen befanden sich nicht im Fahrzeug. Der Baum wurde mit der Motors\u00e4ge zerkleinert und entfernt. Acht Einsatzkr\u00e4fte waren 1 1\/2 Stunden im Einsatz. Zur Schadensh\u00f6he liegen hier keine Angaben vor.<\/p>\n<p>Die L\u00f6schgruppe Madfeld wurde um 19.25 Uhr zum sechsten Einsatz alarmiert. Auf der L 637 im Bereich Madfeld musste ebenfalls ein Baum von der Fahrbahn entfernt werden. Hier waren neun Einsatzkr\u00e4fte 45 Minuten vor Ort.<\/p>\n<p style=\"border-color: #696969; border-width: 2px; border-style: solid; padding: 4px;\"><strong>Eingesetzte Einheiten:<\/strong><br \/>\n<a href=\"http:\/\/www.feuerwehr-brilon.de\/?page_id=27\"><img loading=\"lazy\" decoding=\"async\" class=\"alignnone\" title=\"lg alme\" src=\"http:\/\/www.feuerwehr-brilon.de\/images\/einsatz_details\/lg_alme.jpg\" alt=\"\" width=\"110\" height=\"31\" \/><\/a><a href=\"http:\/\/www.feuerwehr-brilon.de\/?page_id=24\"><img loading=\"lazy\" decoding=\"async\" class=\"alignnone\" title=\"lg scharfenberg\" src=\"http:\/\/www.feuerwehr-brilon.de\/images\/einsatz_details\/lg_scharfenberg.jpg\" alt=\"\" width=\"110\" height=\"31\" \/><\/a><a href=\"http:\/\/www.feuerwehr-brilon.de\/?page_id=26\"><img loading=\"lazy\" decoding=\"async\" class=\"alignnone\" title=\"lg w\u00fclfte\" src=\"http:\/\/www.feuerwehr-brilon.de\/images\/einsatz_details\/lg_wuelfte.jpg\" alt=\"\" width=\"110\" height=\"31\" \/><\/a><a href=\"http:\/\/www.feuerwehr-brilon.de\/?page_id=7\"><img loading=\"lazy\" decoding=\"async\" class=\"alignnone\" title=\"lz brilon\" src=\"http:\/\/www.feuerwehr-brilon.de\/images\/einsatz_details\/lz_brilon.jpg\" alt=\"\" width=\"110\" height=\"31\" \/><\/a><a href=\"http:\/\/www.feuerwehr-brilon.de\/?page_id=50\"><img loading=\"lazy\" decoding=\"async\" class=\"alignnone\" title=\"lg madfeld\" src=\"http:\/\/www.feuerwehr-brilon.de\/images\/einsatz_details\/lg_madfeld.jpg\" alt=\"\" width=\"110\" height=\"31\" \/><\/a>\n<\/p>\n<p style=\"border-color: #696969; border-width: 2px; border-style: solid; padding: 4px;\"><strong>Eingesetzte Fahrzeuge:<\/strong><br \/>\n<a href=\"http:\/\/www.feuerwehr-brilon.de\/?page_id=812\"><img loading=\"lazy\" decoding=\"async\" class=\"alignnone\" title=\"StLF\" src=\"http:\/\/www.feuerwehr-brilon.de\/images\/einsatz_details\/054802.jpg\" alt=\"\" width=\"110\" height=\"31\" \/><\/a><a href=\"http:\/\/www.feuerwehr-brilon.de\/?page_id=1355\"><img loading=\"lazy\" decoding=\"async\" class=\"alignnone\" title=\"StLF10\/6\" src=\"http:\/\/www.feuerwehr-brilon.de\/images\/einsatz_details\/054803.jpg\" alt=\"\" width=\"110\" height=\"31\" \/><\/a><a href=\"http:\/\/www.feuerwehr-brilon.de\/?page_id=818\"><img loading=\"lazy\" decoding=\"async\" class=\"alignnone\" title=\"TSF\" src=\"http:\/\/www.feuerwehr-brilon.de\/images\/einsatz_details\/054701.jpg\" alt=\"\" width=\"110\" height=\"31\" \/><\/a><a href=\"http:\/\/www.feuerwehr-brilon.de\/?page_id=803\"><img loading=\"lazy\" decoding=\"async\" class=\"alignnone\" src=\"http:\/\/www.feuerwehr-brilon.de\/images\/einsatz_details\/053301.jpg\" alt=\"\" width=\"110\" height=\"31\" \/><\/a><a href=\"http:\/\/www.feuerwehr-brilon.de\/?page_id=11756\"><img loading=\"lazy\" decoding=\"async\" class=\"alignnone\" src=\"http:\/\/www.feuerwehr-brilon.de\/images\/einsatz_details\/gwl2.jpg\" alt=\"\" width=\"110\" height=\"31\" \/><\/a><a href=\"http:\/\/www.feuerwehr-brilon.de\/?page_id=1335\"><img loading=\"lazy\" decoding=\"async\" class=\"alignnone\" title=\"LF8\" src=\"http:\/\/www.feuerwehr-brilon.de\/images\/einsatz_details\/054201.jpg\" alt=\"\" width=\"110\" height=\"31\" \/><\/a><\/p>\n<p><strong>Bilder:<\/strong><br \/>\n<a rel=\"lightbox\" href=\"https:\/\/www.feuerwehr-brilon.de\/wp-up\/2019\/03\/Baum-Frankenweg-1.jpg\"><img loading=\"lazy\" decoding=\"async\" src=\"https:\/\/www.feuerwehr-brilon.de\/wp-up\/2019\/03\/Baum-Frankenweg-1-150x113.jpg\" alt=\"\" width=\"150\" height=\"113\" class=\"alignleft size-thumbnail wp-image-16902\" srcset=\"https:\/\/www.feuerwehr-brilon.de\/wp-up\/2019\/03\/Baum-Frankenweg-1-150x113.jpg 150w, https:\/\/www.feuerwehr-brilon.de\/wp-up\/2019\/03\/Baum-Frankenweg-1-500x375.jpg 500w, https:\/\/www.feuerwehr-brilon.de\/wp-up\/2019\/03\/Baum-Frankenweg-1.jpg 800w\" sizes=\"auto, (max-width: 150px) 100vw, 150px\" \/><\/a><a rel=\"lightbox\" href=\"https:\/\/www.feuerwehr-brilon.de\/wp-up\/2019\/03\/Baum-Frankenweg-2.jpg\"><img loading=\"lazy\" decoding=\"async\" src=\"https:\/\/www.feuerwehr-brilon.de\/wp-up\/2019\/03\/Baum-Frankenweg-2-150x113.jpg\" alt=\"\" width=\"150\" height=\"113\" class=\"alignleft size-thumbnail wp-image-16903\" srcset=\"https:\/\/www.feuerwehr-brilon.de\/wp-up\/2019\/03\/Baum-Frankenweg-2-150x113.jpg 150w, https:\/\/www.feuerwehr-brilon.de\/wp-up\/2019\/03\/Baum-Frankenweg-2-500x375.jpg 500w, https:\/\/www.feuerwehr-brilon.de\/wp-up\/2019\/03\/Baum-Frankenweg-2.jpg 800w\" sizes=\"auto, (max-width: 150px) 100vw, 150px\" \/><\/a><a rel=\"lightbox\" href=\"https:\/\/www.feuerwehr-brilon.de\/wp-up\/2019\/03\/Baum-B-480-1.jpg\"><img loading=\"lazy\" decoding=\"async\" src=\"https:\/\/www.feuerwehr-brilon.de\/wp-up\/2019\/03\/Baum-B-480-1-150x113.jpg\" alt=\"\" width=\"150\" height=\"113\" class=\"alignleft size-thumbnail wp-image-16904\" srcset=\"https:\/\/www.feuerwehr-brilon.de\/wp-up\/2019\/03\/Baum-B-480-1-150x113.jpg 150w, https:\/\/www.feuerwehr-brilon.de\/wp-up\/2019\/03\/Baum-B-480-1-500x375.jpg 500w, https:\/\/www.feuerwehr-brilon.de\/wp-up\/2019\/03\/Baum-B-480-1.jpg 800w\" sizes=\"auto, (max-width: 150px) 100vw, 150px\" \/><\/a><a rel=\"lightbox\" href=\"https:\/\/www.feuerwehr-brilon.de\/wp-up\/2019\/03\/Baum-B-480-3.jpg\"><img loading=\"lazy\" decoding=\"async\" src=\"https:\/\/www.feuerwehr-brilon.de\/wp-up\/2019\/03\/Baum-B-480-3-150x113.jpg\" alt=\"\" width=\"150\" height=\"113\" class=\"alignleft size-thumbnail wp-image-16905\" srcset=\"https:\/\/www.feuerwehr-brilon.de\/wp-up\/2019\/03\/Baum-B-480-3-150x113.jpg 150w, https:\/\/www.feuerwehr-brilon.de\/wp-up\/2019\/03\/Baum-B-480-3-500x375.jpg 500w, https:\/\/www.feuerwehr-brilon.de\/wp-up\/2019\/03\/Baum-B-480-3.jpg 800w\" sizes=\"auto, (max-width: 150px) 100vw, 150px\" \/><\/a><\/p>\n","protected":false},"excerpt":{"rendered":"<p>Brilon. Die Feuerwehr Brilon wurde am Samstagabend zu sechs Sturmeins\u00e4tzen alarmiert. Gegen 17.30 Uhr st\u00fcrzte ein Baum auf der B 480 zwischen Alme und W\u00fclfte auf die Fahrbahn. Die L\u00f6schgruppe Alme r\u00e4umte die Fahrbahn.<\/p>\n","protected":false},"author":5,"featured_media":0,"comment_status":"closed","ping_status":"closed","sticky":false,"template":"","format":"standard","meta":{"_exactmetrics_skip_tracking":false,"_exactmetrics_sitenote_active":false,"_exactmetrics_sitenote_note":"","_exactmetrics_sitenote_category":0,"jetpack_post_was_ever_published":false,"_jetpack_newsletter_access":"","_jetpack_dont_email_post_to_subs":false,"_jetpack_newsletter_tier_id":0,"_jetpack_memberships_contains_paywalled_content":false,"_jetpack_memberships_contains_paid_content":false,"footnotes":""},"categories":[1],"tags":[],"class_list":["post-16899","post","type-post","status-publish","format-standard","hentry","category-allgemein"],"jetpack_featured_media_url":"","jetpack_shortlink":"https:\/\/wp.me\/pCIJa-4oz","jetpack_sharing_enabled":true,"jetpack-related-posts":[{"id":11746,"url":"https:\/\/www.feuerwehr-brilon.de\/?p=11746","url_meta":{"origin":16899,"position":0},"title":"Sturmtief &#8222;Niklas&#8220; besch\u00e4ftigt Briloner Feuerwehren","author":"Andreas Becker","date":"31. M\u00e4rz 2015","format":false,"excerpt":"Stadtgebiet. Wie durch die Wetterdienste angek\u00fcndigt, zog am Dienstag (31.3.) das Sturmtief \u201eNiklas\u201c \u00fcber Deutschland hinweg. Gegen 9:30 Uhr wurde der L\u00f6schzug Brilon dann auch zum ersten wetterbedingten Einsatz alarmiert. Am Gallbergweg war ein Baum auf die Bahntrasse gekippt. Nachdem die Bahnstrecke gesperrt war, konnte mit den Ma\u00dfnahmen begonnen werden.\u2026","rel":"","context":"In &quot;Eins\u00e4tze 2015&quot;","block_context":{"text":"Eins\u00e4tze 2015","link":"https:\/\/www.feuerwehr-brilon.de\/?cat=191"},"img":{"alt_text":"Baum_2","src":"https:\/\/i0.wp.com\/www.feuerwehr-brilon.de\/wp-up\/2015\/03\/Baum_2-150x112.jpg?resize=350%2C200","width":350,"height":200},"classes":[]},{"id":23907,"url":"https:\/\/www.feuerwehr-brilon.de\/?p=23907","url_meta":{"origin":16899,"position":1},"title":"Sturmeins\u00e4tze der Feuerwehr Brilon beim Sturmtief Ignatz","author":"Marcus Bange","date":"21. Oktober 2021","format":false,"excerpt":"Brilon. - UPDATE - Die Feuerwehr Brilon war beim Sturmtief Ignatz am Donnerstag (21.10.21) im Dauereinsatz. Um 5.30 Uhr wurde zun\u00e4chst die L\u00f6schgruppen Alme zu einem umgest\u00fcrzten Baum auf der B 480 alarmiert. Kurze Zeit sp\u00e4ter wurde die L\u00f6schgruppe Madfeld zu einem Baum auf der L 637 zwischen B 7\u2026","rel":"","context":"In &quot;Eins\u00e4tze 2021&quot;","block_context":{"text":"Eins\u00e4tze 2021","link":"https:\/\/www.feuerwehr-brilon.de\/?cat=265"},"img":{"alt_text":"","src":"https:\/\/i0.wp.com\/www.feuerwehr-brilon.de\/wp-up\/2021\/10\/Sturm-Ignatz-1.jpg?resize=350%2C200&ssl=1","width":350,"height":200,"srcset":"https:\/\/i0.wp.com\/www.feuerwehr-brilon.de\/wp-up\/2021\/10\/Sturm-Ignatz-1.jpg?resize=350%2C200&ssl=1 1x, https:\/\/i0.wp.com\/www.feuerwehr-brilon.de\/wp-up\/2021\/10\/Sturm-Ignatz-1.jpg?resize=525%2C300&ssl=1 1.5x, https:\/\/i0.wp.com\/www.feuerwehr-brilon.de\/wp-up\/2021\/10\/Sturm-Ignatz-1.jpg?resize=700%2C400&ssl=1 2x"},"classes":[]},{"id":16945,"url":"https:\/\/www.feuerwehr-brilon.de\/?p=16945","url_meta":{"origin":16899,"position":2},"title":"Feuerwehr Brilon erneut im Unwettereinsatz","author":"Marcus Bange","date":"10. M\u00e4rz 2019","format":false,"excerpt":"Brilon. Die Feuerwehr Brilon war am Sonntag ab 15.45 Uhr erneut im Unwettereinsatz. Zun\u00e4chst r\u00e4umte die L\u00f6schgruppe Hoppecke die L743 zwischen Brilon-Wald und Bruchhausen. Bei einem weiteren Einsatz musste in Brilon-Wald ein Baum von der Bahnstrecke nach Willingen entfernt werden. Im weiteren Verlauf erfolgten weitere Eins\u00e4tze in Alme auf der\u2026","rel":"","context":"In &quot;Eins\u00e4tze 2019&quot;","block_context":{"text":"Eins\u00e4tze 2019","link":"https:\/\/www.feuerwehr-brilon.de\/?cat=222"},"img":{"alt_text":"","src":"https:\/\/i0.wp.com\/www.feuerwehr-brilon.de\/wp-up\/2019\/03\/Sturm-Eberhard-1-150x113.jpg?resize=350%2C200&ssl=1","width":350,"height":200},"classes":[]},{"id":23423,"url":"https:\/\/www.feuerwehr-brilon.de\/?p=23423","url_meta":{"origin":16899,"position":3},"title":"Verkehrsunfall auf der Bri 23 bei W\u00fclfte","author":"Marcus Bange","date":"20. April 2021","format":false,"excerpt":"W\u00fclfte. Die Feuerwehr Brilon wurde am Dienstagmorgen zu einem Verkehrsunfall mit einer eingeklemmten Person auf der Bri 23 zwischen W\u00fclfte und Alme alarmiert. Dort war ein 21-j\u00e4hriger PKW Fahrer gegen 7.20 Uhr mit seinem Fahrzeug nach links von der Fahrbahn abgekommen und gegen einen Baum geprallt. Der Fahrer wurde von\u2026","rel":"","context":"In &quot;Eins\u00e4tze 2021&quot;","block_context":{"text":"Eins\u00e4tze 2021","link":"https:\/\/www.feuerwehr-brilon.de\/?cat=265"},"img":{"alt_text":"","src":"https:\/\/i0.wp.com\/www.feuerwehr-brilon.de\/wp-up\/2021\/04\/VU-Bri-23-1.jpg?resize=350%2C200&ssl=1","width":350,"height":200,"srcset":"https:\/\/i0.wp.com\/www.feuerwehr-brilon.de\/wp-up\/2021\/04\/VU-Bri-23-1.jpg?resize=350%2C200&ssl=1 1x, https:\/\/i0.wp.com\/www.feuerwehr-brilon.de\/wp-up\/2021\/04\/VU-Bri-23-1.jpg?resize=525%2C300&ssl=1 1.5x, https:\/\/i0.wp.com\/www.feuerwehr-brilon.de\/wp-up\/2021\/04\/VU-Bri-23-1.jpg?resize=700%2C400&ssl=1 2x"},"classes":[]},{"id":15235,"url":"https:\/\/www.feuerwehr-brilon.de\/?p=15235","url_meta":{"origin":16899,"position":4},"title":"Zwei Eins\u00e4tze durch Sturm &#8222;Xavier&#8220;","author":"Andreas Becker","date":"6. Oktober 2017","format":false,"excerpt":"Stadtgebiet. Die L\u00f6schgruppe Alme und der L\u00f6schzug Brilon mussten am Donnerstag (5.10.) zu zwei wetterbedingten Eins\u00e4tzen ausr\u00fccken. Das HLF20-2 wurde gegen 13.40 Uhr vom Notfallmanager der Deutschen Bahn angefordert. Auf der Bahnstrecke zwischen Brilon Wald und Brilon, war ein Baum auf das Gleisbett gekippt. Die Bahnstrecke wurde umgehend f\u00fcr den\u2026","rel":"","context":"In &quot;Eins\u00e4tze 2017&quot;","block_context":{"text":"Eins\u00e4tze 2017","link":"https:\/\/www.feuerwehr-brilon.de\/?cat=205"},"img":{"alt_text":"","src":"https:\/\/i0.wp.com\/www.feuerwehr-brilon.de\/wp-up\/2017\/10\/Alme_Xavier_01-150x84.jpg?resize=350%2C200&ssl=1","width":350,"height":200},"classes":[]},{"id":6114,"url":"https:\/\/www.feuerwehr-brilon.de\/?p=6114","url_meta":{"origin":16899,"position":5},"title":"F\u00fcnf weitere Eins\u00e4tze am Donnerstagabend","author":"Andreas Becker","date":"6. Januar 2012","format":false,"excerpt":"Die Briloner Feuerwehr wurde am Donnerstagabend zu f\u00fcnf weiteren Eins\u00e4tzen alarmiert. Zun\u00e4chst wurde der L\u00f6schzug Brilon nach Ausl\u00f6sung einer Brandmeldeanlage ins Gewerbegebiet gerufen (18.20 Uhr). Ursache war jedoch ein Fehlalarm, vermutlich durch einen technischen Defekt. Die L\u00f6schgruppe Alme beseitigte nachfolgend einen umgest\u00fcrzten Baum auf der L 637 Richtung B\u00fcren, die\u2026","rel":"","context":"In &quot;Eins\u00e4tze 2012&quot;","block_context":{"text":"Eins\u00e4tze 2012","link":"https:\/\/www.feuerwehr-brilon.de\/?cat=171"},"img":{"alt_text":"","src":"https:\/\/i0.wp.com\/www.feuerwehr-brilon.de\/wp-up\/2012\/01\/IMG_0878n-150x112.jpg?resize=350%2C200","width":350,"height":200},"classes":[]}],"_links":{"self":[{"href":"https:\/\/www.feuerwehr-brilon.de\/index.php?rest_route=\/wp\/v2\/posts\/16899","targetHints":{"allow":["GET"]}}],"collection":[{"href":"https:\/\/www.feuerwehr-brilon.de\/index.php?rest_route=\/wp\/v2\/posts"}],"about":[{"href":"https:\/\/www.feuerwehr-brilon.de\/index.php?rest_route=\/wp\/v2\/types\/post"}],"author":[{"embeddable":true,"href":"https:\/\/www.feuerwehr-brilon.de\/index.php?rest_route=\/wp\/v2\/users\/5"}],"replies":[{"embeddable":true,"href":"https:\/\/www.feuerwehr-brilon.de\/index.php?rest_route=%2Fwp%2Fv2%2Fcomments&post=16899"}],"version-history":[{"count":3,"href":"https:\/\/www.feuerwehr-brilon.de\/index.php?rest_route=\/wp\/v2\/posts\/16899\/revisions"}],"predecessor-version":[{"id":16912,"href":"https:\/\/www.feuerwehr-brilon.de\/index.php?rest_route=\/wp\/v2\/posts\/16899\/revisions\/16912"}],"wp:attachment":[{"href":"https:\/\/www.feuerwehr-brilon.de\/index.php?rest_route=%2Fwp%2Fv2%2Fmedia&parent=16899"}],"wp:term":[{"taxonomy":"category","embeddable":true,"href":"https:\/\/www.feuerwehr-brilon.de\/index.php?rest_route=%2Fwp%2Fv2%2Fcategories&post=16899"},{"taxonomy":"post_tag","embeddable":true,"href":"https:\/\/www.feuerwehr-brilon.de\/index.php?rest_route=%2Fwp%2Fv2%2Ftags&post=16899"}],"curies":[{"name":"wp","href":"https:\/\/api.w.org\/{rel}","templated":true}]}}