{"id":21420,"date":"2019-06-04T17:22:18","date_gmt":"2019-06-04T15:22:18","guid":{"rendered":"https:\/\/www.feuerwehr-brilon.de\/?p=21420"},"modified":"2019-06-04T17:46:14","modified_gmt":"2019-06-04T15:46:14","slug":"rauchentwicklung-aus-blockheizkraftwerk","status":"publish","type":"post","link":"https:\/\/www.feuerwehr-brilon.de\/?p=21420","title":{"rendered":"Rauchentwicklung aus Blockheizkraftwerk"},"content":{"rendered":"<p><a href=\"https:\/\/www.feuerwehr-brilon.de\/?p=21420\"><img loading=\"lazy\" decoding=\"async\" class=\"alignleft size-thumbnail wp-image-21425\" src=\"https:\/\/www.feuerwehr-brilon.de\/wp-up\/2019\/06\/IMG_5301-1-150x113.jpg\" alt=\"\" width=\"150\" height=\"113\" srcset=\"https:\/\/www.feuerwehr-brilon.de\/wp-up\/2019\/06\/IMG_5301-1-150x113.jpg 150w, https:\/\/www.feuerwehr-brilon.de\/wp-up\/2019\/06\/IMG_5301-1-500x375.jpg 500w, https:\/\/www.feuerwehr-brilon.de\/wp-up\/2019\/06\/IMG_5301-1.jpg 800w\" sizes=\"auto, (max-width: 150px) 100vw, 150px\" \/><\/a><a title=\"Brilon\" href=\"http:\/\/www.feuerwehr-brilon.de\/?page_id=7\" target=\"_blank\" rel=\"noopener noreferrer\">Brilon. <\/a>Aufmerksame Anwohner haben am Dienstagnachmittag (4.6.), eine Rauchentwicklung aus dem Blockheitzkraftwerk an der Liegnitzer Stra\u00dfe bemerkt. Gegen kurz nach 16 Uhr ging der Notruf bei der Rettungsleitstelle ein.<!--more--><\/p>\n<p>Der alarmierte L\u00f6schzug Brilon r\u00fcckte mit 14 Einsatzkr\u00e4ften und vier Fahrzeugen aus. Vor Ort konnten die ebenfalls alarmierten Stadtwerke schnell Entwarnung geben. Zu der Rauchwolke war es bei einer routinem\u00e4\u00dfigen Ma\u00dfnahme zur Umschaltung in den \u201eSommerbetrieb\u201c gekommen.<\/p>\n<p>Somit war der Einsatz f\u00fcr die Feuerwehr nach 30 Minuten beendet.<\/p>\n<p>\u00dcber Ursache und H\u00f6he des Schadens liegen der Feuerwehr keine Angaben vor.<\/p>\n<p style=\"padding: 4px; border: 2px solid #696969;\"><strong>Eingesetzte Einheiten:<\/strong><br \/>\n<a href=\"http:\/\/www.feuerwehr-brilon.de\/?page_id=7\"><img loading=\"lazy\" decoding=\"async\" class=\"alignnone\" title=\"lz brilon\" src=\"http:\/\/www.feuerwehr-brilon.de\/images\/einsatz_details\/lz_brilon.jpg\" alt=\"\" width=\"110\" height=\"31\"><\/a><\/p>\n<p style=\"padding: 4px; border: 2px solid #696969;\"><strong>Eingesetzte Fahrzeuge:<\/strong><br \/>\n<a href=\"http:\/\/www.feuerwehr-brilon.de\/?page_id=749\"><img loading=\"lazy\" decoding=\"async\" class=\"alignnone\" src=\"http:\/\/www.feuerwehr-brilon.de\/images\/einsatz_details\/051101.jpg\" alt=\"\" width=\"110\" height=\"31\"><\/a><a href=\"http:\/\/www.feuerwehr-brilon.de\/?page_id=8508\"><img loading=\"lazy\" decoding=\"async\" class=\"alignnone\" src=\"http:\/\/www.feuerwehr-brilon.de\/images\/einsatz_details\/052401.jpg\" alt=\"\" width=\"110\" height=\"31\"><\/a><a href=\"http:\/\/www.feuerwehr-brilon.de\/?page_id=803\"><img loading=\"lazy\" decoding=\"async\" class=\"alignnone\" src=\"http:\/\/www.feuerwehr-brilon.de\/images\/einsatz_details\/053301.jpg\" alt=\"\" width=\"110\" height=\"31\"><\/a><a href=\"http:\/\/www.feuerwehr-brilon.de\/?page_id=755\"><img loading=\"lazy\" decoding=\"async\" class=\"alignnone\" src=\"http:\/\/www.feuerwehr-brilon.de\/images\/einsatz_details\/054401.jpg\" alt=\"\" width=\"110\" height=\"31\"><\/a><\/p>\n<p><strong>Bilder:<\/strong><\/p>\n<p><a href=\"https:\/\/www.feuerwehr-brilon.de\/wp-up\/2019\/06\/IMG_5301-1.jpg\" rel=\"lightbox\"><img loading=\"lazy\" decoding=\"async\" class=\"alignleft size-thumbnail wp-image-21425\" src=\"https:\/\/www.feuerwehr-brilon.de\/wp-up\/2019\/06\/IMG_5301-1-150x113.jpg\" alt=\"\" width=\"150\" height=\"113\" srcset=\"https:\/\/www.feuerwehr-brilon.de\/wp-up\/2019\/06\/IMG_5301-1-150x113.jpg 150w, https:\/\/www.feuerwehr-brilon.de\/wp-up\/2019\/06\/IMG_5301-1-500x375.jpg 500w, https:\/\/www.feuerwehr-brilon.de\/wp-up\/2019\/06\/IMG_5301-1.jpg 800w\" sizes=\"auto, (max-width: 150px) 100vw, 150px\" \/><\/a><\/p>\n<p>&nbsp;<\/p>\n<p>&nbsp;<\/p>\n<p>&nbsp;<\/p>\n<p>&nbsp;<\/p>\n<p>&nbsp;<\/p>\n","protected":false},"excerpt":{"rendered":"<p>Brilon. Aufmerksame Anwohner haben am Dienstagnachmittag (4.6.), eine Rauchentwicklung aus dem Blockheitzkraftwerk an der Liegnitzer Stra\u00dfe bemerkt. Gegen kurz nach 16 Uhr ging der Notruf bei der Rettungsleitstelle ein.<\/p>\n","protected":false},"author":8,"featured_media":0,"comment_status":"closed","ping_status":"closed","sticky":false,"template":"","format":"standard","meta":{"_exactmetrics_skip_tracking":false,"_exactmetrics_sitenote_active":false,"_exactmetrics_sitenote_note":"","_exactmetrics_sitenote_category":0,"jetpack_post_was_ever_published":false,"_jetpack_newsletter_access":"","_jetpack_dont_email_post_to_subs":false,"_jetpack_newsletter_tier_id":0,"_jetpack_memberships_contains_paywalled_content":false,"_jetpack_memberships_contains_paid_content":false,"footnotes":""},"categories":[222],"tags":[197,37,44,52,198,178],"class_list":["post-21420","post","type-post","status-publish","format-standard","hentry","category-einsaetze-2019","tag-brand","tag-brilon","tag-dl-2312-gl","tag-elw","tag-lf-1612","tag-tlf-4000"],"jetpack_featured_media_url":"","jetpack_shortlink":"https:\/\/wp.me\/pCIJa-5zu","jetpack_sharing_enabled":true,"jetpack-related-posts":[{"id":14798,"url":"https:\/\/www.feuerwehr-brilon.de\/?p=14798","url_meta":{"origin":21420,"position":0},"title":"Dachstuhlbrand auf landwirtschaftlichem Anwesen verhindert","author":"Andreas Becker","date":"20. Mai 2017","format":false,"excerpt":"Brilon. Am Samstagmorgen (20.5.) um 10.26 Uhr wurde der L\u00f6schzug Brilon zu einer unklaren Rauchentwicklung in den Lederker Weg alarmiert. Zuvor hatten die Bewohner bereits den Stromversorger verst\u00e4ndigt, weil der Strom auf dem Geh\u00f6ft ausgefallen war. Kurze Zeit sp\u00e4ter bemerkte der Hofbesitzer das Piepsen der Rauchmelder und eine Rauchentwicklung aus\u2026","rel":"","context":"In &quot;Eins\u00e4tze 2017&quot;","block_context":{"text":"Eins\u00e4tze 2017","link":"https:\/\/www.feuerwehr-brilon.de\/?cat=205"},"img":{"alt_text":"","src":"https:\/\/i0.wp.com\/www.feuerwehr-brilon.de\/wp-up\/2017\/05\/20170520_112640-1-150x84.jpg?resize=350%2C200","width":350,"height":200},"classes":[]},{"id":32731,"url":"https:\/\/www.feuerwehr-brilon.de\/?p=32731","url_meta":{"origin":21420,"position":1},"title":"Arbeitsreiches Wochenende f\u00fcr die Feuerwehr Brilon","author":"Andreas Becker","date":"3. September 2024","format":false,"excerpt":"\u00d6lspur auf der Hoppecker Stra\u00dfe Mit einer \u00d6lspur startete ein arbeitsreiches Wochenende f\u00fcr die Feuerwehr Brilon. Gegen 15.30 Uhr am Freitagnachmittag kam es auf der Hoppecker Stra\u00dfe an der Ecke \u201eAm Hohlen Wege\u201c zu einem Unfall, bei dem die \u00d6lwanne eines Pkw besch\u00e4digt wurde. Sechs Einsatzkr\u00e4fte r\u00fcckten aus, um ca.\u2026","rel":"","context":"In &quot;Eins\u00e4tze 2024&quot;","block_context":{"text":"Eins\u00e4tze 2024","link":"https:\/\/www.feuerwehr-brilon.de\/?cat=360"},"img":{"alt_text":"","src":"https:\/\/i0.wp.com\/www.feuerwehr-brilon.de\/wp-up\/2024\/09\/1000049737_FB.jpg?resize=350%2C200&ssl=1","width":350,"height":200,"srcset":"https:\/\/i0.wp.com\/www.feuerwehr-brilon.de\/wp-up\/2024\/09\/1000049737_FB.jpg?resize=350%2C200&ssl=1 1x, https:\/\/i0.wp.com\/www.feuerwehr-brilon.de\/wp-up\/2024\/09\/1000049737_FB.jpg?resize=525%2C300&ssl=1 1.5x, https:\/\/i0.wp.com\/www.feuerwehr-brilon.de\/wp-up\/2024\/09\/1000049737_FB.jpg?resize=700%2C400&ssl=1 2x, https:\/\/i0.wp.com\/www.feuerwehr-brilon.de\/wp-up\/2024\/09\/1000049737_FB.jpg?resize=1050%2C600&ssl=1 3x"},"classes":[]},{"id":24315,"url":"https:\/\/www.feuerwehr-brilon.de\/?p=24315","url_meta":{"origin":21420,"position":2},"title":"Brandeinsatz in der Antoniusstra\u00dfe","author":"Andreas Becker","date":"20. M\u00e4rz 2022","format":false,"excerpt":"Brilon. Am Samstag (19.3.) wurde die Feuerwehr Brilon zu einem Zimmerbrand in der Antoniusstra\u00dfe alarmiert. In einem Mehrfamilienhaus war gegen 16.40 Uhr ein Feuer ausgebrochen. Da die Einsatzstelle in unmittelbarer N\u00e4he zum Feuerwehrger\u00e4tehaus lag, konnte bereits beim Ausr\u00fccken eine starke Rauchentwicklung festgestellt werden. Vor Eintreffen der Feuerwehr hatten Nachbarn bereits\u2026","rel":"","context":"In &quot;Eins\u00e4tze 2022&quot;","block_context":{"text":"Eins\u00e4tze 2022","link":"https:\/\/www.feuerwehr-brilon.de\/?cat=288"},"img":{"alt_text":"","src":"https:\/\/i0.wp.com\/www.feuerwehr-brilon.de\/wp-up\/2022\/03\/220320_Antoniusstr-b_6639_.jpg?resize=350%2C200&ssl=1","width":350,"height":200},"classes":[]},{"id":22357,"url":"https:\/\/www.feuerwehr-brilon.de\/?p=22357","url_meta":{"origin":21420,"position":3},"title":"Feuerwehr rettet Tiere aus brennendem Stall","author":"Andreas Becker","date":"10. April 2020","format":false,"excerpt":"R\u00f6senbeck. Zwei Pferde und zwei Hasen hat die Feuerwehr Brilon am fr\u00fchen Freitagmorgen (10.4.) aus einem brennenden Stall in R\u00f6senbeck gerettet. Zun\u00e4chst war die L\u00f6schgruppe R\u00f6senbeck gegen 4.57 Uhr zu einer unklaren Rauchentwicklung alarmiert worden. Ein Anwohner der gerade mit seinem Hund Gassi in de Stra\u00dfe \"Im Schling\" ging, hatte\u2026","rel":"","context":"In &quot;Eins\u00e4tze 2020&quot;","block_context":{"text":"Eins\u00e4tze 2020","link":"https:\/\/www.feuerwehr-brilon.de\/?cat=236"},"img":{"alt_text":"","src":"https:\/\/i0.wp.com\/www.feuerwehr-brilon.de\/wp-up\/2020\/04\/200410_Feuer_R%C3%B6senbeck_014-150x113.jpg?resize=350%2C200&ssl=1","width":350,"height":200},"classes":[]},{"id":9571,"url":"https:\/\/www.feuerwehr-brilon.de\/?p=9571","url_meta":{"origin":21420,"position":4},"title":"Feuer in Zwischendecke","author":"Andreas Becker","date":"9. Januar 2014","format":false,"excerpt":"Madfeld. Am Donnerstag (9.1.) gegen 16:30 Uhr bemerkten Bewohner eines Wohnhauses in Madfeld, Rauchentwicklung aus einer Zwischendecke. Umgehend setzten sie einen Notruf ab und die Feuerwehren aus Madfeld und Th\u00fclen wurden alarmiert. Nach Eintreffen das ersten Kr\u00e4fte wurde schon eine st\u00e4rkere Rauchentwicklung festgestellt. Da sich herausstellte, dass es zuvor vermutlich\u2026","rel":"","context":"In &quot;Eins\u00e4tze 2014&quot;","block_context":{"text":"Eins\u00e4tze 2014","link":"https:\/\/www.feuerwehr-brilon.de\/?cat=184"},"img":{"alt_text":"","src":"https:\/\/i0.wp.com\/www.feuerwehr-brilon.de\/wp-up\/2014\/01\/madfeld-150x112.jpg?resize=350%2C200","width":350,"height":200},"classes":[]},{"id":15861,"url":"https:\/\/www.feuerwehr-brilon.de\/?p=15861","url_meta":{"origin":21420,"position":5},"title":"Unklare Rauchentwicklung am Karfreitag","author":"Andreas Becker","date":"30. M\u00e4rz 2018","format":false,"excerpt":"Brilon. Da m\u00fcssen die Kameraden des L\u00f6schzug Brilon schon gar nicht mehr lange \u00fcberlegen wo es wohl hingeht. Es wird langsam zur (ungewollten) Tradition. Auch dieses Jahr r\u00fcckte der L\u00f6schzug Brilon am Karfreitag (30.3.) gegen 10.50 Uhr zum Osterfeuer aus. Der Leitstelle war eine unklare Rauchentwicklung gemeldet worden. Die Marianische\u2026","rel":"","context":"In &quot;Eins\u00e4tze 2018&quot;","block_context":{"text":"Eins\u00e4tze 2018","link":"https:\/\/www.feuerwehr-brilon.de\/?cat=208"},"img":{"alt_text":"","src":"https:\/\/i0.wp.com\/www.feuerwehr-brilon.de\/wp-up\/2018\/03\/IMG_8639.jpg?resize=350%2C200&ssl=1","width":350,"height":200,"srcset":"https:\/\/i0.wp.com\/www.feuerwehr-brilon.de\/wp-up\/2018\/03\/IMG_8639.jpg?resize=350%2C200&ssl=1 1x, https:\/\/i0.wp.com\/www.feuerwehr-brilon.de\/wp-up\/2018\/03\/IMG_8639.jpg?resize=525%2C300&ssl=1 1.5x, https:\/\/i0.wp.com\/www.feuerwehr-brilon.de\/wp-up\/2018\/03\/IMG_8639.jpg?resize=700%2C400&ssl=1 2x"},"classes":[]}],"_links":{"self":[{"href":"https:\/\/www.feuerwehr-brilon.de\/index.php?rest_route=\/wp\/v2\/posts\/21420","targetHints":{"allow":["GET"]}}],"collection":[{"href":"https:\/\/www.feuerwehr-brilon.de\/index.php?rest_route=\/wp\/v2\/posts"}],"about":[{"href":"https:\/\/www.feuerwehr-brilon.de\/index.php?rest_route=\/wp\/v2\/types\/post"}],"author":[{"embeddable":true,"href":"https:\/\/www.feuerwehr-brilon.de\/index.php?rest_route=\/wp\/v2\/users\/8"}],"replies":[{"embeddable":true,"href":"https:\/\/www.feuerwehr-brilon.de\/index.php?rest_route=%2Fwp%2Fv2%2Fcomments&post=21420"}],"version-history":[{"count":3,"href":"https:\/\/www.feuerwehr-brilon.de\/index.php?rest_route=\/wp\/v2\/posts\/21420\/revisions"}],"predecessor-version":[{"id":21428,"href":"https:\/\/www.feuerwehr-brilon.de\/index.php?rest_route=\/wp\/v2\/posts\/21420\/revisions\/21428"}],"wp:attachment":[{"href":"https:\/\/www.feuerwehr-brilon.de\/index.php?rest_route=%2Fwp%2Fv2%2Fmedia&parent=21420"}],"wp:term":[{"taxonomy":"category","embeddable":true,"href":"https:\/\/www.feuerwehr-brilon.de\/index.php?rest_route=%2Fwp%2Fv2%2Fcategories&post=21420"},{"taxonomy":"post_tag","embeddable":true,"href":"https:\/\/www.feuerwehr-brilon.de\/index.php?rest_route=%2Fwp%2Fv2%2Ftags&post=21420"}],"curies":[{"name":"wp","href":"https:\/\/api.w.org\/{rel}","templated":true}]}}