{"id":21475,"date":"2019-07-11T13:47:34","date_gmt":"2019-07-11T11:47:34","guid":{"rendered":"https:\/\/www.feuerwehr-brilon.de\/?p=21475"},"modified":"2019-07-18T13:04:06","modified_gmt":"2019-07-18T11:04:06","slug":"waldbrand-bei-bleiwaesche","status":"publish","type":"post","link":"https:\/\/www.feuerwehr-brilon.de\/?p=21475","title":{"rendered":"Waldbrand bei Bleiw\u00e4sche"},"content":{"rendered":"<p><a href=\"https:\/\/www.feuerwehr-brilon.de\/?p=21475\"><img loading=\"lazy\" decoding=\"async\" src=\"https:\/\/www.feuerwehr-brilon.de\/wp-up\/2019\/07\/Waldbrand-Bleiw\u00e4sche-3-150x113.jpg\" alt=\"\" width=\"150\" height=\"113\" class=\"alignleft size-thumbnail wp-image-21478\" srcset=\"https:\/\/www.feuerwehr-brilon.de\/wp-up\/2019\/07\/Waldbrand-Bleiw\u00e4sche-3-150x113.jpg 150w, https:\/\/www.feuerwehr-brilon.de\/wp-up\/2019\/07\/Waldbrand-Bleiw\u00e4sche-3-500x375.jpg 500w, https:\/\/www.feuerwehr-brilon.de\/wp-up\/2019\/07\/Waldbrand-Bleiw\u00e4sche-3.jpg 800w\" sizes=\"auto, (max-width: 150px) 100vw, 150px\" \/><\/a><a title=\"Brilon\" href=\"http:\/\/www.feuerwehr-brilon.de\/?page_id=7\" target=\"_blank\" rel=\"noopener noreferrer\">Brilon. <\/a>Die Feuerwehr Brilon wurde am Mittwoch um 16:50 Uhr zu einem Waldbrand in der N\u00e4he von Madfeld alarmiert. Dort war am Himbeerkopf an der Sch\u00fctzenwiese bei Bleiw\u00e4sche ein Brand ausgebrochen. Die Feuerwehr Brilon leistete dabei nachbarschaftliche L\u00f6schhilfe im Bad W\u00fcnnenberger Stadtgebiet.<\/p>\n<p><!--more--><\/p>\n<p>Bei Eintreffen der Madfelder Einsatzkr\u00e4fte breiteten sich die Flammen an einem Steilhang schnell auf rund 27.000 Quadratmeter Waldfl\u00e4che aus. Die L\u00f6schgruppen Madfeld, Th\u00fclen und Alme nahmen die Brandbek\u00e4mpfung am Steilhang auf, die L\u00f6schgruppe R\u00f6senbeck und die Feuerwehr Bad W\u00fcnnenberg bek\u00e4mpften den Brand von der Bergseite. Eine Vielzahl weiterer Einsatzkr\u00e4fte unterst\u00fctzte die Einheiten.<\/p>\n<p>Das Tankl\u00f6schfahrzeug Brilon transportierte rund 25.000 Liter L\u00f6schwasser zur Einsatzstelle. Insgesamt 16 Tankl\u00f6schfahrzeuge und Tankwagen aus Bad W\u00fcnnenberg, Brilon, B\u00fcren, Lichtenau, und Paderborn sowie vom THW und privaten Unternehmern sorgten im Pendelverkehr f\u00fcr das notwendige L\u00f6schwasser. Das Wasser wurde aus einem Teich in der N\u00e4he und sp\u00e4ter auch aus der Aabachtalsperre entnommen. Die Feuerwehr H\u00f6velhof setzte eine Drohne ein, um einen \u00dcberblick \u00fcber die Einsatzstelle zu bekommen.<\/p>\n<p>Die L\u00f6schgruppen Madfeld, Alme, R\u00f6senbeck, Th\u00fclen und der L\u00f6schzuge Brilon waren bis 1:00 Uhr mit 55 Einsatzkr\u00e4ften vor Ort. Insgesamt waren bis zum Abend rund 200 Kr\u00e4fte im Einsatz.<\/p>\n<p>Am Donnerstagmorgen wurden die L\u00f6schgruppen Madfeld und Alme zu weiteren Nachl\u00f6scharbeiten alarmiert. 20 Einsatzkr\u00e4fte sind bis voraussichtlich 12:30 Uhr im Einsatz.<\/p>\n<p style=\"padding: 4px; border: 2px solid #696969;\"><strong>Eingesetzte Einheiten:<\/strong><br \/>\n<a href=\"http:\/\/www.feuerwehr-brilon.de\/?page_id=50\"><img loading=\"lazy\" decoding=\"async\" class=\"alignnone\" title=\"lg madfeld\" src=\"http:\/\/www.feuerwehr-brilon.de\/images\/einsatz_details\/lg_madfeld.jpg\" alt=\"\" width=\"110\" height=\"31\"><\/a><img loading=\"lazy\" decoding=\"async\" class=\"alignnone\" title=\"lg alme\" src=\"http:\/\/www.feuerwehr-brilon.de\/images\/einsatz_details\/lg_alme.jpg\" alt=\"\" width=\"110\" height=\"31\"><a href=\"http:\/\/www.feuerwehr-brilon.de\/?page_id=30\"><img loading=\"lazy\" decoding=\"async\" class=\"alignnone\" title=\"lg th\u00fclen\" src=\"http:\/\/www.feuerwehr-brilon.de\/images\/einsatz_details\/lg_thuelen.jpg\" alt=\"\" width=\"110\" height=\"31\"><\/a><a href=\"http:\/\/www.feuerwehr-brilon.de\/?page_id=21\"><img loading=\"lazy\" decoding=\"async\" class=\"alignnone\" title=\"lg r\u00f6senbeck\" src=\"http:\/\/www.feuerwehr-brilon.de\/images\/einsatz_details\/lg_roesenbeck.jpg\" alt=\"\" width=\"110\" height=\"31\"><\/a><a href=\"http:\/\/www.feuerwehr-brilon.de\/?page_id=7\"><img loading=\"lazy\" decoding=\"async\" class=\"alignnone\" title=\"lz brilon\" src=\"http:\/\/www.feuerwehr-brilon.de\/images\/einsatz_details\/lz_brilon.jpg\" alt=\"\" width=\"110\" height=\"31\"><\/a><\/p>\n<p style=\"padding: 4px; border: 2px solid #696969;\"><strong>Eingesetzte Fahrzeuge:<\/strong><br \/>\n<a href=\"http:\/\/www.feuerwehr-brilon.de\/?page_id=1335\"><img loading=\"lazy\" decoding=\"async\" class=\"alignnone\" title=\"LF8\" src=\"http:\/\/www.feuerwehr-brilon.de\/images\/einsatz_details\/054201.jpg\" alt=\"\" width=\"110\" height=\"31\" \/><\/a><a href=\"http:\/\/www.feuerwehr-brilon.de\/?page_id=812\"><img loading=\"lazy\" decoding=\"async\" class=\"alignnone\" title=\"StLF\" src=\"http:\/\/www.feuerwehr-brilon.de\/images\/einsatz_details\/054802.jpg\" alt=\"\" width=\"110\" height=\"31\"><\/a><a href=\"http:\/\/www.feuerwehr-brilon.de\/?page_id=1355\"><img loading=\"lazy\" decoding=\"async\" class=\"alignnone\" title=\"StLF10\/6\" src=\"http:\/\/www.feuerwehr-brilon.de\/images\/einsatz_details\/054803.jpg\" alt=\"\" width=\"110\" height=\"31\"><\/a><a href=\"http:\/\/www.feuerwehr-brilon.de\/?page_id=815\"><img loading=\"lazy\" decoding=\"async\" class=\"alignnone\" title=\"StLF10\/6\" src=\"http:\/\/www.feuerwehr-brilon.de\/images\/einsatz_details\/054705.jpg\" alt=\"\" width=\"110\" height=\"31\"><\/a><a href=\"http:\/\/www.feuerwehr-brilon.de\/?page_id=8508\"><img loading=\"lazy\" decoding=\"async\" class=\"alignnone\" src=\"http:\/\/www.feuerwehr-brilon.de\/images\/einsatz_details\/052401.jpg\" alt=\"\" width=\"110\" height=\"31\"><\/a><\/p>\n<p><strong>Bilder<\/strong><\/p>\n<p><a rel=\"lightbox\" href=\"https:\/\/www.feuerwehr-brilon.de\/wp-up\/2019\/07\/Waldbrand-Bleiw\u00e4sche-1.jpg\"><img loading=\"lazy\" decoding=\"async\" src=\"https:\/\/www.feuerwehr-brilon.de\/wp-up\/2019\/07\/Waldbrand-Bleiw\u00e4sche-1-150x113.jpg\" alt=\"\" width=\"150\" height=\"113\" class=\"alignleft size-thumbnail wp-image-21476\" srcset=\"https:\/\/www.feuerwehr-brilon.de\/wp-up\/2019\/07\/Waldbrand-Bleiw\u00e4sche-1-150x113.jpg 150w, https:\/\/www.feuerwehr-brilon.de\/wp-up\/2019\/07\/Waldbrand-Bleiw\u00e4sche-1-500x375.jpg 500w, https:\/\/www.feuerwehr-brilon.de\/wp-up\/2019\/07\/Waldbrand-Bleiw\u00e4sche-1.jpg 800w\" sizes=\"auto, (max-width: 150px) 100vw, 150px\" \/><\/a><\/p>\n<p><a rel=\"lightbox\" href=\"https:\/\/www.feuerwehr-brilon.de\/wp-up\/2019\/07\/Waldbrand-Bleiw\u00e4sche-2.jpg\"><img loading=\"lazy\" decoding=\"async\" src=\"https:\/\/www.feuerwehr-brilon.de\/wp-up\/2019\/07\/Waldbrand-Bleiw\u00e4sche-2-150x113.jpg\" alt=\"\" width=\"150\" height=\"113\" class=\"alignleft size-thumbnail wp-image-21477\" srcset=\"https:\/\/www.feuerwehr-brilon.de\/wp-up\/2019\/07\/Waldbrand-Bleiw\u00e4sche-2-150x113.jpg 150w, https:\/\/www.feuerwehr-brilon.de\/wp-up\/2019\/07\/Waldbrand-Bleiw\u00e4sche-2-500x375.jpg 500w, https:\/\/www.feuerwehr-brilon.de\/wp-up\/2019\/07\/Waldbrand-Bleiw\u00e4sche-2.jpg 800w\" sizes=\"auto, (max-width: 150px) 100vw, 150px\" \/><\/a><\/p>\n<p><a rel=\"lightbox\" href=\"https:\/\/www.feuerwehr-brilon.de\/wp-up\/2019\/07\/Waldbrand-Bleiw\u00e4sche-3.jpg\"><img loading=\"lazy\" decoding=\"async\" src=\"https:\/\/www.feuerwehr-brilon.de\/wp-up\/2019\/07\/Waldbrand-Bleiw\u00e4sche-3-150x113.jpg\" alt=\"\" width=\"150\" height=\"113\" class=\"alignleft size-thumbnail wp-image-21478\" srcset=\"https:\/\/www.feuerwehr-brilon.de\/wp-up\/2019\/07\/Waldbrand-Bleiw\u00e4sche-3-150x113.jpg 150w, https:\/\/www.feuerwehr-brilon.de\/wp-up\/2019\/07\/Waldbrand-Bleiw\u00e4sche-3-500x375.jpg 500w, https:\/\/www.feuerwehr-brilon.de\/wp-up\/2019\/07\/Waldbrand-Bleiw\u00e4sche-3.jpg 800w\" sizes=\"auto, (max-width: 150px) 100vw, 150px\" \/><\/a><\/p>\n<p><a rel=\"lightbox\" href=\"https:\/\/www.feuerwehr-brilon.de\/wp-up\/2019\/07\/Waldbrand-Bleiw\u00e4sche-4.jpg\"><img loading=\"lazy\" decoding=\"async\" src=\"https:\/\/www.feuerwehr-brilon.de\/wp-up\/2019\/07\/Waldbrand-Bleiw\u00e4sche-4-150x113.jpg\" alt=\"\" width=\"150\" height=\"113\" class=\"alignleft size-thumbnail wp-image-21479\" srcset=\"https:\/\/www.feuerwehr-brilon.de\/wp-up\/2019\/07\/Waldbrand-Bleiw\u00e4sche-4-150x113.jpg 150w, https:\/\/www.feuerwehr-brilon.de\/wp-up\/2019\/07\/Waldbrand-Bleiw\u00e4sche-4-500x375.jpg 500w, https:\/\/www.feuerwehr-brilon.de\/wp-up\/2019\/07\/Waldbrand-Bleiw\u00e4sche-4.jpg 800w\" sizes=\"auto, (max-width: 150px) 100vw, 150px\" \/><\/a><\/p>\n<p><a rel=\"lightbox\" href=\"https:\/\/www.feuerwehr-brilon.de\/wp-up\/2019\/07\/Waldbrand-Bleiw\u00e4sche-9.jpg\"><img loading=\"lazy\" decoding=\"async\" src=\"https:\/\/www.feuerwehr-brilon.de\/wp-up\/2019\/07\/Waldbrand-Bleiw\u00e4sche-9-150x113.jpg\" alt=\"\" width=\"150\" height=\"113\" class=\"alignleft size-thumbnail wp-image-21484\" srcset=\"https:\/\/www.feuerwehr-brilon.de\/wp-up\/2019\/07\/Waldbrand-Bleiw\u00e4sche-9-150x113.jpg 150w, https:\/\/www.feuerwehr-brilon.de\/wp-up\/2019\/07\/Waldbrand-Bleiw\u00e4sche-9-500x375.jpg 500w, https:\/\/www.feuerwehr-brilon.de\/wp-up\/2019\/07\/Waldbrand-Bleiw\u00e4sche-9.jpg 800w\" sizes=\"auto, (max-width: 150px) 100vw, 150px\" \/><\/a><\/p>\n<p><a rel=\"lightbox\" href=\"https:\/\/www.feuerwehr-brilon.de\/wp-up\/2019\/07\/Waldbrand-Bleiw\u00e4sche-8.jpg\"><img loading=\"lazy\" decoding=\"async\" src=\"https:\/\/www.feuerwehr-brilon.de\/wp-up\/2019\/07\/Waldbrand-Bleiw\u00e4sche-8-150x113.jpg\" alt=\"\" width=\"150\" height=\"113\" class=\"alignleft size-thumbnail wp-image-21483\" srcset=\"https:\/\/www.feuerwehr-brilon.de\/wp-up\/2019\/07\/Waldbrand-Bleiw\u00e4sche-8-150x113.jpg 150w, https:\/\/www.feuerwehr-brilon.de\/wp-up\/2019\/07\/Waldbrand-Bleiw\u00e4sche-8-500x375.jpg 500w, https:\/\/www.feuerwehr-brilon.de\/wp-up\/2019\/07\/Waldbrand-Bleiw\u00e4sche-8.jpg 800w\" sizes=\"auto, (max-width: 150px) 100vw, 150px\" \/><\/a><\/p>\n<p><a rel=\"lightbox\" href=\"https:\/\/www.feuerwehr-brilon.de\/wp-up\/2019\/07\/Waldbrand-Bleiw\u00e4sche-7.jpg\"><img loading=\"lazy\" decoding=\"async\" src=\"https:\/\/www.feuerwehr-brilon.de\/wp-up\/2019\/07\/Waldbrand-Bleiw\u00e4sche-7-150x113.jpg\" alt=\"\" width=\"150\" height=\"113\" class=\"alignleft size-thumbnail wp-image-21482\" srcset=\"https:\/\/www.feuerwehr-brilon.de\/wp-up\/2019\/07\/Waldbrand-Bleiw\u00e4sche-7-150x113.jpg 150w, https:\/\/www.feuerwehr-brilon.de\/wp-up\/2019\/07\/Waldbrand-Bleiw\u00e4sche-7-500x375.jpg 500w, https:\/\/www.feuerwehr-brilon.de\/wp-up\/2019\/07\/Waldbrand-Bleiw\u00e4sche-7.jpg 800w\" sizes=\"auto, (max-width: 150px) 100vw, 150px\" \/><\/a><\/p>\n<p><a rel=\"lightbox\" href=\"https:\/\/www.feuerwehr-brilon.de\/wp-up\/2019\/07\/Waldbrand-Bleiw\u00e4sche-11.jpg\"><img loading=\"lazy\" decoding=\"async\" src=\"https:\/\/www.feuerwehr-brilon.de\/wp-up\/2019\/07\/Waldbrand-Bleiw\u00e4sche-11-150x113.jpg\" alt=\"\" width=\"150\" height=\"113\" class=\"alignleft size-thumbnail wp-image-21486\" srcset=\"https:\/\/www.feuerwehr-brilon.de\/wp-up\/2019\/07\/Waldbrand-Bleiw\u00e4sche-11-150x113.jpg 150w, https:\/\/www.feuerwehr-brilon.de\/wp-up\/2019\/07\/Waldbrand-Bleiw\u00e4sche-11-500x375.jpg 500w, https:\/\/www.feuerwehr-brilon.de\/wp-up\/2019\/07\/Waldbrand-Bleiw\u00e4sche-11.jpg 800w\" sizes=\"auto, (max-width: 150px) 100vw, 150px\" \/><\/a><\/p>\n<p><a rel=\"lightbox\" href=\"https:\/\/www.feuerwehr-brilon.de\/wp-up\/2019\/07\/Waldbrand-Bleiw\u00e4sche-6.jpg\"><img loading=\"lazy\" decoding=\"async\" src=\"https:\/\/www.feuerwehr-brilon.de\/wp-up\/2019\/07\/Waldbrand-Bleiw\u00e4sche-6-150x113.jpg\" alt=\"\" width=\"150\" height=\"113\" class=\"alignleft size-thumbnail wp-image-21481\" srcset=\"https:\/\/www.feuerwehr-brilon.de\/wp-up\/2019\/07\/Waldbrand-Bleiw\u00e4sche-6-150x113.jpg 150w, https:\/\/www.feuerwehr-brilon.de\/wp-up\/2019\/07\/Waldbrand-Bleiw\u00e4sche-6-500x375.jpg 500w, https:\/\/www.feuerwehr-brilon.de\/wp-up\/2019\/07\/Waldbrand-Bleiw\u00e4sche-6.jpg 800w\" sizes=\"auto, (max-width: 150px) 100vw, 150px\" \/><\/a><\/p>\n<p><a rel=\"lightbox\" href=\"https:\/\/www.feuerwehr-brilon.de\/wp-up\/2019\/07\/Waldbrand-Bleiw\u00e4sche-5.jpg\"><img loading=\"lazy\" decoding=\"async\" src=\"https:\/\/www.feuerwehr-brilon.de\/wp-up\/2019\/07\/Waldbrand-Bleiw\u00e4sche-5-150x113.jpg\" alt=\"\" width=\"150\" height=\"113\" class=\"alignleft size-thumbnail wp-image-21480\" srcset=\"https:\/\/www.feuerwehr-brilon.de\/wp-up\/2019\/07\/Waldbrand-Bleiw\u00e4sche-5-150x113.jpg 150w, https:\/\/www.feuerwehr-brilon.de\/wp-up\/2019\/07\/Waldbrand-Bleiw\u00e4sche-5-500x375.jpg 500w, https:\/\/www.feuerwehr-brilon.de\/wp-up\/2019\/07\/Waldbrand-Bleiw\u00e4sche-5.jpg 800w\" sizes=\"auto, (max-width: 150px) 100vw, 150px\" \/><\/a><\/p>\n<p><a rel=\"lightbox\" href=\"https:\/\/www.feuerwehr-brilon.de\/wp-up\/2019\/07\/Waldbrand-Bleiw\u00e4sche-14.jpg\"><img loading=\"lazy\" decoding=\"async\" src=\"https:\/\/www.feuerwehr-brilon.de\/wp-up\/2019\/07\/Waldbrand-Bleiw\u00e4sche-14-150x113.jpg\" alt=\"\" width=\"150\" height=\"113\" class=\"alignleft size-thumbnail wp-image-21489\" srcset=\"https:\/\/www.feuerwehr-brilon.de\/wp-up\/2019\/07\/Waldbrand-Bleiw\u00e4sche-14-150x113.jpg 150w, https:\/\/www.feuerwehr-brilon.de\/wp-up\/2019\/07\/Waldbrand-Bleiw\u00e4sche-14-500x375.jpg 500w, https:\/\/www.feuerwehr-brilon.de\/wp-up\/2019\/07\/Waldbrand-Bleiw\u00e4sche-14.jpg 800w\" sizes=\"auto, (max-width: 150px) 100vw, 150px\" \/><\/a><\/p>\n<p><a rel=\"lightbox\" href=\"https:\/\/www.feuerwehr-brilon.de\/wp-up\/2019\/07\/Waldbrand-Bleiw\u00e4sche-13.jpg\"><img loading=\"lazy\" decoding=\"async\" src=\"https:\/\/www.feuerwehr-brilon.de\/wp-up\/2019\/07\/Waldbrand-Bleiw\u00e4sche-13-150x113.jpg\" alt=\"\" width=\"150\" height=\"113\" class=\"alignleft size-thumbnail wp-image-21488\" srcset=\"https:\/\/www.feuerwehr-brilon.de\/wp-up\/2019\/07\/Waldbrand-Bleiw\u00e4sche-13-150x113.jpg 150w, https:\/\/www.feuerwehr-brilon.de\/wp-up\/2019\/07\/Waldbrand-Bleiw\u00e4sche-13-500x375.jpg 500w, https:\/\/www.feuerwehr-brilon.de\/wp-up\/2019\/07\/Waldbrand-Bleiw\u00e4sche-13.jpg 800w\" sizes=\"auto, (max-width: 150px) 100vw, 150px\" \/><\/a><\/p>\n<p><a rel=\"lightbox\" href=\"https:\/\/www.feuerwehr-brilon.de\/wp-up\/2019\/07\/Waldbrand-Bleiw\u00e4sche-12.jpg\"><img loading=\"lazy\" decoding=\"async\" src=\"https:\/\/www.feuerwehr-brilon.de\/wp-up\/2019\/07\/Waldbrand-Bleiw\u00e4sche-12-150x113.jpg\" alt=\"\" width=\"150\" height=\"113\" class=\"alignleft size-thumbnail wp-image-21487\" srcset=\"https:\/\/www.feuerwehr-brilon.de\/wp-up\/2019\/07\/Waldbrand-Bleiw\u00e4sche-12-150x113.jpg 150w, https:\/\/www.feuerwehr-brilon.de\/wp-up\/2019\/07\/Waldbrand-Bleiw\u00e4sche-12-500x375.jpg 500w, https:\/\/www.feuerwehr-brilon.de\/wp-up\/2019\/07\/Waldbrand-Bleiw\u00e4sche-12.jpg 800w\" sizes=\"auto, (max-width: 150px) 100vw, 150px\" \/><\/a><\/p>\n<p><a rel=\"lightbox\" href=\"https:\/\/www.feuerwehr-brilon.de\/wp-up\/2019\/07\/Waldbrand-Bleiw\u00e4sche-10.jpg\"><img loading=\"lazy\" decoding=\"async\" src=\"https:\/\/www.feuerwehr-brilon.de\/wp-up\/2019\/07\/Waldbrand-Bleiw\u00e4sche-10-150x113.jpg\" alt=\"\" width=\"150\" height=\"113\" class=\"alignleft size-thumbnail wp-image-21485\" srcset=\"https:\/\/www.feuerwehr-brilon.de\/wp-up\/2019\/07\/Waldbrand-Bleiw\u00e4sche-10-150x113.jpg 150w, https:\/\/www.feuerwehr-brilon.de\/wp-up\/2019\/07\/Waldbrand-Bleiw\u00e4sche-10-500x375.jpg 500w, https:\/\/www.feuerwehr-brilon.de\/wp-up\/2019\/07\/Waldbrand-Bleiw\u00e4sche-10.jpg 800w\" sizes=\"auto, (max-width: 150px) 100vw, 150px\" \/><\/a><\/p>\n<p><a rel=\"lightbox\" href=\"https:\/\/www.feuerwehr-brilon.de\/wp-up\/2019\/07\/Waldbrand-Bleiw\u00e4sche-15.jpg\"><img loading=\"lazy\" decoding=\"async\" src=\"https:\/\/www.feuerwehr-brilon.de\/wp-up\/2019\/07\/Waldbrand-Bleiw\u00e4sche-15-150x113.jpg\" alt=\"\" width=\"150\" height=\"113\" class=\"alignleft size-thumbnail wp-image-21490\" srcset=\"https:\/\/www.feuerwehr-brilon.de\/wp-up\/2019\/07\/Waldbrand-Bleiw\u00e4sche-15-150x113.jpg 150w, https:\/\/www.feuerwehr-brilon.de\/wp-up\/2019\/07\/Waldbrand-Bleiw\u00e4sche-15-500x375.jpg 500w, https:\/\/www.feuerwehr-brilon.de\/wp-up\/2019\/07\/Waldbrand-Bleiw\u00e4sche-15.jpg 800w\" sizes=\"auto, (max-width: 150px) 100vw, 150px\" \/><\/a><\/p>\n<p>&nbsp;<\/p>\n","protected":false},"excerpt":{"rendered":"<p>Brilon. Die Feuerwehr Brilon wurde am Mittwoch um 16:50 Uhr zu einem Waldbrand in der N\u00e4he von Madfeld alarmiert. Dort war am Himbeerkopf an der Sch\u00fctzenwiese bei Bleiw\u00e4sche ein Brand ausgebrochen. Die Feuerwehr Brilon leistete dabei nachbarschaftliche L\u00f6schhilfe im Bad W\u00fcnnenberger Stadtgebiet.<\/p>\n","protected":false},"author":5,"featured_media":0,"comment_status":"closed","ping_status":"closed","sticky":false,"template":"","format":"standard","meta":{"_exactmetrics_skip_tracking":false,"_exactmetrics_sitenote_active":false,"_exactmetrics_sitenote_note":"","_exactmetrics_sitenote_category":0,"jetpack_post_was_ever_published":false,"_jetpack_newsletter_access":"","_jetpack_dont_email_post_to_subs":false,"_jetpack_newsletter_tier_id":0,"_jetpack_memberships_contains_paywalled_content":false,"_jetpack_memberships_contains_paid_content":false,"footnotes":""},"categories":[222],"tags":[40,197,53,56,42,178],"class_list":["post-21475","post","type-post","status-publish","format-standard","hentry","category-einsaetze-2019","tag-alme","tag-brand","tag-madfeld","tag-rosenbeck","tag-thulen","tag-tlf-4000"],"jetpack_featured_media_url":"","jetpack_shortlink":"https:\/\/wp.me\/pCIJa-5An","jetpack_sharing_enabled":true,"jetpack-related-posts":[{"id":21508,"url":"https:\/\/www.feuerwehr-brilon.de\/?p=21508","url_meta":{"origin":21475,"position":0},"title":"Nachl\u00f6scharbeiten Waldbrand Bleiw\u00e4sche","author":"Marcus Bange","date":"12. Juli 2019","format":false,"excerpt":"Brilon. Die Feuerwehr Brilon war am Donnerstag erneut bei dem Waldbrand am Himbeerkopf bei Bleiw\u00e4sche im Einsatz. Die L\u00f6schgruppen Madfeld und Alme wurde um 7:41 Uhr zur Mithilfe bei den umfangreichen Nachl\u00f6scharbeiten alarmiert. Dabei wurden die Wasserversorgung \u00fcber rund 500 m von einem L\u00f6schwassercontainer bis zur Einsatzstelle sichergestellt und die\u2026","rel":"","context":"In &quot;Eins\u00e4tze 2019&quot;","block_context":{"text":"Eins\u00e4tze 2019","link":"https:\/\/www.feuerwehr-brilon.de\/?cat=222"},"img":{"alt_text":"","src":"https:\/\/i0.wp.com\/www.feuerwehr-brilon.de\/wp-up\/2019\/07\/Waldbrand-Bleiw%C3%A4sche-NL-1-150x113.jpg?resize=350%2C200&ssl=1","width":350,"height":200},"classes":[]},{"id":23314,"url":"https:\/\/www.feuerwehr-brilon.de\/?p=23314","url_meta":{"origin":21475,"position":1},"title":"Kellerbrand in Madfeld","author":"Andreas Becker","date":"21. M\u00e4rz 2021","format":false,"excerpt":"Madfeld. Am Samstagmorgen (20.3.) kam es im Ortsteil Madfeld zu einem Kellerbrand. Um kurz nach acht wurden Feuerwehr, Rettungsdienst und Polizei zur Stra\u00dfe \u201eTiefer Weg\u201c alarmiert. Gl\u00fccklicherweise war bereits kurz nach Ausr\u00fccken der Einheiten aus Madfeld, Alme, Th\u00fclen, R\u00f6senbeck und Brilon klar, dass sich keiner der Bewohner mehr im Haus\u2026","rel":"","context":"In &quot;Allgemein&quot;","block_context":{"text":"Allgemein","link":"https:\/\/www.feuerwehr-brilon.de\/?cat=1"},"img":{"alt_text":"","src":"https:\/\/i0.wp.com\/www.feuerwehr-brilon.de\/wp-up\/2021\/03\/210321_IMG_6360_.jpg?resize=350%2C200&ssl=1","width":350,"height":200,"srcset":"https:\/\/i0.wp.com\/www.feuerwehr-brilon.de\/wp-up\/2021\/03\/210321_IMG_6360_.jpg?resize=350%2C200&ssl=1 1x, https:\/\/i0.wp.com\/www.feuerwehr-brilon.de\/wp-up\/2021\/03\/210321_IMG_6360_.jpg?resize=525%2C300&ssl=1 1.5x, https:\/\/i0.wp.com\/www.feuerwehr-brilon.de\/wp-up\/2021\/03\/210321_IMG_6360_.jpg?resize=700%2C400&ssl=1 2x"},"classes":[]},{"id":16112,"url":"https:\/\/www.feuerwehr-brilon.de\/?p=16112","url_meta":{"origin":21475,"position":2},"title":"Scheunenbrand in Madfeld","author":"Andreas Becker","date":"19. Juni 2018","format":false,"excerpt":"Madfeld. Die schwarze Rauchs\u00e4ule war schon weithin sichtbar, als die Feuerwehr Brilon gestern Abend (18.06.) um 21 Uhr zu einem Scheunenbrand alarmiert wurde. Die Einheiten aus Madfeld, Alme, Th\u00fclen und R\u00f6senbeck r\u00fcckten umgehend aus. Aus Brilon setzen sich das Tankl\u00f6schfahrzeug, die Drehleiter und der Einsatzleitwagen Richtung Madfeld in Bewegung. Als\u2026","rel":"","context":"In &quot;Eins\u00e4tze 2018&quot;","block_context":{"text":"Eins\u00e4tze 2018","link":"https:\/\/www.feuerwehr-brilon.de\/?cat=208"},"img":{"alt_text":"","src":"https:\/\/i0.wp.com\/www.feuerwehr-brilon.de\/images\/einsatz_details\/lg_madfeld.jpg?resize=350%2C200","width":350,"height":200},"classes":[]},{"id":21746,"url":"https:\/\/www.feuerwehr-brilon.de\/?p=21746","url_meta":{"origin":21475,"position":3},"title":"Brandmeldung nach vermutetem Ballonabsturz","author":"Marcus Bange","date":"2. September 2019","format":false,"excerpt":"Brilon. Die Feuerwehr Brilon wurde am Montagmorgen um 7.50 Uhr zu einem Waldbrand bei R\u00f6senbeck alarmiert. Eine Anruferin hatte bei der Rettungsleitstelle einen Ballon im Wald und einen Brand gemeldet. Die L\u00f6schgruppen aus Madfeld, R\u00f6senbeck und Th\u00fclen sowie der L\u00f6schzug Brilon r\u00fcckten mit sechs Fahrzeugen aus. Auch der Rettungsdienst war\u2026","rel":"","context":"In &quot;Eins\u00e4tze 2019&quot;","block_context":{"text":"Eins\u00e4tze 2019","link":"https:\/\/www.feuerwehr-brilon.de\/?cat=222"},"img":{"alt_text":"","src":"https:\/\/i0.wp.com\/www.feuerwehr-brilon.de\/wp-up\/2019\/09\/Flugunfall-Ballon-1-150x113.jpg?resize=350%2C200&ssl=1","width":350,"height":200},"classes":[]},{"id":15688,"url":"https:\/\/www.feuerwehr-brilon.de\/?p=15688","url_meta":{"origin":21475,"position":4},"title":"Friederike sorgt f\u00fcr Vielzahl von Eins\u00e4tzen","author":"Marcus Bange","date":"19. Januar 2018","format":false,"excerpt":"Brilon. Die Feuerwehr Brilon wurde am Donnerstagnachmittag zur insgesamt 48 Sturmeins\u00e4tzen alarmiert. Dabei mussten durch den Orkan umgest\u00fcrzte B\u00e4ume, gelockerte Dachpfannen und Kaminabdeckung beseitigt sowie Werbebanner gesichert werden. Alle Eins\u00e4tze wurden ab 12.00 Uhr durch eine Einsatzleitung im Feuerwehrhaus Brilon koordiniert und abgearbeitet. Auf der B 480 bei Alme st\u00fcrzte\u2026","rel":"","context":"In &quot;Eins\u00e4tze 2018&quot;","block_context":{"text":"Eins\u00e4tze 2018","link":"https:\/\/www.feuerwehr-brilon.de\/?cat=208"},"img":{"alt_text":"Friederike 1","src":"https:\/\/i0.wp.com\/www.feuerwehr-brilon.de\/wp-up\/2018\/01\/Friederike-1-150x113.jpg?resize=350%2C200&ssl=1","width":350,"height":200},"classes":[]},{"id":29944,"url":"https:\/\/www.feuerwehr-brilon.de\/?p=29944","url_meta":{"origin":21475,"position":5},"title":"Brand einer Ballenpresse in Brilon-Madfeld","author":"Marcus Bange","date":"18. Juli 2022","format":false,"excerpt":"Madfeld. Die Briloner Feuerwehr hat am Sonntagabend eine brennende Ballenpresse mit Zugmaschine in Madfeld gel\u00f6scht. Im Windpark Madfeld war das Gespann bei Erntearbeiten gegen 18:50 Uhr in Brand geraten. Bei Eintreffen der Feuerwehr brannten sowohl der Trecker als auch die Ballenpresse in voller Ausdehnung und das Feuer hatte bereits auf\u2026","rel":"","context":"In &quot;Eins\u00e4tze 2022&quot;","block_context":{"text":"Eins\u00e4tze 2022","link":"https:\/\/www.feuerwehr-brilon.de\/?cat=288"},"img":{"alt_text":"","src":"https:\/\/i0.wp.com\/www.feuerwehr-brilon.de\/wp-up\/2022\/07\/Ballenpresse-Madfeld-1.jpg?resize=350%2C200&ssl=1","width":350,"height":200,"srcset":"https:\/\/i0.wp.com\/www.feuerwehr-brilon.de\/wp-up\/2022\/07\/Ballenpresse-Madfeld-1.jpg?resize=350%2C200&ssl=1 1x, https:\/\/i0.wp.com\/www.feuerwehr-brilon.de\/wp-up\/2022\/07\/Ballenpresse-Madfeld-1.jpg?resize=525%2C300&ssl=1 1.5x, https:\/\/i0.wp.com\/www.feuerwehr-brilon.de\/wp-up\/2022\/07\/Ballenpresse-Madfeld-1.jpg?resize=700%2C400&ssl=1 2x"},"classes":[]}],"_links":{"self":[{"href":"https:\/\/www.feuerwehr-brilon.de\/index.php?rest_route=\/wp\/v2\/posts\/21475","targetHints":{"allow":["GET"]}}],"collection":[{"href":"https:\/\/www.feuerwehr-brilon.de\/index.php?rest_route=\/wp\/v2\/posts"}],"about":[{"href":"https:\/\/www.feuerwehr-brilon.de\/index.php?rest_route=\/wp\/v2\/types\/post"}],"author":[{"embeddable":true,"href":"https:\/\/www.feuerwehr-brilon.de\/index.php?rest_route=\/wp\/v2\/users\/5"}],"replies":[{"embeddable":true,"href":"https:\/\/www.feuerwehr-brilon.de\/index.php?rest_route=%2Fwp%2Fv2%2Fcomments&post=21475"}],"version-history":[{"count":4,"href":"https:\/\/www.feuerwehr-brilon.de\/index.php?rest_route=\/wp\/v2\/posts\/21475\/revisions"}],"predecessor-version":[{"id":21533,"href":"https:\/\/www.feuerwehr-brilon.de\/index.php?rest_route=\/wp\/v2\/posts\/21475\/revisions\/21533"}],"wp:attachment":[{"href":"https:\/\/www.feuerwehr-brilon.de\/index.php?rest_route=%2Fwp%2Fv2%2Fmedia&parent=21475"}],"wp:term":[{"taxonomy":"category","embeddable":true,"href":"https:\/\/www.feuerwehr-brilon.de\/index.php?rest_route=%2Fwp%2Fv2%2Fcategories&post=21475"},{"taxonomy":"post_tag","embeddable":true,"href":"https:\/\/www.feuerwehr-brilon.de\/index.php?rest_route=%2Fwp%2Fv2%2Ftags&post=21475"}],"curies":[{"name":"wp","href":"https:\/\/api.w.org\/{rel}","templated":true}]}}