{"id":23907,"date":"2021-10-21T16:01:12","date_gmt":"2021-10-21T15:01:12","guid":{"rendered":"https:\/\/www.feuerwehr-brilon.de\/?p=23907"},"modified":"2021-10-22T12:33:49","modified_gmt":"2021-10-22T11:33:49","slug":"sturmeinsaetze-der-feuerwehr-brilon-beim-sturmtief-ignatz","status":"publish","type":"post","link":"https:\/\/www.feuerwehr-brilon.de\/?p=23907","title":{"rendered":"Sturmeins\u00e4tze der Feuerwehr Brilon beim Sturmtief Ignatz"},"content":{"rendered":"<p><a href=\"https:\/\/www.feuerwehr-brilon.de\/?p=23907\"><img loading=\"lazy\" decoding=\"async\" src=\"https:\/\/www.feuerwehr-brilon.de\/wp-up\/2021\/10\/Sturm-Ignatz-1-150x113.jpg\" alt=\"\" width=\"150\" height=\"113\" class=\"alignleft size-thumbnail wp-image-23909\" srcset=\"https:\/\/www.feuerwehr-brilon.de\/wp-up\/2021\/10\/Sturm-Ignatz-1-150x113.jpg 150w, https:\/\/www.feuerwehr-brilon.de\/wp-up\/2021\/10\/Sturm-Ignatz-1-500x375.jpg 500w, https:\/\/www.feuerwehr-brilon.de\/wp-up\/2021\/10\/Sturm-Ignatz-1.jpg 800w\" sizes=\"auto, (max-width: 150px) 100vw, 150px\" \/><\/a><a title=\"Brilon\" href=\"http:\/\/www.feuerwehr-brilon.de\/?page_id=7\" target=\"_blank\" rel=\"noopener noreferrer\">Brilon. &#8211; UPDATE &#8211;<\/a> Die Feuerwehr Brilon war beim Sturmtief Ignatz am Donnerstag (21.10.21) im Dauereinsatz. Um 5.30 Uhr wurde zun\u00e4chst die L\u00f6schgruppen Alme zu einem umgest\u00fcrzten Baum auf der B 480 alarmiert. Kurze Zeit sp\u00e4ter wurde die L\u00f6schgruppe Madfeld zu einem Baum auf der L 637 zwischen B 7 und Madfeld gerufen. <!--more--><\/p>\n<p>Im Tagesverlauf erfolgten bis zum Abend laufende Alarmierung. Insgesamt wurden 23 Einsatzstellen abgearbeitet.  Die L\u00f6schgruppe Scharfenberg wurde zu f\u00fcnf Eins\u00e4tze auf der K 57 in Richtung Rixen (2 x), der K 59 in Richtung Brilon, der Bri 26 Aam\u00fchlen und der Oberen Stra\u00dfe gerufen. Neben umgest\u00fcrzten B\u00e4umen wurde an der Oberen Stra\u00dfe durch den Sturm ein Dach besch\u00e4digt. Mit der Drehleiter wurden lockere Dachpfanne gerichtet und so eine Gef\u00e4hrdung von Fu\u00dfg\u00e4ngern auf den Gehweg verhindert.<\/p>\n<p>Die Drehleiter war ebenfalls in Olsberg im Einsatz. Dort drohte an der Hinrich-Kropff-Stra\u00dfe ein Tisch von einem Dach zu fliegen. Es war von einem nahen Balkon auf ein Flachdach geweht. Auf der R\u00fcckfahrt stellte die Drehleiter mehrere abgebrochene \u00c4ste \u00fcber der Fahrbahn der Kreisstra\u00dfe 15 bei Altenb\u00fcren fest. Insgesamt drei B\u00e4ume mussten mit der Kettens\u00e4ge umfangreich entastet werden. Die Polizei sperrte die K 15 w\u00e4hrend der Einsatzma\u00dfnahmen.<\/p>\n<p>Weitere Einsatzstellen waren an der Altenb\u00fcrener M\u00fchle (Baum auf Stromleitung), im Bereich Esshoff, in Messinghausen am Remsto\u00df, in Bontkirchen bei Huxol und auf der K 61 sowie in Richtung Diemelsee. Hier waren die L\u00f6schgruppen Altenb\u00fcren, Bontkirchen, Hoppecke und Messinghausen im Einsatz.<\/p>\n<p>Der L\u00f6schzug Brilon entfernte mit der L\u00f6schgruppe W\u00fclfte einen Baum von einer Telefonleitung im Wenster. Weitere Einsatzstellen in Brilon waren an der Keffelker Stra\u00dfe, dem Almerfeldweg, der Knippenbergstra\u00dfe und am M\u00fchlenweg. Am sp\u00e4ten Nachmittag wurde ein Baum auf der B 251 am Freibad entfernt. Dort war eine Baumkrone auf eine Telefonleitung gest\u00fcrzt. Der Baum musste aufgrund der Instabilit\u00e4t bis zur Abbruchstelle in 5m H\u00f6he abges\u00e4gt werden. Die B 251 war f\u00fcr die Arbeiten durch die Polizei voll gesperrt. Mehrere PKW ignorierten die Absperrung von Polizei und Feuerwehr und fuhren bis zur Gefahrenstelle vor. Durch die unter Spannung stehende Telefonleitung entstanden Geb\u00e4udeschaden an einem nahen Gastst\u00e4ttenbetrieb. Auf dem R\u00fcckweg wurde noch ein Baum an der B 7 entfernt. Der letzte Alarm erfolgte um 19.17 Uhr zu einem umgest\u00fcrzten Baum an der Rochusstra\u00dfe. <\/p>\n<p>Die Briloner Feuerwehr war bei den 23 Eins\u00e4tzen mit 60 Einsatzkr\u00e4ften bis 20:30 Uhr im Einsatz. \u00dcber Personensch\u00e4den liegen der Feuerwehr keine Angaben vor.<\/p>\n<p style=\"border-color: #696969; border-width: 2px; border-style: solid; padding: 4px;\"><strong>Eingesetzte Einheiten:<\/strong><br \/>\n<a href=\"http:\/\/www.feuerwehr-brilon.de\/?page_id=27\"><img loading=\"lazy\" decoding=\"async\" class=\"alignnone\" title=\"lg alme\" src=\"http:\/\/www.feuerwehr-brilon.de\/images\/einsatz_details\/lg_alme.jpg\" alt=\"\" width=\"110\" height=\"31\" \/><\/a><a href=\"http:\/\/www.feuerwehr-brilon.de\/?page_id=23\"><img loading=\"lazy\" decoding=\"async\" class=\"alignnone\" title=\"lg altenb\u00fcren\" src=\"http:\/\/www.feuerwehr-brilon.de\/images\/einsatz_details\/lg_altenbueren.jpg\" alt=\"\" width=\"110\" height=\"31\" \/><\/a><a href=\"http:\/\/www.feuerwehr-brilon.de\/?page_id=7\"><img loading=\"lazy\" decoding=\"async\" class=\"alignnone\" title=\"lz brilon\" src=\"http:\/\/www.feuerwehr-brilon.de\/images\/einsatz_details\/lz_brilon.jpg\" alt=\"\" width=\"110\" height=\"31\" \/><\/a><a href=\"http:\/\/www.feuerwehr-brilon.de\/?page_id=12\"><img loading=\"lazy\" decoding=\"async\" class=\"alignnone\" title=\"lg bontkirchen\" src=\"http:\/\/www.feuerwehr-brilon.de\/images\/einsatz_details\/lg_bontkirchen.jpg\" alt=\"\" width=\"110\" height=\"31\" \/><\/a><a href=\"http:\/\/www.feuerwehr-brilon.de\/?page_id=50\"><img loading=\"lazy\" decoding=\"async\" class=\"alignnone\" title=\"lg madfeld\" src=\"http:\/\/www.feuerwehr-brilon.de\/images\/einsatz_details\/lg_madfeld.jpg\" alt=\"\" width=\"110\" height=\"31\" \/><\/a><a href=\"http:\/\/www.feuerwehr-brilon.de\/?page_id=8\"><img loading=\"lazy\" decoding=\"async\" class=\"alignnone\" title=\"lg messinghausen\" src=\"http:\/\/www.feuerwehr-brilon.de\/images\/einsatz_details\/lg_messinghausen.jpg\" alt=\"\" width=\"110\" height=\"31\" \/><\/a><a href=\"http:\/\/www.feuerwehr-brilon.de\/?page_id=20\"><img loading=\"lazy\" decoding=\"async\" class=\"alignnone\" title=\"lg hoppecke\" src=\"http:\/\/www.feuerwehr-brilon.de\/images\/einsatz_details\/lg_hoppecke.jpg\" alt=\"\" width=\"110\" height=\"31\" \/><\/a><a href=\"http:\/\/www.feuerwehr-brilon.de\/?page_id=24\"><img loading=\"lazy\" decoding=\"async\" class=\"alignnone\" title=\"lg scharfenberg\" src=\"http:\/\/www.feuerwehr-brilon.de\/images\/einsatz_details\/lg_scharfenberg.jpg\" alt=\"\" width=\"110\" height=\"31\" \/><\/a><a href=\"http:\/\/www.feuerwehr-brilon.de\/?page_id=26\"><img loading=\"lazy\" decoding=\"async\" class=\"alignnone\" title=\"lg w\u00fclfte\" src=\"http:\/\/www.feuerwehr-brilon.de\/images\/einsatz_details\/lg_wuelfte.jpg\" alt=\"\" width=\"110\" height=\"31\" \/><\/a><\/p>\n<p style=\"border-color: #696969; border-width: 2px; border-style: solid; padding: 4px;\"><strong>Eingesetzte Fahrzeuge:<\/strong><br \/>\n<a href=\"http:\/\/www.feuerwehr-brilon.de\/?page_id=812\"><img loading=\"lazy\" decoding=\"async\" class=\"alignnone\" title=\"StLF\" src=\"http:\/\/www.feuerwehr-brilon.de\/images\/einsatz_details\/054802.jpg\" alt=\"\" width=\"110\" height=\"31\" \/><\/a><a href=\"http:\/\/www.feuerwehr-brilon.de\/?page_id=1340\"><img loading=\"lazy\" decoding=\"async\" class=\"alignnone\" src=\"http:\/\/www.feuerwehr-brilon.de\/images\/einsatz_details\/054801.jpg\" alt=\"\" width=\"110\" height=\"31\" \/><\/a><a href=\"http:\/\/www.feuerwehr-brilon.de\/?page_id=1355\"><img loading=\"lazy\" decoding=\"async\" class=\"alignnone\" title=\"StLF10\/6\" src=\"http:\/\/www.feuerwehr-brilon.de\/images\/einsatz_details\/054803.jpg\" alt=\"\" width=\"110\" height=\"31\" \/><\/a><a href=\"http:\/\/www.feuerwehr-brilon.de\/?page_id=803\"><img loading=\"lazy\" decoding=\"async\" class=\"alignnone\" src=\"http:\/\/www.feuerwehr-brilon.de\/images\/einsatz_details\/053301.jpg\" alt=\"\" width=\"110\" height=\"31\" \/><\/a><a href=\"http:\/\/www.feuerwehr-brilon.de\/?page_id=755\"><img loading=\"lazy\" decoding=\"async\" class=\"alignnone\" src=\"http:\/\/www.feuerwehr-brilon.de\/images\/einsatz_details\/054401.jpg\" alt=\"\" width=\"110\" height=\"31\" \/><\/a><a href=\"http:\/\/www.feuerwehr-brilon.de\/?page_id=11756\"><img loading=\"lazy\" decoding=\"async\" class=\"alignnone\" src=\"http:\/\/www.feuerwehr-brilon.de\/images\/einsatz_details\/gwl2.jpg\" alt=\"\" width=\"110\" height=\"31\" \/><\/a><a href=\"http:\/\/www.feuerwehr-brilon.de\/?page_id=16659\"><img loading=\"lazy\" decoding=\"async\" class=\"alignnone\" src=\"http:\/\/www.feuerwehr-brilon.de\/images\/einsatz_details\/05GwL01.jpg\" alt=\"\" width=\"110\" height=\"31\" \/><\/a><a href=\"http:\/\/www.feuerwehr-brilon.de\/?page_id=1335\"><img loading=\"lazy\" decoding=\"async\" class=\"alignnone\" title=\"LF8\" src=\"http:\/\/www.feuerwehr-brilon.de\/images\/einsatz_details\/054201.jpg\" alt=\"\" width=\"110\" height=\"31\" \/><\/a><a href=\"http:\/\/www.feuerwehr-brilon.de\/?page_id=1355\"><img loading=\"lazy\" decoding=\"async\" class=\"alignnone\" title=\"StLF10\/6\" src=\"http:\/\/www.feuerwehr-brilon.de\/images\/einsatz_details\/054803.jpg\" alt=\"\" width=\"110\" height=\"31\" \/><\/a><a href=\"http:\/\/www.feuerwehr-brilon.de\/?page_id=818\"><img loading=\"lazy\" decoding=\"async\" class=\"alignnone\" title=\"TSF\" src=\"http:\/\/www.feuerwehr-brilon.de\/images\/einsatz_details\/054701.jpg\" alt=\"\" width=\"110\" height=\"31\" \/><\/a><\/p>\n<p><strong>Bilder:<\/strong><br \/>\n<a rel=\"lightbox\" href=\"https:\/\/www.feuerwehr-brilon.de\/wp-up\/2021\/10\/Sturm-Ignatz-1.jpg\"><img loading=\"lazy\" decoding=\"async\" src=\"https:\/\/www.feuerwehr-brilon.de\/wp-up\/2021\/10\/Sturm-Ignatz-1-150x113.jpg\" alt=\"\" width=\"150\" height=\"113\" class=\"alignleft size-thumbnail wp-image-23909\" srcset=\"https:\/\/www.feuerwehr-brilon.de\/wp-up\/2021\/10\/Sturm-Ignatz-1-150x113.jpg 150w, https:\/\/www.feuerwehr-brilon.de\/wp-up\/2021\/10\/Sturm-Ignatz-1-500x375.jpg 500w, https:\/\/www.feuerwehr-brilon.de\/wp-up\/2021\/10\/Sturm-Ignatz-1.jpg 800w\" sizes=\"auto, (max-width: 150px) 100vw, 150px\" \/><\/a><a rel=\"lightbox\" href=\"https:\/\/www.feuerwehr-brilon.de\/wp-up\/2021\/10\/Sturm-Ignatz-2.jpg\"><img loading=\"lazy\" decoding=\"async\" src=\"https:\/\/www.feuerwehr-brilon.de\/wp-up\/2021\/10\/Sturm-Ignatz-2-150x113.jpg\" alt=\"\" width=\"150\" height=\"113\" class=\"alignleft size-thumbnail wp-image-23910\" srcset=\"https:\/\/www.feuerwehr-brilon.de\/wp-up\/2021\/10\/Sturm-Ignatz-2-150x113.jpg 150w, https:\/\/www.feuerwehr-brilon.de\/wp-up\/2021\/10\/Sturm-Ignatz-2-500x375.jpg 500w, https:\/\/www.feuerwehr-brilon.de\/wp-up\/2021\/10\/Sturm-Ignatz-2.jpg 800w\" sizes=\"auto, (max-width: 150px) 100vw, 150px\" \/><\/a><a rel=\"lightbox\" href=\"https:\/\/www.feuerwehr-brilon.de\/wp-up\/2021\/10\/Sturm-Ignatz-3.jpg\"><img loading=\"lazy\" decoding=\"async\" src=\"https:\/\/www.feuerwehr-brilon.de\/wp-up\/2021\/10\/Sturm-Ignatz-3-150x113.jpg\" alt=\"\" width=\"150\" height=\"113\" class=\"alignleft size-thumbnail wp-image-23911\" srcset=\"https:\/\/www.feuerwehr-brilon.de\/wp-up\/2021\/10\/Sturm-Ignatz-3-150x113.jpg 150w, https:\/\/www.feuerwehr-brilon.de\/wp-up\/2021\/10\/Sturm-Ignatz-3-500x375.jpg 500w, https:\/\/www.feuerwehr-brilon.de\/wp-up\/2021\/10\/Sturm-Ignatz-3.jpg 800w\" sizes=\"auto, (max-width: 150px) 100vw, 150px\" \/><\/a><a rel=\"lightbox\" href=\"https:\/\/www.feuerwehr-brilon.de\/wp-up\/2021\/10\/Sturm-Ignatz-4.jpg\"><img loading=\"lazy\" decoding=\"async\" src=\"https:\/\/www.feuerwehr-brilon.de\/wp-up\/2021\/10\/Sturm-Ignatz-4-150x113.jpg\" alt=\"\" width=\"150\" height=\"113\" class=\"alignleft size-thumbnail wp-image-23912\" srcset=\"https:\/\/www.feuerwehr-brilon.de\/wp-up\/2021\/10\/Sturm-Ignatz-4-150x113.jpg 150w, https:\/\/www.feuerwehr-brilon.de\/wp-up\/2021\/10\/Sturm-Ignatz-4-500x375.jpg 500w, https:\/\/www.feuerwehr-brilon.de\/wp-up\/2021\/10\/Sturm-Ignatz-4.jpg 800w\" sizes=\"auto, (max-width: 150px) 100vw, 150px\" \/><\/a><a rel=\"lightbox\" href=\"https:\/\/www.feuerwehr-brilon.de\/wp-up\/2021\/10\/Sturm-Ignatz-5.jpg\"><img loading=\"lazy\" decoding=\"async\" src=\"https:\/\/www.feuerwehr-brilon.de\/wp-up\/2021\/10\/Sturm-Ignatz-5-150x113.jpg\" alt=\"\" width=\"150\" height=\"113\" class=\"alignleft size-thumbnail wp-image-23913\" srcset=\"https:\/\/www.feuerwehr-brilon.de\/wp-up\/2021\/10\/Sturm-Ignatz-5-150x113.jpg 150w, https:\/\/www.feuerwehr-brilon.de\/wp-up\/2021\/10\/Sturm-Ignatz-5-500x375.jpg 500w, https:\/\/www.feuerwehr-brilon.de\/wp-up\/2021\/10\/Sturm-Ignatz-5.jpg 800w\" sizes=\"auto, (max-width: 150px) 100vw, 150px\" \/><\/a><a rel=\"lightbox\" href=\"https:\/\/www.feuerwehr-brilon.de\/wp-up\/2021\/10\/Sturm-Ignatz-6.jpg\"><img loading=\"lazy\" decoding=\"async\" src=\"https:\/\/www.feuerwehr-brilon.de\/wp-up\/2021\/10\/Sturm-Ignatz-6-150x113.jpg\" alt=\"\" width=\"150\" height=\"113\" class=\"alignleft size-thumbnail wp-image-23914\" srcset=\"https:\/\/www.feuerwehr-brilon.de\/wp-up\/2021\/10\/Sturm-Ignatz-6-150x113.jpg 150w, https:\/\/www.feuerwehr-brilon.de\/wp-up\/2021\/10\/Sturm-Ignatz-6-500x375.jpg 500w, https:\/\/www.feuerwehr-brilon.de\/wp-up\/2021\/10\/Sturm-Ignatz-6.jpg 800w\" sizes=\"auto, (max-width: 150px) 100vw, 150px\" \/><\/a><a rel=\"lightbox\" href=\"https:\/\/www.feuerwehr-brilon.de\/wp-up\/2021\/10\/Sturm-Ignatz-7.jpg\"><img loading=\"lazy\" decoding=\"async\" src=\"https:\/\/www.feuerwehr-brilon.de\/wp-up\/2021\/10\/Sturm-Ignatz-7-150x113.jpg\" alt=\"\" width=\"150\" height=\"113\" class=\"alignleft size-thumbnail wp-image-23915\" srcset=\"https:\/\/www.feuerwehr-brilon.de\/wp-up\/2021\/10\/Sturm-Ignatz-7-150x113.jpg 150w, https:\/\/www.feuerwehr-brilon.de\/wp-up\/2021\/10\/Sturm-Ignatz-7-500x375.jpg 500w, https:\/\/www.feuerwehr-brilon.de\/wp-up\/2021\/10\/Sturm-Ignatz-7.jpg 800w\" sizes=\"auto, (max-width: 150px) 100vw, 150px\" \/><\/a><a rel=\"lightbox\" href=\"https:\/\/www.feuerwehr-brilon.de\/wp-up\/2021\/10\/Sturm-Ignatz-8.jpg\"><img loading=\"lazy\" decoding=\"async\" src=\"https:\/\/www.feuerwehr-brilon.de\/wp-up\/2021\/10\/Sturm-Ignatz-8-113x150.jpg\" alt=\"\" width=\"113\" height=\"150\" class=\"alignleft size-thumbnail wp-image-23916\" srcset=\"https:\/\/www.feuerwehr-brilon.de\/wp-up\/2021\/10\/Sturm-Ignatz-8-113x150.jpg 113w, https:\/\/www.feuerwehr-brilon.de\/wp-up\/2021\/10\/Sturm-Ignatz-8-375x500.jpg 375w, https:\/\/www.feuerwehr-brilon.de\/wp-up\/2021\/10\/Sturm-Ignatz-8.jpg 600w\" sizes=\"auto, (max-width: 113px) 100vw, 113px\" \/><\/a><a rel=\"lightbox\" href=\"https:\/\/www.feuerwehr-brilon.de\/wp-up\/2021\/10\/Sturm-Ignatz-9.jpg\"><img loading=\"lazy\" decoding=\"async\" src=\"https:\/\/www.feuerwehr-brilon.de\/wp-up\/2021\/10\/Sturm-Ignatz-9-150x113.jpg\" alt=\"\" width=\"150\" height=\"113\" class=\"alignleft size-thumbnail wp-image-23931\" srcset=\"https:\/\/www.feuerwehr-brilon.de\/wp-up\/2021\/10\/Sturm-Ignatz-9-150x113.jpg 150w, https:\/\/www.feuerwehr-brilon.de\/wp-up\/2021\/10\/Sturm-Ignatz-9-500x375.jpg 500w, https:\/\/www.feuerwehr-brilon.de\/wp-up\/2021\/10\/Sturm-Ignatz-9.jpg 800w\" sizes=\"auto, (max-width: 150px) 100vw, 150px\" \/><\/a><a rel=\"lightbox\" href=\"https:\/\/www.feuerwehr-brilon.de\/wp-up\/2021\/10\/Sturm-Ignatz-10.jpg\"><img loading=\"lazy\" decoding=\"async\" src=\"https:\/\/www.feuerwehr-brilon.de\/wp-up\/2021\/10\/Sturm-Ignatz-10-150x113.jpg\" alt=\"\" width=\"150\" height=\"113\" class=\"alignleft size-thumbnail wp-image-23932\" srcset=\"https:\/\/www.feuerwehr-brilon.de\/wp-up\/2021\/10\/Sturm-Ignatz-10-150x113.jpg 150w, https:\/\/www.feuerwehr-brilon.de\/wp-up\/2021\/10\/Sturm-Ignatz-10-500x375.jpg 500w, https:\/\/www.feuerwehr-brilon.de\/wp-up\/2021\/10\/Sturm-Ignatz-10.jpg 800w\" sizes=\"auto, (max-width: 150px) 100vw, 150px\" \/><\/a><\/p>\n","protected":false},"excerpt":{"rendered":"<p>Brilon. &#8211; UPDATE &#8211; Die Feuerwehr Brilon war beim Sturmtief Ignatz am Donnerstag (21.10.21) im Dauereinsatz. Um 5.30 Uhr wurde zun\u00e4chst die L\u00f6schgruppen Alme zu einem umgest\u00fcrzten Baum auf der B 480 alarmiert. Kurze Zeit sp\u00e4ter wurde die L\u00f6schgruppe Madfeld zu einem Baum auf der L 637 zwischen B 7 und Madfeld gerufen.<\/p>\n","protected":false},"author":5,"featured_media":23909,"comment_status":"closed","ping_status":"closed","sticky":false,"template":"","format":"standard","meta":{"_exactmetrics_skip_tracking":false,"_exactmetrics_sitenote_active":false,"_exactmetrics_sitenote_note":"","_exactmetrics_sitenote_category":0,"jetpack_post_was_ever_published":false,"_jetpack_newsletter_access":"","_jetpack_dont_email_post_to_subs":false,"_jetpack_newsletter_tier_id":0,"_jetpack_memberships_contains_paywalled_content":false,"_jetpack_memberships_contains_paid_content":false,"footnotes":""},"categories":[265],"tags":[39,141,37,46,47,41,283,143,45],"class_list":["post-23907","post","type-post","status-publish","format-standard","has-post-thumbnail","hentry","category-einsaetze-2021","tag-altenburen","tag-bontkirchen","tag-brilon","tag-hoppecke","tag-messinghausen","tag-scharfenberg","tag-sturm-ignatz","tag-unwetter","tag-wulfte"],"jetpack_featured_media_url":"https:\/\/www.feuerwehr-brilon.de\/wp-up\/2021\/10\/Sturm-Ignatz-1.jpg","jetpack_shortlink":"https:\/\/wp.me\/pCIJa-6dB","jetpack_sharing_enabled":true,"jetpack-related-posts":[{"id":22124,"url":"https:\/\/www.feuerwehr-brilon.de\/?p=22124","url_meta":{"origin":23907,"position":0},"title":"Sturmtief Sabine zog \u00fcber Brilon","author":"Andreas Becker","date":"12. Februar 2020","format":false,"excerpt":"Stadtgebiet. Der einsatzreiche Sonntag begann f\u00fcr die Feuerwehr Brilon mit einer \u00d6lspur. Kurz hinter dem Ortsausgang von Altenb\u00fcren verlor ein PKW Getriebe\u00f6l. Die Altenb\u00fcrener Wehrleute wurden um 9.38 Uhr alarmiert um das \u00d6l abzubinden. Nur 10 Minuten sp\u00e4ter wurde die L\u00f6schgruppe Th\u00fclen zum ersten Sturmeinsatz des Tages alarmiert. Auf der\u2026","rel":"","context":"In &quot;Eins\u00e4tze 2020&quot;","block_context":{"text":"Eins\u00e4tze 2020","link":"https:\/\/www.feuerwehr-brilon.de\/?cat=236"},"img":{"alt_text":"","src":"https:\/\/i0.wp.com\/www.feuerwehr-brilon.de\/wp-up\/2020\/02\/IMG_0661-1-150x113.jpg?resize=350%2C200&ssl=1","width":350,"height":200},"classes":[]},{"id":11746,"url":"https:\/\/www.feuerwehr-brilon.de\/?p=11746","url_meta":{"origin":23907,"position":1},"title":"Sturmtief &#8222;Niklas&#8220; besch\u00e4ftigt Briloner Feuerwehren","author":"Andreas Becker","date":"31. M\u00e4rz 2015","format":false,"excerpt":"Stadtgebiet. Wie durch die Wetterdienste angek\u00fcndigt, zog am Dienstag (31.3.) das Sturmtief \u201eNiklas\u201c \u00fcber Deutschland hinweg. Gegen 9:30 Uhr wurde der L\u00f6schzug Brilon dann auch zum ersten wetterbedingten Einsatz alarmiert. Am Gallbergweg war ein Baum auf die Bahntrasse gekippt. Nachdem die Bahnstrecke gesperrt war, konnte mit den Ma\u00dfnahmen begonnen werden.\u2026","rel":"","context":"In &quot;Eins\u00e4tze 2015&quot;","block_context":{"text":"Eins\u00e4tze 2015","link":"https:\/\/www.feuerwehr-brilon.de\/?cat=191"},"img":{"alt_text":"Baum_2","src":"https:\/\/i0.wp.com\/www.feuerwehr-brilon.de\/wp-up\/2015\/03\/Baum_2-150x112.jpg?resize=350%2C200","width":350,"height":200},"classes":[]},{"id":22185,"url":"https:\/\/www.feuerwehr-brilon.de\/?p=22185","url_meta":{"origin":23907,"position":2},"title":"Sturmtief \u201eVictoria\u201c folgt auf \u201eSabine\u201c","author":"Andreas Becker","date":"16. Februar 2020","format":false,"excerpt":"Stadtgebiet. Genau eine Woche nach dem letzten Sturmtief, ist die Feuerwehr Brilon wieder zu mehreren Eins\u00e4tzen mit Sturmsch\u00e4den ausger\u00fcckt. Die L\u00f6schgruppe Bontkirchen musste kurz nach 10 Uhr einen Baum hinter dem Ortsausgang in Richtung Willingen entfernen. Der Baum blockierte eine Fahrbahnh\u00e4lfte. Nach einer halben Stunde war der Einsatz beendet. Kurze\u2026","rel":"","context":"In &quot;Allgemein&quot;","block_context":{"text":"Allgemein","link":"https:\/\/www.feuerwehr-brilon.de\/?cat=1"},"img":{"alt_text":"","src":"https:\/\/i0.wp.com\/www.feuerwehr-brilon.de\/wp-up\/2020\/02\/200216_Sturm_Victoria_003.jpg?resize=350%2C200&ssl=1","width":350,"height":200,"srcset":"https:\/\/i0.wp.com\/www.feuerwehr-brilon.de\/wp-up\/2020\/02\/200216_Sturm_Victoria_003.jpg?resize=350%2C200&ssl=1 1x, https:\/\/i0.wp.com\/www.feuerwehr-brilon.de\/wp-up\/2020\/02\/200216_Sturm_Victoria_003.jpg?resize=525%2C300&ssl=1 1.5x, https:\/\/i0.wp.com\/www.feuerwehr-brilon.de\/wp-up\/2020\/02\/200216_Sturm_Victoria_003.jpg?resize=700%2C400&ssl=1 2x"},"classes":[]},{"id":21813,"url":"https:\/\/www.feuerwehr-brilon.de\/?p=21813","url_meta":{"origin":23907,"position":3},"title":"Baum in Brilon umgest\u00fcrzt","author":"Marcus Bange","date":"30. September 2019","format":false,"excerpt":"Brilon. Die Feuerwehr Brilon wurde am Montag morgen um 6:04 Uhr zu einem umgest\u00fcrzten Baum auf der Kreisstra\u00dfe 59 alarmiert. Am Ortsausgang Brilon Richtung Scharfenberg hatte der Sturm einen Baum entwurzelt. Die Stra\u00dfe wurde in beide Richtungen gesperrt und abgesichert sowie die Einsatzstelle ausgeleuchtet. Der Baum wurde mit der Motors\u00e4ge\u2026","rel":"","context":"In &quot;Allgemein&quot;","block_context":{"text":"Allgemein","link":"https:\/\/www.feuerwehr-brilon.de\/?cat=1"},"img":{"alt_text":"","src":"https:\/\/i0.wp.com\/www.feuerwehr-brilon.de\/wp-up\/2019\/09\/Baum-K-59-1-150x113.jpg?resize=350%2C200&ssl=1","width":350,"height":200},"classes":[]},{"id":16899,"url":"https:\/\/www.feuerwehr-brilon.de\/?p=16899","url_meta":{"origin":23907,"position":4},"title":"Sturmeins\u00e4tze im Stadtgebiet Brilon","author":"Marcus Bange","date":"10. M\u00e4rz 2019","format":false,"excerpt":"Brilon. Die Feuerwehr Brilon wurde am Samstagabend zu sechs Sturmeins\u00e4tzen alarmiert. Gegen 17.30 Uhr st\u00fcrzte ein Baum auf der B 480 zwischen Alme und W\u00fclfte auf die Fahrbahn. Die L\u00f6schgruppe Alme r\u00e4umte die Fahrbahn. Daneben wurden im Umfeld angebrochene \u00c4ste mit Hilfe der Drehleiter entfernt. 12 Einsatzkr\u00e4fte waren hier 1\u2026","rel":"","context":"In &quot;Allgemein&quot;","block_context":{"text":"Allgemein","link":"https:\/\/www.feuerwehr-brilon.de\/?cat=1"},"img":{"alt_text":"","src":"https:\/\/i0.wp.com\/www.feuerwehr-brilon.de\/wp-up\/2019\/03\/Baum-Frankenweg-1-150x113.jpg?resize=350%2C200&ssl=1","width":350,"height":200},"classes":[]},{"id":31701,"url":"https:\/\/www.feuerwehr-brilon.de\/?p=31701","url_meta":{"origin":23907,"position":5},"title":"Sturmtief Emir sorgt f\u00fcr Eins\u00e4tze in Brilon","author":"Marcus Bange","date":"2. November 2023","format":false,"excerpt":"Brilon. Die Feuerwehr Brilon wurde durch das Sturmtief Emir bisher zu zwei Eins\u00e4tzen alarmiert (02.11.2023). Den ersten Alarm gab es aber bereits um 7:53 Uhr. Die Brandmeldeanlage im Krankenhaus hatte ausgel\u00f6st. Vor Ort stellte sich der Alarm als Fehlalarm heraus. Der L\u00f6schzug Brilon konnte wieder einr\u00fccken. Um 8:51 Uhr wurde\u2026","rel":"","context":"In &quot;Eins\u00e4tze 2023&quot;","block_context":{"text":"Eins\u00e4tze 2023","link":"https:\/\/www.feuerwehr-brilon.de\/?cat=335"},"img":{"alt_text":"","src":"https:\/\/i0.wp.com\/www.feuerwehr-brilon.de\/wp-up\/2023\/11\/Bremecketal-1.jpg?resize=350%2C200&ssl=1","width":350,"height":200,"srcset":"https:\/\/i0.wp.com\/www.feuerwehr-brilon.de\/wp-up\/2023\/11\/Bremecketal-1.jpg?resize=350%2C200&ssl=1 1x, https:\/\/i0.wp.com\/www.feuerwehr-brilon.de\/wp-up\/2023\/11\/Bremecketal-1.jpg?resize=525%2C300&ssl=1 1.5x, https:\/\/i0.wp.com\/www.feuerwehr-brilon.de\/wp-up\/2023\/11\/Bremecketal-1.jpg?resize=700%2C400&ssl=1 2x"},"classes":[]}],"_links":{"self":[{"href":"https:\/\/www.feuerwehr-brilon.de\/index.php?rest_route=\/wp\/v2\/posts\/23907","targetHints":{"allow":["GET"]}}],"collection":[{"href":"https:\/\/www.feuerwehr-brilon.de\/index.php?rest_route=\/wp\/v2\/posts"}],"about":[{"href":"https:\/\/www.feuerwehr-brilon.de\/index.php?rest_route=\/wp\/v2\/types\/post"}],"author":[{"embeddable":true,"href":"https:\/\/www.feuerwehr-brilon.de\/index.php?rest_route=\/wp\/v2\/users\/5"}],"replies":[{"embeddable":true,"href":"https:\/\/www.feuerwehr-brilon.de\/index.php?rest_route=%2Fwp%2Fv2%2Fcomments&post=23907"}],"version-history":[{"count":3,"href":"https:\/\/www.feuerwehr-brilon.de\/index.php?rest_route=\/wp\/v2\/posts\/23907\/revisions"}],"predecessor-version":[{"id":23933,"href":"https:\/\/www.feuerwehr-brilon.de\/index.php?rest_route=\/wp\/v2\/posts\/23907\/revisions\/23933"}],"wp:featuredmedia":[{"embeddable":true,"href":"https:\/\/www.feuerwehr-brilon.de\/index.php?rest_route=\/wp\/v2\/media\/23909"}],"wp:attachment":[{"href":"https:\/\/www.feuerwehr-brilon.de\/index.php?rest_route=%2Fwp%2Fv2%2Fmedia&parent=23907"}],"wp:term":[{"taxonomy":"category","embeddable":true,"href":"https:\/\/www.feuerwehr-brilon.de\/index.php?rest_route=%2Fwp%2Fv2%2Fcategories&post=23907"},{"taxonomy":"post_tag","embeddable":true,"href":"https:\/\/www.feuerwehr-brilon.de\/index.php?rest_route=%2Fwp%2Fv2%2Ftags&post=23907"}],"curies":[{"name":"wp","href":"https:\/\/api.w.org\/{rel}","templated":true}]}}