{"id":23965,"date":"2021-11-18T08:30:38","date_gmt":"2021-11-18T07:30:38","guid":{"rendered":"https:\/\/www.feuerwehr-brilon.de\/?p=23965"},"modified":"2021-11-18T08:30:38","modified_gmt":"2021-11-18T07:30:38","slug":"einsatz-447","status":"publish","type":"post","link":"https:\/\/www.feuerwehr-brilon.de\/?p=23965","title":{"rendered":"+++ Einsatz +++"},"content":{"rendered":"<p>17.11. 21:29Uhr, Brandeinsatz, F3 MiG, Olsberg, Hauptstra\u00dfe, Anforderung DLK<\/p>\n","protected":false},"excerpt":{"rendered":"<p>17.11. 21:29Uhr, Brandeinsatz, F3 MiG, Olsberg, Hauptstra\u00dfe, Anforderung DLK<\/p>\n","protected":false},"author":8,"featured_media":23964,"comment_status":"closed","ping_status":"closed","sticky":false,"template":"","format":"standard","meta":{"_exactmetrics_skip_tracking":false,"_exactmetrics_sitenote_active":false,"_exactmetrics_sitenote_note":"","_exactmetrics_sitenote_category":0,"jetpack_post_was_ever_published":false,"_jetpack_newsletter_access":"","_jetpack_dont_email_post_to_subs":false,"_jetpack_newsletter_tier_id":0,"_jetpack_memberships_contains_paywalled_content":false,"_jetpack_memberships_contains_paid_content":false,"footnotes":""},"categories":[102],"tags":[],"class_list":["post-23965","post","type-post","status-publish","format-standard","has-post-thumbnail","hentry","category-alarmierungen"],"jetpack_featured_media_url":"https:\/\/www.feuerwehr-brilon.de\/wp-up\/2021\/11\/ezy-watermark_18-11-2021_08-28-02am.jpg","jetpack_shortlink":"https:\/\/wp.me\/pCIJa-6ex","jetpack_sharing_enabled":true,"jetpack-related-posts":[{"id":23975,"url":"https:\/\/www.feuerwehr-brilon.de\/?p=23975","url_meta":{"origin":23965,"position":0},"title":"+++ Einsatz +++","author":"Andreas Becker","date":"18. November 2021","format":false,"excerpt":"18.11. 10:09Uhr, Brandeinsatz, F2 BMA, Olsberg, Paul-Oventrop-Stra\u00dfe, Anforderung DLK","rel":"","context":"In &quot;Alarmierungen&quot;","block_context":{"text":"Alarmierungen","link":"https:\/\/www.feuerwehr-brilon.de\/?cat=102"},"img":{"alt_text":"","src":"","width":0,"height":0},"classes":[]},{"id":23834,"url":"https:\/\/www.feuerwehr-brilon.de\/?p=23834","url_meta":{"origin":23965,"position":1},"title":"+++ Einsatz +++","author":"Andreas Becker","date":"11. Oktober 2021","format":false,"excerpt":"11.10. 08:15Uhr, Brandeinsatz, F3, Olsberg, H\u00fcttenstra\u00dfe, Unterst\u00fctzung mit DLK","rel":"","context":"In &quot;Alarmierungen&quot;","block_context":{"text":"Alarmierungen","link":"https:\/\/www.feuerwehr-brilon.de\/?cat=102"},"img":{"alt_text":"","src":"","width":0,"height":0},"classes":[]},{"id":23938,"url":"https:\/\/www.feuerwehr-brilon.de\/?p=23938","url_meta":{"origin":23965,"position":2},"title":"+++ Einsatz +++","author":"Andreas Becker","date":"25. Oktober 2021","format":false,"excerpt":"25.10. 13:39Uhr, Brandeinsatz, F3 BMA, Olsberg, Heinrich-Sommer-Str., autom. BMA (DLK)","rel":"","context":"In &quot;Alarmierungen&quot;","block_context":{"text":"Alarmierungen","link":"https:\/\/www.feuerwehr-brilon.de\/?cat=102"},"img":{"alt_text":"","src":"","width":0,"height":0},"classes":[]},{"id":31485,"url":"https:\/\/www.feuerwehr-brilon.de\/?p=31485","url_meta":{"origin":23965,"position":3},"title":"+++ Einsatz +++","author":"Andreas Becker","date":"30. August 2023","format":false,"excerpt":"30.08. 08:44Uhr, Brandeinsatz, F3 BMA, Bigge, Hauptstra\u00dfe, autom. BMA (DLK \u00fcber\u00f6rtlich)","rel":"","context":"In &quot;Alarmierungen&quot;","block_context":{"text":"Alarmierungen","link":"https:\/\/www.feuerwehr-brilon.de\/?cat=102"},"img":{"alt_text":"","src":"https:\/\/i0.wp.com\/www.feuerwehr-brilon.de\/wp-up\/2023\/03\/sym_DLK.jpg?resize=350%2C200&ssl=1","width":350,"height":200,"srcset":"https:\/\/i0.wp.com\/www.feuerwehr-brilon.de\/wp-up\/2023\/03\/sym_DLK.jpg?resize=350%2C200&ssl=1 1x, https:\/\/i0.wp.com\/www.feuerwehr-brilon.de\/wp-up\/2023\/03\/sym_DLK.jpg?resize=525%2C300&ssl=1 1.5x, https:\/\/i0.wp.com\/www.feuerwehr-brilon.de\/wp-up\/2023\/03\/sym_DLK.jpg?resize=700%2C400&ssl=1 2x"},"classes":[]},{"id":16995,"url":"https:\/\/www.feuerwehr-brilon.de\/?p=16995","url_meta":{"origin":23965,"position":4},"title":"09.04. 16:11Uhr, Brandeinsatz, F3 MiG,\u2026","author":"Andreas Becker","date":"9. April 2019","format":false,"excerpt":"09.04. 16:11Uhr, Brandeinsatz, F3 MiG, Marsberg, Carolus Magnus Str., Anforderung DLK","rel":"","context":"In &quot;Alarmierungen&quot;","block_context":{"text":"Alarmierungen","link":"https:\/\/www.feuerwehr-brilon.de\/?cat=102"},"img":{"alt_text":"","src":"","width":0,"height":0},"classes":[]},{"id":34193,"url":"https:\/\/www.feuerwehr-brilon.de\/?p=34193","url_meta":{"origin":23965,"position":5},"title":"+++ Einsatz +++","author":"Andreas Becker","date":"31. Dezember 2025","format":false,"excerpt":"30.12. 21:33Uhr, Brandeinsatz, F4, Olsberg, Sachsenecke, DLK (\u00fcber\u00f6rtlich)","rel":"","context":"In &quot;Alarmierungen&quot;","block_context":{"text":"Alarmierungen","link":"https:\/\/www.feuerwehr-brilon.de\/?cat=102"},"img":{"alt_text":"","src":"","width":0,"height":0},"classes":[]}],"_links":{"self":[{"href":"https:\/\/www.feuerwehr-brilon.de\/index.php?rest_route=\/wp\/v2\/posts\/23965","targetHints":{"allow":["GET"]}}],"collection":[{"href":"https:\/\/www.feuerwehr-brilon.de\/index.php?rest_route=\/wp\/v2\/posts"}],"about":[{"href":"https:\/\/www.feuerwehr-brilon.de\/index.php?rest_route=\/wp\/v2\/types\/post"}],"author":[{"embeddable":true,"href":"https:\/\/www.feuerwehr-brilon.de\/index.php?rest_route=\/wp\/v2\/users\/8"}],"replies":[{"embeddable":true,"href":"https:\/\/www.feuerwehr-brilon.de\/index.php?rest_route=%2Fwp%2Fv2%2Fcomments&post=23965"}],"version-history":[{"count":0,"href":"https:\/\/www.feuerwehr-brilon.de\/index.php?rest_route=\/wp\/v2\/posts\/23965\/revisions"}],"wp:featuredmedia":[{"embeddable":true,"href":"https:\/\/www.feuerwehr-brilon.de\/index.php?rest_route=\/wp\/v2\/media\/23964"}],"wp:attachment":[{"href":"https:\/\/www.feuerwehr-brilon.de\/index.php?rest_route=%2Fwp%2Fv2%2Fmedia&parent=23965"}],"wp:term":[{"taxonomy":"category","embeddable":true,"href":"https:\/\/www.feuerwehr-brilon.de\/index.php?rest_route=%2Fwp%2Fv2%2Fcategories&post=23965"},{"taxonomy":"post_tag","embeddable":true,"href":"https:\/\/www.feuerwehr-brilon.de\/index.php?rest_route=%2Fwp%2Fv2%2Ftags&post=23965"}],"curies":[{"name":"wp","href":"https:\/\/api.w.org\/{rel}","templated":true}]}}