{"id":23987,"date":"2021-12-02T12:32:44","date_gmt":"2021-12-02T11:32:44","guid":{"rendered":"https:\/\/www.feuerwehr-brilon.de\/?p=23987"},"modified":"2021-12-02T12:32:44","modified_gmt":"2021-12-02T11:32:44","slug":"neue-leitung-der-feuerwehr-brilon-und-fahrzeuguebergabe","status":"publish","type":"post","link":"https:\/\/www.feuerwehr-brilon.de\/?p=23987","title":{"rendered":"Neue Leitung der Feuerwehr Brilon und Fahrzeug\u00fcbergabe"},"content":{"rendered":"<p><a href=\"https:\/\/www.feuerwehr-brilon.de\/?p=23987\"><img loading=\"lazy\" decoding=\"async\" src=\"https:\/\/www.feuerwehr-brilon.de\/wp-up\/2021\/12\/Neue-Wehrleitung-1-150x113.jpg\" alt=\"\" width=\"150\" height=\"113\" class=\"alignleft size-thumbnail wp-image-23989\" srcset=\"https:\/\/www.feuerwehr-brilon.de\/wp-up\/2021\/12\/Neue-Wehrleitung-1-150x113.jpg 150w, https:\/\/www.feuerwehr-brilon.de\/wp-up\/2021\/12\/Neue-Wehrleitung-1-500x375.jpg 500w, https:\/\/www.feuerwehr-brilon.de\/wp-up\/2021\/12\/Neue-Wehrleitung-1.jpg 800w\" sizes=\"auto, (max-width: 150px) 100vw, 150px\" \/><\/a><a title=\"Brilon\" href=\"http:\/\/www.feuerwehr-brilon.de\/?page_id=7\" target=\"_blank\" rel=\"noopener noreferrer\">Brilon. &#8211; UPDATE &#8211;<\/a> Die Briloner Feuerwehr hat in einer Feierstunde eine neue Leitung erhalten und gleichzeitig zwei neue Feuerwehfahrzeuge in den Einsatzdienst \u00fcbernommen.\u00a0<!--more--><\/p>\n<p>Der Leiter der Feuerwehr Wolfgang Hillebrand begr\u00fc\u00dfte zum diesem besonderen Anlass B\u00fcrgermeister Dr. Christof Bartsch, Vertreter von Rat und Verwaltung, Pastor Drees und Pfarrer M\u00fcller, Abordnungen der Feuerwehren und die Leiter der Feuerwehren aus Stadt und Umkreis sowie Bezirksbrandmeister Uwe Wiedenbeck und den stellv. Kreisbrandmeister Uwe Schwarz.<\/p>\n<p>Zun\u00e4chst wurden die beiden neue Feuerwehrfahrzeuge an die Feuerwehr \u00fcbergeben. Nach der evangelischen und katholischen kirchlichen Segnung der neuen Fahrzeuge durch Ansgar Drees und Rainer M\u00fcller \u00fcbergab B\u00fcrgermeister Dr. Bartsch den symbolischen Fahrzeugschl\u00fcssel an die Feuerwehr. Er erl\u00e4uterte den Beschaffungsvorgang und die erforderlichen Ausschreibungen und w\u00fcnschte der Feuerwehr allzeit eine gute Fahrt und auch R\u00fcckkehr von den Eins\u00e4tzen.<\/p>\n<p>Der L\u00f6schzug Brilon erh\u00e4lt ein neues Hilfeleistungsl\u00f6schgruppenfahrzeug HLF 20. Das Fahrzeug dient der Sicherstellung des Brandschutzes im gesamten Stadtgebiet. Mit dem neuen HLF wird ein vorhandenes L\u00f6schgruppenfahrzeug (LF 16\/12) aus dem Jahr 1994 ersetzt. Das HLF ist das erstausr\u00fcckende Fahrzeug bei Br\u00e4nden, Verkehrsunf\u00e4llen, Menschenrettungen, Brandmeldeanlagen und sonstigen Eins\u00e4tzen. Es hat eine zul\u00e4ssige Gesamtmasse von 18 t, die Motorleistung betr\u00e4gt 340 PS. Ausger\u00fcstet ist es mit einem L\u00f6schwassertank von 2.000 Litern und einem Schaummitteltank mit 150 Litern. Die Feuerl\u00f6schkreiselpumpe liefert maximal 3.000 l\/min bei 10 bar, die Besatzung besteht aus neun Personen. Es ist weiter mit einer umfassenden Ausr\u00fcstung ausgestattet. Nach der Auftragsvergabe im Mai 2019 konnte das L\u00f6schfahrzeug nach 25 Monaten im Juni beim Hersteller Schlingmann in Dissen \u00fcbernommen werden. Die Kosten des HLF 20 betrugen 406.867,19 Euro. Es wurde \u00fcber zwei Haushaltsjahre finanziert. Rund 280.000 Euro kamen aus der Feuerschutzpauschale des Landes NRW.<\/p>\n<p>Als zweites Fahrzeug wurde ein Mannschaftstransportfahrzeug (MTF) beschafft.\u00a0 Bei dem MTF handelt sich dabei um ein Einsatzfahrzeug, welches vorrangig zum Transport von Personal dient. Es basiert auf einem konventionellen Kleinbus und ist mit Funk, Blaulicht und Martinshorn ausgestattet. Die Besatzung besteht aus bis zu neun Personen. Das Fahrzeug dient stadtweit zur Einsatzunterst\u00fctzung und zum Personaltransport zum Zentrum f\u00fcr Feuerschutz in Meschede. Dort werden regelm\u00e4\u00dfig Belastungs\u00fcbungen und Lehrg\u00e4nge abgehalten. Es wird daneben durch die Jugendfeuerwehr genutzt. Die Neubeschaffung wurde am Ende 2019 \u00f6ffentlich ausgeschrieben. Nach der Auftragsvergabe im Dezember 2019 konnte es im Februar 2021 beim Hersteller Sch\u00e4fer Obererdingen abgeholt werden Es hat eine zul\u00e4ssige Gesamtmasse 3,5 t und eine Motorleistung von 178 PS. Zur Absicherung von Einsatzstellen werden verschiedene Verkehrssicherungsmaterialien mitgef\u00fchrt. Die Kosten des MTF betrugen 68.878,71 \u20ac.<\/p>\n<p>Wolfgang Hillebrand bedankte sich herzlich bei Rat und Verwaltung f\u00fcr die Bereitstellung der erforderlichen Mittel. Mit den beiden neuen Fahrzeugen wird f\u00fcr die B\u00fcrger der Stadt das notwendige Einsatzmittel zur Hilfeleistung bereitgestellt.<\/p>\n<p>Im Anschluss an die Fahrzeug\u00fcbergaben wurde die neue Leitung der Feuerwehr Brilon in ihr Amt eingef\u00fchrt. Wolfgang Hillebrand gab dazu nach 12Jahren als Leiter der Feuerwehr die Leitung an seinen bisherigen Stellvertreter, Stadtbrandinspektor Thomas Bauerfeind (49) aus Alme ab. Der zweite Stellvertreter, Wilfried G\u00f6bel, schied ebenfalls nach 12 Jahren als stellvertretender Leiter der Feuerwehr nun aus seinem Amt aus. Als neue stellvertretende Leiter der Feuerwehr wurde Andreas Becker (Brilon) und Manuel Henke (W\u00fclfte) bis zu Absolvierung der noch abzuleistenden Laufbahnlehrg\u00e4nge zun\u00e4chst kommissarisch ernannt. Das entsprechende Anh\u00f6rungs- und Wahlverfahren wurde durch den B\u00fcrgermeister im Sp\u00e4tsommer durchgef\u00fchrt.<\/p>\n<p>B\u00fcrgermeister Bartsch bedankte sich im Namen von Rat und Verwaltung ganz herzlich f\u00fcr die geleistete hervorragende ehrenamtliche Arbeit der letzten Jahre. Unter der Amtszeit der bisherigen Wehrleitung wurde die Feuerwehr in der Vergangenheit gut ausger\u00fcstet und auch f\u00fcr die Zukunft gut aufgestellt. Wolfgang Hillebrand gab abschlie\u00dfend einen kleinen R\u00fcckblick \u00fcber die vergangenen Jahre als Leiter der Feuerwehr. Er bedankte sich dabei nochmals f\u00fcr die sehr gute Unterst\u00fctzung von Rat und Verwaltung bei der Beschaffung von Fahrzeugen oder den baulichen Ma\u00dfnahmen an den Feuerwehrh\u00e4usern und auch bei den Feuerwehrleuten f\u00fcr die gute Zusammenarbeit.<\/p>\n<p>Zum Abschluss wurde Wolfgang Hillebrand f\u00fcr sein langj\u00e4hriges besonderes Engagement von Bezirksbrandmeister Uwe Wiedenbeck und dem stellv. Kreisbrandmeister Uwe Schwarz mit dem Deutschen Feuerwehr-Ehrenkreuz in Gold des Deutschen Feuerwehrverbandes ausgezeichnet. Neben 12 Jahren als Leiter der Feuerwehr war er zuvor 10 Jahre stellvertretender Leiter und auch L\u00f6schgruppenf\u00fchrer der L\u00f6schgruppe Scharfenberg.<\/p>\n<p>Hinweis: Die Veranstaltung fand im November unter der \u201e3G-Regelung (geimpft, genesen, getestet)\u201c statt.<\/p>\n<p><strong>Bilder:<\/strong><br \/>\n<a rel=\"lightbox\" href=\"https:\/\/www.feuerwehr-brilon.de\/wp-up\/2021\/12\/Neue-Wehrleitung-1.jpg\"><img loading=\"lazy\" decoding=\"async\" src=\"https:\/\/www.feuerwehr-brilon.de\/wp-up\/2021\/12\/Neue-Wehrleitung-1-150x113.jpg\" alt=\"\" width=\"150\" height=\"113\" class=\"alignleft size-thumbnail wp-image-23989\" srcset=\"https:\/\/www.feuerwehr-brilon.de\/wp-up\/2021\/12\/Neue-Wehrleitung-1-150x113.jpg 150w, https:\/\/www.feuerwehr-brilon.de\/wp-up\/2021\/12\/Neue-Wehrleitung-1-500x375.jpg 500w, https:\/\/www.feuerwehr-brilon.de\/wp-up\/2021\/12\/Neue-Wehrleitung-1.jpg 800w\" sizes=\"auto, (max-width: 150px) 100vw, 150px\" \/><\/a><a rel=\"lightbox\" href=\"https:\/\/www.feuerwehr-brilon.de\/wp-up\/2021\/12\/Neue-Wehrleitung-2.jpg\"><img loading=\"lazy\" decoding=\"async\" src=\"https:\/\/www.feuerwehr-brilon.de\/wp-up\/2021\/12\/Neue-Wehrleitung-2-150x113.jpg\" alt=\"\" width=\"150\" height=\"113\" class=\"alignleft size-thumbnail wp-image-23990\" srcset=\"https:\/\/www.feuerwehr-brilon.de\/wp-up\/2021\/12\/Neue-Wehrleitung-2-150x113.jpg 150w, https:\/\/www.feuerwehr-brilon.de\/wp-up\/2021\/12\/Neue-Wehrleitung-2-500x375.jpg 500w, https:\/\/www.feuerwehr-brilon.de\/wp-up\/2021\/12\/Neue-Wehrleitung-2.jpg 800w\" sizes=\"auto, (max-width: 150px) 100vw, 150px\" \/><\/a><a rel=\"lightbox\" href=\"https:\/\/www.feuerwehr-brilon.de\/wp-up\/2021\/12\/Neue-Wehrleitung-3.jpg\"><img loading=\"lazy\" decoding=\"async\" src=\"https:\/\/www.feuerwehr-brilon.de\/wp-up\/2021\/12\/Neue-Wehrleitung-3-150x113.jpg\" alt=\"\" width=\"150\" height=\"113\" class=\"alignleft size-thumbnail wp-image-23992\" \/><\/a><a rel=\"lightbox\" href=\"https:\/\/www.feuerwehr-brilon.de\/wp-up\/2021\/12\/Neue-Wehrleitung-4.jpg\"><img loading=\"lazy\" decoding=\"async\" src=\"https:\/\/www.feuerwehr-brilon.de\/wp-up\/2021\/12\/Neue-Wehrleitung-4-150x113.jpg\" alt=\"\" width=\"150\" height=\"113\" class=\"alignleft size-thumbnail wp-image-23989\" \/><\/a><a rel=\"lightbox\" href=\"https:\/\/www.feuerwehr-brilon.de\/wp-up\/2021\/12\/Neue-Wehrleitung-5.jpg\"><img loading=\"lazy\" decoding=\"async\" src=\"https:\/\/www.feuerwehr-brilon.de\/wp-up\/2021\/12\/Neue-Wehrleitung-5-150x113.jpg\" alt=\"\" width=\"150\" height=\"113\" class=\"alignleft size-thumbnail wp-image-23993\" srcset=\"https:\/\/www.feuerwehr-brilon.de\/wp-up\/2021\/12\/Neue-Wehrleitung-5-150x113.jpg 150w, https:\/\/www.feuerwehr-brilon.de\/wp-up\/2021\/12\/Neue-Wehrleitung-5-500x375.jpg 500w, https:\/\/www.feuerwehr-brilon.de\/wp-up\/2021\/12\/Neue-Wehrleitung-5.jpg 800w\" sizes=\"auto, (max-width: 150px) 100vw, 150px\" \/><\/a><a rel=\"lightbox\" href=\"https:\/\/www.feuerwehr-brilon.de\/wp-up\/2021\/12\/Neue-Wehrleitung-6.jpg\"><img loading=\"lazy\" decoding=\"async\" src=\"https:\/\/www.feuerwehr-brilon.de\/wp-up\/2021\/12\/Neue-Wehrleitung-6-150x113.jpg\" alt=\"\" width=\"150\" height=\"113\" class=\"alignleft size-thumbnail wp-image-23994\" srcset=\"https:\/\/www.feuerwehr-brilon.de\/wp-up\/2021\/12\/Neue-Wehrleitung-6-150x113.jpg 150w, https:\/\/www.feuerwehr-brilon.de\/wp-up\/2021\/12\/Neue-Wehrleitung-6-500x375.jpg 500w, https:\/\/www.feuerwehr-brilon.de\/wp-up\/2021\/12\/Neue-Wehrleitung-6.jpg 800w\" sizes=\"auto, (max-width: 150px) 100vw, 150px\" \/><\/a><a rel=\"lightbox\" href=\"https:\/\/www.feuerwehr-brilon.de\/wp-up\/2021\/12\/Neue-Wehrleitung-7.jpg\"><img loading=\"lazy\" decoding=\"async\" src=\"https:\/\/www.feuerwehr-brilon.de\/wp-up\/2021\/12\/Neue-Wehrleitung-7-150x113.jpg\" alt=\"\" width=\"150\" height=\"113\" class=\"alignleft size-thumbnail wp-image-23995\" srcset=\"https:\/\/www.feuerwehr-brilon.de\/wp-up\/2021\/12\/Neue-Wehrleitung-7-150x113.jpg 150w, https:\/\/www.feuerwehr-brilon.de\/wp-up\/2021\/12\/Neue-Wehrleitung-7-500x375.jpg 500w, https:\/\/www.feuerwehr-brilon.de\/wp-up\/2021\/12\/Neue-Wehrleitung-7.jpg 800w\" sizes=\"auto, (max-width: 150px) 100vw, 150px\" \/><\/a><a rel=\"lightbox\" href=\"https:\/\/www.feuerwehr-brilon.de\/wp-up\/2021\/12\/Neue-Wehrleitung-8.jpg\"><img loading=\"lazy\" decoding=\"async\" src=\"https:\/\/www.feuerwehr-brilon.de\/wp-up\/2021\/12\/Neue-Wehrleitung-8-150x113.jpg\" alt=\"\" width=\"150\" height=\"113\" class=\"alignleft size-thumbnail wp-image-23996\" srcset=\"https:\/\/www.feuerwehr-brilon.de\/wp-up\/2021\/12\/Neue-Wehrleitung-8-150x113.jpg 150w, https:\/\/www.feuerwehr-brilon.de\/wp-up\/2021\/12\/Neue-Wehrleitung-8-500x375.jpg 500w, https:\/\/www.feuerwehr-brilon.de\/wp-up\/2021\/12\/Neue-Wehrleitung-8.jpg 800w\" sizes=\"auto, (max-width: 150px) 100vw, 150px\" \/><\/a><a rel=\"lightbox\" href=\"https:\/\/www.feuerwehr-brilon.de\/wp-up\/2021\/12\/Neue-Wehrleitung-9.jpg\"><img loading=\"lazy\" decoding=\"async\" src=\"https:\/\/www.feuerwehr-brilon.de\/wp-up\/2021\/12\/Neue-Wehrleitung-9-150x113.jpg\" alt=\"\" width=\"150\" height=\"113\" class=\"alignleft size-thumbnail wp-image-23997\" srcset=\"https:\/\/www.feuerwehr-brilon.de\/wp-up\/2021\/12\/Neue-Wehrleitung-9-150x113.jpg 150w, https:\/\/www.feuerwehr-brilon.de\/wp-up\/2021\/12\/Neue-Wehrleitung-9-500x375.jpg 500w, https:\/\/www.feuerwehr-brilon.de\/wp-up\/2021\/12\/Neue-Wehrleitung-9.jpg 800w\" sizes=\"auto, (max-width: 150px) 100vw, 150px\" \/><\/a><a rel=\"lightbox\" href=\"https:\/\/www.feuerwehr-brilon.de\/wp-up\/2021\/12\/Neues-HLF-20-Brilon-MTF-10.jpg\"><img loading=\"lazy\" decoding=\"async\" src=\"https:\/\/www.feuerwehr-brilon.de\/wp-up\/2021\/12\/Neues-HLF-20-Brilon-MTF-10-150x113.jpg\" alt=\"\" width=\"150\" height=\"113\" class=\"alignleft size-thumbnail wp-image-23998\" srcset=\"https:\/\/www.feuerwehr-brilon.de\/wp-up\/2021\/12\/Neues-HLF-20-Brilon-MTF-10-150x113.jpg 150w, https:\/\/www.feuerwehr-brilon.de\/wp-up\/2021\/12\/Neues-HLF-20-Brilon-MTF-10-500x375.jpg 500w, https:\/\/www.feuerwehr-brilon.de\/wp-up\/2021\/12\/Neues-HLF-20-Brilon-MTF-10.jpg 800w\" sizes=\"auto, (max-width: 150px) 100vw, 150px\" \/><\/a><a rel=\"lightbox\" href=\"https:\/\/www.feuerwehr-brilon.de\/wp-up\/2021\/12\/Neues-HLF-20-Brilon-MTF-11.jpg\"><img loading=\"lazy\" decoding=\"async\" src=\"https:\/\/www.feuerwehr-brilon.de\/wp-up\/2021\/12\/Neues-HLF-20-Brilon-MTF-11-113x150.jpg\" alt=\"\" width=\"150\" height=\"113\" class=\"alignleft size-thumbnail wp-image-23999\" \/><\/a><\/p>\n","protected":false},"excerpt":{"rendered":"<p>Brilon. &#8211; UPDATE &#8211; Die Briloner Feuerwehr hat in einer Feierstunde eine neue Leitung erhalten und gleichzeitig zwei neue Feuerwehfahrzeuge in den Einsatzdienst \u00fcbernommen.\u00a0<\/p>\n","protected":false},"author":5,"featured_media":23989,"comment_status":"closed","ping_status":"closed","sticky":false,"template":"","format":"standard","meta":{"_exactmetrics_skip_tracking":false,"_exactmetrics_sitenote_active":false,"_exactmetrics_sitenote_note":"","_exactmetrics_sitenote_category":0,"jetpack_post_was_ever_published":false,"_jetpack_newsletter_access":"","_jetpack_dont_email_post_to_subs":false,"_jetpack_newsletter_tier_id":0,"_jetpack_memberships_contains_paywalled_content":false,"_jetpack_memberships_contains_paid_content":false,"footnotes":""},"categories":[264],"tags":[37,239,284,285],"class_list":["post-23987","post","type-post","status-publish","format-standard","has-post-thumbnail","hentry","category-meldungen-2021","tag-brilon","tag-hlf-20","tag-leiter-der-feuerwehr","tag-mtf"],"jetpack_featured_media_url":"https:\/\/www.feuerwehr-brilon.de\/wp-up\/2021\/12\/Neue-Wehrleitung-1.jpg","jetpack_shortlink":"https:\/\/wp.me\/pCIJa-6eT","jetpack_sharing_enabled":true,"jetpack-related-posts":[{"id":29878,"url":"https:\/\/www.feuerwehr-brilon.de\/?p=29878","url_meta":{"origin":23987,"position":0},"title":"Neue Leitung der Feuerwehr Brilon","author":"Marcus Bange","date":"20. Juni 2022","format":false,"excerpt":"Brilon. Die Leitung der Feuerwehr Brilon stellt sich neu auf. Im November 2021 wurde zun\u00e4chst der neue Leiter der Feuerwehr Thomas Bauerfeind von B\u00fcrgermeister Dr. Christof Bartsch ernannt. Nun erhielten mit Andreas Becker und Manuel Henke seine beiden Stellvertreter die offizielle Ernennungsurkunde. Sie wurden f\u00fcr sechs Jahre zu Ehrenbeamten auf\u2026","rel":"","context":"In &quot;Allgemein&quot;","block_context":{"text":"Allgemein","link":"https:\/\/www.feuerwehr-brilon.de\/?cat=1"},"img":{"alt_text":"","src":"https:\/\/i0.wp.com\/www.feuerwehr-brilon.de\/wp-up\/2022\/06\/2022-06-neue-Leitung-Feuerwehr-Brilon-1.jpg?resize=350%2C200&ssl=1","width":350,"height":200,"srcset":"https:\/\/i0.wp.com\/www.feuerwehr-brilon.de\/wp-up\/2022\/06\/2022-06-neue-Leitung-Feuerwehr-Brilon-1.jpg?resize=350%2C200&ssl=1 1x, https:\/\/i0.wp.com\/www.feuerwehr-brilon.de\/wp-up\/2022\/06\/2022-06-neue-Leitung-Feuerwehr-Brilon-1.jpg?resize=525%2C300&ssl=1 1.5x, https:\/\/i0.wp.com\/www.feuerwehr-brilon.de\/wp-up\/2022\/06\/2022-06-neue-Leitung-Feuerwehr-Brilon-1.jpg?resize=700%2C400&ssl=1 2x"},"classes":[]},{"id":33624,"url":"https:\/\/www.feuerwehr-brilon.de\/?p=33624","url_meta":{"origin":23987,"position":1},"title":"Einweihung Drehleiter und Neubau in Brilon","author":"Andreas Becker","date":"4. August 2025","format":false,"excerpt":"Brilon. Am 27. Juli war es endlich soweit, die Freiwillige Feuerwehr Brilon erhielt eine neue Drehleiter und ein 345 qm gro\u00dfes Funktionsgeb\u00e4ude. \u201eWir feiern hier zwei Highlights an einem Ort, wo Menschen und Technik unter einem Dach zu finden sind.\u201c So B\u00fcrgermeister Dr. Bartsch in seiner Ansprache. \u201eFreiwillige Feuerwehr ist\u2026","rel":"","context":"In &quot;Meldungen 2025&quot;","block_context":{"text":"Meldungen 2025","link":"https:\/\/www.feuerwehr-brilon.de\/?cat=366"},"img":{"alt_text":"","src":"https:\/\/i0.wp.com\/www.feuerwehr-brilon.de\/wp-up\/2025\/08\/10.jpg?resize=350%2C200&ssl=1","width":350,"height":200,"srcset":"https:\/\/i0.wp.com\/www.feuerwehr-brilon.de\/wp-up\/2025\/08\/10.jpg?resize=350%2C200&ssl=1 1x, https:\/\/i0.wp.com\/www.feuerwehr-brilon.de\/wp-up\/2025\/08\/10.jpg?resize=525%2C300&ssl=1 1.5x, https:\/\/i0.wp.com\/www.feuerwehr-brilon.de\/wp-up\/2025\/08\/10.jpg?resize=700%2C400&ssl=1 2x"},"classes":[]},{"id":29809,"url":"https:\/\/www.feuerwehr-brilon.de\/?p=29809","url_meta":{"origin":23987,"position":2},"title":"Neue L\u00f6schgruppenf\u00fchrung in der L\u00f6schgruppe Messinghausen","author":"Andreas Becker","date":"22. Mai 2022","format":false,"excerpt":"Messinghausen. Zur diesj\u00e4hrigen Hauptversammlung konnte L\u00f6schgruppenf\u00fchrer Thomas Kemmerling Wehrf\u00fchrer Thomas Bauerfeind und seine Stellvertreter Andreas Becker und Manuel Henke, sowie Frau Karin Wigge als Vertreterin der Stadtverwaltung und Ortsvorsteher Andreas Sanow begr\u00fc\u00dfen. Die L\u00f6schgruppe Messinghausen wurde in den Jahren 2020 und 2021, zu 25 Eins\u00e4tzen gerufen und leistete dar\u00fcber hinaus\u2026","rel":"","context":"In &quot;Meldungen 2022&quot;","block_context":{"text":"Meldungen 2022","link":"https:\/\/www.feuerwehr-brilon.de\/?cat=289"},"img":{"alt_text":"","src":"https:\/\/i0.wp.com\/www.feuerwehr-brilon.de\/wp-up\/2022\/05\/220522_HV_Mes_2028_.jpg?resize=350%2C200&ssl=1","width":350,"height":200,"srcset":"https:\/\/i0.wp.com\/www.feuerwehr-brilon.de\/wp-up\/2022\/05\/220522_HV_Mes_2028_.jpg?resize=350%2C200&ssl=1 1x, https:\/\/i0.wp.com\/www.feuerwehr-brilon.de\/wp-up\/2022\/05\/220522_HV_Mes_2028_.jpg?resize=525%2C300&ssl=1 1.5x, https:\/\/i0.wp.com\/www.feuerwehr-brilon.de\/wp-up\/2022\/05\/220522_HV_Mes_2028_.jpg?resize=700%2C400&ssl=1 2x"},"classes":[]},{"id":13921,"url":"https:\/\/www.feuerwehr-brilon.de\/?p=13921","url_meta":{"origin":23987,"position":3},"title":"Neues L\u00f6schfahrzeug f\u00fcr die Feuerwehr Brilon","author":"Marcus Bange","date":"18. September 2016","format":false,"excerpt":"Brilon. Die Feuerwehr Brilon hat am 16. September 2016 ein neues L\u00f6schgruppenfahrzeug f\u00fcr den Katastrophenschutz (LF 20 KatS) in Dienst gestellt. Das neue Fahrzeug ersetzt im L\u00f6schzug Brilon ein 28 Jahre altes L\u00f6schfahrzeug. Neben B\u00fcrgermeister Dr. Christof Bartsch, den Vertretern aus dem Rat und der Verwaltung, Abordnungen der Feuerwehren aus\u2026","rel":"","context":"In &quot;Meldungen 2016&quot;","block_context":{"text":"Meldungen 2016","link":"https:\/\/www.feuerwehr-brilon.de\/?cat=202"},"img":{"alt_text":"\u00dcbergabe-2","src":"https:\/\/i0.wp.com\/www.feuerwehr-brilon.de\/wp-up\/2016\/09\/%C3%9Cbergabe-2.jpg?resize=350%2C200","width":350,"height":200},"classes":[]},{"id":16430,"url":"https:\/\/www.feuerwehr-brilon.de\/?p=16430","url_meta":{"origin":23987,"position":4},"title":"F\u00fchrungswechsel bei der Feuerwehr Brilon","author":"Marc Heines","date":"16. September 2018","format":false,"excerpt":"Thomas Bauerfeind ist neuer stellvertretender Leiter der Feuerwehr Brilon. \u00a0 \u00a0 \u00a0 J\u00fcrgen Mertens, zehn Jahre stellvertretender Leiter der Feuerwehr Brilon, stellte sein Amt am Vorabend seines sechzigsten Geburtstages zur Verf\u00fcgung. B\u00fcrgermeister Dr. Bartsch sprach J\u00fcrgen Mertens gro\u00dfen Respekt und Anerkennung aus. Mertens h\u00e4ngt nicht wie manch anderer am Amt\u2026","rel":"","context":"In &quot;Meldungen 2018&quot;","block_context":{"text":"Meldungen 2018","link":"https:\/\/www.feuerwehr-brilon.de\/?cat=209"},"img":{"alt_text":"","src":"https:\/\/i0.wp.com\/www.feuerwehr-brilon.de\/wp-up\/2018\/09\/internet-8-150x96.jpg?resize=350%2C200&ssl=1","width":350,"height":200},"classes":[]},{"id":8581,"url":"https:\/\/www.feuerwehr-brilon.de\/?p=8581","url_meta":{"origin":23987,"position":5},"title":"Neues Tankl\u00f6schfahrzeug TLF 4000 im Dienst","author":"Marc Heines","date":"7. Juli 2013","format":false,"excerpt":"Die Feuerwehr Brilon stellte am 5.Juli 2013 ein neues Tankl\u00f6schfahrzeug in Dienst. Das neue Tankl\u00f6schfahrzeug 4000 ersetzt im L\u00f6schzug Brilon ein 30 Jahre altes L\u00f6schfahrzeug. Zur Fahrzeug\u00fcbergabe konnte der Leiter der Feuerwehr Wolfgang Hillebrand zahlreiche G\u00e4ste begr\u00fc\u00dfen. Neben den Vertretern aus dem Rat und der Verwaltung, Abordnungen der Feuerwehren aus\u2026","rel":"","context":"In &quot;Meldungen 2013&quot;","block_context":{"text":"Meldungen 2013","link":"https:\/\/www.feuerwehr-brilon.de\/?cat=177"},"img":{"alt_text":"","src":"https:\/\/i0.wp.com\/www.feuerwehr-brilon.de\/wp-up\/2013\/07\/tlf4000_18-150x112.jpg?resize=350%2C200&ssl=1","width":350,"height":200},"classes":[]}],"_links":{"self":[{"href":"https:\/\/www.feuerwehr-brilon.de\/index.php?rest_route=\/wp\/v2\/posts\/23987","targetHints":{"allow":["GET"]}}],"collection":[{"href":"https:\/\/www.feuerwehr-brilon.de\/index.php?rest_route=\/wp\/v2\/posts"}],"about":[{"href":"https:\/\/www.feuerwehr-brilon.de\/index.php?rest_route=\/wp\/v2\/types\/post"}],"author":[{"embeddable":true,"href":"https:\/\/www.feuerwehr-brilon.de\/index.php?rest_route=\/wp\/v2\/users\/5"}],"replies":[{"embeddable":true,"href":"https:\/\/www.feuerwehr-brilon.de\/index.php?rest_route=%2Fwp%2Fv2%2Fcomments&post=23987"}],"version-history":[{"count":3,"href":"https:\/\/www.feuerwehr-brilon.de\/index.php?rest_route=\/wp\/v2\/posts\/23987\/revisions"}],"predecessor-version":[{"id":24009,"href":"https:\/\/www.feuerwehr-brilon.de\/index.php?rest_route=\/wp\/v2\/posts\/23987\/revisions\/24009"}],"wp:featuredmedia":[{"embeddable":true,"href":"https:\/\/www.feuerwehr-brilon.de\/index.php?rest_route=\/wp\/v2\/media\/23989"}],"wp:attachment":[{"href":"https:\/\/www.feuerwehr-brilon.de\/index.php?rest_route=%2Fwp%2Fv2%2Fmedia&parent=23987"}],"wp:term":[{"taxonomy":"category","embeddable":true,"href":"https:\/\/www.feuerwehr-brilon.de\/index.php?rest_route=%2Fwp%2Fv2%2Fcategories&post=23987"},{"taxonomy":"post_tag","embeddable":true,"href":"https:\/\/www.feuerwehr-brilon.de\/index.php?rest_route=%2Fwp%2Fv2%2Ftags&post=23987"}],"curies":[{"name":"wp","href":"https:\/\/api.w.org\/{rel}","templated":true}]}}