{"id":24026,"date":"2021-12-17T15:46:24","date_gmt":"2021-12-17T14:46:24","guid":{"rendered":"https:\/\/www.feuerwehr-brilon.de\/?p=24026"},"modified":"2021-12-17T15:46:24","modified_gmt":"2021-12-17T14:46:24","slug":"einsatz-459","status":"publish","type":"post","link":"https:\/\/www.feuerwehr-brilon.de\/?p=24026","title":{"rendered":"+++ Einsatz +++"},"content":{"rendered":"<p>17.12. 14:33Uhr, Hilfeleistung, H0 \u00d6lspur, Brilon, Gartenstra\u00dfe, \u00d6lspur<\/p>\n","protected":false},"excerpt":{"rendered":"<p>17.12. 14:33Uhr, Hilfeleistung, H0 \u00d6lspur, Brilon, Gartenstra\u00dfe, \u00d6lspur<\/p>\n","protected":false},"author":8,"featured_media":24025,"comment_status":"closed","ping_status":"closed","sticky":false,"template":"","format":"standard","meta":{"_exactmetrics_skip_tracking":false,"_exactmetrics_sitenote_active":false,"_exactmetrics_sitenote_note":"","_exactmetrics_sitenote_category":0,"jetpack_post_was_ever_published":false,"_jetpack_newsletter_access":"","_jetpack_dont_email_post_to_subs":false,"_jetpack_newsletter_tier_id":0,"_jetpack_memberships_contains_paywalled_content":false,"_jetpack_memberships_contains_paid_content":false,"footnotes":""},"categories":[102],"tags":[],"class_list":["post-24026","post","type-post","status-publish","format-standard","has-post-thumbnail","hentry","category-alarmierungen"],"jetpack_featured_media_url":"https:\/\/www.feuerwehr-brilon.de\/wp-up\/2021\/12\/155953f8-1bae-4f0e-933d-e62a1c5c05e0.jpg","jetpack_shortlink":"https:\/\/wp.me\/pCIJa-6fw","jetpack_sharing_enabled":true,"jetpack-related-posts":[{"id":32114,"url":"https:\/\/www.feuerwehr-brilon.de\/?p=32114","url_meta":{"origin":24026,"position":0},"title":"+++ Einsatz +++","author":"Andreas Becker","date":"19. Februar 2024","format":false,"excerpt":"19.02. 16:33Uhr, Hilfeleistung, H0 \u00d6lspur, Brilon, M\u00f6hnestra\u00dfe, \u00d6lspur","rel":"","context":"In &quot;Alarmierungen&quot;","block_context":{"text":"Alarmierungen","link":"https:\/\/www.feuerwehr-brilon.de\/?cat=102"},"img":{"alt_text":"","src":"https:\/\/i0.wp.com\/www.feuerwehr-brilon.de\/wp-up\/2022\/10\/sym_Oelspur_.jpg?resize=350%2C200&ssl=1","width":350,"height":200,"srcset":"https:\/\/i0.wp.com\/www.feuerwehr-brilon.de\/wp-up\/2022\/10\/sym_Oelspur_.jpg?resize=350%2C200&ssl=1 1x, https:\/\/i0.wp.com\/www.feuerwehr-brilon.de\/wp-up\/2022\/10\/sym_Oelspur_.jpg?resize=525%2C300&ssl=1 1.5x, https:\/\/i0.wp.com\/www.feuerwehr-brilon.de\/wp-up\/2022\/10\/sym_Oelspur_.jpg?resize=700%2C400&ssl=1 2x"},"classes":[]},{"id":34458,"url":"https:\/\/www.feuerwehr-brilon.de\/?p=34458","url_meta":{"origin":24026,"position":1},"title":"+++ Einsatz +++","author":"Erwin Mungenast","date":"5. M\u00e4rz 2026","format":false,"excerpt":"04.03. 22:33Uhr, Hilfeleistung, H0 \u00d6lspur, Brilon, Ostring \/ B7->Scharfenb., ausl. Betriebsmittel","rel":"","context":"In &quot;Alarmierungen&quot;","block_context":{"text":"Alarmierungen","link":"https:\/\/www.feuerwehr-brilon.de\/?cat=102"},"img":{"alt_text":"","src":"","width":0,"height":0},"classes":[]},{"id":15927,"url":"https:\/\/www.feuerwehr-brilon.de\/?p=15927","url_meta":{"origin":24026,"position":2},"title":"06.05. 17:33Uhr, Hilfeleistung, H0 \u00d6lspur,\u2026","author":"Andreas Becker","date":"6. Mai 2018","format":false,"excerpt":"06.05. 17:33Uhr, Hilfeleistung, H0 \u00d6lspur, Brilon, M\u00f6hnestra\u00dfe, \u00d6lspur nach VU","rel":"","context":"In &quot;Alarmierungen&quot;","block_context":{"text":"Alarmierungen","link":"https:\/\/www.feuerwehr-brilon.de\/?cat=102"},"img":{"alt_text":"","src":"","width":0,"height":0},"classes":[]},{"id":24374,"url":"https:\/\/www.feuerwehr-brilon.de\/?p=24374","url_meta":{"origin":24026,"position":3},"title":"+++ Einsatz +++","author":"Andreas Becker","date":"2. April 2022","format":false,"excerpt":"02.04. 14:58Uhr, Hilfeleistung, H0 \u00d6lspur, Brilon, M\u00f6hnestra\u00dfe, \u00d6lspur","rel":"","context":"In &quot;Alarmierungen&quot;","block_context":{"text":"Alarmierungen","link":"https:\/\/www.feuerwehr-brilon.de\/?cat=102"},"img":{"alt_text":"","src":"https:\/\/i0.wp.com\/www.feuerwehr-brilon.de\/wp-up\/2020\/02\/Oelspur.jpg?resize=350%2C200&ssl=1","width":350,"height":200,"srcset":"https:\/\/i0.wp.com\/www.feuerwehr-brilon.de\/wp-up\/2020\/02\/Oelspur.jpg?resize=350%2C200&ssl=1 1x, https:\/\/i0.wp.com\/www.feuerwehr-brilon.de\/wp-up\/2020\/02\/Oelspur.jpg?resize=525%2C300&ssl=1 1.5x"},"classes":[]},{"id":33622,"url":"https:\/\/www.feuerwehr-brilon.de\/?p=33622","url_meta":{"origin":24026,"position":4},"title":"+++ Einsatz +++","author":"Andreas Becker","date":"2. August 2025","format":false,"excerpt":"01.08. 14:26Uhr, Hilfeleistung, H0 \u00d6lspur, Brilon, M\u00f6hnestra\u00dfe, \u00d6lspur","rel":"","context":"In &quot;Alarmierungen&quot;","block_context":{"text":"Alarmierungen","link":"https:\/\/www.feuerwehr-brilon.de\/?cat=102"},"img":{"alt_text":"","src":"","width":0,"height":0},"classes":[]},{"id":21852,"url":"https:\/\/www.feuerwehr-brilon.de\/?p=21852","url_meta":{"origin":24026,"position":5},"title":"+++ Einsatz +++","author":"Andreas Becker","date":"2. November 2019","format":false,"excerpt":"02.11. 14:36Uhr, Hilfeleistung, H0 \u00d6lspur, Brilon, Hoppecker Str.- H\u00f6lsterloh, \u00d6lspur","rel":"","context":"In &quot;Alarmierungen&quot;","block_context":{"text":"Alarmierungen","link":"https:\/\/www.feuerwehr-brilon.de\/?cat=102"},"img":{"alt_text":"","src":"","width":0,"height":0},"classes":[]}],"_links":{"self":[{"href":"https:\/\/www.feuerwehr-brilon.de\/index.php?rest_route=\/wp\/v2\/posts\/24026","targetHints":{"allow":["GET"]}}],"collection":[{"href":"https:\/\/www.feuerwehr-brilon.de\/index.php?rest_route=\/wp\/v2\/posts"}],"about":[{"href":"https:\/\/www.feuerwehr-brilon.de\/index.php?rest_route=\/wp\/v2\/types\/post"}],"author":[{"embeddable":true,"href":"https:\/\/www.feuerwehr-brilon.de\/index.php?rest_route=\/wp\/v2\/users\/8"}],"replies":[{"embeddable":true,"href":"https:\/\/www.feuerwehr-brilon.de\/index.php?rest_route=%2Fwp%2Fv2%2Fcomments&post=24026"}],"version-history":[{"count":0,"href":"https:\/\/www.feuerwehr-brilon.de\/index.php?rest_route=\/wp\/v2\/posts\/24026\/revisions"}],"wp:featuredmedia":[{"embeddable":true,"href":"https:\/\/www.feuerwehr-brilon.de\/index.php?rest_route=\/wp\/v2\/media\/24025"}],"wp:attachment":[{"href":"https:\/\/www.feuerwehr-brilon.de\/index.php?rest_route=%2Fwp%2Fv2%2Fmedia&parent=24026"}],"wp:term":[{"taxonomy":"category","embeddable":true,"href":"https:\/\/www.feuerwehr-brilon.de\/index.php?rest_route=%2Fwp%2Fv2%2Fcategories&post=24026"},{"taxonomy":"post_tag","embeddable":true,"href":"https:\/\/www.feuerwehr-brilon.de\/index.php?rest_route=%2Fwp%2Fv2%2Ftags&post=24026"}],"curies":[{"name":"wp","href":"https:\/\/api.w.org\/{rel}","templated":true}]}}