{"id":24028,"date":"2021-12-21T12:17:30","date_gmt":"2021-12-21T11:17:30","guid":{"rendered":"https:\/\/www.feuerwehr-brilon.de\/?p=24028"},"modified":"2021-12-21T12:17:30","modified_gmt":"2021-12-21T11:17:30","slug":"einsatz-460","status":"publish","type":"post","link":"https:\/\/www.feuerwehr-brilon.de\/?p=24028","title":{"rendered":"+++ Einsatz +++"},"content":{"rendered":"<p>21.12. 10:07Uhr, Hilfeleistung, H0 T\u00fcr, Brilon, Springstra\u00dfe, T\u00fcr\u00f6ffnung<\/p>\n","protected":false},"excerpt":{"rendered":"<p>21.12. 10:07Uhr, Hilfeleistung, H0 T\u00fcr, Brilon, Springstra\u00dfe, T\u00fcr\u00f6ffnung<\/p>\n","protected":false},"author":8,"featured_media":24027,"comment_status":"closed","ping_status":"closed","sticky":false,"template":"","format":"standard","meta":{"_exactmetrics_skip_tracking":false,"_exactmetrics_sitenote_active":false,"_exactmetrics_sitenote_note":"","_exactmetrics_sitenote_category":0,"jetpack_post_was_ever_published":false,"_jetpack_newsletter_access":"","_jetpack_dont_email_post_to_subs":false,"_jetpack_newsletter_tier_id":0,"_jetpack_memberships_contains_paywalled_content":false,"_jetpack_memberships_contains_paid_content":false,"footnotes":""},"categories":[102],"tags":[],"class_list":["post-24028","post","type-post","status-publish","format-standard","has-post-thumbnail","hentry","category-alarmierungen"],"jetpack_featured_media_url":"https:\/\/www.feuerwehr-brilon.de\/wp-up\/2021\/12\/ezy-watermark_21-12-2021_12-15-35pm.jpg","jetpack_shortlink":"https:\/\/wp.me\/pCIJa-6fy","jetpack_sharing_enabled":true,"jetpack-related-posts":[{"id":32988,"url":"https:\/\/www.feuerwehr-brilon.de\/?p=32988","url_meta":{"origin":24028,"position":0},"title":"+++ Einsatz +++","author":"Andreas Becker","date":"22. November 2024","format":false,"excerpt":"22.11. 10:51Uhr, Hilfeleistung, H0 T\u00fcr, Brilon, Nordring, T\u00fcr\u00f6ffnung","rel":"","context":"In &quot;Alarmierungen&quot;","block_context":{"text":"Alarmierungen","link":"https:\/\/www.feuerwehr-brilon.de\/?cat=102"},"img":{"alt_text":"","src":"","width":0,"height":0},"classes":[]},{"id":33724,"url":"https:\/\/www.feuerwehr-brilon.de\/?p=33724","url_meta":{"origin":24028,"position":1},"title":"+++ Einsatz +++","author":"Andreas Becker","date":"9. September 2025","format":false,"excerpt":"09.09. 10:34Uhr, Hilfeleistung, H0 T\u00fcr, Brilon, M\u00fcggenborn, T\u00fcr\u00f6ffnung","rel":"","context":"In &quot;Alarmierungen&quot;","block_context":{"text":"Alarmierungen","link":"https:\/\/www.feuerwehr-brilon.de\/?cat=102"},"img":{"alt_text":"","src":"","width":0,"height":0},"classes":[]},{"id":23320,"url":"https:\/\/www.feuerwehr-brilon.de\/?p=23320","url_meta":{"origin":24028,"position":2},"title":"+++ Einsatz +++","author":"Andreas Becker","date":"22. M\u00e4rz 2021","format":false,"excerpt":"22.03. 10:52Uhr, Hilfeleistung, H0 T\u00fcr, Brilon, Dorotheenstra\u00dfe, T\u00fcr\u00f6ffnung","rel":"","context":"In &quot;Alarmierungen&quot;","block_context":{"text":"Alarmierungen","link":"https:\/\/www.feuerwehr-brilon.de\/?cat=102"},"img":{"alt_text":"","src":"https:\/\/i0.wp.com\/www.feuerwehr-brilon.de\/wp-up\/2020\/08\/Tueroeffnung.jpg?resize=350%2C200&ssl=1","width":350,"height":200,"srcset":"https:\/\/i0.wp.com\/www.feuerwehr-brilon.de\/wp-up\/2020\/08\/Tueroeffnung.jpg?resize=350%2C200&ssl=1 1x, https:\/\/i0.wp.com\/www.feuerwehr-brilon.de\/wp-up\/2020\/08\/Tueroeffnung.jpg?resize=525%2C300&ssl=1 1.5x, https:\/\/i0.wp.com\/www.feuerwehr-brilon.de\/wp-up\/2020\/08\/Tueroeffnung.jpg?resize=700%2C400&ssl=1 2x"},"classes":[]},{"id":30704,"url":"https:\/\/www.feuerwehr-brilon.de\/?p=30704","url_meta":{"origin":24028,"position":3},"title":"+++ Einsatz +++","author":"Andreas Becker","date":"6. Februar 2023","format":false,"excerpt":"06.02. 10:19Uhr, Hilfeleistung, H0 T\u00fcr, Brilon, M\u00fchlenweg, T\u00fcr\u00f6ffnung","rel":"","context":"In &quot;Alarmierungen&quot;","block_context":{"text":"Alarmierungen","link":"https:\/\/www.feuerwehr-brilon.de\/?cat=102"},"img":{"alt_text":"","src":"https:\/\/i0.wp.com\/www.feuerwehr-brilon.de\/wp-up\/2023\/02\/ezy-watermark_13-09-2022_10-44-42am.jpg?resize=350%2C200&ssl=1","width":350,"height":200,"srcset":"https:\/\/i0.wp.com\/www.feuerwehr-brilon.de\/wp-up\/2023\/02\/ezy-watermark_13-09-2022_10-44-42am.jpg?resize=350%2C200&ssl=1 1x, https:\/\/i0.wp.com\/www.feuerwehr-brilon.de\/wp-up\/2023\/02\/ezy-watermark_13-09-2022_10-44-42am.jpg?resize=525%2C300&ssl=1 1.5x, https:\/\/i0.wp.com\/www.feuerwehr-brilon.de\/wp-up\/2023\/02\/ezy-watermark_13-09-2022_10-44-42am.jpg?resize=700%2C400&ssl=1 2x"},"classes":[]},{"id":31046,"url":"https:\/\/www.feuerwehr-brilon.de\/?p=31046","url_meta":{"origin":24028,"position":4},"title":"+++ Einsatz +++","author":"Andreas Becker","date":"23. April 2023","format":false,"excerpt":"23.04. 10:03Uhr, Hilfeleistung, H0 T\u00fcr, Brilon, Ackerstra\u00dfe, T\u00fcr\u00f6ffnung","rel":"","context":"In &quot;Alarmierungen&quot;","block_context":{"text":"Alarmierungen","link":"https:\/\/www.feuerwehr-brilon.de\/?cat=102"},"img":{"alt_text":"","src":"","width":0,"height":0},"classes":[]},{"id":32475,"url":"https:\/\/www.feuerwehr-brilon.de\/?p=32475","url_meta":{"origin":24028,"position":5},"title":"+++ Einsatz +++","author":"Andreas Becker","date":"22. Mai 2024","format":false,"excerpt":"22.05. 10:46Uhr, Hilfeleistung, H0 T\u00fcr, Brilon, K\u00f6nigstra\u00dfe, T\u00fcr\u00f6ffnung","rel":"","context":"In &quot;Alarmierungen&quot;","block_context":{"text":"Alarmierungen","link":"https:\/\/www.feuerwehr-brilon.de\/?cat=102"},"img":{"alt_text":"","src":"https:\/\/i0.wp.com\/www.feuerwehr-brilon.de\/wp-up\/2022\/09\/sym_tuer.jpg?resize=350%2C200&ssl=1","width":350,"height":200,"srcset":"https:\/\/i0.wp.com\/www.feuerwehr-brilon.de\/wp-up\/2022\/09\/sym_tuer.jpg?resize=350%2C200&ssl=1 1x, https:\/\/i0.wp.com\/www.feuerwehr-brilon.de\/wp-up\/2022\/09\/sym_tuer.jpg?resize=525%2C300&ssl=1 1.5x, https:\/\/i0.wp.com\/www.feuerwehr-brilon.de\/wp-up\/2022\/09\/sym_tuer.jpg?resize=700%2C400&ssl=1 2x"},"classes":[]}],"_links":{"self":[{"href":"https:\/\/www.feuerwehr-brilon.de\/index.php?rest_route=\/wp\/v2\/posts\/24028","targetHints":{"allow":["GET"]}}],"collection":[{"href":"https:\/\/www.feuerwehr-brilon.de\/index.php?rest_route=\/wp\/v2\/posts"}],"about":[{"href":"https:\/\/www.feuerwehr-brilon.de\/index.php?rest_route=\/wp\/v2\/types\/post"}],"author":[{"embeddable":true,"href":"https:\/\/www.feuerwehr-brilon.de\/index.php?rest_route=\/wp\/v2\/users\/8"}],"replies":[{"embeddable":true,"href":"https:\/\/www.feuerwehr-brilon.de\/index.php?rest_route=%2Fwp%2Fv2%2Fcomments&post=24028"}],"version-history":[{"count":0,"href":"https:\/\/www.feuerwehr-brilon.de\/index.php?rest_route=\/wp\/v2\/posts\/24028\/revisions"}],"wp:featuredmedia":[{"embeddable":true,"href":"https:\/\/www.feuerwehr-brilon.de\/index.php?rest_route=\/wp\/v2\/media\/24027"}],"wp:attachment":[{"href":"https:\/\/www.feuerwehr-brilon.de\/index.php?rest_route=%2Fwp%2Fv2%2Fmedia&parent=24028"}],"wp:term":[{"taxonomy":"category","embeddable":true,"href":"https:\/\/www.feuerwehr-brilon.de\/index.php?rest_route=%2Fwp%2Fv2%2Fcategories&post=24028"},{"taxonomy":"post_tag","embeddable":true,"href":"https:\/\/www.feuerwehr-brilon.de\/index.php?rest_route=%2Fwp%2Fv2%2Ftags&post=24028"}],"curies":[{"name":"wp","href":"https:\/\/api.w.org\/{rel}","templated":true}]}}