{"id":24068,"date":"2022-01-07T16:23:45","date_gmt":"2022-01-07T15:23:45","guid":{"rendered":"https:\/\/www.feuerwehr-brilon.de\/?p=24068"},"modified":"2022-01-07T16:23:45","modified_gmt":"2022-01-07T15:23:45","slug":"einsatz-471","status":"publish","type":"post","link":"https:\/\/www.feuerwehr-brilon.de\/?p=24068","title":{"rendered":"+++ Einsatz +++"},"content":{"rendered":"<p>07.01. 14:53Uhr, Hilfeleistung, H0 T\u00fcr, Brilon, Nordring, T\u00fcr\u00f6ffnung<\/p>\n","protected":false},"excerpt":{"rendered":"<p>07.01. 14:53Uhr, Hilfeleistung, H0 T\u00fcr, Brilon, Nordring, T\u00fcr\u00f6ffnung<\/p>\n","protected":false},"author":8,"featured_media":22686,"comment_status":"closed","ping_status":"closed","sticky":false,"template":"","format":"standard","meta":{"_exactmetrics_skip_tracking":false,"_exactmetrics_sitenote_active":false,"_exactmetrics_sitenote_note":"","_exactmetrics_sitenote_category":0,"jetpack_post_was_ever_published":false,"_jetpack_newsletter_access":"","_jetpack_dont_email_post_to_subs":false,"_jetpack_newsletter_tier_id":0,"_jetpack_memberships_contains_paywalled_content":false,"_jetpack_memberships_contains_paid_content":false,"footnotes":""},"categories":[102],"tags":[],"class_list":["post-24068","post","type-post","status-publish","format-standard","has-post-thumbnail","hentry","category-alarmierungen"],"jetpack_featured_media_url":"https:\/\/www.feuerwehr-brilon.de\/wp-up\/2020\/08\/Tueroeffnung.jpg","jetpack_shortlink":"https:\/\/wp.me\/pCIJa-6gc","jetpack_sharing_enabled":true,"jetpack-related-posts":[{"id":32988,"url":"https:\/\/www.feuerwehr-brilon.de\/?p=32988","url_meta":{"origin":24068,"position":0},"title":"+++ Einsatz +++","author":"Andreas Becker","date":"22. November 2024","format":false,"excerpt":"22.11. 10:51Uhr, Hilfeleistung, H0 T\u00fcr, Brilon, Nordring, T\u00fcr\u00f6ffnung","rel":"","context":"In &quot;Alarmierungen&quot;","block_context":{"text":"Alarmierungen","link":"https:\/\/www.feuerwehr-brilon.de\/?cat=102"},"img":{"alt_text":"","src":"","width":0,"height":0},"classes":[]},{"id":33023,"url":"https:\/\/www.feuerwehr-brilon.de\/?p=33023","url_meta":{"origin":24068,"position":1},"title":"+++ Einsatz +++","author":"Andreas Becker","date":"13. Dezember 2024","format":false,"excerpt":"13.12. 15:42Uhr, Hilfeleistung, H0 T\u00fcr, Brilon, Nordring, T\u00fcr\u00f6ffnung","rel":"","context":"In &quot;Alarmierungen&quot;","block_context":{"text":"Alarmierungen","link":"https:\/\/www.feuerwehr-brilon.de\/?cat=102"},"img":{"alt_text":"","src":"","width":0,"height":0},"classes":[]},{"id":33997,"url":"https:\/\/www.feuerwehr-brilon.de\/?p=33997","url_meta":{"origin":24068,"position":2},"title":"+++Einsatz+++","author":"Erwin Mungenast","date":"10. November 2025","format":false,"excerpt":"10.11. 09:47Uhr, Hilfeleistung, H0 T\u00fcr, Brilon, Nordring, T\u00fcr\u00f6ffnung","rel":"","context":"In &quot;Alarmierungen&quot;","block_context":{"text":"Alarmierungen","link":"https:\/\/www.feuerwehr-brilon.de\/?cat=102"},"img":{"alt_text":"","src":"","width":0,"height":0},"classes":[]},{"id":29922,"url":"https:\/\/www.feuerwehr-brilon.de\/?p=29922","url_meta":{"origin":24068,"position":3},"title":"+++ Einsatz +++","author":"Andreas Becker","date":"5. Juli 2022","format":false,"excerpt":"05.07. 09:53Uhr, Hilfeleistung, H0 T\u00fcr, Brilon, M\u00fchlenweg, T\u00fcr\u00f6ffnung","rel":"","context":"In &quot;Alarmierungen&quot;","block_context":{"text":"Alarmierungen","link":"https:\/\/www.feuerwehr-brilon.de\/?cat=102"},"img":{"alt_text":"","src":"https:\/\/i0.wp.com\/www.feuerwehr-brilon.de\/wp-up\/2020\/08\/Tueroeffnung.jpg?resize=350%2C200&ssl=1","width":350,"height":200,"srcset":"https:\/\/i0.wp.com\/www.feuerwehr-brilon.de\/wp-up\/2020\/08\/Tueroeffnung.jpg?resize=350%2C200&ssl=1 1x, https:\/\/i0.wp.com\/www.feuerwehr-brilon.de\/wp-up\/2020\/08\/Tueroeffnung.jpg?resize=525%2C300&ssl=1 1.5x, https:\/\/i0.wp.com\/www.feuerwehr-brilon.de\/wp-up\/2020\/08\/Tueroeffnung.jpg?resize=700%2C400&ssl=1 2x"},"classes":[]},{"id":23561,"url":"https:\/\/www.feuerwehr-brilon.de\/?p=23561","url_meta":{"origin":24068,"position":4},"title":"+++ Einsatz +++","author":"Andreas Becker","date":"4. Juni 2021","format":false,"excerpt":"04.06. 12:53Uhr, Hilfeleistung, H0 T\u00fcr, Brilon, Niedere Mauer, T\u00fcr\u00f6ffnung","rel":"","context":"In &quot;Alarmierungen&quot;","block_context":{"text":"Alarmierungen","link":"https:\/\/www.feuerwehr-brilon.de\/?cat=102"},"img":{"alt_text":"","src":"https:\/\/i0.wp.com\/www.feuerwehr-brilon.de\/wp-up\/2020\/08\/Tueroeffnung.jpg?resize=350%2C200&ssl=1","width":350,"height":200,"srcset":"https:\/\/i0.wp.com\/www.feuerwehr-brilon.de\/wp-up\/2020\/08\/Tueroeffnung.jpg?resize=350%2C200&ssl=1 1x, https:\/\/i0.wp.com\/www.feuerwehr-brilon.de\/wp-up\/2020\/08\/Tueroeffnung.jpg?resize=525%2C300&ssl=1 1.5x, https:\/\/i0.wp.com\/www.feuerwehr-brilon.de\/wp-up\/2020\/08\/Tueroeffnung.jpg?resize=700%2C400&ssl=1 2x"},"classes":[]},{"id":23811,"url":"https:\/\/www.feuerwehr-brilon.de\/?p=23811","url_meta":{"origin":24068,"position":5},"title":"+++ Einsatz +++","author":"Andreas Becker","date":"1. Oktober 2021","format":false,"excerpt":"01.10. 17:53Uhr, Hilfeleistung, H0 T\u00fcr, Brilon, Kreuziger Mauer, T\u00fcr\u00f6ffnung","rel":"","context":"In &quot;Alarmierungen&quot;","block_context":{"text":"Alarmierungen","link":"https:\/\/www.feuerwehr-brilon.de\/?cat=102"},"img":{"alt_text":"","src":"https:\/\/i0.wp.com\/www.feuerwehr-brilon.de\/wp-up\/2020\/08\/Tueroeffnung.jpg?resize=350%2C200&ssl=1","width":350,"height":200,"srcset":"https:\/\/i0.wp.com\/www.feuerwehr-brilon.de\/wp-up\/2020\/08\/Tueroeffnung.jpg?resize=350%2C200&ssl=1 1x, https:\/\/i0.wp.com\/www.feuerwehr-brilon.de\/wp-up\/2020\/08\/Tueroeffnung.jpg?resize=525%2C300&ssl=1 1.5x, https:\/\/i0.wp.com\/www.feuerwehr-brilon.de\/wp-up\/2020\/08\/Tueroeffnung.jpg?resize=700%2C400&ssl=1 2x"},"classes":[]}],"_links":{"self":[{"href":"https:\/\/www.feuerwehr-brilon.de\/index.php?rest_route=\/wp\/v2\/posts\/24068","targetHints":{"allow":["GET"]}}],"collection":[{"href":"https:\/\/www.feuerwehr-brilon.de\/index.php?rest_route=\/wp\/v2\/posts"}],"about":[{"href":"https:\/\/www.feuerwehr-brilon.de\/index.php?rest_route=\/wp\/v2\/types\/post"}],"author":[{"embeddable":true,"href":"https:\/\/www.feuerwehr-brilon.de\/index.php?rest_route=\/wp\/v2\/users\/8"}],"replies":[{"embeddable":true,"href":"https:\/\/www.feuerwehr-brilon.de\/index.php?rest_route=%2Fwp%2Fv2%2Fcomments&post=24068"}],"version-history":[{"count":1,"href":"https:\/\/www.feuerwehr-brilon.de\/index.php?rest_route=\/wp\/v2\/posts\/24068\/revisions"}],"predecessor-version":[{"id":24069,"href":"https:\/\/www.feuerwehr-brilon.de\/index.php?rest_route=\/wp\/v2\/posts\/24068\/revisions\/24069"}],"wp:featuredmedia":[{"embeddable":true,"href":"https:\/\/www.feuerwehr-brilon.de\/index.php?rest_route=\/wp\/v2\/media\/22686"}],"wp:attachment":[{"href":"https:\/\/www.feuerwehr-brilon.de\/index.php?rest_route=%2Fwp%2Fv2%2Fmedia&parent=24068"}],"wp:term":[{"taxonomy":"category","embeddable":true,"href":"https:\/\/www.feuerwehr-brilon.de\/index.php?rest_route=%2Fwp%2Fv2%2Fcategories&post=24068"},{"taxonomy":"post_tag","embeddable":true,"href":"https:\/\/www.feuerwehr-brilon.de\/index.php?rest_route=%2Fwp%2Fv2%2Ftags&post=24068"}],"curies":[{"name":"wp","href":"https:\/\/api.w.org\/{rel}","templated":true}]}}