{"id":24070,"date":"2022-01-07T16:24:41","date_gmt":"2022-01-07T15:24:41","guid":{"rendered":"https:\/\/www.feuerwehr-brilon.de\/?p=24070"},"modified":"2022-01-07T16:24:41","modified_gmt":"2022-01-07T15:24:41","slug":"einsatz-472","status":"publish","type":"post","link":"https:\/\/www.feuerwehr-brilon.de\/?p=24070","title":{"rendered":"+++ Einsatz +++"},"content":{"rendered":"<p>07.01. 15:41Uhr, Hilfeleistung, H0 T\u00fcr, W\u00fclfte, Bulsterkopf, T\u00fcr\u00f6ffnung<\/p>\n","protected":false},"excerpt":{"rendered":"<p>07.01. 15:41Uhr, Hilfeleistung, H0 T\u00fcr, W\u00fclfte, Bulsterkopf, T\u00fcr\u00f6ffnung<\/p>\n","protected":false},"author":8,"featured_media":22686,"comment_status":"closed","ping_status":"closed","sticky":false,"template":"","format":"standard","meta":{"_exactmetrics_skip_tracking":false,"_exactmetrics_sitenote_active":false,"_exactmetrics_sitenote_note":"","_exactmetrics_sitenote_category":0,"jetpack_post_was_ever_published":false,"_jetpack_newsletter_access":"","_jetpack_dont_email_post_to_subs":false,"_jetpack_newsletter_tier_id":0,"_jetpack_memberships_contains_paywalled_content":false,"_jetpack_memberships_contains_paid_content":false,"footnotes":""},"categories":[102],"tags":[],"class_list":["post-24070","post","type-post","status-publish","format-standard","has-post-thumbnail","hentry","category-alarmierungen"],"jetpack_featured_media_url":"https:\/\/www.feuerwehr-brilon.de\/wp-up\/2020\/08\/Tueroeffnung.jpg","jetpack_shortlink":"https:\/\/wp.me\/pCIJa-6ge","jetpack_sharing_enabled":true,"jetpack-related-posts":[{"id":24068,"url":"https:\/\/www.feuerwehr-brilon.de\/?p=24068","url_meta":{"origin":24070,"position":0},"title":"+++ Einsatz +++","author":"Andreas Becker","date":"7. Januar 2022","format":false,"excerpt":"07.01. 14:53Uhr, Hilfeleistung, H0 T\u00fcr, Brilon, Nordring, T\u00fcr\u00f6ffnung","rel":"","context":"In &quot;Alarmierungen&quot;","block_context":{"text":"Alarmierungen","link":"https:\/\/www.feuerwehr-brilon.de\/?cat=102"},"img":{"alt_text":"","src":"https:\/\/i0.wp.com\/www.feuerwehr-brilon.de\/wp-up\/2020\/08\/Tueroeffnung.jpg?resize=350%2C200&ssl=1","width":350,"height":200,"srcset":"https:\/\/i0.wp.com\/www.feuerwehr-brilon.de\/wp-up\/2020\/08\/Tueroeffnung.jpg?resize=350%2C200&ssl=1 1x, https:\/\/i0.wp.com\/www.feuerwehr-brilon.de\/wp-up\/2020\/08\/Tueroeffnung.jpg?resize=525%2C300&ssl=1 1.5x, https:\/\/i0.wp.com\/www.feuerwehr-brilon.de\/wp-up\/2020\/08\/Tueroeffnung.jpg?resize=700%2C400&ssl=1 2x"},"classes":[]},{"id":34507,"url":"https:\/\/www.feuerwehr-brilon.de\/?p=34507","url_meta":{"origin":24070,"position":1},"title":"+++ Einsatz +++","author":"Erwin Mungenast","date":"22. M\u00e4rz 2026","format":false,"excerpt":"17.03. 03:41Uhr, Hilfeleistung, H0 T\u00fcr, Brilon, Sandkuhlenweg, T\u00fcr\u00f6ffnung","rel":"","context":"In &quot;Alarmierungen&quot;","block_context":{"text":"Alarmierungen","link":"https:\/\/www.feuerwehr-brilon.de\/?cat=102"},"img":{"alt_text":"","src":"","width":0,"height":0},"classes":[]},{"id":32109,"url":"https:\/\/www.feuerwehr-brilon.de\/?p=32109","url_meta":{"origin":24070,"position":2},"title":"+++ Einsatz +++","author":"Andreas Becker","date":"18. Februar 2024","format":false,"excerpt":"17.02. 12:41Uhr, Hilfeleistung, H0 T\u00fcr, Brilon, Heinrich-Jansen-Weg, T\u00fcr\u00f6ffnung","rel":"","context":"In &quot;Alarmierungen&quot;","block_context":{"text":"Alarmierungen","link":"https:\/\/www.feuerwehr-brilon.de\/?cat=102"},"img":{"alt_text":"","src":"https:\/\/i0.wp.com\/www.feuerwehr-brilon.de\/wp-up\/2024\/02\/sym_HLF-POL.jpg?resize=350%2C200&ssl=1","width":350,"height":200,"srcset":"https:\/\/i0.wp.com\/www.feuerwehr-brilon.de\/wp-up\/2024\/02\/sym_HLF-POL.jpg?resize=350%2C200&ssl=1 1x, https:\/\/i0.wp.com\/www.feuerwehr-brilon.de\/wp-up\/2024\/02\/sym_HLF-POL.jpg?resize=525%2C300&ssl=1 1.5x, https:\/\/i0.wp.com\/www.feuerwehr-brilon.de\/wp-up\/2024\/02\/sym_HLF-POL.jpg?resize=700%2C400&ssl=1 2x, https:\/\/i0.wp.com\/www.feuerwehr-brilon.de\/wp-up\/2024\/02\/sym_HLF-POL.jpg?resize=1050%2C600&ssl=1 3x"},"classes":[]},{"id":30605,"url":"https:\/\/www.feuerwehr-brilon.de\/?p=30605","url_meta":{"origin":24070,"position":3},"title":"+++ Einsatz +++","author":"Andreas Becker","date":"9. Januar 2023","format":false,"excerpt":"07.01. 23:03Uhr, Hilfeleistung, H0 \u00d6lspur, W\u00fclfte, Im Wenster, \u00d6lspur","rel":"","context":"In &quot;Alarmierungen&quot;","block_context":{"text":"Alarmierungen","link":"https:\/\/www.feuerwehr-brilon.de\/?cat=102"},"img":{"alt_text":"","src":"https:\/\/i0.wp.com\/www.feuerwehr-brilon.de\/wp-up\/2020\/02\/Oelspur.jpg?resize=350%2C200&ssl=1","width":350,"height":200,"srcset":"https:\/\/i0.wp.com\/www.feuerwehr-brilon.de\/wp-up\/2020\/02\/Oelspur.jpg?resize=350%2C200&ssl=1 1x, https:\/\/i0.wp.com\/www.feuerwehr-brilon.de\/wp-up\/2020\/02\/Oelspur.jpg?resize=525%2C300&ssl=1 1.5x"},"classes":[]},{"id":33522,"url":"https:\/\/www.feuerwehr-brilon.de\/?p=33522","url_meta":{"origin":24070,"position":4},"title":"+++ Einsatz +++","author":"Andreas Becker","date":"5. Juni 2025","format":false,"excerpt":"04.06. 22:41Uhr, Hilfeleistung, H0 Hochwasser, W\u00fclfte, W\u00fclfter Str., Wasserrohrbruch","rel":"","context":"In &quot;Alarmierungen&quot;","block_context":{"text":"Alarmierungen","link":"https:\/\/www.feuerwehr-brilon.de\/?cat=102"},"img":{"alt_text":"","src":"","width":0,"height":0},"classes":[]},{"id":33023,"url":"https:\/\/www.feuerwehr-brilon.de\/?p=33023","url_meta":{"origin":24070,"position":5},"title":"+++ Einsatz +++","author":"Andreas Becker","date":"13. Dezember 2024","format":false,"excerpt":"13.12. 15:42Uhr, Hilfeleistung, H0 T\u00fcr, Brilon, Nordring, T\u00fcr\u00f6ffnung","rel":"","context":"In &quot;Alarmierungen&quot;","block_context":{"text":"Alarmierungen","link":"https:\/\/www.feuerwehr-brilon.de\/?cat=102"},"img":{"alt_text":"","src":"","width":0,"height":0},"classes":[]}],"_links":{"self":[{"href":"https:\/\/www.feuerwehr-brilon.de\/index.php?rest_route=\/wp\/v2\/posts\/24070","targetHints":{"allow":["GET"]}}],"collection":[{"href":"https:\/\/www.feuerwehr-brilon.de\/index.php?rest_route=\/wp\/v2\/posts"}],"about":[{"href":"https:\/\/www.feuerwehr-brilon.de\/index.php?rest_route=\/wp\/v2\/types\/post"}],"author":[{"embeddable":true,"href":"https:\/\/www.feuerwehr-brilon.de\/index.php?rest_route=\/wp\/v2\/users\/8"}],"replies":[{"embeddable":true,"href":"https:\/\/www.feuerwehr-brilon.de\/index.php?rest_route=%2Fwp%2Fv2%2Fcomments&post=24070"}],"version-history":[{"count":1,"href":"https:\/\/www.feuerwehr-brilon.de\/index.php?rest_route=\/wp\/v2\/posts\/24070\/revisions"}],"predecessor-version":[{"id":24071,"href":"https:\/\/www.feuerwehr-brilon.de\/index.php?rest_route=\/wp\/v2\/posts\/24070\/revisions\/24071"}],"wp:featuredmedia":[{"embeddable":true,"href":"https:\/\/www.feuerwehr-brilon.de\/index.php?rest_route=\/wp\/v2\/media\/22686"}],"wp:attachment":[{"href":"https:\/\/www.feuerwehr-brilon.de\/index.php?rest_route=%2Fwp%2Fv2%2Fmedia&parent=24070"}],"wp:term":[{"taxonomy":"category","embeddable":true,"href":"https:\/\/www.feuerwehr-brilon.de\/index.php?rest_route=%2Fwp%2Fv2%2Fcategories&post=24070"},{"taxonomy":"post_tag","embeddable":true,"href":"https:\/\/www.feuerwehr-brilon.de\/index.php?rest_route=%2Fwp%2Fv2%2Ftags&post=24070"}],"curies":[{"name":"wp","href":"https:\/\/api.w.org\/{rel}","templated":true}]}}