{"id":24074,"date":"2022-01-13T12:45:49","date_gmt":"2022-01-13T11:45:49","guid":{"rendered":"https:\/\/www.feuerwehr-brilon.de\/?p=24074"},"modified":"2022-01-13T12:45:49","modified_gmt":"2022-01-13T11:45:49","slug":"einsatz-475","status":"publish","type":"post","link":"https:\/\/www.feuerwehr-brilon.de\/?p=24074","title":{"rendered":"+++ Einsatz +++"},"content":{"rendered":"<p>13.01. 11:29Uhr, Hilfeleistung, H0 Tragehilfe, Bontkirchen, Niederstr., Unterst\u00fctzung RD<\/p>\n","protected":false},"excerpt":{"rendered":"<p>13.01. 11:29Uhr, Hilfeleistung, H0 Tragehilfe, Bontkirchen, Niederstr., Unterst\u00fctzung RD<\/p>\n","protected":false},"author":8,"featured_media":23801,"comment_status":"closed","ping_status":"closed","sticky":false,"template":"","format":"standard","meta":{"_exactmetrics_skip_tracking":false,"_exactmetrics_sitenote_active":false,"_exactmetrics_sitenote_note":"","_exactmetrics_sitenote_category":0,"jetpack_post_was_ever_published":false,"_jetpack_newsletter_access":"","_jetpack_dont_email_post_to_subs":false,"_jetpack_newsletter_tier_id":0,"_jetpack_memberships_contains_paywalled_content":false,"_jetpack_memberships_contains_paid_content":false,"footnotes":""},"categories":[102],"tags":[],"class_list":["post-24074","post","type-post","status-publish","format-standard","has-post-thumbnail","hentry","category-alarmierungen"],"jetpack_featured_media_url":"https:\/\/www.feuerwehr-brilon.de\/wp-up\/2021\/09\/ezy-watermark_27-09-2021_11-45-39am.jpg","jetpack_shortlink":"https:\/\/wp.me\/pCIJa-6gi","jetpack_sharing_enabled":true,"jetpack-related-posts":[{"id":24037,"url":"https:\/\/www.feuerwehr-brilon.de\/?p=24037","url_meta":{"origin":24074,"position":0},"title":"+++ Einsatz +++","author":"Andreas Becker","date":"29. Dezember 2021","format":false,"excerpt":"29.12. 13:48Uhr, Hilfeleistung, H0 Tragehilfe, Bontkirchen, Niederstr., Unterst\u00fctzung RD","rel":"","context":"In &quot;Alarmierungen&quot;","block_context":{"text":"Alarmierungen","link":"https:\/\/www.feuerwehr-brilon.de\/?cat=102"},"img":{"alt_text":"","src":"","width":0,"height":0},"classes":[]},{"id":22489,"url":"https:\/\/www.feuerwehr-brilon.de\/?p=22489","url_meta":{"origin":24074,"position":1},"title":"+++ Einsatz +++","author":"Andreas Becker","date":"5. Mai 2020","format":false,"excerpt":"04.05. 21:29Uhr, Hilfeleistung, H0 Tragehilfe, Th\u00fclen, Freudental, Unterst\u00fctzung RD","rel":"","context":"In &quot;Alarmierungen&quot;","block_context":{"text":"Alarmierungen","link":"https:\/\/www.feuerwehr-brilon.de\/?cat=102"},"img":{"alt_text":"","src":"","width":0,"height":0},"classes":[]},{"id":22569,"url":"https:\/\/www.feuerwehr-brilon.de\/?p=22569","url_meta":{"origin":24074,"position":2},"title":"+++ Einsatz +++","author":"Andreas Becker","date":"5. Juli 2020","format":false,"excerpt":"05.07. 07:29Uhr, Hilfeleistung, H0 Tragehilfe, Kotthausen, Parkplatz, Unterst\u00fctzung RD","rel":"","context":"In &quot;Alarmierungen&quot;","block_context":{"text":"Alarmierungen","link":"https:\/\/www.feuerwehr-brilon.de\/?cat=102"},"img":{"alt_text":"","src":"","width":0,"height":0},"classes":[]},{"id":23741,"url":"https:\/\/www.feuerwehr-brilon.de\/?p=23741","url_meta":{"origin":24074,"position":3},"title":"+++ Einsatz +++","author":"Andreas Becker","date":"4. September 2021","format":false,"excerpt":"02.09. 15:07Uhr, Hilfeleistung, H0 Tragehilfe, Bontkirchen, Kotthausen, Unterst\u00fctzung RD","rel":"","context":"In &quot;Alarmierungen&quot;","block_context":{"text":"Alarmierungen","link":"https:\/\/www.feuerwehr-brilon.de\/?cat=102"},"img":{"alt_text":"","src":"","width":0,"height":0},"classes":[]},{"id":30695,"url":"https:\/\/www.feuerwehr-brilon.de\/?p=30695","url_meta":{"origin":24074,"position":4},"title":"+++ Einsatz +++","author":"Andreas Becker","date":"3. Februar 2023","format":false,"excerpt":"03.02. 11:08Uhr, Hilfeleistung, H0 Tragehilfe, Alme, Auf der Renne, Unterst\u00fctzung RD","rel":"","context":"In &quot;Alarmierungen&quot;","block_context":{"text":"Alarmierungen","link":"https:\/\/www.feuerwehr-brilon.de\/?cat=102"},"img":{"alt_text":"","src":"https:\/\/i0.wp.com\/www.feuerwehr-brilon.de\/wp-up\/2022\/12\/42352cc9-1c78-4276-b449-72b12b378cd6.jpg?resize=350%2C200&ssl=1","width":350,"height":200,"srcset":"https:\/\/i0.wp.com\/www.feuerwehr-brilon.de\/wp-up\/2022\/12\/42352cc9-1c78-4276-b449-72b12b378cd6.jpg?resize=350%2C200&ssl=1 1x, https:\/\/i0.wp.com\/www.feuerwehr-brilon.de\/wp-up\/2022\/12\/42352cc9-1c78-4276-b449-72b12b378cd6.jpg?resize=525%2C300&ssl=1 1.5x, https:\/\/i0.wp.com\/www.feuerwehr-brilon.de\/wp-up\/2022\/12\/42352cc9-1c78-4276-b449-72b12b378cd6.jpg?resize=700%2C400&ssl=1 2x"},"classes":[]},{"id":23322,"url":"https:\/\/www.feuerwehr-brilon.de\/?p=23322","url_meta":{"origin":24074,"position":5},"title":"+++ Einsatz +++","author":"Andreas Becker","date":"22. M\u00e4rz 2021","format":false,"excerpt":"22.03. 11:31Uhr, Hilfeleistung, H0 DLK, Bontkirchen, Niederstra\u00dfe, Unterst\u00fctzung RD","rel":"","context":"In &quot;Alarmierungen&quot;","block_context":{"text":"Alarmierungen","link":"https:\/\/www.feuerwehr-brilon.de\/?cat=102"},"img":{"alt_text":"","src":"https:\/\/i0.wp.com\/www.feuerwehr-brilon.de\/wp-up\/2020\/04\/Symbolbild_DLK_Schorn.jpg?resize=350%2C200&ssl=1","width":350,"height":200,"srcset":"https:\/\/i0.wp.com\/www.feuerwehr-brilon.de\/wp-up\/2020\/04\/Symbolbild_DLK_Schorn.jpg?resize=350%2C200&ssl=1 1x, https:\/\/i0.wp.com\/www.feuerwehr-brilon.de\/wp-up\/2020\/04\/Symbolbild_DLK_Schorn.jpg?resize=525%2C300&ssl=1 1.5x, https:\/\/i0.wp.com\/www.feuerwehr-brilon.de\/wp-up\/2020\/04\/Symbolbild_DLK_Schorn.jpg?resize=700%2C400&ssl=1 2x"},"classes":[]}],"_links":{"self":[{"href":"https:\/\/www.feuerwehr-brilon.de\/index.php?rest_route=\/wp\/v2\/posts\/24074","targetHints":{"allow":["GET"]}}],"collection":[{"href":"https:\/\/www.feuerwehr-brilon.de\/index.php?rest_route=\/wp\/v2\/posts"}],"about":[{"href":"https:\/\/www.feuerwehr-brilon.de\/index.php?rest_route=\/wp\/v2\/types\/post"}],"author":[{"embeddable":true,"href":"https:\/\/www.feuerwehr-brilon.de\/index.php?rest_route=\/wp\/v2\/users\/8"}],"replies":[{"embeddable":true,"href":"https:\/\/www.feuerwehr-brilon.de\/index.php?rest_route=%2Fwp%2Fv2%2Fcomments&post=24074"}],"version-history":[{"count":0,"href":"https:\/\/www.feuerwehr-brilon.de\/index.php?rest_route=\/wp\/v2\/posts\/24074\/revisions"}],"wp:featuredmedia":[{"embeddable":true,"href":"https:\/\/www.feuerwehr-brilon.de\/index.php?rest_route=\/wp\/v2\/media\/23801"}],"wp:attachment":[{"href":"https:\/\/www.feuerwehr-brilon.de\/index.php?rest_route=%2Fwp%2Fv2%2Fmedia&parent=24074"}],"wp:term":[{"taxonomy":"category","embeddable":true,"href":"https:\/\/www.feuerwehr-brilon.de\/index.php?rest_route=%2Fwp%2Fv2%2Fcategories&post=24074"},{"taxonomy":"post_tag","embeddable":true,"href":"https:\/\/www.feuerwehr-brilon.de\/index.php?rest_route=%2Fwp%2Fv2%2Ftags&post=24074"}],"curies":[{"name":"wp","href":"https:\/\/api.w.org\/{rel}","templated":true}]}}