{"id":24090,"date":"2022-01-25T08:57:39","date_gmt":"2022-01-25T07:57:39","guid":{"rendered":"https:\/\/www.feuerwehr-brilon.de\/?p=24090"},"modified":"2022-01-25T08:57:39","modified_gmt":"2022-01-25T07:57:39","slug":"einsatz-482","status":"publish","type":"post","link":"https:\/\/www.feuerwehr-brilon.de\/?p=24090","title":{"rendered":"+++ Einsatz +++"},"content":{"rendered":"<p>25.01. 06:47Uhr, Hilfeleistung, H0 T\u00fcr, Hoppecke, Trift, T\u00fcr\u00f6ffnung<\/p>\n","protected":false},"excerpt":{"rendered":"<p>25.01. 06:47Uhr, Hilfeleistung, H0 T\u00fcr, Hoppecke, Trift, T\u00fcr\u00f6ffnung<\/p>\n","protected":false},"author":8,"featured_media":22686,"comment_status":"closed","ping_status":"closed","sticky":false,"template":"","format":"standard","meta":{"_exactmetrics_skip_tracking":false,"_exactmetrics_sitenote_active":false,"_exactmetrics_sitenote_note":"","_exactmetrics_sitenote_category":0,"jetpack_post_was_ever_published":false,"_jetpack_newsletter_access":"","_jetpack_dont_email_post_to_subs":false,"_jetpack_newsletter_tier_id":0,"_jetpack_memberships_contains_paywalled_content":false,"_jetpack_memberships_contains_paid_content":false,"footnotes":""},"categories":[102],"tags":[],"class_list":["post-24090","post","type-post","status-publish","format-standard","has-post-thumbnail","hentry","category-alarmierungen"],"jetpack_featured_media_url":"https:\/\/www.feuerwehr-brilon.de\/wp-up\/2020\/08\/Tueroeffnung.jpg","jetpack_shortlink":"https:\/\/wp.me\/pCIJa-6gy","jetpack_sharing_enabled":true,"jetpack-related-posts":[{"id":32766,"url":"https:\/\/www.feuerwehr-brilon.de\/?p=32766","url_meta":{"origin":24090,"position":0},"title":"+++ Einsatz +++","author":"Andreas Becker","date":"11. September 2024","format":false,"excerpt":"11.09. 06:47Uhr, Hilfeleistung, H0 T\u00fcr, Brilon, Liboriusstr., T\u00fcr\u00f6ffnung","rel":"","context":"In &quot;Alarmierungen&quot;","block_context":{"text":"Alarmierungen","link":"https:\/\/www.feuerwehr-brilon.de\/?cat=102"},"img":{"alt_text":"","src":"","width":0,"height":0},"classes":[]},{"id":32895,"url":"https:\/\/www.feuerwehr-brilon.de\/?p=32895","url_meta":{"origin":24090,"position":1},"title":"+++ Einsatz +++","author":"Andreas Becker","date":"17. Oktober 2024","format":false,"excerpt":"16.10. 18:47Uhr, Hilfeleistung, H0 T\u00fcr, Brilon, M\u00fchlenweg, T\u00fcr\u00f6ffnung","rel":"","context":"In &quot;Alarmierungen&quot;","block_context":{"text":"Alarmierungen","link":"https:\/\/www.feuerwehr-brilon.de\/?cat=102"},"img":{"alt_text":"","src":"","width":0,"height":0},"classes":[]},{"id":33997,"url":"https:\/\/www.feuerwehr-brilon.de\/?p=33997","url_meta":{"origin":24090,"position":2},"title":"+++Einsatz+++","author":"Erwin Mungenast","date":"10. November 2025","format":false,"excerpt":"10.11. 09:47Uhr, Hilfeleistung, H0 T\u00fcr, Brilon, Nordring, T\u00fcr\u00f6ffnung","rel":"","context":"In &quot;Alarmierungen&quot;","block_context":{"text":"Alarmierungen","link":"https:\/\/www.feuerwehr-brilon.de\/?cat=102"},"img":{"alt_text":"","src":"","width":0,"height":0},"classes":[]},{"id":31802,"url":"https:\/\/www.feuerwehr-brilon.de\/?p=31802","url_meta":{"origin":24090,"position":3},"title":"+++ Einsatz +++","author":"Andreas Becker","date":"15. Dezember 2023","format":false,"excerpt":"14.12. 22:47Uhr, Hilfeleistung, H0 T\u00fcr, Gudenhagen, R\u00fcbezahlweg, T\u00fcr\u00f6ffnung","rel":"","context":"In &quot;Alarmierungen&quot;","block_context":{"text":"Alarmierungen","link":"https:\/\/www.feuerwehr-brilon.de\/?cat=102"},"img":{"alt_text":"","src":"https:\/\/i0.wp.com\/www.feuerwehr-brilon.de\/wp-up\/2023\/04\/sym_HLF-RTW.jpg?resize=350%2C200&ssl=1","width":350,"height":200,"srcset":"https:\/\/i0.wp.com\/www.feuerwehr-brilon.de\/wp-up\/2023\/04\/sym_HLF-RTW.jpg?resize=350%2C200&ssl=1 1x, https:\/\/i0.wp.com\/www.feuerwehr-brilon.de\/wp-up\/2023\/04\/sym_HLF-RTW.jpg?resize=525%2C300&ssl=1 1.5x, https:\/\/i0.wp.com\/www.feuerwehr-brilon.de\/wp-up\/2023\/04\/sym_HLF-RTW.jpg?resize=700%2C400&ssl=1 2x"},"classes":[]},{"id":34506,"url":"https:\/\/www.feuerwehr-brilon.de\/?p=34506","url_meta":{"origin":24090,"position":4},"title":"+++ Einsatz +++","author":"Erwin Mungenast","date":"22. M\u00e4rz 2026","format":false,"excerpt":"15.03. 15:47Uhr, Hilfeleistung, H0 T\u00fcr, Gudenhagen\/Petersb., R\u00fcbezahlweg, T\u00fcr\u00f6ffnung","rel":"","context":"In &quot;Alarmierungen&quot;","block_context":{"text":"Alarmierungen","link":"https:\/\/www.feuerwehr-brilon.de\/?cat=102"},"img":{"alt_text":"","src":"","width":0,"height":0},"classes":[]},{"id":33317,"url":"https:\/\/www.feuerwehr-brilon.de\/?p=33317","url_meta":{"origin":24090,"position":5},"title":"+++ Einsatz +++","author":"Andreas Becker","date":"29. M\u00e4rz 2025","format":false,"excerpt":"29.03. 08:33Uhr, Hilfeleistung, H0 T\u00fcr, Hoppecke, Dominitstra\u00dfe, T\u00fcr\u00f6ffnung","rel":"","context":"In &quot;Alarmierungen&quot;","block_context":{"text":"Alarmierungen","link":"https:\/\/www.feuerwehr-brilon.de\/?cat=102"},"img":{"alt_text":"","src":"","width":0,"height":0},"classes":[]}],"_links":{"self":[{"href":"https:\/\/www.feuerwehr-brilon.de\/index.php?rest_route=\/wp\/v2\/posts\/24090","targetHints":{"allow":["GET"]}}],"collection":[{"href":"https:\/\/www.feuerwehr-brilon.de\/index.php?rest_route=\/wp\/v2\/posts"}],"about":[{"href":"https:\/\/www.feuerwehr-brilon.de\/index.php?rest_route=\/wp\/v2\/types\/post"}],"author":[{"embeddable":true,"href":"https:\/\/www.feuerwehr-brilon.de\/index.php?rest_route=\/wp\/v2\/users\/8"}],"replies":[{"embeddable":true,"href":"https:\/\/www.feuerwehr-brilon.de\/index.php?rest_route=%2Fwp%2Fv2%2Fcomments&post=24090"}],"version-history":[{"count":0,"href":"https:\/\/www.feuerwehr-brilon.de\/index.php?rest_route=\/wp\/v2\/posts\/24090\/revisions"}],"wp:featuredmedia":[{"embeddable":true,"href":"https:\/\/www.feuerwehr-brilon.de\/index.php?rest_route=\/wp\/v2\/media\/22686"}],"wp:attachment":[{"href":"https:\/\/www.feuerwehr-brilon.de\/index.php?rest_route=%2Fwp%2Fv2%2Fmedia&parent=24090"}],"wp:term":[{"taxonomy":"category","embeddable":true,"href":"https:\/\/www.feuerwehr-brilon.de\/index.php?rest_route=%2Fwp%2Fv2%2Fcategories&post=24090"},{"taxonomy":"post_tag","embeddable":true,"href":"https:\/\/www.feuerwehr-brilon.de\/index.php?rest_route=%2Fwp%2Fv2%2Ftags&post=24090"}],"curies":[{"name":"wp","href":"https:\/\/api.w.org\/{rel}","templated":true}]}}