{"id":2621,"date":"2010-05-02T19:00:19","date_gmt":"2010-05-02T17:00:19","guid":{"rendered":"http:\/\/www.feuerwehr-brilon.de\/?p=2621"},"modified":"2010-05-04T21:37:22","modified_gmt":"2010-05-04T19:37:22","slug":"dampfloks-wurden-betankt","status":"publish","type":"post","link":"https:\/\/www.feuerwehr-brilon.de\/?p=2621","title":{"rendered":"Dampfloks wurden betankt"},"content":{"rendered":"<div id=\"attachment_2622\" style=\"width: 135px\" class=\"wp-caption alignleft\"><a href=\"http:\/\/www.feuerwehr-brilon.de\/wp-up\/2010\/05\/Dampfloks-betankt-i.jpg\"><\/a><\/p>\n<p><a href=\"http:\/\/www.feuerwehr-brilon.de\/wp-up\/2010\/05\/Dampfloks-betankt-i.jpg\"><img loading=\"lazy\" decoding=\"async\" aria-describedby=\"caption-attachment-2622\" class=\"size-thumbnail wp-image-2622 \" title=\"Dampfloks betankt i\" src=\"http:\/\/www.feuerwehr-brilon.de\/wp-up\/2010\/05\/Dampfloks-betankt-i-125x93.jpg\" alt=\"Bild: Simon Bange\" width=\"125\" height=\"93\" srcset=\"https:\/\/www.feuerwehr-brilon.de\/wp-up\/2010\/05\/Dampfloks-betankt-i-125x93.jpg 125w, https:\/\/www.feuerwehr-brilon.de\/wp-up\/2010\/05\/Dampfloks-betankt-i-500x375.jpg 500w, https:\/\/www.feuerwehr-brilon.de\/wp-up\/2010\/05\/Dampfloks-betankt-i.jpg 800w\" sizes=\"auto, (max-width: 125px) 100vw, 125px\" \/><\/a><\/p>\n<p><p id=\"caption-attachment-2622\" class=\"wp-caption-text\">Bild: Simon Bange<\/p><\/div>\n<p>Der L\u00f6schzug Brilon betankte am heutigen Sonntag in Brilon-Wald zwei Dampfloks. Die Oberhausener 41 360 und die Rotterdammer 01 1075 waren auf dem R\u00fcckweg vom Dampflokfest in Bebra.<\/p>\n<p><!--more--> Ingesamt wurden 52 Kubikmeter Wasser mit dem schienenfahrbaren L\u00f6schfahrzeug aus der Hoppecke entnommen und \u00fcber das alte L\u00f6schgruppenfahrzeuge von 1943 stilecht in beide Loks gef\u00f6rdert. Die Loks sind aus dem Jahre 1940. Bereits am Donnerstag wurden 18 Kubikmeter Wasser auf dem Hinweg in die 01 1075 gepumpt.<br \/>\n\n\t\t<style type=\"text\/css\">\n\t\t\t#gallery-1 {\n\t\t\t\tmargin: auto;\n\t\t\t}\n\t\t\t#gallery-1 .gallery-item {\n\t\t\t\tfloat: left;\n\t\t\t\tmargin-top: 10px;\n\t\t\t\ttext-align: center;\n\t\t\t\twidth: 33%;\n\t\t\t}\n\t\t\t#gallery-1 img {\n\t\t\t\tborder: 2px solid #cfcfcf;\n\t\t\t}\n\t\t\t#gallery-1 .gallery-caption {\n\t\t\t\tmargin-left: 0;\n\t\t\t}\n\t\t\t\/* see gallery_shortcode() in wp-includes\/media.php *\/\n\t\t<\/style>\n\t\t<div id='gallery-1' class='gallery galleryid-2621 gallery-columns-3 gallery-size-thumbnail'><dl class='gallery-item'>\n\t\t\t<dt class='gallery-icon landscape'>\n\t\t\t\t<a href='https:\/\/www.feuerwehr-brilon.de\/wp-up\/2010\/05\/Dampfloks-betankt-i.jpg'><img loading=\"lazy\" decoding=\"async\" width=\"125\" height=\"93\" src=\"https:\/\/www.feuerwehr-brilon.de\/wp-up\/2010\/05\/Dampfloks-betankt-i-125x93.jpg\" class=\"attachment-thumbnail size-thumbnail\" alt=\"\" aria-describedby=\"gallery-1-2622\" srcset=\"https:\/\/www.feuerwehr-brilon.de\/wp-up\/2010\/05\/Dampfloks-betankt-i-125x93.jpg 125w, https:\/\/www.feuerwehr-brilon.de\/wp-up\/2010\/05\/Dampfloks-betankt-i-500x375.jpg 500w, https:\/\/www.feuerwehr-brilon.de\/wp-up\/2010\/05\/Dampfloks-betankt-i.jpg 800w\" sizes=\"auto, (max-width: 125px) 100vw, 125px\" \/><\/a>\n\t\t\t<\/dt>\n\t\t\t\t<dd class='wp-caption-text gallery-caption' id='gallery-1-2622'>\n\t\t\t\tBild: Simon Bange\n\t\t\t\t<\/dd><\/dl><dl class='gallery-item'>\n\t\t\t<dt class='gallery-icon landscape'>\n\t\t\t\t<a href='https:\/\/www.feuerwehr-brilon.de\/wp-up\/2010\/05\/Dampfloks-Mai-2010-034.jpg'><img loading=\"lazy\" decoding=\"async\" width=\"125\" height=\"112\" src=\"https:\/\/www.feuerwehr-brilon.de\/wp-up\/2010\/05\/Dampfloks-Mai-2010-034-125x112.jpg\" class=\"attachment-thumbnail size-thumbnail\" alt=\"\" srcset=\"https:\/\/www.feuerwehr-brilon.de\/wp-up\/2010\/05\/Dampfloks-Mai-2010-034-125x112.jpg 125w, https:\/\/www.feuerwehr-brilon.de\/wp-up\/2010\/05\/Dampfloks-Mai-2010-034-500x450.jpg 500w, https:\/\/www.feuerwehr-brilon.de\/wp-up\/2010\/05\/Dampfloks-Mai-2010-034.jpg 800w\" sizes=\"auto, (max-width: 125px) 100vw, 125px\" \/><\/a>\n\t\t\t<\/dt><\/dl><dl class='gallery-item'>\n\t\t\t<dt class='gallery-icon landscape'>\n\t\t\t\t<a href='https:\/\/www.feuerwehr-brilon.de\/wp-up\/2010\/05\/Dampfloks-Mai-2010-035.jpg'><img loading=\"lazy\" decoding=\"async\" width=\"125\" height=\"93\" src=\"https:\/\/www.feuerwehr-brilon.de\/wp-up\/2010\/05\/Dampfloks-Mai-2010-035-125x93.jpg\" class=\"attachment-thumbnail size-thumbnail\" alt=\"\" srcset=\"https:\/\/www.feuerwehr-brilon.de\/wp-up\/2010\/05\/Dampfloks-Mai-2010-035-125x93.jpg 125w, https:\/\/www.feuerwehr-brilon.de\/wp-up\/2010\/05\/Dampfloks-Mai-2010-035-500x375.jpg 500w, https:\/\/www.feuerwehr-brilon.de\/wp-up\/2010\/05\/Dampfloks-Mai-2010-035.jpg 800w\" sizes=\"auto, (max-width: 125px) 100vw, 125px\" \/><\/a>\n\t\t\t<\/dt><\/dl><br style=\"clear: both\" \/><dl class='gallery-item'>\n\t\t\t<dt class='gallery-icon landscape'>\n\t\t\t\t<a href='https:\/\/www.feuerwehr-brilon.de\/wp-up\/2010\/05\/Dampfloks-Mai-2010-048.jpg'><img loading=\"lazy\" decoding=\"async\" width=\"125\" height=\"93\" src=\"https:\/\/www.feuerwehr-brilon.de\/wp-up\/2010\/05\/Dampfloks-Mai-2010-048-125x93.jpg\" class=\"attachment-thumbnail size-thumbnail\" alt=\"\" srcset=\"https:\/\/www.feuerwehr-brilon.de\/wp-up\/2010\/05\/Dampfloks-Mai-2010-048-125x93.jpg 125w, https:\/\/www.feuerwehr-brilon.de\/wp-up\/2010\/05\/Dampfloks-Mai-2010-048-500x375.jpg 500w, https:\/\/www.feuerwehr-brilon.de\/wp-up\/2010\/05\/Dampfloks-Mai-2010-048.jpg 800w\" sizes=\"auto, (max-width: 125px) 100vw, 125px\" \/><\/a>\n\t\t\t<\/dt><\/dl><dl class='gallery-item'>\n\t\t\t<dt class='gallery-icon landscape'>\n\t\t\t\t<a href='https:\/\/www.feuerwehr-brilon.de\/wp-up\/2010\/05\/Dampfloks-Mai-2010-054.jpg'><img loading=\"lazy\" decoding=\"async\" width=\"125\" height=\"93\" src=\"https:\/\/www.feuerwehr-brilon.de\/wp-up\/2010\/05\/Dampfloks-Mai-2010-054-125x93.jpg\" class=\"attachment-thumbnail size-thumbnail\" alt=\"\" srcset=\"https:\/\/www.feuerwehr-brilon.de\/wp-up\/2010\/05\/Dampfloks-Mai-2010-054-125x93.jpg 125w, https:\/\/www.feuerwehr-brilon.de\/wp-up\/2010\/05\/Dampfloks-Mai-2010-054-500x375.jpg 500w, https:\/\/www.feuerwehr-brilon.de\/wp-up\/2010\/05\/Dampfloks-Mai-2010-054.jpg 800w\" sizes=\"auto, (max-width: 125px) 100vw, 125px\" \/><\/a>\n\t\t\t<\/dt><\/dl><dl class='gallery-item'>\n\t\t\t<dt class='gallery-icon landscape'>\n\t\t\t\t<a href='https:\/\/www.feuerwehr-brilon.de\/wp-up\/2010\/05\/Dampfloks-Mai-2010-064.jpg'><img loading=\"lazy\" decoding=\"async\" width=\"125\" height=\"93\" src=\"https:\/\/www.feuerwehr-brilon.de\/wp-up\/2010\/05\/Dampfloks-Mai-2010-064-125x93.jpg\" class=\"attachment-thumbnail size-thumbnail\" alt=\"\" srcset=\"https:\/\/www.feuerwehr-brilon.de\/wp-up\/2010\/05\/Dampfloks-Mai-2010-064-125x93.jpg 125w, https:\/\/www.feuerwehr-brilon.de\/wp-up\/2010\/05\/Dampfloks-Mai-2010-064-500x375.jpg 500w, https:\/\/www.feuerwehr-brilon.de\/wp-up\/2010\/05\/Dampfloks-Mai-2010-064.jpg 800w\" sizes=\"auto, (max-width: 125px) 100vw, 125px\" \/><\/a>\n\t\t\t<\/dt><\/dl><br style=\"clear: both\" \/><dl class='gallery-item'>\n\t\t\t<dt class='gallery-icon landscape'>\n\t\t\t\t<a href='https:\/\/www.feuerwehr-brilon.de\/wp-up\/2010\/05\/Dampfloks-Mai-2010-073.jpg'><img loading=\"lazy\" decoding=\"async\" width=\"125\" height=\"93\" src=\"https:\/\/www.feuerwehr-brilon.de\/wp-up\/2010\/05\/Dampfloks-Mai-2010-073-125x93.jpg\" class=\"attachment-thumbnail size-thumbnail\" alt=\"\" srcset=\"https:\/\/www.feuerwehr-brilon.de\/wp-up\/2010\/05\/Dampfloks-Mai-2010-073-125x93.jpg 125w, https:\/\/www.feuerwehr-brilon.de\/wp-up\/2010\/05\/Dampfloks-Mai-2010-073-500x375.jpg 500w, https:\/\/www.feuerwehr-brilon.de\/wp-up\/2010\/05\/Dampfloks-Mai-2010-073.jpg 800w\" sizes=\"auto, (max-width: 125px) 100vw, 125px\" \/><\/a>\n\t\t\t<\/dt><\/dl><dl class='gallery-item'>\n\t\t\t<dt class='gallery-icon landscape'>\n\t\t\t\t<a href='https:\/\/www.feuerwehr-brilon.de\/wp-up\/2010\/05\/Dampfloks-Mai-2010-080.jpg'><img loading=\"lazy\" decoding=\"async\" width=\"125\" height=\"93\" src=\"https:\/\/www.feuerwehr-brilon.de\/wp-up\/2010\/05\/Dampfloks-Mai-2010-080-125x93.jpg\" class=\"attachment-thumbnail size-thumbnail\" alt=\"\" srcset=\"https:\/\/www.feuerwehr-brilon.de\/wp-up\/2010\/05\/Dampfloks-Mai-2010-080-125x93.jpg 125w, https:\/\/www.feuerwehr-brilon.de\/wp-up\/2010\/05\/Dampfloks-Mai-2010-080-500x375.jpg 500w, https:\/\/www.feuerwehr-brilon.de\/wp-up\/2010\/05\/Dampfloks-Mai-2010-080.jpg 800w\" sizes=\"auto, (max-width: 125px) 100vw, 125px\" \/><\/a>\n\t\t\t<\/dt><\/dl><dl class='gallery-item'>\n\t\t\t<dt class='gallery-icon landscape'>\n\t\t\t\t<a href='https:\/\/www.feuerwehr-brilon.de\/wp-up\/2010\/05\/Dampfloks-Mai-2010-092.jpg'><img loading=\"lazy\" decoding=\"async\" width=\"125\" height=\"93\" src=\"https:\/\/www.feuerwehr-brilon.de\/wp-up\/2010\/05\/Dampfloks-Mai-2010-092-125x93.jpg\" class=\"attachment-thumbnail size-thumbnail\" alt=\"\" srcset=\"https:\/\/www.feuerwehr-brilon.de\/wp-up\/2010\/05\/Dampfloks-Mai-2010-092-125x93.jpg 125w, https:\/\/www.feuerwehr-brilon.de\/wp-up\/2010\/05\/Dampfloks-Mai-2010-092-500x375.jpg 500w, https:\/\/www.feuerwehr-brilon.de\/wp-up\/2010\/05\/Dampfloks-Mai-2010-092.jpg 800w\" sizes=\"auto, (max-width: 125px) 100vw, 125px\" \/><\/a>\n\t\t\t<\/dt><\/dl><br style=\"clear: both\" \/><dl class='gallery-item'>\n\t\t\t<dt class='gallery-icon landscape'>\n\t\t\t\t<a href='https:\/\/www.feuerwehr-brilon.de\/wp-up\/2010\/05\/Dampfloks-Mai-2010-105.jpg'><img loading=\"lazy\" decoding=\"async\" width=\"125\" height=\"93\" src=\"https:\/\/www.feuerwehr-brilon.de\/wp-up\/2010\/05\/Dampfloks-Mai-2010-105-125x93.jpg\" class=\"attachment-thumbnail size-thumbnail\" alt=\"\" srcset=\"https:\/\/www.feuerwehr-brilon.de\/wp-up\/2010\/05\/Dampfloks-Mai-2010-105-125x93.jpg 125w, https:\/\/www.feuerwehr-brilon.de\/wp-up\/2010\/05\/Dampfloks-Mai-2010-105-500x375.jpg 500w, https:\/\/www.feuerwehr-brilon.de\/wp-up\/2010\/05\/Dampfloks-Mai-2010-105.jpg 800w\" sizes=\"auto, (max-width: 125px) 100vw, 125px\" \/><\/a>\n\t\t\t<\/dt><\/dl><dl class='gallery-item'>\n\t\t\t<dt class='gallery-icon landscape'>\n\t\t\t\t<a href='https:\/\/www.feuerwehr-brilon.de\/wp-up\/2010\/05\/Dampfloks-Mai-2010-107.jpg'><img loading=\"lazy\" decoding=\"async\" width=\"125\" height=\"93\" src=\"https:\/\/www.feuerwehr-brilon.de\/wp-up\/2010\/05\/Dampfloks-Mai-2010-107-125x93.jpg\" class=\"attachment-thumbnail size-thumbnail\" alt=\"\" srcset=\"https:\/\/www.feuerwehr-brilon.de\/wp-up\/2010\/05\/Dampfloks-Mai-2010-107-125x93.jpg 125w, https:\/\/www.feuerwehr-brilon.de\/wp-up\/2010\/05\/Dampfloks-Mai-2010-107-500x375.jpg 500w, https:\/\/www.feuerwehr-brilon.de\/wp-up\/2010\/05\/Dampfloks-Mai-2010-107.jpg 800w\" sizes=\"auto, (max-width: 125px) 100vw, 125px\" \/><\/a>\n\t\t\t<\/dt><\/dl><dl class='gallery-item'>\n\t\t\t<dt class='gallery-icon landscape'>\n\t\t\t\t<a href='https:\/\/www.feuerwehr-brilon.de\/wp-up\/2010\/05\/DSC01438_kl.jpg'><img loading=\"lazy\" decoding=\"async\" width=\"125\" height=\"93\" src=\"https:\/\/www.feuerwehr-brilon.de\/wp-up\/2010\/05\/DSC01438_kl-125x93.jpg\" class=\"attachment-thumbnail size-thumbnail\" alt=\"\" srcset=\"https:\/\/www.feuerwehr-brilon.de\/wp-up\/2010\/05\/DSC01438_kl-125x93.jpg 125w, https:\/\/www.feuerwehr-brilon.de\/wp-up\/2010\/05\/DSC01438_kl-500x375.jpg 500w, https:\/\/www.feuerwehr-brilon.de\/wp-up\/2010\/05\/DSC01438_kl.jpg 800w\" sizes=\"auto, (max-width: 125px) 100vw, 125px\" \/><\/a>\n\t\t\t<\/dt><\/dl><br style=\"clear: both\" \/><dl class='gallery-item'>\n\t\t\t<dt class='gallery-icon landscape'>\n\t\t\t\t<a href='https:\/\/www.feuerwehr-brilon.de\/wp-up\/2010\/05\/DSC01454_kl.jpg'><img loading=\"lazy\" decoding=\"async\" width=\"125\" height=\"93\" src=\"https:\/\/www.feuerwehr-brilon.de\/wp-up\/2010\/05\/DSC01454_kl-125x93.jpg\" class=\"attachment-thumbnail size-thumbnail\" alt=\"\" srcset=\"https:\/\/www.feuerwehr-brilon.de\/wp-up\/2010\/05\/DSC01454_kl-125x93.jpg 125w, https:\/\/www.feuerwehr-brilon.de\/wp-up\/2010\/05\/DSC01454_kl-500x375.jpg 500w, https:\/\/www.feuerwehr-brilon.de\/wp-up\/2010\/05\/DSC01454_kl.jpg 800w\" sizes=\"auto, (max-width: 125px) 100vw, 125px\" \/><\/a>\n\t\t\t<\/dt><\/dl><dl class='gallery-item'>\n\t\t\t<dt class='gallery-icon landscape'>\n\t\t\t\t<a href='https:\/\/www.feuerwehr-brilon.de\/wp-up\/2010\/05\/DSC01475_kl.jpg'><img loading=\"lazy\" decoding=\"async\" width=\"125\" height=\"93\" src=\"https:\/\/www.feuerwehr-brilon.de\/wp-up\/2010\/05\/DSC01475_kl-125x93.jpg\" class=\"attachment-thumbnail size-thumbnail\" alt=\"\" srcset=\"https:\/\/www.feuerwehr-brilon.de\/wp-up\/2010\/05\/DSC01475_kl-125x93.jpg 125w, https:\/\/www.feuerwehr-brilon.de\/wp-up\/2010\/05\/DSC01475_kl-500x375.jpg 500w, https:\/\/www.feuerwehr-brilon.de\/wp-up\/2010\/05\/DSC01475_kl.jpg 800w\" sizes=\"auto, (max-width: 125px) 100vw, 125px\" \/><\/a>\n\t\t\t<\/dt><\/dl><dl class='gallery-item'>\n\t\t\t<dt class='gallery-icon landscape'>\n\t\t\t\t<a href='https:\/\/www.feuerwehr-brilon.de\/wp-up\/2010\/05\/DSC01476_kl.jpg'><img loading=\"lazy\" decoding=\"async\" width=\"125\" height=\"93\" src=\"https:\/\/www.feuerwehr-brilon.de\/wp-up\/2010\/05\/DSC01476_kl-125x93.jpg\" class=\"attachment-thumbnail size-thumbnail\" alt=\"\" srcset=\"https:\/\/www.feuerwehr-brilon.de\/wp-up\/2010\/05\/DSC01476_kl-125x93.jpg 125w, https:\/\/www.feuerwehr-brilon.de\/wp-up\/2010\/05\/DSC01476_kl-500x375.jpg 500w, https:\/\/www.feuerwehr-brilon.de\/wp-up\/2010\/05\/DSC01476_kl.jpg 800w\" sizes=\"auto, (max-width: 125px) 100vw, 125px\" \/><\/a>\n\t\t\t<\/dt><\/dl><br style=\"clear: both\" \/>\n\t\t<\/div>\n<\/p>\n","protected":false},"excerpt":{"rendered":"<p>Der L\u00f6schzug Brilon betankte am heutigen Sonntag in Brilon-Wald zwei Dampfloks. Die Oberhausener 41 360 und die Rotterdammer 01 1075 waren auf dem R\u00fcckweg vom Dampflokfest in Bebra.<\/p>\n","protected":false},"author":5,"featured_media":0,"comment_status":"closed","ping_status":"closed","sticky":false,"template":"","format":"standard","meta":{"_exactmetrics_skip_tracking":false,"_exactmetrics_sitenote_active":false,"_exactmetrics_sitenote_note":"","_exactmetrics_sitenote_category":0,"jetpack_post_was_ever_published":false,"_jetpack_newsletter_access":"","_jetpack_dont_email_post_to_subs":false,"_jetpack_newsletter_tier_id":0,"_jetpack_memberships_contains_paywalled_content":false,"_jetpack_memberships_contains_paid_content":false,"footnotes":""},"categories":[34],"tags":[196],"class_list":["post-2621","post","type-post","status-publish","format-standard","hentry","category-meldungen-2010","tag-oldtimer"],"jetpack_featured_media_url":"","jetpack_shortlink":"https:\/\/wp.me\/pCIJa-Gh","jetpack_sharing_enabled":true,"jetpack-related-posts":[{"id":158,"url":"https:\/\/www.feuerwehr-brilon.de\/?p=158","url_meta":{"origin":2621,"position":0},"title":"Jugendfeuerwehr Brilon zu Gast im Harz","author":"Marc Heines","date":"12. Juli 2008","format":false,"excerpt":"Die Jugendfeuerwehr des L\u00f6schzuges Brilon verbrachte mit 11 Jungen und 4 Betreuern vier abwechslungsreiche Tage rund um Wernigerode. Nach Ankunft wurde das Bahnbetriebswerk der Harzer Schmalspurbahn besichtigt, die planm\u00e4\u00dfig noch mit Dampfloks verkehrt. Im Anschluss wurde die historische Innenstadt von Wernigerode unter die F\u00fc\u00dfe genommen. Als Quartier war die ehemalige\u2026","rel":"","context":"In &quot;Meldungen 2008&quot;","block_context":{"text":"Meldungen 2008","link":"https:\/\/www.feuerwehr-brilon.de\/?cat=4"},"img":{"alt_text":"","src":"https:\/\/i0.wp.com\/www.feuerwehr-brilon.de\/wp-up\/2008\/07\/i.jpg?resize=350%2C200&ssl=1","width":350,"height":200},"classes":[]},{"id":31854,"url":"https:\/\/www.feuerwehr-brilon.de\/?p=31854","url_meta":{"origin":2621,"position":1},"title":"Hochwasserlage sorgt im Stadtgebiet Brilon f\u00fcr arbeitsreiche Tage","author":"Andreas Becker","date":"24. Dezember 2023","format":false,"excerpt":"Stadtgebiet. Die angek\u00fcndigten langen und starken Regenschauer sorgten auch im Stadtgebiet Brilon f\u00fcr das Anschwellen von einigen B\u00e4chen und Teichen. Dieses galt auch f\u00fcr die \u201eAa\u201c, die eigentlich als kleiner Bach bekannt ist. Doch am Samstag (23.12.) hatte sie schon einige angrenzende Wiesen \u00fcberschwemmt. Bis zum Mittag stieg der Pegel\u2026","rel":"","context":"In &quot;Eins\u00e4tze 2023&quot;","block_context":{"text":"Eins\u00e4tze 2023","link":"https:\/\/www.feuerwehr-brilon.de\/?cat=335"},"img":{"alt_text":"","src":"https:\/\/i0.wp.com\/www.feuerwehr-brilon.de\/wp-up\/2023\/12\/231223_Aa-04_FB.jpg?resize=350%2C200&ssl=1","width":350,"height":200,"srcset":"https:\/\/i0.wp.com\/www.feuerwehr-brilon.de\/wp-up\/2023\/12\/231223_Aa-04_FB.jpg?resize=350%2C200&ssl=1 1x, https:\/\/i0.wp.com\/www.feuerwehr-brilon.de\/wp-up\/2023\/12\/231223_Aa-04_FB.jpg?resize=525%2C300&ssl=1 1.5x, https:\/\/i0.wp.com\/www.feuerwehr-brilon.de\/wp-up\/2023\/12\/231223_Aa-04_FB.jpg?resize=700%2C400&ssl=1 2x"},"classes":[]},{"id":3675,"url":"https:\/\/www.feuerwehr-brilon.de\/?p=3675","url_meta":{"origin":2621,"position":2},"title":"Sturmtief Carmen sorgt f\u00fcr Eins\u00e4tze im Stadtgebiet","author":"Andreas Becker","date":"15. November 2010","format":false,"excerpt":"Bereits am Donnerstag r\u00fcckte die L\u00f6schgruppe Bontkirchen aus, um einen durch den Sturm umgekippten Baum von einer Stra\u00dfe zu beseitigen. In der Nacht zu Freitag\u00a0wurde dann eine Bundesstra\u00dfe\u00a0\u00fcberflutet. Nachdem die von Laub verstopften\u00a0Regeneinl\u00e4ufe ge\u00f6ffnet wurden, lief das Wasser\u00a0schnell ab.\u00a0 Am Samstag liefen dann zwei Keller voll. Zun\u00e4chst meldete ein Hausbesitzer\u2026","rel":"","context":"In &quot;Eins\u00e4tze 2010&quot;","block_context":{"text":"Eins\u00e4tze 2010","link":"https:\/\/www.feuerwehr-brilon.de\/?cat=33"},"img":{"alt_text":"","src":"https:\/\/i0.wp.com\/www.feuerwehr-brilon.de\/images\/einsatz_details\/lg_bontkirchen.jpg?resize=350%2C200","width":350,"height":200},"classes":[]},{"id":31041,"url":"https:\/\/www.feuerwehr-brilon.de\/?p=31041","url_meta":{"origin":2621,"position":3},"title":"Gro\u00dfe Waldbrand\u00fcbung der Feuerwehr Brilon","author":"Marcus Bange","date":"24. April 2023","format":false,"excerpt":"Brilon-Wald. Die Briloner Feuerwehr Brilon hat am vergangenen Wochenende (22. April 2023) am Gro\u00dfen Kluskopf im Bereich Schellhorn, s\u00fcdlich von Brilon-Wald eine gro\u00dfe Waldbrand\u00fcbung durchgef\u00fchrt. Rund 110 Einsatzkr\u00e4fte aus dem gesamten Stadtgebiet waren beteiligt. Daneben waren G\u00e4ste vom Institut der Feuerwehr NRW aus M\u00fcnster, der Bezirksregierung Arnsberg, Vertreter von Polizei\u2026","rel":"","context":"In &quot;Meldungen 2023&quot;","block_context":{"text":"Meldungen 2023","link":"https:\/\/www.feuerwehr-brilon.de\/?cat=336"},"img":{"alt_text":"","src":"https:\/\/i0.wp.com\/www.feuerwehr-brilon.de\/wp-up\/2023\/04\/Waldbranduebung-2.jpg?resize=350%2C200&ssl=1","width":350,"height":200,"srcset":"https:\/\/i0.wp.com\/www.feuerwehr-brilon.de\/wp-up\/2023\/04\/Waldbranduebung-2.jpg?resize=350%2C200&ssl=1 1x, https:\/\/i0.wp.com\/www.feuerwehr-brilon.de\/wp-up\/2023\/04\/Waldbranduebung-2.jpg?resize=525%2C300&ssl=1 1.5x, https:\/\/i0.wp.com\/www.feuerwehr-brilon.de\/wp-up\/2023\/04\/Waldbranduebung-2.jpg?resize=700%2C400&ssl=1 2x"},"classes":[]},{"id":11445,"url":"https:\/\/www.feuerwehr-brilon.de\/?p=11445","url_meta":{"origin":2621,"position":4},"title":"DAMALS &#8211; Blitzeinschlag im Kirchturm","author":"Marc Heines","date":"25. Februar 2015","format":false,"excerpt":"Das Jahr war bez\u00fcglich der Witterung ein sehr furchbares. Der 25. Februar 1810 war ein Tag des Schreckens. Abends gegen 4 Uhr zeigte sich ein schweres Gewitter mit einem f\u00fcrchterlichen Sturm. Der Blitz schlug in den Turm der Pfarrkirche und z\u00fcndete oben in der Spitze. Es entstand ein furchtbares Feuer.\u2026","rel":"","context":"In &quot;Allgemein&quot;","block_context":{"text":"Allgemein","link":"https:\/\/www.feuerwehr-brilon.de\/?cat=1"},"img":{"alt_text":"kirchenbrand","src":"https:\/\/i0.wp.com\/www.feuerwehr-brilon.de\/wp-up\/2015\/01\/kirchenbrand-93x150.jpg?resize=350%2C200","width":350,"height":200},"classes":[]},{"id":14232,"url":"https:\/\/www.feuerwehr-brilon.de\/?p=14232","url_meta":{"origin":2621,"position":5},"title":"Einsatzreiche Silvesternacht f\u00fcr den L\u00f6schzug","author":"Andreas Becker","date":"1. Januar 2017","format":false,"excerpt":"Brilon. Das neue Jahr hatte gerade begonnen, als der L\u00f6schzug Brilon um 00:13 Uhr zum ersten Einsatz des Jahres alarmiert wurde. Am Pelsenberg sollte eine Hecke brennen. Noch w\u00e4hrend der Anfahrt zum Ger\u00e4tehaus, dann der zweite Alarm. Brand auf einem Balkon am Vo\u00dfloh. Weitere Schleifen wurden alarmiert. Rasch wurden Mannschaft\u2026","rel":"","context":"In &quot;Eins\u00e4tze 2017&quot;","block_context":{"text":"Eins\u00e4tze 2017","link":"https:\/\/www.feuerwehr-brilon.de\/?cat=205"},"img":{"alt_text":"","src":"https:\/\/i0.wp.com\/www.feuerwehr-brilon.de\/wp-up\/2017\/01\/IMG_6971-1-150x84.jpg?resize=350%2C200","width":350,"height":200},"classes":[]}],"_links":{"self":[{"href":"https:\/\/www.feuerwehr-brilon.de\/index.php?rest_route=\/wp\/v2\/posts\/2621","targetHints":{"allow":["GET"]}}],"collection":[{"href":"https:\/\/www.feuerwehr-brilon.de\/index.php?rest_route=\/wp\/v2\/posts"}],"about":[{"href":"https:\/\/www.feuerwehr-brilon.de\/index.php?rest_route=\/wp\/v2\/types\/post"}],"author":[{"embeddable":true,"href":"https:\/\/www.feuerwehr-brilon.de\/index.php?rest_route=\/wp\/v2\/users\/5"}],"replies":[{"embeddable":true,"href":"https:\/\/www.feuerwehr-brilon.de\/index.php?rest_route=%2Fwp%2Fv2%2Fcomments&post=2621"}],"version-history":[{"count":0,"href":"https:\/\/www.feuerwehr-brilon.de\/index.php?rest_route=\/wp\/v2\/posts\/2621\/revisions"}],"wp:attachment":[{"href":"https:\/\/www.feuerwehr-brilon.de\/index.php?rest_route=%2Fwp%2Fv2%2Fmedia&parent=2621"}],"wp:term":[{"taxonomy":"category","embeddable":true,"href":"https:\/\/www.feuerwehr-brilon.de\/index.php?rest_route=%2Fwp%2Fv2%2Fcategories&post=2621"},{"taxonomy":"post_tag","embeddable":true,"href":"https:\/\/www.feuerwehr-brilon.de\/index.php?rest_route=%2Fwp%2Fv2%2Ftags&post=2621"}],"curies":[{"name":"wp","href":"https:\/\/api.w.org\/{rel}","templated":true}]}}