{"id":2654,"date":"2010-05-12T18:36:41","date_gmt":"2010-05-12T16:36:41","guid":{"rendered":"http:\/\/www.feuerwehr-brilon.de\/?p=2654"},"modified":"2010-06-08T23:15:39","modified_gmt":"2010-06-08T21:15:39","slug":"zugubung-in-alme","status":"publish","type":"post","link":"https:\/\/www.feuerwehr-brilon.de\/?p=2654","title":{"rendered":"Zug\u00fcbung in Alme"},"content":{"rendered":"<p>Am Freitagabend, den 07.05. wurde in Alme die allj\u00e4hrliche gemeinsame \u00dcbung der L\u00f6schgruppen Alme, Th\u00fclen, Nehden, Madfeld und R\u00f6senbeck durchgef\u00fchrt. Sie wurden dabei vom Einsatzleitwagen des L\u00f6schzuges Brilon unterst\u00fctzt.<!--more--> Die \u00dcbung hatte das Ziel zu trainieren, wie eine gr\u00f6\u00dfere Schadenslage gemeinsam bek\u00e4mpft werden kann und findet im Rotationsprinzip j\u00e4hrlich in einem der f\u00fcnf Ortsteile statt. Bei der diesj\u00e4hrigen \u00dcbung wurde ein Dachstuhlbrand im Bereich des Kindergartens und des Jugendheimes in Alme angenommen. Durch den Brandrauch wurde der Discobereich des Jugendheimes massiv verraucht, sodass \u00admehrere Personen gefunden und gerettet werden mussten. Das L\u00f6schwasser wurde u.a. aus der Alme entnommen und bis zum Jugendheim gef\u00f6rdert. Im Abschluss der \u00dcbung zeigten sich alle Beteiligten mit der gemeinsamen \u00dcbung zufrieden. \u00dcbungen in diesem Rahmen optimieren Einsatzabl\u00e4ufe und erh\u00f6hen die Schlagkraft der Feuerwehr. Sollten nun auch Sie <a href=\"http:\/\/www.feuerwehr-brilon.de\/?page_id=701\">Interesse an der Arbeit der Feuerwehr<\/a> haben, steht die \u00f6rtliche L\u00f6schgruppenf\u00fchrung gerne f\u00fcr Ihre Fragen zur Verf\u00fcgung.<\/p>\n<p><strong>Einheiten<\/strong><br \/>\n<a href=\"http:\/\/www.feuerwehr-brilon.de\/?page_id=27\"><img loading=\"lazy\" decoding=\"async\" class=\"alignnone\" title=\"lg alme\" src=\"http:\/\/www.feuerwehr-brilon.de\/images\/einsatz_details\/lg_alme.jpg\" alt=\"\" width=\"140\" height=\"40\" \/><\/a><a href=\"http:\/\/www.feuerwehr-brilon.de\/?page_id=29\"><img loading=\"lazy\" decoding=\"async\" class=\"alignnone\" title=\"lg nehden\" src=\"http:\/\/www.feuerwehr-brilon.de\/images\/einsatz_details\/lg_nehden.jpg\" alt=\"\" width=\"140\" height=\"40\" \/><\/a><a href=\"http:\/\/www.feuerwehr-brilon.de\/?page_id=30\"><img loading=\"lazy\" decoding=\"async\" class=\"alignnone\" title=\"lg th\u00fclen\" src=\"http:\/\/www.feuerwehr-brilon.de\/images\/einsatz_details\/lg_thuelen.jpg\" alt=\"\" width=\"140\" height=\"40\" \/><\/a><br \/>\n<a href=\"http:\/\/www.feuerwehr-brilon.de\/?page_id=21\"><img loading=\"lazy\" decoding=\"async\" class=\"alignnone\" title=\"lg r\u00f6senbeck\" src=\"http:\/\/www.feuerwehr-brilon.de\/images\/einsatz_details\/lg_roesenbeck.jpg\" alt=\"\" width=\"140\" height=\"40\" \/><\/a><a href=\"http:\/\/www.feuerwehr-brilon.de\/?page_id=50\"><img loading=\"lazy\" decoding=\"async\" class=\"alignnone\" title=\"lg madfeld\" src=\"http:\/\/www.feuerwehr-brilon.de\/images\/einsatz_details\/lg_madfeld.jpg\" alt=\"\" width=\"140\" height=\"40\" \/><\/a><\/p>\n<p><strong>Fahrzeuge<\/strong><\/p>\n<p><a href=\"http:\/\/www.feuerwehr-brilon.de\/?page_id=812\"><img loading=\"lazy\" decoding=\"async\" class=\"alignnone\" title=\"StLF\" src=\"http:\/\/www.feuerwehr-brilon.de\/images\/einsatz_details\/054802.jpg\" alt=\"\" width=\"140\" height=\"40\" \/><\/a><a href=\"http:\/\/www.feuerwehr-brilon.de\/?page_id=1344\"><img loading=\"lazy\" decoding=\"async\" class=\"alignnone\" title=\"TSF\" src=\"http:\/\/www.feuerwehr-brilon.de\/images\/einsatz_details\/054704.jpg\" alt=\"\" width=\"140\" height=\"40\" \/><\/a><a href=\"http:\/\/www.feuerwehr-brilon.de\/?page_id=817\"><img loading=\"lazy\" decoding=\"async\" class=\"alignnone\" title=\"StLF10\/6\" src=\"http:\/\/www.feuerwehr-brilon.de\/images\/einsatz_details\/054802.jpg\" alt=\"\" width=\"140\" height=\"40\" \/><\/a><\/p>\n<p><a href=\"http:\/\/www.feuerwehr-brilon.de\/?page_id=1349\"><img loading=\"lazy\" decoding=\"async\" class=\"alignnone\" title=\"TSF\" src=\"http:\/\/www.feuerwehr-brilon.de\/images\/einsatz_details\/054706.jpg\" alt=\"\" width=\"140\" height=\"40\" \/><\/a><a href=\"http:\/\/www.feuerwehr-brilon.de\/?page_id=1335\"><img loading=\"lazy\" decoding=\"async\" class=\"alignnone\" title=\"LF8\" src=\"http:\/\/www.feuerwehr-brilon.de\/images\/einsatz_details\/054201.jpg\" alt=\"\" width=\"140\" height=\"40\" \/><\/a><a href=\"http:\/\/www.feuerwehr-brilon.de\/?page_id=749\"><img loading=\"lazy\" decoding=\"async\" class=\"alignnone\" title=\"ELW\" src=\"http:\/\/www.feuerwehr-brilon.de\/images\/einsatz_details\/051101.jpg\" alt=\"\" width=\"140\" height=\"40\" \/><\/a><\/p>\n\n\t\t<style type=\"text\/css\">\n\t\t\t#gallery-1 {\n\t\t\t\tmargin: auto;\n\t\t\t}\n\t\t\t#gallery-1 .gallery-item {\n\t\t\t\tfloat: left;\n\t\t\t\tmargin-top: 10px;\n\t\t\t\ttext-align: center;\n\t\t\t\twidth: 33%;\n\t\t\t}\n\t\t\t#gallery-1 img {\n\t\t\t\tborder: 2px solid #cfcfcf;\n\t\t\t}\n\t\t\t#gallery-1 .gallery-caption {\n\t\t\t\tmargin-left: 0;\n\t\t\t}\n\t\t\t\/* see gallery_shortcode() in wp-includes\/media.php *\/\n\t\t<\/style>\n\t\t<div id='gallery-1' class='gallery galleryid-2654 gallery-columns-3 gallery-size-thumbnail'><dl class='gallery-item'>\n\t\t\t<dt class='gallery-icon landscape'>\n\t\t\t\t<a href='https:\/\/www.feuerwehr-brilon.de\/wp-up\/2010\/05\/zuguebung_alme2010_5.jpg'><img loading=\"lazy\" decoding=\"async\" width=\"125\" height=\"81\" src=\"https:\/\/www.feuerwehr-brilon.de\/wp-up\/2010\/05\/zuguebung_alme2010_5-125x81.jpg\" class=\"attachment-thumbnail size-thumbnail\" alt=\"\" srcset=\"https:\/\/www.feuerwehr-brilon.de\/wp-up\/2010\/05\/zuguebung_alme2010_5-125x81.jpg 125w, https:\/\/www.feuerwehr-brilon.de\/wp-up\/2010\/05\/zuguebung_alme2010_5-500x327.jpg 500w, https:\/\/www.feuerwehr-brilon.de\/wp-up\/2010\/05\/zuguebung_alme2010_5.jpg 800w\" sizes=\"auto, (max-width: 125px) 100vw, 125px\" \/><\/a>\n\t\t\t<\/dt><\/dl><dl class='gallery-item'>\n\t\t\t<dt class='gallery-icon landscape'>\n\t\t\t\t<a href='https:\/\/www.feuerwehr-brilon.de\/wp-up\/2010\/05\/zuguebung_alme2010_1.jpg'><img loading=\"lazy\" decoding=\"async\" width=\"125\" height=\"93\" src=\"https:\/\/www.feuerwehr-brilon.de\/wp-up\/2010\/05\/zuguebung_alme2010_1-125x93.jpg\" class=\"attachment-thumbnail size-thumbnail\" alt=\"\" srcset=\"https:\/\/www.feuerwehr-brilon.de\/wp-up\/2010\/05\/zuguebung_alme2010_1-125x93.jpg 125w, https:\/\/www.feuerwehr-brilon.de\/wp-up\/2010\/05\/zuguebung_alme2010_1-500x375.jpg 500w, https:\/\/www.feuerwehr-brilon.de\/wp-up\/2010\/05\/zuguebung_alme2010_1.jpg 800w\" sizes=\"auto, (max-width: 125px) 100vw, 125px\" \/><\/a>\n\t\t\t<\/dt><\/dl><dl class='gallery-item'>\n\t\t\t<dt class='gallery-icon landscape'>\n\t\t\t\t<a href='https:\/\/www.feuerwehr-brilon.de\/wp-up\/2010\/05\/zuguebung_alme2010_2.jpg'><img loading=\"lazy\" decoding=\"async\" width=\"125\" height=\"87\" src=\"https:\/\/www.feuerwehr-brilon.de\/wp-up\/2010\/05\/zuguebung_alme2010_2-125x87.jpg\" class=\"attachment-thumbnail size-thumbnail\" alt=\"\" srcset=\"https:\/\/www.feuerwehr-brilon.de\/wp-up\/2010\/05\/zuguebung_alme2010_2-125x87.jpg 125w, https:\/\/www.feuerwehr-brilon.de\/wp-up\/2010\/05\/zuguebung_alme2010_2-500x348.jpg 500w, https:\/\/www.feuerwehr-brilon.de\/wp-up\/2010\/05\/zuguebung_alme2010_2.jpg 800w\" sizes=\"auto, (max-width: 125px) 100vw, 125px\" \/><\/a>\n\t\t\t<\/dt><\/dl><br style=\"clear: both\" \/><dl class='gallery-item'>\n\t\t\t<dt class='gallery-icon landscape'>\n\t\t\t\t<a href='https:\/\/www.feuerwehr-brilon.de\/wp-up\/2010\/05\/zuguebung_alme2010_3.jpg'><img loading=\"lazy\" decoding=\"async\" width=\"125\" height=\"105\" src=\"https:\/\/www.feuerwehr-brilon.de\/wp-up\/2010\/05\/zuguebung_alme2010_3-125x105.jpg\" class=\"attachment-thumbnail size-thumbnail\" alt=\"\" srcset=\"https:\/\/www.feuerwehr-brilon.de\/wp-up\/2010\/05\/zuguebung_alme2010_3-125x105.jpg 125w, https:\/\/www.feuerwehr-brilon.de\/wp-up\/2010\/05\/zuguebung_alme2010_3-500x421.jpg 500w, https:\/\/www.feuerwehr-brilon.de\/wp-up\/2010\/05\/zuguebung_alme2010_3.jpg 800w\" sizes=\"auto, (max-width: 125px) 100vw, 125px\" \/><\/a>\n\t\t\t<\/dt><\/dl><dl class='gallery-item'>\n\t\t\t<dt class='gallery-icon landscape'>\n\t\t\t\t<a href='https:\/\/www.feuerwehr-brilon.de\/wp-up\/2010\/05\/zuguebung_alme2010_4.jpg'><img loading=\"lazy\" decoding=\"async\" width=\"125\" height=\"93\" src=\"https:\/\/www.feuerwehr-brilon.de\/wp-up\/2010\/05\/zuguebung_alme2010_4-125x93.jpg\" class=\"attachment-thumbnail size-thumbnail\" alt=\"\" srcset=\"https:\/\/www.feuerwehr-brilon.de\/wp-up\/2010\/05\/zuguebung_alme2010_4-125x93.jpg 125w, https:\/\/www.feuerwehr-brilon.de\/wp-up\/2010\/05\/zuguebung_alme2010_4-500x375.jpg 500w, https:\/\/www.feuerwehr-brilon.de\/wp-up\/2010\/05\/zuguebung_alme2010_4.jpg 800w\" sizes=\"auto, (max-width: 125px) 100vw, 125px\" \/><\/a>\n\t\t\t<\/dt><\/dl>\n\t\t\t<br style='clear: both' \/>\n\t\t<\/div>\n\n","protected":false},"excerpt":{"rendered":"<p>Am Freitagabend, den 07.05. wurde in Alme die allj\u00e4hrliche gemeinsame \u00dcbung der L\u00f6schgruppen Alme, Th\u00fclen, Nehden, Madfeld und R\u00f6senbeck durchgef\u00fchrt. Sie wurden dabei vom Einsatzleitwagen des L\u00f6schzuges Brilon unterst\u00fctzt.<\/p>\n","protected":false},"author":6,"featured_media":0,"comment_status":"closed","ping_status":"closed","sticky":false,"template":"","format":"standard","meta":{"_exactmetrics_skip_tracking":false,"_exactmetrics_sitenote_active":false,"_exactmetrics_sitenote_note":"","_exactmetrics_sitenote_category":0,"jetpack_post_was_ever_published":false,"_jetpack_newsletter_access":"","_jetpack_dont_email_post_to_subs":false,"_jetpack_newsletter_tier_id":0,"_jetpack_memberships_contains_paywalled_content":false,"_jetpack_memberships_contains_paid_content":false,"footnotes":""},"categories":[34],"tags":[40,195,197,52,53,55,56,49,42],"class_list":["post-2654","post","type-post","status-publish","format-standard","hentry","category-meldungen-2010","tag-alme","tag-ausbildung","tag-brand","tag-elw","tag-madfeld","tag-nehden","tag-rosenbeck","tag-stlf-106","tag-thulen"],"jetpack_featured_media_url":"","jetpack_shortlink":"https:\/\/wp.me\/pCIJa-GO","jetpack_sharing_enabled":true,"jetpack-related-posts":[{"id":12838,"url":"https:\/\/www.feuerwehr-brilon.de\/?p=12838","url_meta":{"origin":2654,"position":0},"title":"Zug\u00fcbung in Alme","author":"Marc Heines","date":"23. Oktober 2015","format":false,"excerpt":"Kellerbrand in der offenen Ganztagsschule in Alme, so lautete das Alarmstichwort f\u00fcr die Feuerwehr am Freitagabend. Dichter Rauch drang aus dem Keller und versperrte 12 Kindern und einer Betreuerin den Fluchtweg nach drau\u00dfen. Als die die ersten Einsatzkr\u00e4fte an der Einsatzstelle ankamen, standen einige Kinder am Fenster im ersten Obergeschoss\u2026","rel":"","context":"In &quot;Meldungen 2015&quot;","block_context":{"text":"Meldungen 2015","link":"https:\/\/www.feuerwehr-brilon.de\/?cat=192"},"img":{"alt_text":"DSC_2156i","src":"https:\/\/i0.wp.com\/www.feuerwehr-brilon.de\/wp-up\/2015\/10\/DSC_2156i-150x100.jpg?resize=350%2C200","width":350,"height":200},"classes":[]},{"id":8312,"url":"https:\/\/www.feuerwehr-brilon.de\/?p=8312","url_meta":{"origin":2654,"position":1},"title":"Zug\u00fcbung des Lz Ost am Flugplatz Th\u00fclen","author":"Andreas Becker","date":"3. Juni 2013","format":false,"excerpt":"Am 12.04.13 um ca. 18:30 Uhr absolvierten 5 L\u00f6schgruppen ihre j\u00e4hrlich stattfindende Zug\u00fcbung beim Luftsportverein Brilon am Th\u00fclener Bruch. Das Alarmstichwort hie\u00df: \u201eAusbruch eines Feuers in der Werkstatthalle des Flughafens, mehrere Personen vermisst.\u201c Nach dem Eintreffen der LG Th\u00fclen und einer Erkundung der Einsatzstelle wurden unmittelbar die anderen teilnehmenden L\u00f6schgruppen\u2026","rel":"","context":"In &quot;Meldungen 2013&quot;","block_context":{"text":"Meldungen 2013","link":"https:\/\/www.feuerwehr-brilon.de\/?cat=177"},"img":{"alt_text":"","src":"https:\/\/i0.wp.com\/www.feuerwehr-brilon.de\/wp-up\/2013\/06\/werbung1-150x112.jpg?resize=350%2C200&ssl=1","width":350,"height":200},"classes":[]},{"id":112,"url":"https:\/\/www.feuerwehr-brilon.de\/?p=112","url_meta":{"origin":2654,"position":2},"title":"L\u00f6schgruppen \u00fcbten im gro\u00dfen Stil","author":"Marc Heines","date":"18. April 2008","format":false,"excerpt":"F\u00fcnf L\u00f6schgruppen der Feuerwehr Brilon haben gemeinsam bei der Firma Christophery in Th\u00fclen die Zusammenarbeit ge\u00fcbt. Das Ausl\u00f6sen der Brandmeldeanlage in dem kunststoffverarbeitenden Betrieb forderte das Ausr\u00fccken der L\u00f6schgruppe Th\u00fclen zu einem augenscheinlich allt\u00e4glichen Einsatz. Aufgrund der starken Rauchentwicklung wurde dem Gruppenf\u00fchrer allerdings bereits auf der Anfahrt das (angenommene) Ausma\u00df\u2026","rel":"","context":"In &quot;Meldungen 2008&quot;","block_context":{"text":"Meldungen 2008","link":"https:\/\/www.feuerwehr-brilon.de\/?cat=4"},"img":{"alt_text":"","src":"https:\/\/i0.wp.com\/www.feuerwehr-brilon.de\/wp-up\/2008\/07\/02.jpg?resize=350%2C200&ssl=1","width":350,"height":200},"classes":[]},{"id":15711,"url":"https:\/\/www.feuerwehr-brilon.de\/?p=15711","url_meta":{"origin":2654,"position":3},"title":"Entstehungsbrand schnell gel\u00f6scht","author":"Andreas Becker","date":"21. Januar 2018","format":false,"excerpt":"Th\u00fclen. Ein gemeldeter Scheunenbrand war Grund f\u00fcr eine Alarmierung der L\u00f6schgruppen Th\u00fclen, R\u00f6senbeck, Alme und Nehden sowie dem L\u00f6schzug Brilon. Am Samstagnachmittag (20.1.) gegen 16 Uhr wurde durch die anwesenden Landwirte eine Rauchentwicklung im Bereich einer Scheune in der Stra\u00dfe \"Auf dem H\u00f6ggern\" bemerkt.Noch vor Eintreffen der Feuerwehr, konnte das\u2026","rel":"","context":"In &quot;Eins\u00e4tze 2018&quot;","block_context":{"text":"Eins\u00e4tze 2018","link":"https:\/\/www.feuerwehr-brilon.de\/?cat=208"},"img":{"alt_text":"","src":"https:\/\/i0.wp.com\/www.feuerwehr-brilon.de\/images\/einsatz_details\/lz_brilon.jpg?resize=350%2C200","width":350,"height":200},"classes":[]},{"id":15313,"url":"https:\/\/www.feuerwehr-brilon.de\/?p=15313","url_meta":{"origin":2654,"position":4},"title":"Scheunenbrand in Th\u00fclen","author":"Andreas Becker","date":"3. November 2017","format":false,"excerpt":"Th\u00fclen.\u00a0Gegen 1 Uhr am fr\u00fchen Freitagmorgen, wurde der Rettungsleitstelle ein Scheunenbrand in Th\u00fclen gemeldet. Die L\u00f6schgruppen aus Th\u00fclen, Alme, Nehden und R\u00f6senbeck, sowie der L\u00f6schzug Brilon wurden alarmiert. Als die L\u00f6schgruppe Th\u00fclen kurze Zeit sp\u00e4ter Richtung Bruchhausenstra\u00dfe ausr\u00fcckte, war der Feuerschein schon von weither sichtbar. Die Scheune (ca. 15m x\u2026","rel":"","context":"In &quot;Eins\u00e4tze 2017&quot;","block_context":{"text":"Eins\u00e4tze 2017","link":"https:\/\/www.feuerwehr-brilon.de\/?cat=205"},"img":{"alt_text":"","src":"https:\/\/i0.wp.com\/www.feuerwehr-brilon.de\/wp-up\/2017\/11\/IMG_8136-1-150x113.jpg?resize=350%2C200&ssl=1","width":350,"height":200},"classes":[]},{"id":30915,"url":"https:\/\/www.feuerwehr-brilon.de\/?p=30915","url_meta":{"origin":2654,"position":5},"title":"LKW-Brand in Th\u00fclen","author":"Andreas Becker","date":"19. M\u00e4rz 2023","format":false,"excerpt":"Th\u00fclen. Freitagnacht fiel ein LKW in Th\u00fclen den Flammen zum Opfer. Als das Feuer bemerkt wurde, stand das F\u00fchrerhaus bereits im Vollbrand. Ein Nachbar des Besitzers bemerkte gegen halb 2 am Samstagmorgen (18.3.) das Feuer und verst\u00e4ndigte die Leitstelle. Als die Brandsch\u00fctzer aus Th\u00fclen, Alme, Nehden, R\u00f6senbeck und Brilon kurze\u2026","rel":"","context":"In &quot;Eins\u00e4tze 2023&quot;","block_context":{"text":"Eins\u00e4tze 2023","link":"https:\/\/www.feuerwehr-brilon.de\/?cat=335"},"img":{"alt_text":"","src":"https:\/\/i0.wp.com\/www.feuerwehr-brilon.de\/wp-up\/2023\/03\/230318_LKW.jpg?resize=350%2C200&ssl=1","width":350,"height":200,"srcset":"https:\/\/i0.wp.com\/www.feuerwehr-brilon.de\/wp-up\/2023\/03\/230318_LKW.jpg?resize=350%2C200&ssl=1 1x, https:\/\/i0.wp.com\/www.feuerwehr-brilon.de\/wp-up\/2023\/03\/230318_LKW.jpg?resize=525%2C300&ssl=1 1.5x, https:\/\/i0.wp.com\/www.feuerwehr-brilon.de\/wp-up\/2023\/03\/230318_LKW.jpg?resize=700%2C400&ssl=1 2x"},"classes":[]}],"_links":{"self":[{"href":"https:\/\/www.feuerwehr-brilon.de\/index.php?rest_route=\/wp\/v2\/posts\/2654","targetHints":{"allow":["GET"]}}],"collection":[{"href":"https:\/\/www.feuerwehr-brilon.de\/index.php?rest_route=\/wp\/v2\/posts"}],"about":[{"href":"https:\/\/www.feuerwehr-brilon.de\/index.php?rest_route=\/wp\/v2\/types\/post"}],"author":[{"embeddable":true,"href":"https:\/\/www.feuerwehr-brilon.de\/index.php?rest_route=\/wp\/v2\/users\/6"}],"replies":[{"embeddable":true,"href":"https:\/\/www.feuerwehr-brilon.de\/index.php?rest_route=%2Fwp%2Fv2%2Fcomments&post=2654"}],"version-history":[{"count":0,"href":"https:\/\/www.feuerwehr-brilon.de\/index.php?rest_route=\/wp\/v2\/posts\/2654\/revisions"}],"wp:attachment":[{"href":"https:\/\/www.feuerwehr-brilon.de\/index.php?rest_route=%2Fwp%2Fv2%2Fmedia&parent=2654"}],"wp:term":[{"taxonomy":"category","embeddable":true,"href":"https:\/\/www.feuerwehr-brilon.de\/index.php?rest_route=%2Fwp%2Fv2%2Fcategories&post=2654"},{"taxonomy":"post_tag","embeddable":true,"href":"https:\/\/www.feuerwehr-brilon.de\/index.php?rest_route=%2Fwp%2Fv2%2Ftags&post=2654"}],"curies":[{"name":"wp","href":"https:\/\/api.w.org\/{rel}","templated":true}]}}