{"id":2681,"date":"2010-05-21T22:03:16","date_gmt":"2010-05-21T20:03:16","guid":{"rendered":"http:\/\/www.feuerwehr-brilon.de\/?p=2681"},"modified":"2010-06-08T23:15:57","modified_gmt":"2010-06-08T21:15:57","slug":"ruckblick-autosalon","status":"publish","type":"post","link":"https:\/\/www.feuerwehr-brilon.de\/?p=2681","title":{"rendered":"R\u00fcckblick Autosalon"},"content":{"rendered":"<p>Die Feuerwehr Brilon pr\u00e4sentierte sich auf dem diesj\u00e4hrigen Autosalon. Wie auch schon in den vergangenen Jahren, bot sich auf dem sehr gut organisierten Autosalon in Brilon eine sehr gute M\u00f6glichkeit, den Kontakt Feuerwehr und B\u00fcrger zu suchen.<!--more--><br \/>\nAn einem eigenen Stand wurde mit dem<a href=\"http:\/\/www.feuerwehr-brilon.de\/?page_id=802\"> Hilfeleistungsl\u00f6schgruppenfahrzeug HLF 24\/14 S<\/a> und dem <a href=\"http:\/\/www.feuerwehr-brilon.de\/?page_id=467\">Tankl\u00f6schfahrzeug TLF 16\/25<\/a>, aus dem Jahr 1962, alte und neue Fahrzeugtechnik pr\u00e4sentiert. Im Mittelpunkt stand jedoch ein Unfallwagen. An diesem Unfallwagen wurden die aktuellen Ger\u00e4te zur Technischen Hilfe demonstriert. Am Nachmittag wurde in einer Schau\u00fcbung dann noch die Technische Rettung einer eingeklemmten Person demonstriert.<\/p>\n\n\t\t<style type=\"text\/css\">\n\t\t\t#gallery-1 {\n\t\t\t\tmargin: auto;\n\t\t\t}\n\t\t\t#gallery-1 .gallery-item {\n\t\t\t\tfloat: left;\n\t\t\t\tmargin-top: 10px;\n\t\t\t\ttext-align: center;\n\t\t\t\twidth: 33%;\n\t\t\t}\n\t\t\t#gallery-1 img {\n\t\t\t\tborder: 2px solid #cfcfcf;\n\t\t\t}\n\t\t\t#gallery-1 .gallery-caption {\n\t\t\t\tmargin-left: 0;\n\t\t\t}\n\t\t\t\/* see gallery_shortcode() in wp-includes\/media.php *\/\n\t\t<\/style>\n\t\t<div id='gallery-1' class='gallery galleryid-2681 gallery-columns-3 gallery-size-thumbnail'><dl class='gallery-item'>\n\t\t\t<dt class='gallery-icon landscape'>\n\t\t\t\t<a href='https:\/\/www.feuerwehr-brilon.de\/wp-up\/2010\/05\/autosalon_1.jpg'><img loading=\"lazy\" decoding=\"async\" width=\"125\" height=\"93\" src=\"https:\/\/www.feuerwehr-brilon.de\/wp-up\/2010\/05\/autosalon_1-125x93.jpg\" class=\"attachment-thumbnail size-thumbnail\" alt=\"\" srcset=\"https:\/\/www.feuerwehr-brilon.de\/wp-up\/2010\/05\/autosalon_1-125x93.jpg 125w, https:\/\/www.feuerwehr-brilon.de\/wp-up\/2010\/05\/autosalon_1-500x375.jpg 500w, https:\/\/www.feuerwehr-brilon.de\/wp-up\/2010\/05\/autosalon_1.jpg 800w\" sizes=\"auto, (max-width: 125px) 100vw, 125px\" \/><\/a>\n\t\t\t<\/dt><\/dl><dl class='gallery-item'>\n\t\t\t<dt class='gallery-icon landscape'>\n\t\t\t\t<a href='https:\/\/www.feuerwehr-brilon.de\/wp-up\/2010\/05\/autosalon_10.jpg'><img loading=\"lazy\" decoding=\"async\" width=\"125\" height=\"93\" src=\"https:\/\/www.feuerwehr-brilon.de\/wp-up\/2010\/05\/autosalon_10-125x93.jpg\" class=\"attachment-thumbnail size-thumbnail\" alt=\"\" srcset=\"https:\/\/www.feuerwehr-brilon.de\/wp-up\/2010\/05\/autosalon_10-125x93.jpg 125w, https:\/\/www.feuerwehr-brilon.de\/wp-up\/2010\/05\/autosalon_10-500x375.jpg 500w, https:\/\/www.feuerwehr-brilon.de\/wp-up\/2010\/05\/autosalon_10.jpg 800w\" sizes=\"auto, (max-width: 125px) 100vw, 125px\" \/><\/a>\n\t\t\t<\/dt><\/dl><dl class='gallery-item'>\n\t\t\t<dt class='gallery-icon landscape'>\n\t\t\t\t<a href='https:\/\/www.feuerwehr-brilon.de\/wp-up\/2010\/05\/autosalon_11.jpg'><img loading=\"lazy\" decoding=\"async\" width=\"125\" height=\"93\" src=\"https:\/\/www.feuerwehr-brilon.de\/wp-up\/2010\/05\/autosalon_11-125x93.jpg\" class=\"attachment-thumbnail size-thumbnail\" alt=\"\" srcset=\"https:\/\/www.feuerwehr-brilon.de\/wp-up\/2010\/05\/autosalon_11-125x93.jpg 125w, https:\/\/www.feuerwehr-brilon.de\/wp-up\/2010\/05\/autosalon_11-500x375.jpg 500w, https:\/\/www.feuerwehr-brilon.de\/wp-up\/2010\/05\/autosalon_11.jpg 800w\" sizes=\"auto, (max-width: 125px) 100vw, 125px\" \/><\/a>\n\t\t\t<\/dt><\/dl><br style=\"clear: both\" \/><dl class='gallery-item'>\n\t\t\t<dt class='gallery-icon landscape'>\n\t\t\t\t<a href='https:\/\/www.feuerwehr-brilon.de\/wp-up\/2010\/05\/autosalon_12.jpg'><img loading=\"lazy\" decoding=\"async\" width=\"125\" height=\"93\" src=\"https:\/\/www.feuerwehr-brilon.de\/wp-up\/2010\/05\/autosalon_12-125x93.jpg\" class=\"attachment-thumbnail size-thumbnail\" alt=\"\" srcset=\"https:\/\/www.feuerwehr-brilon.de\/wp-up\/2010\/05\/autosalon_12-125x93.jpg 125w, https:\/\/www.feuerwehr-brilon.de\/wp-up\/2010\/05\/autosalon_12-500x375.jpg 500w, https:\/\/www.feuerwehr-brilon.de\/wp-up\/2010\/05\/autosalon_12.jpg 800w\" sizes=\"auto, (max-width: 125px) 100vw, 125px\" \/><\/a>\n\t\t\t<\/dt><\/dl><dl class='gallery-item'>\n\t\t\t<dt class='gallery-icon landscape'>\n\t\t\t\t<a href='https:\/\/www.feuerwehr-brilon.de\/wp-up\/2010\/05\/autosalon_2.jpg'><img loading=\"lazy\" decoding=\"async\" width=\"125\" height=\"93\" src=\"https:\/\/www.feuerwehr-brilon.de\/wp-up\/2010\/05\/autosalon_2-125x93.jpg\" class=\"attachment-thumbnail size-thumbnail\" alt=\"\" srcset=\"https:\/\/www.feuerwehr-brilon.de\/wp-up\/2010\/05\/autosalon_2-125x93.jpg 125w, https:\/\/www.feuerwehr-brilon.de\/wp-up\/2010\/05\/autosalon_2-500x375.jpg 500w, https:\/\/www.feuerwehr-brilon.de\/wp-up\/2010\/05\/autosalon_2.jpg 800w\" sizes=\"auto, (max-width: 125px) 100vw, 125px\" \/><\/a>\n\t\t\t<\/dt><\/dl><dl class='gallery-item'>\n\t\t\t<dt class='gallery-icon landscape'>\n\t\t\t\t<a href='https:\/\/www.feuerwehr-brilon.de\/wp-up\/2010\/05\/autosalon_3.jpg'><img loading=\"lazy\" decoding=\"async\" width=\"125\" height=\"93\" src=\"https:\/\/www.feuerwehr-brilon.de\/wp-up\/2010\/05\/autosalon_3-125x93.jpg\" class=\"attachment-thumbnail size-thumbnail\" alt=\"\" srcset=\"https:\/\/www.feuerwehr-brilon.de\/wp-up\/2010\/05\/autosalon_3-125x93.jpg 125w, https:\/\/www.feuerwehr-brilon.de\/wp-up\/2010\/05\/autosalon_3-500x375.jpg 500w, https:\/\/www.feuerwehr-brilon.de\/wp-up\/2010\/05\/autosalon_3.jpg 800w\" sizes=\"auto, (max-width: 125px) 100vw, 125px\" \/><\/a>\n\t\t\t<\/dt><\/dl><br style=\"clear: both\" \/><dl class='gallery-item'>\n\t\t\t<dt class='gallery-icon landscape'>\n\t\t\t\t<a href='https:\/\/www.feuerwehr-brilon.de\/wp-up\/2010\/05\/autosalon_4.jpg'><img loading=\"lazy\" decoding=\"async\" width=\"125\" height=\"93\" src=\"https:\/\/www.feuerwehr-brilon.de\/wp-up\/2010\/05\/autosalon_4-125x93.jpg\" class=\"attachment-thumbnail size-thumbnail\" alt=\"\" srcset=\"https:\/\/www.feuerwehr-brilon.de\/wp-up\/2010\/05\/autosalon_4-125x93.jpg 125w, https:\/\/www.feuerwehr-brilon.de\/wp-up\/2010\/05\/autosalon_4-500x375.jpg 500w, https:\/\/www.feuerwehr-brilon.de\/wp-up\/2010\/05\/autosalon_4.jpg 800w\" sizes=\"auto, (max-width: 125px) 100vw, 125px\" \/><\/a>\n\t\t\t<\/dt><\/dl><dl class='gallery-item'>\n\t\t\t<dt class='gallery-icon landscape'>\n\t\t\t\t<a href='https:\/\/www.feuerwehr-brilon.de\/wp-up\/2010\/05\/autosalon_5.jpg'><img loading=\"lazy\" decoding=\"async\" width=\"125\" height=\"93\" src=\"https:\/\/www.feuerwehr-brilon.de\/wp-up\/2010\/05\/autosalon_5-125x93.jpg\" class=\"attachment-thumbnail size-thumbnail\" alt=\"\" srcset=\"https:\/\/www.feuerwehr-brilon.de\/wp-up\/2010\/05\/autosalon_5-125x93.jpg 125w, https:\/\/www.feuerwehr-brilon.de\/wp-up\/2010\/05\/autosalon_5-500x375.jpg 500w, https:\/\/www.feuerwehr-brilon.de\/wp-up\/2010\/05\/autosalon_5.jpg 800w\" sizes=\"auto, (max-width: 125px) 100vw, 125px\" \/><\/a>\n\t\t\t<\/dt><\/dl><dl class='gallery-item'>\n\t\t\t<dt class='gallery-icon landscape'>\n\t\t\t\t<a href='https:\/\/www.feuerwehr-brilon.de\/wp-up\/2010\/05\/autosalon_6.jpg'><img loading=\"lazy\" decoding=\"async\" width=\"125\" height=\"93\" src=\"https:\/\/www.feuerwehr-brilon.de\/wp-up\/2010\/05\/autosalon_6-125x93.jpg\" class=\"attachment-thumbnail size-thumbnail\" alt=\"\" srcset=\"https:\/\/www.feuerwehr-brilon.de\/wp-up\/2010\/05\/autosalon_6-125x93.jpg 125w, https:\/\/www.feuerwehr-brilon.de\/wp-up\/2010\/05\/autosalon_6-500x375.jpg 500w, https:\/\/www.feuerwehr-brilon.de\/wp-up\/2010\/05\/autosalon_6.jpg 800w\" sizes=\"auto, (max-width: 125px) 100vw, 125px\" \/><\/a>\n\t\t\t<\/dt><\/dl><br style=\"clear: both\" \/><dl class='gallery-item'>\n\t\t\t<dt class='gallery-icon landscape'>\n\t\t\t\t<a href='https:\/\/www.feuerwehr-brilon.de\/wp-up\/2010\/05\/autosalon_7.jpg'><img loading=\"lazy\" decoding=\"async\" width=\"125\" height=\"93\" src=\"https:\/\/www.feuerwehr-brilon.de\/wp-up\/2010\/05\/autosalon_7-125x93.jpg\" class=\"attachment-thumbnail size-thumbnail\" alt=\"\" srcset=\"https:\/\/www.feuerwehr-brilon.de\/wp-up\/2010\/05\/autosalon_7-125x93.jpg 125w, https:\/\/www.feuerwehr-brilon.de\/wp-up\/2010\/05\/autosalon_7-500x375.jpg 500w, https:\/\/www.feuerwehr-brilon.de\/wp-up\/2010\/05\/autosalon_7.jpg 800w\" sizes=\"auto, (max-width: 125px) 100vw, 125px\" \/><\/a>\n\t\t\t<\/dt><\/dl><dl class='gallery-item'>\n\t\t\t<dt class='gallery-icon landscape'>\n\t\t\t\t<a href='https:\/\/www.feuerwehr-brilon.de\/wp-up\/2010\/05\/autosalon_8.jpg'><img loading=\"lazy\" decoding=\"async\" width=\"125\" height=\"93\" src=\"https:\/\/www.feuerwehr-brilon.de\/wp-up\/2010\/05\/autosalon_8-125x93.jpg\" class=\"attachment-thumbnail size-thumbnail\" alt=\"\" srcset=\"https:\/\/www.feuerwehr-brilon.de\/wp-up\/2010\/05\/autosalon_8-125x93.jpg 125w, https:\/\/www.feuerwehr-brilon.de\/wp-up\/2010\/05\/autosalon_8-500x375.jpg 500w, https:\/\/www.feuerwehr-brilon.de\/wp-up\/2010\/05\/autosalon_8.jpg 800w\" sizes=\"auto, (max-width: 125px) 100vw, 125px\" \/><\/a>\n\t\t\t<\/dt><\/dl><dl class='gallery-item'>\n\t\t\t<dt class='gallery-icon landscape'>\n\t\t\t\t<a href='https:\/\/www.feuerwehr-brilon.de\/wp-up\/2010\/05\/autosalon_9.jpg'><img loading=\"lazy\" decoding=\"async\" width=\"125\" height=\"93\" src=\"https:\/\/www.feuerwehr-brilon.de\/wp-up\/2010\/05\/autosalon_9-125x93.jpg\" class=\"attachment-thumbnail size-thumbnail\" alt=\"\" srcset=\"https:\/\/www.feuerwehr-brilon.de\/wp-up\/2010\/05\/autosalon_9-125x93.jpg 125w, https:\/\/www.feuerwehr-brilon.de\/wp-up\/2010\/05\/autosalon_9-500x375.jpg 500w, https:\/\/www.feuerwehr-brilon.de\/wp-up\/2010\/05\/autosalon_9.jpg 800w\" sizes=\"auto, (max-width: 125px) 100vw, 125px\" \/><\/a>\n\t\t\t<\/dt><\/dl><br style=\"clear: both\" \/>\n\t\t<\/div>\n\n","protected":false},"excerpt":{"rendered":"<p>Die Feuerwehr Brilon pr\u00e4sentierte sich auf dem diesj\u00e4hrigen Autosalon. Wie auch schon in den vergangenen Jahren, bot sich auf dem sehr gut organisierten Autosalon in Brilon eine sehr gute M\u00f6glichkeit, den Kontakt Feuerwehr und B\u00fcrger zu suchen.<\/p>\n","protected":false},"author":6,"featured_media":0,"comment_status":"closed","ping_status":"closed","sticky":false,"template":"","format":"standard","meta":{"_exactmetrics_skip_tracking":false,"_exactmetrics_sitenote_active":false,"_exactmetrics_sitenote_note":"","_exactmetrics_sitenote_category":0,"jetpack_post_was_ever_published":false,"_jetpack_newsletter_access":"","_jetpack_dont_email_post_to_subs":false,"_jetpack_newsletter_tier_id":0,"_jetpack_memberships_contains_paywalled_content":false,"_jetpack_memberships_contains_paid_content":false,"footnotes":""},"categories":[34],"tags":[37,38,199],"class_list":["post-2681","post","type-post","status-publish","format-standard","hentry","category-meldungen-2010","tag-brilon","tag-hlf-2414s","tag-verkehrsunfall"],"jetpack_featured_media_url":"","jetpack_shortlink":"https:\/\/wp.me\/pCIJa-Hf","jetpack_sharing_enabled":true,"jetpack-related-posts":[{"id":14232,"url":"https:\/\/www.feuerwehr-brilon.de\/?p=14232","url_meta":{"origin":2681,"position":0},"title":"Einsatzreiche Silvesternacht f\u00fcr den L\u00f6schzug","author":"Andreas Becker","date":"1. Januar 2017","format":false,"excerpt":"Brilon. Das neue Jahr hatte gerade begonnen, als der L\u00f6schzug Brilon um 00:13 Uhr zum ersten Einsatz des Jahres alarmiert wurde. Am Pelsenberg sollte eine Hecke brennen. Noch w\u00e4hrend der Anfahrt zum Ger\u00e4tehaus, dann der zweite Alarm. Brand auf einem Balkon am Vo\u00dfloh. Weitere Schleifen wurden alarmiert. Rasch wurden Mannschaft\u2026","rel":"","context":"In &quot;Eins\u00e4tze 2017&quot;","block_context":{"text":"Eins\u00e4tze 2017","link":"https:\/\/www.feuerwehr-brilon.de\/?cat=205"},"img":{"alt_text":"","src":"https:\/\/i0.wp.com\/www.feuerwehr-brilon.de\/wp-up\/2017\/01\/IMG_6971-1-150x84.jpg?resize=350%2C200","width":350,"height":200},"classes":[]},{"id":34417,"url":"https:\/\/www.feuerwehr-brilon.de\/?p=34417","url_meta":{"origin":2681,"position":1},"title":"Verkehrsunfall auf der B 7","author":"Marcus Bange","date":"16. Februar 2026","format":false,"excerpt":"Brilon. Die Feuerwehr Brilon wurde am Montagmorgen (16.02.2026) um 1:09 Uhr zu einem Verkehrsunfall auf die B 7 zwischen dem Abzweig Scharfenberg und dem Kreisverkehr M\u00f6hnestra\u00dfe alarmiert. Dort war ein mit 30 Tonnen Leim beladener LKW in einer Rechtskurve von der Fahrbahn abgekommen, in die B\u00f6schung gerutscht und umgest\u00fcrzt. Der\u2026","rel":"","context":"In &quot;Eins\u00e4tze 2026&quot;","block_context":{"text":"Eins\u00e4tze 2026","link":"https:\/\/www.feuerwehr-brilon.de\/?cat=369"},"img":{"alt_text":"","src":"https:\/\/i0.wp.com\/www.feuerwehr-brilon.de\/wp-up\/2026\/02\/VU-B-7-LKW-1.jpg?resize=350%2C200&ssl=1","width":350,"height":200,"srcset":"https:\/\/i0.wp.com\/www.feuerwehr-brilon.de\/wp-up\/2026\/02\/VU-B-7-LKW-1.jpg?resize=350%2C200&ssl=1 1x, https:\/\/i0.wp.com\/www.feuerwehr-brilon.de\/wp-up\/2026\/02\/VU-B-7-LKW-1.jpg?resize=525%2C300&ssl=1 1.5x, https:\/\/i0.wp.com\/www.feuerwehr-brilon.de\/wp-up\/2026\/02\/VU-B-7-LKW-1.jpg?resize=700%2C400&ssl=1 2x"},"classes":[]},{"id":33818,"url":"https:\/\/www.feuerwehr-brilon.de\/?p=33818","url_meta":{"origin":2681,"position":2},"title":"ABC Alarm auf der L 870 bei Hoppecke","author":"Marcus Bange","date":"26. September 2025","format":false,"excerpt":"Hoppecke. Am heutigen Freitagmorgen (26.09.) wurde die Feuerwehr Brilon um 08:04 Uhr zu einem Einsatz mit dem Alarmstichwort \u201eH2 ABC \u2013 LKW im Graben\u201c auf die L 870 zwischen Haus Gru\u00df und Hoppecke alarmiert. Neben dem L\u00f6schzug Brilon und der L\u00f6schgruppe Hoppecke r\u00fcckte aufgrund der Einsatzmeldung auch die kommunale ABC-Einheit\u2026","rel":"","context":"In &quot;Eins\u00e4tze 2025&quot;","block_context":{"text":"Eins\u00e4tze 2025","link":"https:\/\/www.feuerwehr-brilon.de\/?cat=367"},"img":{"alt_text":"","src":"https:\/\/i0.wp.com\/www.feuerwehr-brilon.de\/wp-up\/2025\/09\/HP_IMG_8489.jpg?resize=350%2C200&ssl=1","width":350,"height":200,"srcset":"https:\/\/i0.wp.com\/www.feuerwehr-brilon.de\/wp-up\/2025\/09\/HP_IMG_8489.jpg?resize=350%2C200&ssl=1 1x, https:\/\/i0.wp.com\/www.feuerwehr-brilon.de\/wp-up\/2025\/09\/HP_IMG_8489.jpg?resize=525%2C300&ssl=1 1.5x, https:\/\/i0.wp.com\/www.feuerwehr-brilon.de\/wp-up\/2025\/09\/HP_IMG_8489.jpg?resize=700%2C400&ssl=1 2x"},"classes":[]},{"id":30468,"url":"https:\/\/www.feuerwehr-brilon.de\/?p=30468","url_meta":{"origin":2681,"position":3},"title":"Verkehrsunfall auf der K 59 bei Scharfenberg","author":"Marcus Bange","date":"7. Dezember 2022","format":false,"excerpt":"Scharfenberg. Auf der Kreisstra\u00dfe 59 zwischen Brilon und Scharfenberg ereignete sich am Mittwochmorgen (07.12.2022) gegen 11.00 Uhr ein t\u00f6dlicher Verkehrsunfall. Dort war ein PKW Fahrer in einer leichten Linkskurve mit seinem Fahrzeug von der Fahrbahn abgekommen. Das Auto schleuderte dabei offensichtlich \u00fcber eine Leitplanke eine B\u00f6schung hinab und prallte mit\u2026","rel":"","context":"In &quot;Eins\u00e4tze 2022&quot;","block_context":{"text":"Eins\u00e4tze 2022","link":"https:\/\/www.feuerwehr-brilon.de\/?cat=288"},"img":{"alt_text":"","src":"https:\/\/i0.wp.com\/www.feuerwehr-brilon.de\/wp-up\/2022\/12\/VU-K-59-1.jpg?resize=350%2C200&ssl=1","width":350,"height":200,"srcset":"https:\/\/i0.wp.com\/www.feuerwehr-brilon.de\/wp-up\/2022\/12\/VU-K-59-1.jpg?resize=350%2C200&ssl=1 1x, https:\/\/i0.wp.com\/www.feuerwehr-brilon.de\/wp-up\/2022\/12\/VU-K-59-1.jpg?resize=525%2C300&ssl=1 1.5x, https:\/\/i0.wp.com\/www.feuerwehr-brilon.de\/wp-up\/2022\/12\/VU-K-59-1.jpg?resize=700%2C400&ssl=1 2x"},"classes":[]},{"id":13339,"url":"https:\/\/www.feuerwehr-brilon.de\/?p=13339","url_meta":{"origin":2681,"position":4},"title":"Umfangreiche \u00d6lspur auf Bahngleisen","author":"Marc Heines","date":"11. April 2016","format":false,"excerpt":"Brilon. Zu einer umfangreichen \u00d6lspur wurde der L\u00f6schzug Brilon alarmiert. Etwa gegen 16:00 Uhr kam es durch einen technischen Defekt an einem Triebwagen zu einer etwa 1700 m langen \u00d6lspur auf dem Bahnk\u00f6rper. Zun\u00e4chst wurde der Bahn\u00fcbergang an der Keffelker Stra\u00dfe gesichert und die \u00d6lspur beseitigt. Auf den Bahngleisen kam\u2026","rel":"","context":"In &quot;Meldungen 2016&quot;","block_context":{"text":"Meldungen 2016","link":"https:\/\/www.feuerwehr-brilon.de\/?cat=202"},"img":{"alt_text":"20160411_165526i","src":"https:\/\/i0.wp.com\/www.feuerwehr-brilon.de\/wp-up\/2016\/04\/20160411_165526i-150x113.jpg?resize=350%2C200","width":350,"height":200},"classes":[]},{"id":23987,"url":"https:\/\/www.feuerwehr-brilon.de\/?p=23987","url_meta":{"origin":2681,"position":5},"title":"Neue Leitung der Feuerwehr Brilon und Fahrzeug\u00fcbergabe","author":"Marcus Bange","date":"2. Dezember 2021","format":false,"excerpt":"Brilon. - UPDATE - Die Briloner Feuerwehr hat in einer Feierstunde eine neue Leitung erhalten und gleichzeitig zwei neue Feuerwehfahrzeuge in den Einsatzdienst \u00fcbernommen.\u00a0 Der Leiter der Feuerwehr Wolfgang Hillebrand begr\u00fc\u00dfte zum diesem besonderen Anlass B\u00fcrgermeister Dr. Christof Bartsch, Vertreter von Rat und Verwaltung, Pastor Drees und Pfarrer M\u00fcller, Abordnungen\u2026","rel":"","context":"In &quot;Meldungen 2021&quot;","block_context":{"text":"Meldungen 2021","link":"https:\/\/www.feuerwehr-brilon.de\/?cat=264"},"img":{"alt_text":"","src":"https:\/\/i0.wp.com\/www.feuerwehr-brilon.de\/wp-up\/2021\/12\/Neue-Wehrleitung-1.jpg?resize=350%2C200&ssl=1","width":350,"height":200,"srcset":"https:\/\/i0.wp.com\/www.feuerwehr-brilon.de\/wp-up\/2021\/12\/Neue-Wehrleitung-1.jpg?resize=350%2C200&ssl=1 1x, https:\/\/i0.wp.com\/www.feuerwehr-brilon.de\/wp-up\/2021\/12\/Neue-Wehrleitung-1.jpg?resize=525%2C300&ssl=1 1.5x, https:\/\/i0.wp.com\/www.feuerwehr-brilon.de\/wp-up\/2021\/12\/Neue-Wehrleitung-1.jpg?resize=700%2C400&ssl=1 2x"},"classes":[]}],"_links":{"self":[{"href":"https:\/\/www.feuerwehr-brilon.de\/index.php?rest_route=\/wp\/v2\/posts\/2681","targetHints":{"allow":["GET"]}}],"collection":[{"href":"https:\/\/www.feuerwehr-brilon.de\/index.php?rest_route=\/wp\/v2\/posts"}],"about":[{"href":"https:\/\/www.feuerwehr-brilon.de\/index.php?rest_route=\/wp\/v2\/types\/post"}],"author":[{"embeddable":true,"href":"https:\/\/www.feuerwehr-brilon.de\/index.php?rest_route=\/wp\/v2\/users\/6"}],"replies":[{"embeddable":true,"href":"https:\/\/www.feuerwehr-brilon.de\/index.php?rest_route=%2Fwp%2Fv2%2Fcomments&post=2681"}],"version-history":[{"count":0,"href":"https:\/\/www.feuerwehr-brilon.de\/index.php?rest_route=\/wp\/v2\/posts\/2681\/revisions"}],"wp:attachment":[{"href":"https:\/\/www.feuerwehr-brilon.de\/index.php?rest_route=%2Fwp%2Fv2%2Fmedia&parent=2681"}],"wp:term":[{"taxonomy":"category","embeddable":true,"href":"https:\/\/www.feuerwehr-brilon.de\/index.php?rest_route=%2Fwp%2Fv2%2Fcategories&post=2681"},{"taxonomy":"post_tag","embeddable":true,"href":"https:\/\/www.feuerwehr-brilon.de\/index.php?rest_route=%2Fwp%2Fv2%2Ftags&post=2681"}],"curies":[{"name":"wp","href":"https:\/\/api.w.org\/{rel}","templated":true}]}}