{"id":2699,"date":"2010-05-24T11:47:11","date_gmt":"2010-05-24T09:47:11","guid":{"rendered":"http:\/\/www.feuerwehr-brilon.de\/?p=2699"},"modified":"2010-06-08T23:15:04","modified_gmt":"2010-06-08T21:15:04","slug":"mulltonnenbrand-in-gudenhagen","status":"publish","type":"post","link":"https:\/\/www.feuerwehr-brilon.de\/?p=2699","title":{"rendered":"M\u00fclltonnenbrand in Gudenhagen"},"content":{"rendered":"<p><a href=\"http:\/\/www.feuerwehr-brilon.de\/wp-up\/2010\/05\/m\u00fclltonnenbrand_gudenhagen_6.jpg\"><img loading=\"lazy\" decoding=\"async\" class=\"alignleft size-thumbnail wp-image-2705\" title=\"m\u00fclltonnenbrand_gudenhagen_6\" src=\"http:\/\/www.feuerwehr-brilon.de\/wp-up\/2010\/05\/m\u00fclltonnenbrand_gudenhagen_6-125x93.jpg\" alt=\"m\u00fclltonnenbrand_gudenhagen_6\" width=\"125\" height=\"93\" srcset=\"https:\/\/www.feuerwehr-brilon.de\/wp-up\/2010\/05\/m\u00fclltonnenbrand_gudenhagen_6-125x93.jpg 125w, https:\/\/www.feuerwehr-brilon.de\/wp-up\/2010\/05\/m\u00fclltonnenbrand_gudenhagen_6-500x375.jpg 500w, https:\/\/www.feuerwehr-brilon.de\/wp-up\/2010\/05\/m\u00fclltonnenbrand_gudenhagen_6.jpg 800w\" sizes=\"auto, (max-width: 125px) 100vw, 125px\" \/><\/a>Am Pfingstsonntag brannte in Gudenhagen eine M\u00fclltonne. Der alarmierte L\u00f6schzug Brilon konnte den Brand mit ein paar Litern Wasser wirksam bek\u00e4mpfen. Insgesamt f\u00fcnf Feuerwehrleute waren einige Minuten im Einsatz.<\/p>\n<p><span style=\"color: #ffffff;\">X<\/span><\/p>\n<p><!--more--><\/p>\n<p><strong>Eingesetzte Einheit<\/strong><br \/>\n<a href=\"http:\/\/www.feuerwehr-brilon.de\/?page_id=7\"><img loading=\"lazy\" decoding=\"async\" class=\"alignnone\" title=\"lz Brilon\" src=\"http:\/\/www.feuerwehr-brilon.de\/images\/einsatz_details\/lz_brilon.jpg\" alt=\"\" width=\"140\" height=\"40\" \/><\/a><\/p>\n<p><strong>Eingesetztes Fahrzeug<\/strong><br \/>\n<a href=\"http:\/\/www.feuerwehr-brilon.de\/?page_id=755\"><img loading=\"lazy\" decoding=\"async\" class=\"alignnone\" src=\"http:\/\/www.feuerwehr-brilon.de\/images\/einsatz_details\/054401.jpg\" alt=\"\" width=\"140\" height=\"40\" \/><\/a><\/p>\n\n\t\t<style type=\"text\/css\">\n\t\t\t#gallery-1 {\n\t\t\t\tmargin: auto;\n\t\t\t}\n\t\t\t#gallery-1 .gallery-item {\n\t\t\t\tfloat: left;\n\t\t\t\tmargin-top: 10px;\n\t\t\t\ttext-align: center;\n\t\t\t\twidth: 33%;\n\t\t\t}\n\t\t\t#gallery-1 img {\n\t\t\t\tborder: 2px solid #cfcfcf;\n\t\t\t}\n\t\t\t#gallery-1 .gallery-caption {\n\t\t\t\tmargin-left: 0;\n\t\t\t}\n\t\t\t\/* see gallery_shortcode() in wp-includes\/media.php *\/\n\t\t<\/style>\n\t\t<div id='gallery-1' class='gallery galleryid-2699 gallery-columns-3 gallery-size-thumbnail'><dl class='gallery-item'>\n\t\t\t<dt class='gallery-icon landscape'>\n\t\t\t\t<a href='https:\/\/www.feuerwehr-brilon.de\/wp-up\/2010\/05\/m\u00fclltonnenbrand_gudenhagen_6.jpg'><img loading=\"lazy\" decoding=\"async\" width=\"125\" height=\"93\" src=\"https:\/\/www.feuerwehr-brilon.de\/wp-up\/2010\/05\/m\u00fclltonnenbrand_gudenhagen_6-125x93.jpg\" class=\"attachment-thumbnail size-thumbnail\" alt=\"\" srcset=\"https:\/\/www.feuerwehr-brilon.de\/wp-up\/2010\/05\/m\u00fclltonnenbrand_gudenhagen_6-125x93.jpg 125w, https:\/\/www.feuerwehr-brilon.de\/wp-up\/2010\/05\/m\u00fclltonnenbrand_gudenhagen_6-500x375.jpg 500w, https:\/\/www.feuerwehr-brilon.de\/wp-up\/2010\/05\/m\u00fclltonnenbrand_gudenhagen_6.jpg 800w\" sizes=\"auto, (max-width: 125px) 100vw, 125px\" \/><\/a>\n\t\t\t<\/dt><\/dl><dl class='gallery-item'>\n\t\t\t<dt class='gallery-icon landscape'>\n\t\t\t\t<a href='https:\/\/www.feuerwehr-brilon.de\/wp-up\/2010\/05\/m\u00fclltonnenbrand_gudenhagen_5.jpg'><img loading=\"lazy\" decoding=\"async\" width=\"125\" height=\"93\" src=\"https:\/\/www.feuerwehr-brilon.de\/wp-up\/2010\/05\/m\u00fclltonnenbrand_gudenhagen_5-125x93.jpg\" class=\"attachment-thumbnail size-thumbnail\" alt=\"\" srcset=\"https:\/\/www.feuerwehr-brilon.de\/wp-up\/2010\/05\/m\u00fclltonnenbrand_gudenhagen_5-125x93.jpg 125w, https:\/\/www.feuerwehr-brilon.de\/wp-up\/2010\/05\/m\u00fclltonnenbrand_gudenhagen_5-500x375.jpg 500w, https:\/\/www.feuerwehr-brilon.de\/wp-up\/2010\/05\/m\u00fclltonnenbrand_gudenhagen_5.jpg 800w\" sizes=\"auto, (max-width: 125px) 100vw, 125px\" \/><\/a>\n\t\t\t<\/dt><\/dl><dl class='gallery-item'>\n\t\t\t<dt class='gallery-icon landscape'>\n\t\t\t\t<a href='https:\/\/www.feuerwehr-brilon.de\/wp-up\/2010\/05\/m\u00fclltonnenbrand_gudenhagen_4.jpg'><img loading=\"lazy\" decoding=\"async\" width=\"125\" height=\"93\" src=\"https:\/\/www.feuerwehr-brilon.de\/wp-up\/2010\/05\/m\u00fclltonnenbrand_gudenhagen_4-125x93.jpg\" class=\"attachment-thumbnail size-thumbnail\" alt=\"\" srcset=\"https:\/\/www.feuerwehr-brilon.de\/wp-up\/2010\/05\/m\u00fclltonnenbrand_gudenhagen_4-125x93.jpg 125w, https:\/\/www.feuerwehr-brilon.de\/wp-up\/2010\/05\/m\u00fclltonnenbrand_gudenhagen_4-500x375.jpg 500w, https:\/\/www.feuerwehr-brilon.de\/wp-up\/2010\/05\/m\u00fclltonnenbrand_gudenhagen_4.jpg 800w\" sizes=\"auto, (max-width: 125px) 100vw, 125px\" \/><\/a>\n\t\t\t<\/dt><\/dl><br style=\"clear: both\" \/><dl class='gallery-item'>\n\t\t\t<dt class='gallery-icon portrait'>\n\t\t\t\t<a href='https:\/\/www.feuerwehr-brilon.de\/wp-up\/2010\/05\/m\u00fclltonnenbrand_gudenhagen_3.jpg'><img loading=\"lazy\" decoding=\"async\" width=\"93\" height=\"125\" src=\"https:\/\/www.feuerwehr-brilon.de\/wp-up\/2010\/05\/m\u00fclltonnenbrand_gudenhagen_3-93x125.jpg\" class=\"attachment-thumbnail size-thumbnail\" alt=\"\" srcset=\"https:\/\/www.feuerwehr-brilon.de\/wp-up\/2010\/05\/m\u00fclltonnenbrand_gudenhagen_3-93x125.jpg 93w, https:\/\/www.feuerwehr-brilon.de\/wp-up\/2010\/05\/m\u00fclltonnenbrand_gudenhagen_3-375x500.jpg 375w, https:\/\/www.feuerwehr-brilon.de\/wp-up\/2010\/05\/m\u00fclltonnenbrand_gudenhagen_3.jpg 600w\" sizes=\"auto, (max-width: 93px) 100vw, 93px\" \/><\/a>\n\t\t\t<\/dt><\/dl><dl class='gallery-item'>\n\t\t\t<dt class='gallery-icon landscape'>\n\t\t\t\t<a href='https:\/\/www.feuerwehr-brilon.de\/wp-up\/2010\/05\/m\u00fclltonnenbrand_gudenhagen_2.jpg'><img loading=\"lazy\" decoding=\"async\" width=\"125\" height=\"93\" src=\"https:\/\/www.feuerwehr-brilon.de\/wp-up\/2010\/05\/m\u00fclltonnenbrand_gudenhagen_2-125x93.jpg\" class=\"attachment-thumbnail size-thumbnail\" alt=\"\" srcset=\"https:\/\/www.feuerwehr-brilon.de\/wp-up\/2010\/05\/m\u00fclltonnenbrand_gudenhagen_2-125x93.jpg 125w, https:\/\/www.feuerwehr-brilon.de\/wp-up\/2010\/05\/m\u00fclltonnenbrand_gudenhagen_2-500x375.jpg 500w, https:\/\/www.feuerwehr-brilon.de\/wp-up\/2010\/05\/m\u00fclltonnenbrand_gudenhagen_2.jpg 800w\" sizes=\"auto, (max-width: 125px) 100vw, 125px\" \/><\/a>\n\t\t\t<\/dt><\/dl><dl class='gallery-item'>\n\t\t\t<dt class='gallery-icon landscape'>\n\t\t\t\t<a href='https:\/\/www.feuerwehr-brilon.de\/wp-up\/2010\/05\/m\u00fclltonnenbrand_gudenhagen_1.jpg'><img loading=\"lazy\" decoding=\"async\" width=\"125\" height=\"93\" src=\"https:\/\/www.feuerwehr-brilon.de\/wp-up\/2010\/05\/m\u00fclltonnenbrand_gudenhagen_1-125x93.jpg\" class=\"attachment-thumbnail size-thumbnail\" alt=\"\" srcset=\"https:\/\/www.feuerwehr-brilon.de\/wp-up\/2010\/05\/m\u00fclltonnenbrand_gudenhagen_1-125x93.jpg 125w, https:\/\/www.feuerwehr-brilon.de\/wp-up\/2010\/05\/m\u00fclltonnenbrand_gudenhagen_1-500x375.jpg 500w, https:\/\/www.feuerwehr-brilon.de\/wp-up\/2010\/05\/m\u00fclltonnenbrand_gudenhagen_1.jpg 800w\" sizes=\"auto, (max-width: 125px) 100vw, 125px\" \/><\/a>\n\t\t\t<\/dt><\/dl><br style=\"clear: both\" \/>\n\t\t<\/div>\n\n","protected":false},"excerpt":{"rendered":"<p>Am Pfingstsonntag brannte in Gudenhagen eine M\u00fclltonne. Der alarmierte L\u00f6schzug Brilon konnte den Brand mit ein paar Litern Wasser wirksam bek\u00e4mpfen. Insgesamt f\u00fcnf Feuerwehrleute waren einige Minuten im Einsatz. X<\/p>\n","protected":false},"author":6,"featured_media":0,"comment_status":"closed","ping_status":"closed","sticky":false,"template":"","format":"standard","meta":{"_exactmetrics_skip_tracking":false,"_exactmetrics_sitenote_active":false,"_exactmetrics_sitenote_note":"","_exactmetrics_sitenote_category":0,"jetpack_post_was_ever_published":false,"_jetpack_newsletter_access":"","_jetpack_dont_email_post_to_subs":false,"_jetpack_newsletter_tier_id":0,"_jetpack_memberships_contains_paywalled_content":false,"_jetpack_memberships_contains_paid_content":false,"footnotes":""},"categories":[33],"tags":[197,37,198],"class_list":["post-2699","post","type-post","status-publish","format-standard","hentry","category-einsaetze-2010","tag-brand","tag-brilon","tag-lf-1612"],"jetpack_featured_media_url":"","jetpack_shortlink":"https:\/\/wp.me\/pCIJa-Hx","jetpack_sharing_enabled":true,"jetpack-related-posts":[{"id":44,"url":"https:\/\/www.feuerwehr-brilon.de\/?p=44","url_meta":{"origin":2699,"position":0},"title":"Brand in Gudenhagen","author":"Marc Heines","date":"3. Mai 2008","format":false,"excerpt":"Die L\u00f6schgruppe Hoppecke und der L\u00f6schzug Brilon wurden heute (03.05.08) um 16:24 zu einem Wohnungsbrand in die K\u00f6nigsberger Stra\u00dfe in Gudenhagen gerufen. Es hatte sich Essen auf einem Herd in Brand gesetzt und die Wohnung verraucht. Die Polizei konnte die Eingangst\u00fcr aufbrechen und den Brand l\u00f6schen. Die Bewohnerin wurde nicht\u2026","rel":"","context":"In &quot;Eins\u00e4tze 2008&quot;","block_context":{"text":"Eins\u00e4tze 2008","link":"https:\/\/www.feuerwehr-brilon.de\/?cat=3"},"img":{"alt_text":"","src":"","width":0,"height":0},"classes":[]},{"id":5818,"url":"https:\/\/www.feuerwehr-brilon.de\/?p=5818","url_meta":{"origin":2699,"position":1},"title":"Kellerbrand in Gudenhagen","author":"Marc Heines","date":"26. Oktober 2011","format":false,"excerpt":"Die Feuerwehr Brilon wurde heute (26.10.) um 19:39 Uhr zu einem Kellerbrand in Gudenhagen alarmiert. Die Bewohnerin eines Einfamilienhauses stellte Brandgeruch fest. Im Keller kam Rauch aus einem Abstellraum. Mit dem Notruf 112 alarmierte die Bewohnerin die Feuerwehr und verlie\u00df das Haus. Die L\u00f6schgruppe Hoppecke und der L\u00f6schzug Brilon r\u00fcckten\u2026","rel":"","context":"In &quot;Eins\u00e4tze 2011&quot;","block_context":{"text":"Eins\u00e4tze 2011","link":"https:\/\/www.feuerwehr-brilon.de\/?cat=132"},"img":{"alt_text":"","src":"https:\/\/i0.wp.com\/www.feuerwehr-brilon.de\/wp-up\/2011\/10\/PA260012n-150x112.jpg?resize=350%2C200&ssl=1","width":350,"height":200},"classes":[]},{"id":23086,"url":"https:\/\/www.feuerwehr-brilon.de\/?p=23086","url_meta":{"origin":2699,"position":2},"title":"Gemeldete Explosion in Gudenhagen","author":"Andreas Becker","date":"9. Januar 2021","format":false,"excerpt":"Gudenhagen. Zu einer unklaren Explosion in einer Gartenh\u00fctte in der Sudetenstra\u00dfe, wurde der L\u00f6schzug Brilon am Samstagmorgen (9.1.) alarmiert. Aufgeschreckt durch einen lauten Knall, entdeckte der Hauseigent\u00fcmer anschlie\u00dfend das Feuer in seiner Gartenh\u00fctte. Mit Hilfe von Feuerl\u00f6schern unternahm er sofort erste L\u00f6schversuche. Der Alarm ging gegen 7.20 Uhr bei Feuerwehr,\u2026","rel":"","context":"In &quot;Eins\u00e4tze 2021&quot;","block_context":{"text":"Eins\u00e4tze 2021","link":"https:\/\/www.feuerwehr-brilon.de\/?cat=265"},"img":{"alt_text":"","src":"https:\/\/i0.wp.com\/www.feuerwehr-brilon.de\/wp-up\/2021\/01\/210109_IMG_5344_Gudenhagen.jpg?resize=350%2C200&ssl=1","width":350,"height":200,"srcset":"https:\/\/i0.wp.com\/www.feuerwehr-brilon.de\/wp-up\/2021\/01\/210109_IMG_5344_Gudenhagen.jpg?resize=350%2C200&ssl=1 1x, https:\/\/i0.wp.com\/www.feuerwehr-brilon.de\/wp-up\/2021\/01\/210109_IMG_5344_Gudenhagen.jpg?resize=525%2C300&ssl=1 1.5x, https:\/\/i0.wp.com\/www.feuerwehr-brilon.de\/wp-up\/2021\/01\/210109_IMG_5344_Gudenhagen.jpg?resize=700%2C400&ssl=1 2x"},"classes":[]},{"id":22937,"url":"https:\/\/www.feuerwehr-brilon.de\/?p=22937","url_meta":{"origin":2699,"position":3},"title":"Brand einer Kehrmaschine auf der B 251 bei Brilon-Wald","author":"Marcus Bange","date":"11. November 2020","format":false,"excerpt":"Brilon. Die Feuerwehr Brilon wurde heute Mittag um 12.19 Uhr zum Brand einer Kehrmaschine auf der B 251 zwischen Gudenhagen-Petersborn und Brilon-Wald alarmiert. Bei Eintreffen brannte die Maschine in voller Ausdehnung. Sie hatte zuvor Laub in Brilon-Wald aufgenommen. Der Fahrer hatte das Fahrzeug bei Eintreffen der Feuerwehr bereits verlassen. Die\u2026","rel":"","context":"In &quot;Eins\u00e4tze 2020&quot;","block_context":{"text":"Eins\u00e4tze 2020","link":"https:\/\/www.feuerwehr-brilon.de\/?cat=236"},"img":{"alt_text":"","src":"https:\/\/i0.wp.com\/www.feuerwehr-brilon.de\/wp-up\/2020\/11\/Brand-Kehrmaschine-1.jpg?resize=350%2C200&ssl=1","width":350,"height":200,"srcset":"https:\/\/i0.wp.com\/www.feuerwehr-brilon.de\/wp-up\/2020\/11\/Brand-Kehrmaschine-1.jpg?resize=350%2C200&ssl=1 1x, https:\/\/i0.wp.com\/www.feuerwehr-brilon.de\/wp-up\/2020\/11\/Brand-Kehrmaschine-1.jpg?resize=525%2C300&ssl=1 1.5x, https:\/\/i0.wp.com\/www.feuerwehr-brilon.de\/wp-up\/2020\/11\/Brand-Kehrmaschine-1.jpg?resize=700%2C400&ssl=1 2x"},"classes":[]},{"id":5126,"url":"https:\/\/www.feuerwehr-brilon.de\/?p=5126","url_meta":{"origin":2699,"position":4},"title":"Feueralarm im Seniorenwohnheim","author":"Andreas Becker","date":"17. Juni 2011","format":false,"excerpt":"Der L\u00f6schzug Brilon wurde am Freitagmittag zu einem Brand in einem Seniorenwohnheim in Gudenhagen alarmiert. Die automatische Brandmeldeanlage hatte einen Brand im Kellergeschoss gemeldet. Sie wurde durch eine Verpuffung im Brenner der \u00d6lheizung ausgel\u00f6st. Die Heizung wurde abgeschaltet. Auf Grund der erheblichen Russbildung wurde der Kamin \u00fcber die Drehleiter kontrolliert.\u2026","rel":"","context":"In &quot;Allgemein&quot;","block_context":{"text":"Allgemein","link":"https:\/\/www.feuerwehr-brilon.de\/?cat=1"},"img":{"alt_text":"","src":"https:\/\/i0.wp.com\/www.feuerwehr-brilon.de\/images\/einsatz_details\/lz_brilon.jpg?resize=350%2C200","width":350,"height":200},"classes":[]},{"id":12549,"url":"https:\/\/www.feuerwehr-brilon.de\/?p=12549","url_meta":{"origin":2699,"position":5},"title":"Feuer in Seniorenresidenz","author":"Andreas Becker","date":"12. September 2015","format":false,"excerpt":"Brilon. Mehrere Personen werden vermisst. So hie\u00df das Alarmstichwort zu einem \u00dcbungsszenario am Freitagabend. Zusammen mit dem DRK Brilon r\u00fcckte der L\u00f6schzug zum Christopherus Haus nach Gudenhagen aus. Bei Eintreffen war eine starke Verrauchung aus den Fenstern im zweiten Obergeschoss festzustellen. Unter schwerem Atemschutz gingen zwei Trupps in die betroffenen\u2026","rel":"","context":"In &quot;Meldungen 2015&quot;","block_context":{"text":"Meldungen 2015","link":"https:\/\/www.feuerwehr-brilon.de\/?cat=192"},"img":{"alt_text":"OLYMPUS DIGITAL CAMERA","src":"https:\/\/i0.wp.com\/www.feuerwehr-brilon.de\/wp-up\/2015\/09\/Uebung_Christopherus_4-1-150x112.jpg?resize=350%2C200","width":350,"height":200},"classes":[]}],"_links":{"self":[{"href":"https:\/\/www.feuerwehr-brilon.de\/index.php?rest_route=\/wp\/v2\/posts\/2699","targetHints":{"allow":["GET"]}}],"collection":[{"href":"https:\/\/www.feuerwehr-brilon.de\/index.php?rest_route=\/wp\/v2\/posts"}],"about":[{"href":"https:\/\/www.feuerwehr-brilon.de\/index.php?rest_route=\/wp\/v2\/types\/post"}],"author":[{"embeddable":true,"href":"https:\/\/www.feuerwehr-brilon.de\/index.php?rest_route=\/wp\/v2\/users\/6"}],"replies":[{"embeddable":true,"href":"https:\/\/www.feuerwehr-brilon.de\/index.php?rest_route=%2Fwp%2Fv2%2Fcomments&post=2699"}],"version-history":[{"count":0,"href":"https:\/\/www.feuerwehr-brilon.de\/index.php?rest_route=\/wp\/v2\/posts\/2699\/revisions"}],"wp:attachment":[{"href":"https:\/\/www.feuerwehr-brilon.de\/index.php?rest_route=%2Fwp%2Fv2%2Fmedia&parent=2699"}],"wp:term":[{"taxonomy":"category","embeddable":true,"href":"https:\/\/www.feuerwehr-brilon.de\/index.php?rest_route=%2Fwp%2Fv2%2Fcategories&post=2699"},{"taxonomy":"post_tag","embeddable":true,"href":"https:\/\/www.feuerwehr-brilon.de\/index.php?rest_route=%2Fwp%2Fv2%2Ftags&post=2699"}],"curies":[{"name":"wp","href":"https:\/\/api.w.org\/{rel}","templated":true}]}}