{"id":2711,"date":"2010-05-25T21:10:02","date_gmt":"2010-05-25T19:10:02","guid":{"rendered":"http:\/\/www.feuerwehr-brilon.de\/?p=2711"},"modified":"2010-06-08T23:26:15","modified_gmt":"2010-06-08T21:26:15","slug":"lkw-brand-auf-der-mohnestrase","status":"publish","type":"post","link":"https:\/\/www.feuerwehr-brilon.de\/?p=2711","title":{"rendered":"LKW Brand auf der M\u00f6hnestra\u00dfe"},"content":{"rendered":"<p><a href=\"http:\/\/www.feuerwehr-brilon.de\/wp-up\/2010\/05\/BRAND_lkw_m\u00f6hnestra\u00dfe_2.jpg\"><img loading=\"lazy\" decoding=\"async\" class=\"alignleft size-thumbnail wp-image-2713\" title=\"BRAND_lkw_m\u00f6hnestra\u00dfe_2\" src=\"http:\/\/www.feuerwehr-brilon.de\/wp-up\/2010\/05\/BRAND_lkw_m\u00f6hnestra\u00dfe_2-125x93.jpg\" alt=\"BRAND_lkw_m\u00f6hnestra\u00dfe_2\" width=\"125\" height=\"93\" \/><\/a>Der L\u00f6schzug Brilon wurde am 25.05.2010 um 6:20 Uhr zu einem LKW Brand auf der M\u00f6hnestra\u00dfe alarmiert. An einem LKW war w\u00e4hrend der Fahrt ein Reifen geplatzt. Der Fahrer fuhr sein Fahrzeug innerorts auf einen Firmenplatz und bemerkte erst jetzt die brennenden Reifen. <!--more-->Der mit Holz beladene Auflieger stand bei Eintreffen der Einsatzkr\u00e4fte bereits zur H\u00e4lfte in Flammen. Mit zwei C-Rohren und unter schwerem Atemschutz konnte das Feuer einged\u00e4mmt werden. Die Zugmaschine wurde so vor einem Totalschaden bewahrt. Mit einem Gabelstapler wurde der Auflieger entladen und restliche Brandnester wurden gel\u00f6scht. 18 Feuerwehrleute waren etwa zwei Stunden im Einsatz. Zur Brandursache und Schadensh\u00f6he liegen der Feuerwehr keine Angaben vor.<\/p>\n<p><strong>Eingesetzte Einheit<\/strong><\/p>\n<p><a href=\"http:\/\/www.feuerwehr-brilon.de\/?page_id=7\"><img loading=\"lazy\" decoding=\"async\" class=\"alignnone\" title=\"lz Brilon\" src=\"http:\/\/www.feuerwehr-brilon.de\/images\/einsatz_details\/lz_brilon.jpg\" alt=\"\" width=\"140\" height=\"40\" \/><\/a><\/p>\n<p><strong>Eingesetzte Fahrzeuge<\/strong><br \/>\n<a href=\"http:\/\/www.feuerwehr-brilon.de\/?page_id=755\"><img loading=\"lazy\" decoding=\"async\" class=\"alignnone\" src=\"http:\/\/www.feuerwehr-brilon.de\/images\/einsatz_details\/054401.jpg\" alt=\"\" width=\"140\" height=\"40\" \/><\/a><a href=\"http:\/\/www.feuerwehr-brilon.de\/?page_id=804\"><img loading=\"lazy\" decoding=\"async\" class=\"alignnone\" src=\"http:\/\/www.feuerwehr-brilon.de\/images\/einsatz_details\/052301.jpg\" alt=\"\" width=\"140\" height=\"40\" \/><\/a><a href=\"http:\/\/www.feuerwehr-brilon.de\/?page_id=802\"><img loading=\"lazy\" decoding=\"async\" class=\"alignnone\" src=\"http:\/\/www.feuerwehr-brilon.de\/images\/einsatz_details\/054901.jpg\" alt=\"\" width=\"140\" height=\"40\" \/><\/a><\/p>\n<p><strong>Bilder<\/strong><\/p>\n\n\t\t<style type=\"text\/css\">\n\t\t\t#gallery-1 {\n\t\t\t\tmargin: auto;\n\t\t\t}\n\t\t\t#gallery-1 .gallery-item {\n\t\t\t\tfloat: left;\n\t\t\t\tmargin-top: 10px;\n\t\t\t\ttext-align: center;\n\t\t\t\twidth: 33%;\n\t\t\t}\n\t\t\t#gallery-1 img {\n\t\t\t\tborder: 2px solid #cfcfcf;\n\t\t\t}\n\t\t\t#gallery-1 .gallery-caption {\n\t\t\t\tmargin-left: 0;\n\t\t\t}\n\t\t\t\/* see gallery_shortcode() in wp-includes\/media.php *\/\n\t\t<\/style>\n\t\t<div id='gallery-1' class='gallery galleryid-2711 gallery-columns-3 gallery-size-thumbnail'><dl class='gallery-item'>\n\t\t\t<dt class='gallery-icon landscape'>\n\t\t\t\t<a href='https:\/\/www.feuerwehr-brilon.de\/wp-up\/2010\/05\/BRAND_lkw_m\u00f6hnestra\u00dfe_9.jpg'><img loading=\"lazy\" decoding=\"async\" width=\"125\" height=\"93\" src=\"https:\/\/www.feuerwehr-brilon.de\/wp-up\/2010\/05\/BRAND_lkw_m\u00f6hnestra\u00dfe_9-125x93.jpg\" class=\"attachment-thumbnail size-thumbnail\" alt=\"\" srcset=\"https:\/\/www.feuerwehr-brilon.de\/wp-up\/2010\/05\/BRAND_lkw_m\u00f6hnestra\u00dfe_9-125x93.jpg 125w, https:\/\/www.feuerwehr-brilon.de\/wp-up\/2010\/05\/BRAND_lkw_m\u00f6hnestra\u00dfe_9-500x375.jpg 500w, https:\/\/www.feuerwehr-brilon.de\/wp-up\/2010\/05\/BRAND_lkw_m\u00f6hnestra\u00dfe_9.jpg 800w\" sizes=\"auto, (max-width: 125px) 100vw, 125px\" \/><\/a>\n\t\t\t<\/dt><\/dl><dl class='gallery-item'>\n\t\t\t<dt class='gallery-icon landscape'>\n\t\t\t\t<a href='https:\/\/www.feuerwehr-brilon.de\/wp-up\/2010\/05\/BRAND_lkw_m\u00f6hnestra\u00dfe_8.jpg'><img loading=\"lazy\" decoding=\"async\" width=\"125\" height=\"93\" src=\"https:\/\/www.feuerwehr-brilon.de\/wp-up\/2010\/05\/BRAND_lkw_m\u00f6hnestra\u00dfe_8-125x93.jpg\" class=\"attachment-thumbnail size-thumbnail\" alt=\"\" srcset=\"https:\/\/www.feuerwehr-brilon.de\/wp-up\/2010\/05\/BRAND_lkw_m\u00f6hnestra\u00dfe_8-125x93.jpg 125w, https:\/\/www.feuerwehr-brilon.de\/wp-up\/2010\/05\/BRAND_lkw_m\u00f6hnestra\u00dfe_8-500x375.jpg 500w, https:\/\/www.feuerwehr-brilon.de\/wp-up\/2010\/05\/BRAND_lkw_m\u00f6hnestra\u00dfe_8.jpg 800w\" sizes=\"auto, (max-width: 125px) 100vw, 125px\" \/><\/a>\n\t\t\t<\/dt><\/dl><dl class='gallery-item'>\n\t\t\t<dt class='gallery-icon landscape'>\n\t\t\t\t<a href='https:\/\/www.feuerwehr-brilon.de\/wp-up\/2010\/05\/BRAND_lkw_m\u00f6hnestra\u00dfe_7.jpg'><img loading=\"lazy\" decoding=\"async\" width=\"125\" height=\"93\" src=\"https:\/\/www.feuerwehr-brilon.de\/wp-up\/2010\/05\/BRAND_lkw_m\u00f6hnestra\u00dfe_7-125x93.jpg\" class=\"attachment-thumbnail size-thumbnail\" alt=\"\" srcset=\"https:\/\/www.feuerwehr-brilon.de\/wp-up\/2010\/05\/BRAND_lkw_m\u00f6hnestra\u00dfe_7-125x93.jpg 125w, https:\/\/www.feuerwehr-brilon.de\/wp-up\/2010\/05\/BRAND_lkw_m\u00f6hnestra\u00dfe_7-500x375.jpg 500w, https:\/\/www.feuerwehr-brilon.de\/wp-up\/2010\/05\/BRAND_lkw_m\u00f6hnestra\u00dfe_7.jpg 800w\" sizes=\"auto, (max-width: 125px) 100vw, 125px\" \/><\/a>\n\t\t\t<\/dt><\/dl><br style=\"clear: both\" \/><dl class='gallery-item'>\n\t\t\t<dt class='gallery-icon landscape'>\n\t\t\t\t<a href='https:\/\/www.feuerwehr-brilon.de\/wp-up\/2010\/05\/BRAND_lkw_m\u00f6hnestra\u00dfe_6.jpg'><img loading=\"lazy\" decoding=\"async\" width=\"125\" height=\"93\" src=\"https:\/\/www.feuerwehr-brilon.de\/wp-up\/2010\/05\/BRAND_lkw_m\u00f6hnestra\u00dfe_6-125x93.jpg\" class=\"attachment-thumbnail size-thumbnail\" alt=\"\" srcset=\"https:\/\/www.feuerwehr-brilon.de\/wp-up\/2010\/05\/BRAND_lkw_m\u00f6hnestra\u00dfe_6-125x93.jpg 125w, https:\/\/www.feuerwehr-brilon.de\/wp-up\/2010\/05\/BRAND_lkw_m\u00f6hnestra\u00dfe_6-500x375.jpg 500w, https:\/\/www.feuerwehr-brilon.de\/wp-up\/2010\/05\/BRAND_lkw_m\u00f6hnestra\u00dfe_6.jpg 800w\" sizes=\"auto, (max-width: 125px) 100vw, 125px\" \/><\/a>\n\t\t\t<\/dt><\/dl><dl class='gallery-item'>\n\t\t\t<dt class='gallery-icon landscape'>\n\t\t\t\t<a href='https:\/\/www.feuerwehr-brilon.de\/wp-up\/2010\/05\/BRAND_lkw_m\u00f6hnestra\u00dfe_5.jpg'><img loading=\"lazy\" decoding=\"async\" width=\"125\" height=\"93\" src=\"https:\/\/www.feuerwehr-brilon.de\/wp-up\/2010\/05\/BRAND_lkw_m\u00f6hnestra\u00dfe_5-125x93.jpg\" class=\"attachment-thumbnail size-thumbnail\" alt=\"\" srcset=\"https:\/\/www.feuerwehr-brilon.de\/wp-up\/2010\/05\/BRAND_lkw_m\u00f6hnestra\u00dfe_5-125x93.jpg 125w, https:\/\/www.feuerwehr-brilon.de\/wp-up\/2010\/05\/BRAND_lkw_m\u00f6hnestra\u00dfe_5-500x375.jpg 500w, https:\/\/www.feuerwehr-brilon.de\/wp-up\/2010\/05\/BRAND_lkw_m\u00f6hnestra\u00dfe_5.jpg 800w\" sizes=\"auto, (max-width: 125px) 100vw, 125px\" \/><\/a>\n\t\t\t<\/dt><\/dl><dl class='gallery-item'>\n\t\t\t<dt class='gallery-icon landscape'>\n\t\t\t\t<a href='https:\/\/www.feuerwehr-brilon.de\/wp-up\/2010\/05\/BRAND_lkw_m\u00f6hnestra\u00dfe_4.jpg'><img loading=\"lazy\" decoding=\"async\" width=\"125\" height=\"93\" src=\"https:\/\/www.feuerwehr-brilon.de\/wp-up\/2010\/05\/BRAND_lkw_m\u00f6hnestra\u00dfe_4-125x93.jpg\" class=\"attachment-thumbnail size-thumbnail\" alt=\"\" srcset=\"https:\/\/www.feuerwehr-brilon.de\/wp-up\/2010\/05\/BRAND_lkw_m\u00f6hnestra\u00dfe_4-125x93.jpg 125w, https:\/\/www.feuerwehr-brilon.de\/wp-up\/2010\/05\/BRAND_lkw_m\u00f6hnestra\u00dfe_4-500x375.jpg 500w, https:\/\/www.feuerwehr-brilon.de\/wp-up\/2010\/05\/BRAND_lkw_m\u00f6hnestra\u00dfe_4.jpg 800w\" sizes=\"auto, (max-width: 125px) 100vw, 125px\" \/><\/a>\n\t\t\t<\/dt><\/dl><br style=\"clear: both\" \/><dl class='gallery-item'>\n\t\t\t<dt class='gallery-icon landscape'>\n\t\t\t\t<a href='https:\/\/www.feuerwehr-brilon.de\/wp-up\/2010\/05\/BRAND_lkw_m\u00f6hnestra\u00dfe_3.jpg'><img loading=\"lazy\" decoding=\"async\" width=\"125\" height=\"93\" src=\"https:\/\/www.feuerwehr-brilon.de\/wp-up\/2010\/05\/BRAND_lkw_m\u00f6hnestra\u00dfe_3-125x93.jpg\" class=\"attachment-thumbnail size-thumbnail\" alt=\"\" srcset=\"https:\/\/www.feuerwehr-brilon.de\/wp-up\/2010\/05\/BRAND_lkw_m\u00f6hnestra\u00dfe_3-125x93.jpg 125w, https:\/\/www.feuerwehr-brilon.de\/wp-up\/2010\/05\/BRAND_lkw_m\u00f6hnestra\u00dfe_3-500x375.jpg 500w, https:\/\/www.feuerwehr-brilon.de\/wp-up\/2010\/05\/BRAND_lkw_m\u00f6hnestra\u00dfe_3.jpg 800w\" sizes=\"auto, (max-width: 125px) 100vw, 125px\" \/><\/a>\n\t\t\t<\/dt><\/dl><dl class='gallery-item'>\n\t\t\t<dt class='gallery-icon '>\n\t\t\t\t<a href='https:\/\/www.feuerwehr-brilon.de\/wp-up\/2010\/05\/BRAND_lkw_m\u00f6hnestra\u00dfe_2.jpg'><img loading=\"lazy\" decoding=\"async\" width=\"1\" height=\"1\" src=\"https:\/\/www.feuerwehr-brilon.de\/wp-up\/2010\/05\/BRAND_lkw_m\u00f6hnestra\u00dfe_2.jpg\" class=\"attachment-thumbnail size-thumbnail\" alt=\"\" \/><\/a>\n\t\t\t<\/dt><\/dl><dl class='gallery-item'>\n\t\t\t<dt class='gallery-icon landscape'>\n\t\t\t\t<a href='https:\/\/www.feuerwehr-brilon.de\/wp-up\/2010\/05\/BRAND_lkw_m\u00f6hnestra\u00dfe_13.jpg'><img loading=\"lazy\" decoding=\"async\" width=\"125\" height=\"93\" src=\"https:\/\/www.feuerwehr-brilon.de\/wp-up\/2010\/05\/BRAND_lkw_m\u00f6hnestra\u00dfe_13-125x93.jpg\" class=\"attachment-thumbnail size-thumbnail\" alt=\"\" srcset=\"https:\/\/www.feuerwehr-brilon.de\/wp-up\/2010\/05\/BRAND_lkw_m\u00f6hnestra\u00dfe_13-125x93.jpg 125w, https:\/\/www.feuerwehr-brilon.de\/wp-up\/2010\/05\/BRAND_lkw_m\u00f6hnestra\u00dfe_13-500x375.jpg 500w, https:\/\/www.feuerwehr-brilon.de\/wp-up\/2010\/05\/BRAND_lkw_m\u00f6hnestra\u00dfe_13.jpg 800w\" sizes=\"auto, (max-width: 125px) 100vw, 125px\" \/><\/a>\n\t\t\t<\/dt><\/dl><br style=\"clear: both\" \/><dl class='gallery-item'>\n\t\t\t<dt class='gallery-icon landscape'>\n\t\t\t\t<a href='https:\/\/www.feuerwehr-brilon.de\/wp-up\/2010\/05\/BRAND_lkw_m\u00f6hnestra\u00dfe_12.jpg'><img loading=\"lazy\" decoding=\"async\" width=\"125\" height=\"93\" src=\"https:\/\/www.feuerwehr-brilon.de\/wp-up\/2010\/05\/BRAND_lkw_m\u00f6hnestra\u00dfe_12-125x93.jpg\" class=\"attachment-thumbnail size-thumbnail\" alt=\"\" srcset=\"https:\/\/www.feuerwehr-brilon.de\/wp-up\/2010\/05\/BRAND_lkw_m\u00f6hnestra\u00dfe_12-125x93.jpg 125w, https:\/\/www.feuerwehr-brilon.de\/wp-up\/2010\/05\/BRAND_lkw_m\u00f6hnestra\u00dfe_12-500x375.jpg 500w, https:\/\/www.feuerwehr-brilon.de\/wp-up\/2010\/05\/BRAND_lkw_m\u00f6hnestra\u00dfe_12.jpg 800w\" sizes=\"auto, (max-width: 125px) 100vw, 125px\" \/><\/a>\n\t\t\t<\/dt><\/dl><dl class='gallery-item'>\n\t\t\t<dt class='gallery-icon landscape'>\n\t\t\t\t<a href='https:\/\/www.feuerwehr-brilon.de\/wp-up\/2010\/05\/BRAND_lkw_m\u00f6hnestra\u00dfe_11.jpg'><img loading=\"lazy\" decoding=\"async\" width=\"125\" height=\"93\" src=\"https:\/\/www.feuerwehr-brilon.de\/wp-up\/2010\/05\/BRAND_lkw_m\u00f6hnestra\u00dfe_11-125x93.jpg\" class=\"attachment-thumbnail size-thumbnail\" alt=\"\" srcset=\"https:\/\/www.feuerwehr-brilon.de\/wp-up\/2010\/05\/BRAND_lkw_m\u00f6hnestra\u00dfe_11-125x93.jpg 125w, https:\/\/www.feuerwehr-brilon.de\/wp-up\/2010\/05\/BRAND_lkw_m\u00f6hnestra\u00dfe_11-500x375.jpg 500w, https:\/\/www.feuerwehr-brilon.de\/wp-up\/2010\/05\/BRAND_lkw_m\u00f6hnestra\u00dfe_11.jpg 800w\" sizes=\"auto, (max-width: 125px) 100vw, 125px\" \/><\/a>\n\t\t\t<\/dt><\/dl><dl class='gallery-item'>\n\t\t\t<dt class='gallery-icon landscape'>\n\t\t\t\t<a href='https:\/\/www.feuerwehr-brilon.de\/wp-up\/2010\/05\/BRAND_lkw_m\u00f6hnestra\u00dfe_10.jpg'><img loading=\"lazy\" decoding=\"async\" width=\"125\" height=\"93\" src=\"https:\/\/www.feuerwehr-brilon.de\/wp-up\/2010\/05\/BRAND_lkw_m\u00f6hnestra\u00dfe_10-125x93.jpg\" class=\"attachment-thumbnail size-thumbnail\" alt=\"\" srcset=\"https:\/\/www.feuerwehr-brilon.de\/wp-up\/2010\/05\/BRAND_lkw_m\u00f6hnestra\u00dfe_10-125x93.jpg 125w, https:\/\/www.feuerwehr-brilon.de\/wp-up\/2010\/05\/BRAND_lkw_m\u00f6hnestra\u00dfe_10-500x375.jpg 500w, https:\/\/www.feuerwehr-brilon.de\/wp-up\/2010\/05\/BRAND_lkw_m\u00f6hnestra\u00dfe_10.jpg 800w\" sizes=\"auto, (max-width: 125px) 100vw, 125px\" \/><\/a>\n\t\t\t<\/dt><\/dl><br style=\"clear: both\" \/><dl class='gallery-item'>\n\t\t\t<dt class='gallery-icon landscape'>\n\t\t\t\t<a href='https:\/\/www.feuerwehr-brilon.de\/wp-up\/2010\/05\/BRAND_lkw_m\u00f6hnestra\u00dfe_1.jpg'><img loading=\"lazy\" decoding=\"async\" width=\"125\" height=\"93\" src=\"https:\/\/www.feuerwehr-brilon.de\/wp-up\/2010\/05\/BRAND_lkw_m\u00f6hnestra\u00dfe_1-125x93.jpg\" class=\"attachment-thumbnail size-thumbnail\" alt=\"\" srcset=\"https:\/\/www.feuerwehr-brilon.de\/wp-up\/2010\/05\/BRAND_lkw_m\u00f6hnestra\u00dfe_1-125x93.jpg 125w, https:\/\/www.feuerwehr-brilon.de\/wp-up\/2010\/05\/BRAND_lkw_m\u00f6hnestra\u00dfe_1-500x375.jpg 500w, https:\/\/www.feuerwehr-brilon.de\/wp-up\/2010\/05\/BRAND_lkw_m\u00f6hnestra\u00dfe_1.jpg 800w\" sizes=\"auto, (max-width: 125px) 100vw, 125px\" \/><\/a>\n\t\t\t<\/dt><\/dl>\n\t\t\t<br style='clear: both' \/>\n\t\t<\/div>\n\n","protected":false},"excerpt":{"rendered":"<p>Der L\u00f6schzug Brilon wurde am 25.05.2010 um 6:20 Uhr zu einem LKW Brand auf der M\u00f6hnestra\u00dfe alarmiert. An einem LKW war w\u00e4hrend der Fahrt ein Reifen geplatzt. Der Fahrer fuhr sein Fahrzeug innerorts auf einen Firmenplatz und bemerkte erst jetzt die brennenden Reifen.<\/p>\n","protected":false},"author":6,"featured_media":0,"comment_status":"closed","ping_status":"closed","sticky":false,"template":"","format":"standard","meta":{"_exactmetrics_skip_tracking":false,"_exactmetrics_sitenote_active":false,"_exactmetrics_sitenote_note":"","_exactmetrics_sitenote_category":0,"jetpack_post_was_ever_published":false,"_jetpack_newsletter_access":"","_jetpack_dont_email_post_to_subs":false,"_jetpack_newsletter_tier_id":0,"_jetpack_memberships_contains_paywalled_content":false,"_jetpack_memberships_contains_paid_content":false,"footnotes":""},"categories":[33],"tags":[197,37,38,198,54],"class_list":["post-2711","post","type-post","status-publish","format-standard","hentry","category-einsaetze-2010","tag-brand","tag-brilon","tag-hlf-2414s","tag-lf-1612","tag-tlf-1625"],"jetpack_featured_media_url":"","jetpack_shortlink":"https:\/\/wp.me\/pCIJa-HJ","jetpack_sharing_enabled":true,"jetpack-related-posts":[{"id":702,"url":"https:\/\/www.feuerwehr-brilon.de\/?p=702","url_meta":{"origin":2711,"position":0},"title":"LKW Brand auf der B 516 &#8211; M\u00f6hnestra\u00dfe","author":"Marc Heines","date":"31. Januar 2009","format":false,"excerpt":"Die L\u00f6schz\u00fcge Brilon und R\u00fcthen wurden heute Morgen, 31.01.09, um 6:12 Uhr zu einem LKW-Brand alarmiert. Der LKW hatte Waren f\u00fcr den Wochenmarkt in Brilon geladen und war auf der B 516, M\u00f6hnestra\u00dfe, unterwegs nach Brilon. Etwa 1 km vor dem Gewerbegebiet Heidberg bemerkte der Fahrer das Feuer. Er konnte\u2026","rel":"","context":"In &quot;Eins\u00e4tze 2009&quot;","block_context":{"text":"Eins\u00e4tze 2009","link":"https:\/\/www.feuerwehr-brilon.de\/?cat=13"},"img":{"alt_text":"","src":"https:\/\/i0.wp.com\/www.feuerwehr-brilon.de\/wp-up\/2009\/01\/img_3992i.jpg?resize=350%2C200&ssl=1","width":350,"height":200},"classes":[]},{"id":5268,"url":"https:\/\/www.feuerwehr-brilon.de\/?p=5268","url_meta":{"origin":2711,"position":1},"title":"Brand eines LKW Anh\u00e4ngers","author":"Andreas Becker","date":"25. Juli 2011","format":false,"excerpt":"In den fr\u00fchen Morgenstunden kam es auf der B516, auf R\u00fcthener Stadtgebiet, zu einem Brand an einem LKW Anh\u00e4nger. Durch eine ungenaue Ortsangabe im Notruf wurde die Feuerwehr Brilon um etwa 5 Uhr alarmiert. Ebenfalls alarmiert wurde die Feuerwehr Warstein. Beim Eintreffen brannte es im Bereich der Reifen und der\u2026","rel":"","context":"In &quot;Eins\u00e4tze 2011&quot;","block_context":{"text":"Eins\u00e4tze 2011","link":"https:\/\/www.feuerwehr-brilon.de\/?cat=132"},"img":{"alt_text":"","src":"https:\/\/i0.wp.com\/www.feuerwehr-brilon.de\/wp-up\/2011\/07\/P7250021-150x112.jpg?resize=350%2C200&ssl=1","width":350,"height":200},"classes":[]},{"id":15493,"url":"https:\/\/www.feuerwehr-brilon.de\/?p=15493","url_meta":{"origin":2711,"position":2},"title":"LKW auf der B 7 gesichert","author":"Marcus Bange","date":"30. November 2017","format":false,"excerpt":"Brilon. Die Feuerwehr Brilon hat am Donnerstagmittag einen Sattelzug auf der B 7 zwischen Altenb\u00fcren und Antfeld gesichert. Der mit Mischwaren beladene LKW war gegen 11.20 Uhr bei starkem Schneetreiben auf die Bankette geraten und abgerutscht. Er drohte eine B\u00f6schung hinab zu rutschen. Der Auflieger wurde von der Feuerwehr bis\u2026","rel":"","context":"In &quot;Eins\u00e4tze 2017&quot;","block_context":{"text":"Eins\u00e4tze 2017","link":"https:\/\/www.feuerwehr-brilon.de\/?cat=205"},"img":{"alt_text":"VU B 7 Antfeld 1","src":"https:\/\/i0.wp.com\/www.feuerwehr-brilon.de\/wp-up\/2017\/11\/VU-B-7-Antfeld-1-150x113.jpg?resize=350%2C200&ssl=1","width":350,"height":200},"classes":[]},{"id":10469,"url":"https:\/\/www.feuerwehr-brilon.de\/?p=10469","url_meta":{"origin":2711,"position":3},"title":"LKW Brand auf der M\u00f6hnestra\u00dfe","author":"Marc Heines","date":"20. Mai 2014","format":false,"excerpt":"Brilon. Die Feuerwehr Brilon wurde heute Morgen um 08:47 Uhr zu einem LKW Brand auf der M\u00f6hnestra\u00dfe alarmiert. Da weder die genaue Einsatzstelle, noch die Beladung des LKW bekannt war, wurden neben dem L\u00f6schzug Brilon auch die L\u00f6schgruppen Alme, Scharfenberg und W\u00fclfte alarmiert. \u00a0\u00a0 Bei dem mit Holzsp\u00e4nen beladenen LKW\u2026","rel":"","context":"In &quot;Eins\u00e4tze 2014&quot;","block_context":{"text":"Eins\u00e4tze 2014","link":"https:\/\/www.feuerwehr-brilon.de\/?cat=184"},"img":{"alt_text":"01i","src":"https:\/\/i0.wp.com\/www.feuerwehr-brilon.de\/wp-up\/2014\/05\/01i-150x112.jpg?resize=350%2C200","width":350,"height":200},"classes":[]},{"id":656,"url":"https:\/\/www.feuerwehr-brilon.de\/?p=656","url_meta":{"origin":2711,"position":4},"title":"LKW Brand auf der B 516 \/ M\u00f6hnestra\u00dfe","author":"Marc Heines","date":"6. Januar 2009","format":false,"excerpt":"Die L\u00f6schz\u00fcge aus Brilon und R\u00fcthen haben am Dienstagmorgen (6.1.09, 6.24 Uhr) einen brennenden LKW auf der B 516 gel\u00f6scht. Der LKW mit Anh\u00e4nger war mit Kunststoffteilen beladen in Richtung Brilon unterwegs. In H\u00f6he der Auffahrt zum Fernsehturm am Allenberg geriet die Zugmaschine in Brand. Der Fahrer konnte sich vor\u2026","rel":"","context":"In &quot;Eins\u00e4tze 2009&quot;","block_context":{"text":"Eins\u00e4tze 2009","link":"https:\/\/www.feuerwehr-brilon.de\/?cat=13"},"img":{"alt_text":"","src":"https:\/\/i0.wp.com\/www.feuerwehr-brilon.de\/wp-up\/2009\/01\/img_3844i.jpg?resize=350%2C200&ssl=1","width":350,"height":200},"classes":[]},{"id":34417,"url":"https:\/\/www.feuerwehr-brilon.de\/?p=34417","url_meta":{"origin":2711,"position":5},"title":"Verkehrsunfall auf der B 7","author":"Marcus Bange","date":"16. Februar 2026","format":false,"excerpt":"Brilon. Die Feuerwehr Brilon wurde am Montagmorgen (16.02.2026) um 1:09 Uhr zu einem Verkehrsunfall auf die B 7 zwischen dem Abzweig Scharfenberg und dem Kreisverkehr M\u00f6hnestra\u00dfe alarmiert. Dort war ein mit 30 Tonnen Leim beladener LKW in einer Rechtskurve von der Fahrbahn abgekommen, in die B\u00f6schung gerutscht und umgest\u00fcrzt. Der\u2026","rel":"","context":"In &quot;Eins\u00e4tze 2026&quot;","block_context":{"text":"Eins\u00e4tze 2026","link":"https:\/\/www.feuerwehr-brilon.de\/?cat=369"},"img":{"alt_text":"","src":"https:\/\/i0.wp.com\/www.feuerwehr-brilon.de\/wp-up\/2026\/02\/VU-B-7-LKW-1.jpg?resize=350%2C200&ssl=1","width":350,"height":200,"srcset":"https:\/\/i0.wp.com\/www.feuerwehr-brilon.de\/wp-up\/2026\/02\/VU-B-7-LKW-1.jpg?resize=350%2C200&ssl=1 1x, https:\/\/i0.wp.com\/www.feuerwehr-brilon.de\/wp-up\/2026\/02\/VU-B-7-LKW-1.jpg?resize=525%2C300&ssl=1 1.5x, https:\/\/i0.wp.com\/www.feuerwehr-brilon.de\/wp-up\/2026\/02\/VU-B-7-LKW-1.jpg?resize=700%2C400&ssl=1 2x"},"classes":[]}],"_links":{"self":[{"href":"https:\/\/www.feuerwehr-brilon.de\/index.php?rest_route=\/wp\/v2\/posts\/2711","targetHints":{"allow":["GET"]}}],"collection":[{"href":"https:\/\/www.feuerwehr-brilon.de\/index.php?rest_route=\/wp\/v2\/posts"}],"about":[{"href":"https:\/\/www.feuerwehr-brilon.de\/index.php?rest_route=\/wp\/v2\/types\/post"}],"author":[{"embeddable":true,"href":"https:\/\/www.feuerwehr-brilon.de\/index.php?rest_route=\/wp\/v2\/users\/6"}],"replies":[{"embeddable":true,"href":"https:\/\/www.feuerwehr-brilon.de\/index.php?rest_route=%2Fwp%2Fv2%2Fcomments&post=2711"}],"version-history":[{"count":0,"href":"https:\/\/www.feuerwehr-brilon.de\/index.php?rest_route=\/wp\/v2\/posts\/2711\/revisions"}],"wp:attachment":[{"href":"https:\/\/www.feuerwehr-brilon.de\/index.php?rest_route=%2Fwp%2Fv2%2Fmedia&parent=2711"}],"wp:term":[{"taxonomy":"category","embeddable":true,"href":"https:\/\/www.feuerwehr-brilon.de\/index.php?rest_route=%2Fwp%2Fv2%2Fcategories&post=2711"},{"taxonomy":"post_tag","embeddable":true,"href":"https:\/\/www.feuerwehr-brilon.de\/index.php?rest_route=%2Fwp%2Fv2%2Ftags&post=2711"}],"curies":[{"name":"wp","href":"https:\/\/api.w.org\/{rel}","templated":true}]}}